{"id":11921,"date":"2025-04-25T00:15:00","date_gmt":"2025-04-25T06:15:00","guid":{"rendered":"https:\/\/sanluisinforma.com\/?p=11921"},"modified":"2025-04-24T23:15:40","modified_gmt":"2025-04-25T05:15:40","slug":"perforacion-de-pozos-opcion-practica-y-sustentable-contra-la-crisis-de-agua-jorge-daniel-hernandez-titular-de-interapas","status":"publish","type":"post","link":"https:\/\/sanluisinforma.com\/?p=11921","title":{"rendered":"Perforaci\u00f3n de pozos, opci\u00f3n pr\u00e1ctica y sustentable contra la crisis de agua: Jorge Daniel Hern\u00e1ndez , titular de \u00a0Interapas"},"content":{"rendered":"\n<p><\/p>\n\n\n\n<p>El director general del organismo, coment\u00f3 que se tienen las condiciones para la potabilizaci\u00f3n de agua de nuevas fuentes, que ayuden a enfrentar las constantes fallas del acueducto El Realito.<\/p>\n\n\n\n<p>SLP.- En seguimiento a la estrategia planteada por el presidente de la Junta de Gobierno de Interapas, Enrique Galindo Ceballos, el director general Jorge Daniel Hern\u00e1ndez Delgadillo dijo que la perforaci\u00f3n de nuevos pozos es una opci\u00f3n pr\u00e1ctica y sustentable para afrontar la crisis de agua que se vive en la Zona Metropolitana de San Luis Potos\u00ed, as\u00ed como las constantes fallas del acueducto El Realito.<\/p>\n\n\n\n<p>Hern\u00e1ndez Delgadillo, se refiri\u00f3 al proyecto del gobierno municipal de San Luis Potos\u00ed y CONAGUA para la perforaci\u00f3n de 12 nuevos pozos con el objetivo de fortalecer el abastecimiento de agua potable en la zona metropolitana de San Luis Potos\u00ed: \u201cEl prop\u00f3sito de esta estrategia es satisfacer las necesidades h\u00eddricas de la zona metropolitana, recuperar caudales y desarrollar nuevos proyectos que garanticen la continuidad del servicio\u201d, se\u00f1al\u00f3.<\/p>\n\n\n\n<p>En cuanto a los estudios t\u00e9cnicos, el director general destac\u00f3 que esta es una soluci\u00f3n pr\u00e1ctica, acreditada y sustentable para enfrentar la dependencia ante las constantes fallas de El Realito.<\/p>\n\n\n\n<p>Respecto a las condiciones del agua superficial, record\u00f3 que INTERAPAS cuenta con la capacidad t\u00e9cnica para potabilizar el agua extra\u00edda, gracias a la reciente rehabilitaci\u00f3n de la planta potabilizadora Himalaya y Los Filtros.<\/p>\n","protected":false},"excerpt":{"rendered":"<p>El director general del organismo, coment\u00f3 que se tienen las condiciones para la potabilizaci\u00f3n de agua de nuevas fuentes, que<\/p>\n","protected":false},"author":2,"featured_media":11922,"comment_status":"closed","ping_status":"closed","sticky":false,"template":"","format":"standard","meta":{"footnotes":""},"categories":[25],"tags":[],"class_list":["post-11921","post","type-post","status-publish","format-standard","has-post-thumbnail","hentry","category-local"],"yoast_head":"<!-- This site is optimized with the Yoast SEO plugin v24.1 - https:\/\/yoast.com\/wordpress\/plugins\/seo\/ -->\n<title>Perforaci\u00f3n de pozos, opci\u00f3n pr\u00e1ctica y sustentable contra la crisis de agua: Jorge Daniel Hern\u00e1ndez , titular de \u00a0Interapas - sanluisinforma.com<\/title>\n<meta name=\"robots\" content=\"index, follow, max-snippet:-1, max-image-preview:large, max-video-preview:-1\" \/>\n<link rel=\"canonical\" href=\"https:\/\/sanluisinforma.com\/?p=11921\" \/>\n<meta property=\"og:locale\" content=\"es_MX\" \/>\n<meta property=\"og:type\" content=\"article\" \/>\n<meta property=\"og:title\" content=\"Perforaci\u00f3n de pozos, opci\u00f3n pr\u00e1ctica y sustentable contra la crisis de agua: Jorge Daniel Hern\u00e1ndez , titular de \u00a0Interapas - sanluisinforma.com\" \/>\n<meta property=\"og:description\" content=\"El director general del organismo, coment\u00f3 que se tienen las condiciones para la potabilizaci\u00f3n de agua de nuevas fuentes, que\" \/>\n<meta property=\"og:url\" content=\"https:\/\/sanluisinforma.com\/?p=11921\" \/>\n<meta property=\"og:site_name\" content=\"sanluisinforma.com\" \/>\n<meta property=\"article:published_time\" content=\"2025-04-25T06:15:00+00:00\" \/>\n<meta property=\"article:modified_time\" content=\"2025-04-25T05:15:40+00:00\" \/>\n<meta property=\"og:image\" content=\"https:\/\/sanluisinforma.com\/wp-content\/uploads\/2025\/04\/09f07b57-14c6-4c56-a01a-26eb528f105f.jpg\" \/>\n\t<meta property=\"og:image:width\" content=\"400\" \/>\n\t<meta property=\"og:image:height\" content=\"533\" \/>\n\t<meta property=\"og:image:type\" content=\"image\/jpeg\" \/>\n<meta name=\"author\" content=\"sanluisinforma.com\" \/>\n<meta name=\"twitter:card\" content=\"summary_large_image\" \/>\n<meta name=\"twitter:label1\" content=\"Escrito por\" \/>\n\t<meta name=\"twitter:data1\" content=\"sanluisinforma.com\" \/>\n\t<meta name=\"twitter:label2\" content=\"Tiempo de lectura\" \/>\n\t<meta name=\"twitter:data2\" content=\"2 minutos\" \/>\n<script type=\"application\/ld+json\" class=\"yoast-schema-graph\">{\"@context\":\"https:\/\/schema.org\",\"@graph\":[{\"@type\":\"Article\",\"@id\":\"https:\/\/sanluisinforma.com\/?p=11921#article\",\"isPartOf\":{\"@id\":\"https:\/\/sanluisinforma.com\/?p=11921\"},\"author\":{\"name\":\"sanluisinforma.com\",\"@id\":\"https:\/\/sanluisinforma.com\/#\/schema\/person\/c30648f71476be533b6f59d092905c8b\"},\"headline\":\"Perforaci\u00f3n de pozos, opci\u00f3n pr\u00e1ctica y sustentable contra la crisis de agua: Jorge Daniel Hern\u00e1ndez , titular de \u00a0Interapas\",\"datePublished\":\"2025-04-25T06:15:00+00:00\",\"dateModified\":\"2025-04-25T05:15:40+00:00\",\"mainEntityOfPage\":{\"@id\":\"https:\/\/sanluisinforma.com\/?p=11921\"},\"wordCount\":264,\"publisher\":{\"@id\":\"https:\/\/sanluisinforma.com\/#organization\"},\"image\":{\"@id\":\"https:\/\/sanluisinforma.com\/?p=11921#primaryimage\"},\"thumbnailUrl\":\"https:\/\/sanluisinforma.com\/wp-content\/uploads\/2025\/04\/09f07b57-14c6-4c56-a01a-26eb528f105f.jpg\",\"articleSection\":[\"Local\"],\"inLanguage\":\"es\"},{\"@type\":\"WebPage\",\"@id\":\"https:\/\/sanluisinforma.com\/?p=11921\",\"url\":\"https:\/\/sanluisinforma.com\/?p=11921\",\"name\":\"Perforaci\u00f3n de pozos, opci\u00f3n pr\u00e1ctica y sustentable contra la crisis de agua: Jorge Daniel Hern\u00e1ndez , titular de \u00a0Interapas - sanluisinforma.com\",\"isPartOf\":{\"@id\":\"https:\/\/sanluisinforma.com\/#website\"},\"primaryImageOfPage\":{\"@id\":\"https:\/\/sanluisinforma.com\/?p=11921#primaryimage\"},\"image\":{\"@id\":\"https:\/\/sanluisinforma.com\/?p=11921#primaryimage\"},\"thumbnailUrl\":\"https:\/\/sanluisinforma.com\/wp-content\/uploads\/2025\/04\/09f07b57-14c6-4c56-a01a-26eb528f105f.jpg\",\"datePublished\":\"2025-04-25T06:15:00+00:00\",\"dateModified\":\"2025-04-25T05:15:40+00:00\",\"breadcrumb\":{\"@id\":\"https:\/\/sanluisinforma.com\/?p=11921#breadcrumb\"},\"inLanguage\":\"es\",\"potentialAction\":[{\"@type\":\"ReadAction\",\"target\":[\"https:\/\/sanluisinforma.com\/?p=11921\"]}]},{\"@type\":\"ImageObject\",\"inLanguage\":\"es\",\"@id\":\"https:\/\/sanluisinforma.com\/?p=11921#primaryimage\",\"url\":\"https:\/\/sanluisinforma.com\/wp-content\/uploads\/2025\/04\/09f07b57-14c6-4c56-a01a-26eb528f105f.jpg\",\"contentUrl\":\"https:\/\/sanluisinforma.com\/wp-content\/uploads\/2025\/04\/09f07b57-14c6-4c56-a01a-26eb528f105f.jpg\",\"width\":400,\"height\":533},{\"@type\":\"BreadcrumbList\",\"@id\":\"https:\/\/sanluisinforma.com\/?p=11921#breadcrumb\",\"itemListElement\":[{\"@type\":\"ListItem\",\"position\":1,\"name\":\"Inicio\",\"item\":\"https:\/\/sanluisinforma.com\/\"},{\"@type\":\"ListItem\",\"position\":2,\"name\":\"Perforaci\u00f3n de pozos, opci\u00f3n pr\u00e1ctica y sustentable contra la crisis de agua: Jorge Daniel Hern\u00e1ndez , titular de \u00a0Interapas\"}]},{\"@type\":\"WebSite\",\"@id\":\"https:\/\/sanluisinforma.com\/#website\",\"url\":\"https:\/\/sanluisinforma.com\/\",\"name\":\"sanluisinforma.com\",\"description\":\"Periodico San Luis Informa\",\"publisher\":{\"@id\":\"https:\/\/sanluisinforma.com\/#organization\"},\"potentialAction\":[{\"@type\":\"SearchAction\",\"target\":{\"@type\":\"EntryPoint\",\"urlTemplate\":\"https:\/\/sanluisinforma.com\/?s={search_term_string}\"},\"query-input\":{\"@type\":\"PropertyValueSpecification\",\"valueRequired\":true,\"valueName\":\"search_term_string\"}}],\"inLanguage\":\"es\"},{\"@type\":\"Organization\",\"@id\":\"https:\/\/sanluisinforma.com\/#organization\",\"name\":\"sanluisinforma.com\",\"url\":\"https:\/\/sanluisinforma.com\/\",\"logo\":{\"@type\":\"ImageObject\",\"inLanguage\":\"es\",\"@id\":\"https:\/\/sanluisinforma.com\/#\/schema\/logo\/image\/\",\"url\":\"https:\/\/sanluisinforma.com\/wp-content\/uploads\/2026\/03\/sanluisinforma-V.jpg\",\"contentUrl\":\"https:\/\/sanluisinforma.com\/wp-content\/uploads\/2026\/03\/sanluisinforma-V.jpg\",\"width\":500,\"height\":156,\"caption\":\"sanluisinforma.com\"},\"image\":{\"@id\":\"https:\/\/sanluisinforma.com\/#\/schema\/logo\/image\/\"}},{\"@type\":\"Person\",\"@id\":\"https:\/\/sanluisinforma.com\/#\/schema\/person\/c30648f71476be533b6f59d092905c8b\",\"name\":\"sanluisinforma.com\",\"image\":{\"@type\":\"ImageObject\",\"inLanguage\":\"es\",\"@id\":\"https:\/\/sanluisinforma.com\/#\/schema\/person\/image\/\",\"url\":\"https:\/\/secure.gravatar.com\/avatar\/86e3114e34a1eecefb963e0a02f0093f93b092dddb2fe1517596343751081a87?s=96&d=mm&r=g\",\"contentUrl\":\"https:\/\/secure.gravatar.com\/avatar\/86e3114e34a1eecefb963e0a02f0093f93b092dddb2fe1517596343751081a87?s=96&d=mm&r=g\",\"caption\":\"sanluisinforma.com\"},\"url\":\"https:\/\/sanluisinforma.com\/?author=2\"}]}<\/script>\n<!-- \/ Yoast SEO plugin. -->","yoast_head_json":{"title":"Perforaci\u00f3n de pozos, opci\u00f3n pr\u00e1ctica y sustentable contra la crisis de agua: Jorge Daniel Hern\u00e1ndez , titular de \u00a0Interapas - sanluisinforma.com","robots":{"index":"index","follow":"follow","max-snippet":"max-snippet:-1","max-image-preview":"max-image-preview:large","max-video-preview":"max-video-preview:-1"},"canonical":"https:\/\/sanluisinforma.com\/?p=11921","og_locale":"es_MX","og_type":"article","og_title":"Perforaci\u00f3n de pozos, opci\u00f3n pr\u00e1ctica y sustentable contra la crisis de agua: Jorge Daniel Hern\u00e1ndez , titular de \u00a0Interapas - sanluisinforma.com","og_description":"El director general del organismo, coment\u00f3 que se tienen las condiciones para la potabilizaci\u00f3n de agua de nuevas fuentes, que","og_url":"https:\/\/sanluisinforma.com\/?p=11921","og_site_name":"sanluisinforma.com","article_published_time":"2025-04-25T06:15:00+00:00","article_modified_time":"2025-04-25T05:15:40+00:00","og_image":[{"width":400,"height":533,"url":"https:\/\/sanluisinforma.com\/wp-content\/uploads\/2025\/04\/09f07b57-14c6-4c56-a01a-26eb528f105f.jpg","type":"image\/jpeg"}],"author":"sanluisinforma.com","twitter_card":"summary_large_image","twitter_misc":{"Escrito por":"sanluisinforma.com","Tiempo de lectura":"2 minutos"},"schema":{"@context":"https:\/\/schema.org","@graph":[{"@type":"Article","@id":"https:\/\/sanluisinforma.com\/?p=11921#article","isPartOf":{"@id":"https:\/\/sanluisinforma.com\/?p=11921"},"author":{"name":"sanluisinforma.com","@id":"https:\/\/sanluisinforma.com\/#\/schema\/person\/c30648f71476be533b6f59d092905c8b"},"headline":"Perforaci\u00f3n de pozos, opci\u00f3n pr\u00e1ctica y sustentable contra la crisis de agua: Jorge Daniel Hern\u00e1ndez , titular de \u00a0Interapas","datePublished":"2025-04-25T06:15:00+00:00","dateModified":"2025-04-25T05:15:40+00:00","mainEntityOfPage":{"@id":"https:\/\/sanluisinforma.com\/?p=11921"},"wordCount":264,"publisher":{"@id":"https:\/\/sanluisinforma.com\/#organization"},"image":{"@id":"https:\/\/sanluisinforma.com\/?p=11921#primaryimage"},"thumbnailUrl":"https:\/\/sanluisinforma.com\/wp-content\/uploads\/2025\/04\/09f07b57-14c6-4c56-a01a-26eb528f105f.jpg","articleSection":["Local"],"inLanguage":"es"},{"@type":"WebPage","@id":"https:\/\/sanluisinforma.com\/?p=11921","url":"https:\/\/sanluisinforma.com\/?p=11921","name":"Perforaci\u00f3n de pozos, opci\u00f3n pr\u00e1ctica y sustentable contra la crisis de agua: Jorge Daniel Hern\u00e1ndez , titular de \u00a0Interapas - sanluisinforma.com","isPartOf":{"@id":"https:\/\/sanluisinforma.com\/#website"},"primaryImageOfPage":{"@id":"https:\/\/sanluisinforma.com\/?p=11921#primaryimage"},"image":{"@id":"https:\/\/sanluisinforma.com\/?p=11921#primaryimage"},"thumbnailUrl":"https:\/\/sanluisinforma.com\/wp-content\/uploads\/2025\/04\/09f07b57-14c6-4c56-a01a-26eb528f105f.jpg","datePublished":"2025-04-25T06:15:00+00:00","dateModified":"2025-04-25T05:15:40+00:00","breadcrumb":{"@id":"https:\/\/sanluisinforma.com\/?p=11921#breadcrumb"},"inLanguage":"es","potentialAction":[{"@type":"ReadAction","target":["https:\/\/sanluisinforma.com\/?p=11921"]}]},{"@type":"ImageObject","inLanguage":"es","@id":"https:\/\/sanluisinforma.com\/?p=11921#primaryimage","url":"https:\/\/sanluisinforma.com\/wp-content\/uploads\/2025\/04\/09f07b57-14c6-4c56-a01a-26eb528f105f.jpg","contentUrl":"https:\/\/sanluisinforma.com\/wp-content\/uploads\/2025\/04\/09f07b57-14c6-4c56-a01a-26eb528f105f.jpg","width":400,"height":533},{"@type":"BreadcrumbList","@id":"https:\/\/sanluisinforma.com\/?p=11921#breadcrumb","itemListElement":[{"@type":"ListItem","position":1,"name":"Inicio","item":"https:\/\/sanluisinforma.com\/"},{"@type":"ListItem","position":2,"name":"Perforaci\u00f3n de pozos, opci\u00f3n pr\u00e1ctica y sustentable contra la crisis de agua: Jorge Daniel Hern\u00e1ndez , titular de \u00a0Interapas"}]},{"@type":"WebSite","@id":"https:\/\/sanluisinforma.com\/#website","url":"https:\/\/sanluisinforma.com\/","name":"sanluisinforma.com","description":"Periodico San Luis Informa","publisher":{"@id":"https:\/\/sanluisinforma.com\/#organization"},"potentialAction":[{"@type":"SearchAction","target":{"@type":"EntryPoint","urlTemplate":"https:\/\/sanluisinforma.com\/?s={search_term_string}"},"query-input":{"@type":"PropertyValueSpecification","valueRequired":true,"valueName":"search_term_string"}}],"inLanguage":"es"},{"@type":"Organization","@id":"https:\/\/sanluisinforma.com\/#organization","name":"sanluisinforma.com","url":"https:\/\/sanluisinforma.com\/","logo":{"@type":"ImageObject","inLanguage":"es","@id":"https:\/\/sanluisinforma.com\/#\/schema\/logo\/image\/","url":"https:\/\/sanluisinforma.com\/wp-content\/uploads\/2026\/03\/sanluisinforma-V.jpg","contentUrl":"https:\/\/sanluisinforma.com\/wp-content\/uploads\/2026\/03\/sanluisinforma-V.jpg","width":500,"height":156,"caption":"sanluisinforma.com"},"image":{"@id":"https:\/\/sanluisinforma.com\/#\/schema\/logo\/image\/"}},{"@type":"Person","@id":"https:\/\/sanluisinforma.com\/#\/schema\/person\/c30648f71476be533b6f59d092905c8b","name":"sanluisinforma.com","image":{"@type":"ImageObject","inLanguage":"es","@id":"https:\/\/sanluisinforma.com\/#\/schema\/person\/image\/","url":"https:\/\/secure.gravatar.com\/avatar\/86e3114e34a1eecefb963e0a02f0093f93b092dddb2fe1517596343751081a87?s=96&d=mm&r=g","contentUrl":"https:\/\/secure.gravatar.com\/avatar\/86e3114e34a1eecefb963e0a02f0093f93b092dddb2fe1517596343751081a87?s=96&d=mm&r=g","caption":"sanluisinforma.com"},"url":"https:\/\/sanluisinforma.com\/?author=2"}]}},"_links":{"self":[{"href":"https:\/\/sanluisinforma.com\/index.php?rest_route=\/wp\/v2\/posts\/11921","targetHints":{"allow":["GET"]}}],"collection":[{"href":"https:\/\/sanluisinforma.com\/index.php?rest_route=\/wp\/v2\/posts"}],"about":[{"href":"https:\/\/sanluisinforma.com\/index.php?rest_route=\/wp\/v2\/types\/post"}],"author":[{"embeddable":true,"href":"https:\/\/sanluisinforma.com\/index.php?rest_route=\/wp\/v2\/users\/2"}],"replies":[{"embeddable":true,"href":"https:\/\/sanluisinforma.com\/index.php?rest_route=%2Fwp%2Fv2%2Fcomments&post=11921"}],"version-history":[{"count":1,"href":"https:\/\/sanluisinforma.com\/index.php?rest_route=\/wp\/v2\/posts\/11921\/revisions"}],"predecessor-version":[{"id":11923,"href":"https:\/\/sanluisinforma.com\/index.php?rest_route=\/wp\/v2\/posts\/11921\/revisions\/11923"}],"wp:featuredmedia":[{"embeddable":true,"href":"https:\/\/sanluisinforma.com\/index.php?rest_route=\/wp\/v2\/media\/11922"}],"wp:attachment":[{"href":"https:\/\/sanluisinforma.com\/index.php?rest_route=%2Fwp%2Fv2%2Fmedia&parent=11921"}],"wp:term":[{"taxonomy":"category","embeddable":true,"href":"https:\/\/sanluisinforma.com\/index.php?rest_route=%2Fwp%2Fv2%2Fcategories&post=11921"},{"taxonomy":"post_tag","embeddable":true,"href":"https:\/\/sanluisinforma.com\/index.php?rest_route=%2Fwp%2Fv2%2Ftags&post=11921"}],"curies":[{"name":"wp","href":"https:\/\/api.w.org\/{rel}","templated":true}]}}