{"id":11939,"date":"2025-04-26T00:55:00","date_gmt":"2025-04-26T06:55:00","guid":{"rendered":"https:\/\/sanluisinforma.com\/?p=11939"},"modified":"2025-04-25T22:57:34","modified_gmt":"2025-04-26T04:57:34","slug":"habitantes-de-charcas-celebran-apoyo-de-ricardo-gallardo","status":"publish","type":"post","link":"https:\/\/sanluisinforma.com\/?p=11939","title":{"rendered":"Habitantes de Charcas celebran apoyo de Ricardo Gallardo"},"content":{"rendered":"\n<p><\/p>\n\n\n\n<p>Tras d\u00e9cadas de olvido, por fin contar\u00e1n con pavimento, redes hidrosanitarias, alumbrado y un entorno m\u00e1s seguro.<\/p>\n\n\n\n<p>Habitantes de Charcas expresaron su entusiasmo y agradecimiento ante el inicio de las obras en la calle Col\u00f3n, un proyecto que promete mejorar la infraestructura y la calidad de vida de todos sus habitantes, gracias al apoyo que les brinda el Gobierno de San Luis Potos\u00ed que encabeza Ricardo Gallardo Cardona.<\/p>\n\n\n\n<p>Efra\u00edn Res\u00e9ndiz, reconoci\u00f3 al Gobernador por su trabajo incansable en mejorar las calles que les permitir\u00e1 reducir tiempo de traslado y por los apoyos \u201cque no dejan de llegar a nuestro municipio\u201d. Por su parte, Jos\u00e9 de Jes\u00fas Coronado Flores coincidi\u00f3 y expres\u00f3: &#8220;Agradezco al Gobernador por su dedicaci\u00f3n y porque no ha dejado de escuchar y atender las necesidades de la gente&#8221;.<\/p>\n\n\n\n<p>Do\u00f1a Federica Reina puntualiz\u00f3 que cuando llov\u00eda, era puro lodo y no pod\u00edan salir de sus casas, y destac\u00f3 que la pavimentaci\u00f3n les brindar\u00e1 m\u00e1s seguridad y accesibilidad de los servicios m\u00e9dicos y otras mejoras. Finalmente, Cecilia Roc\u00edo Clavel Cruz destac\u00f3 el beneficio para la ni\u00f1ez pues dijo que esta calle conecta directo con la escuela lo que facilitar\u00e1 el traslado de las y los estudiantes.<\/p>\n","protected":false},"excerpt":{"rendered":"<p>Tras d\u00e9cadas de olvido, por fin contar\u00e1n con pavimento, redes hidrosanitarias, alumbrado y un entorno m\u00e1s seguro. Habitantes de Charcas<\/p>\n","protected":false},"author":2,"featured_media":11940,"comment_status":"closed","ping_status":"closed","sticky":false,"template":"","format":"standard","meta":{"footnotes":""},"categories":[25,30],"tags":[],"class_list":["post-11939","post","type-post","status-publish","format-standard","has-post-thumbnail","hentry","category-local","category-portada"],"yoast_head":"<!-- This site is optimized with the Yoast SEO plugin v24.1 - https:\/\/yoast.com\/wordpress\/plugins\/seo\/ -->\n<title>Habitantes de Charcas celebran apoyo de Ricardo Gallardo - sanluisinforma.com<\/title>\n<meta name=\"robots\" content=\"index, follow, max-snippet:-1, max-image-preview:large, max-video-preview:-1\" \/>\n<link rel=\"canonical\" href=\"https:\/\/sanluisinforma.com\/?p=11939\" \/>\n<meta property=\"og:locale\" content=\"es_MX\" \/>\n<meta property=\"og:type\" content=\"article\" \/>\n<meta property=\"og:title\" content=\"Habitantes de Charcas celebran apoyo de Ricardo Gallardo - sanluisinforma.com\" \/>\n<meta property=\"og:description\" content=\"Tras d\u00e9cadas de olvido, por fin contar\u00e1n con pavimento, redes hidrosanitarias, alumbrado y un entorno m\u00e1s seguro. Habitantes de Charcas\" \/>\n<meta property=\"og:url\" content=\"https:\/\/sanluisinforma.com\/?p=11939\" \/>\n<meta property=\"og:site_name\" content=\"sanluisinforma.com\" \/>\n<meta property=\"article:published_time\" content=\"2025-04-26T06:55:00+00:00\" \/>\n<meta property=\"article:modified_time\" content=\"2025-04-26T04:57:34+00:00\" \/>\n<meta property=\"og:image\" content=\"https:\/\/sanluisinforma.com\/wp-content\/uploads\/2025\/04\/0f560d1a-cfbd-4cca-a250-077eb3aff75c.jpg\" \/>\n\t<meta property=\"og:image:width\" content=\"400\" \/>\n\t<meta property=\"og:image:height\" content=\"266\" \/>\n\t<meta property=\"og:image:type\" content=\"image\/jpeg\" \/>\n<meta name=\"author\" content=\"sanluisinforma.com\" \/>\n<meta name=\"twitter:card\" content=\"summary_large_image\" \/>\n<meta name=\"twitter:label1\" content=\"Escrito por\" \/>\n\t<meta name=\"twitter:data1\" content=\"sanluisinforma.com\" \/>\n\t<meta name=\"twitter:label2\" content=\"Tiempo de lectura\" \/>\n\t<meta name=\"twitter:data2\" content=\"2 minutos\" \/>\n<script type=\"application\/ld+json\" class=\"yoast-schema-graph\">{\"@context\":\"https:\/\/schema.org\",\"@graph\":[{\"@type\":\"Article\",\"@id\":\"https:\/\/sanluisinforma.com\/?p=11939#article\",\"isPartOf\":{\"@id\":\"https:\/\/sanluisinforma.com\/?p=11939\"},\"author\":{\"name\":\"sanluisinforma.com\",\"@id\":\"https:\/\/sanluisinforma.com\/#\/schema\/person\/c30648f71476be533b6f59d092905c8b\"},\"headline\":\"Habitantes de Charcas celebran apoyo de Ricardo Gallardo\",\"datePublished\":\"2025-04-26T06:55:00+00:00\",\"dateModified\":\"2025-04-26T04:57:34+00:00\",\"mainEntityOfPage\":{\"@id\":\"https:\/\/sanluisinforma.com\/?p=11939\"},\"wordCount\":221,\"publisher\":{\"@id\":\"https:\/\/sanluisinforma.com\/#organization\"},\"image\":{\"@id\":\"https:\/\/sanluisinforma.com\/?p=11939#primaryimage\"},\"thumbnailUrl\":\"https:\/\/sanluisinforma.com\/wp-content\/uploads\/2025\/04\/0f560d1a-cfbd-4cca-a250-077eb3aff75c.jpg\",\"articleSection\":[\"Local\",\"Portada\"],\"inLanguage\":\"es\"},{\"@type\":\"WebPage\",\"@id\":\"https:\/\/sanluisinforma.com\/?p=11939\",\"url\":\"https:\/\/sanluisinforma.com\/?p=11939\",\"name\":\"Habitantes de Charcas celebran apoyo de Ricardo Gallardo - sanluisinforma.com\",\"isPartOf\":{\"@id\":\"https:\/\/sanluisinforma.com\/#website\"},\"primaryImageOfPage\":{\"@id\":\"https:\/\/sanluisinforma.com\/?p=11939#primaryimage\"},\"image\":{\"@id\":\"https:\/\/sanluisinforma.com\/?p=11939#primaryimage\"},\"thumbnailUrl\":\"https:\/\/sanluisinforma.com\/wp-content\/uploads\/2025\/04\/0f560d1a-cfbd-4cca-a250-077eb3aff75c.jpg\",\"datePublished\":\"2025-04-26T06:55:00+00:00\",\"dateModified\":\"2025-04-26T04:57:34+00:00\",\"breadcrumb\":{\"@id\":\"https:\/\/sanluisinforma.com\/?p=11939#breadcrumb\"},\"inLanguage\":\"es\",\"potentialAction\":[{\"@type\":\"ReadAction\",\"target\":[\"https:\/\/sanluisinforma.com\/?p=11939\"]}]},{\"@type\":\"ImageObject\",\"inLanguage\":\"es\",\"@id\":\"https:\/\/sanluisinforma.com\/?p=11939#primaryimage\",\"url\":\"https:\/\/sanluisinforma.com\/wp-content\/uploads\/2025\/04\/0f560d1a-cfbd-4cca-a250-077eb3aff75c.jpg\",\"contentUrl\":\"https:\/\/sanluisinforma.com\/wp-content\/uploads\/2025\/04\/0f560d1a-cfbd-4cca-a250-077eb3aff75c.jpg\",\"width\":400,\"height\":266},{\"@type\":\"BreadcrumbList\",\"@id\":\"https:\/\/sanluisinforma.com\/?p=11939#breadcrumb\",\"itemListElement\":[{\"@type\":\"ListItem\",\"position\":1,\"name\":\"Inicio\",\"item\":\"https:\/\/sanluisinforma.com\/\"},{\"@type\":\"ListItem\",\"position\":2,\"name\":\"Habitantes de Charcas celebran apoyo de Ricardo Gallardo\"}]},{\"@type\":\"WebSite\",\"@id\":\"https:\/\/sanluisinforma.com\/#website\",\"url\":\"https:\/\/sanluisinforma.com\/\",\"name\":\"sanluisinforma.com\",\"description\":\"Periodico San Luis Informa\",\"publisher\":{\"@id\":\"https:\/\/sanluisinforma.com\/#organization\"},\"potentialAction\":[{\"@type\":\"SearchAction\",\"target\":{\"@type\":\"EntryPoint\",\"urlTemplate\":\"https:\/\/sanluisinforma.com\/?s={search_term_string}\"},\"query-input\":{\"@type\":\"PropertyValueSpecification\",\"valueRequired\":true,\"valueName\":\"search_term_string\"}}],\"inLanguage\":\"es\"},{\"@type\":\"Organization\",\"@id\":\"https:\/\/sanluisinforma.com\/#organization\",\"name\":\"sanluisinforma.com\",\"url\":\"https:\/\/sanluisinforma.com\/\",\"logo\":{\"@type\":\"ImageObject\",\"inLanguage\":\"es\",\"@id\":\"https:\/\/sanluisinforma.com\/#\/schema\/logo\/image\/\",\"url\":\"https:\/\/sanluisinforma.com\/wp-content\/uploads\/2026\/03\/sanluisinforma-V.jpg\",\"contentUrl\":\"https:\/\/sanluisinforma.com\/wp-content\/uploads\/2026\/03\/sanluisinforma-V.jpg\",\"width\":500,\"height\":156,\"caption\":\"sanluisinforma.com\"},\"image\":{\"@id\":\"https:\/\/sanluisinforma.com\/#\/schema\/logo\/image\/\"}},{\"@type\":\"Person\",\"@id\":\"https:\/\/sanluisinforma.com\/#\/schema\/person\/c30648f71476be533b6f59d092905c8b\",\"name\":\"sanluisinforma.com\",\"image\":{\"@type\":\"ImageObject\",\"inLanguage\":\"es\",\"@id\":\"https:\/\/sanluisinforma.com\/#\/schema\/person\/image\/\",\"url\":\"https:\/\/secure.gravatar.com\/avatar\/86e3114e34a1eecefb963e0a02f0093f93b092dddb2fe1517596343751081a87?s=96&d=mm&r=g\",\"contentUrl\":\"https:\/\/secure.gravatar.com\/avatar\/86e3114e34a1eecefb963e0a02f0093f93b092dddb2fe1517596343751081a87?s=96&d=mm&r=g\",\"caption\":\"sanluisinforma.com\"},\"url\":\"https:\/\/sanluisinforma.com\/?author=2\"}]}<\/script>\n<!-- \/ Yoast SEO plugin. -->","yoast_head_json":{"title":"Habitantes de Charcas celebran apoyo de Ricardo Gallardo - sanluisinforma.com","robots":{"index":"index","follow":"follow","max-snippet":"max-snippet:-1","max-image-preview":"max-image-preview:large","max-video-preview":"max-video-preview:-1"},"canonical":"https:\/\/sanluisinforma.com\/?p=11939","og_locale":"es_MX","og_type":"article","og_title":"Habitantes de Charcas celebran apoyo de Ricardo Gallardo - sanluisinforma.com","og_description":"Tras d\u00e9cadas de olvido, por fin contar\u00e1n con pavimento, redes hidrosanitarias, alumbrado y un entorno m\u00e1s seguro. Habitantes de Charcas","og_url":"https:\/\/sanluisinforma.com\/?p=11939","og_site_name":"sanluisinforma.com","article_published_time":"2025-04-26T06:55:00+00:00","article_modified_time":"2025-04-26T04:57:34+00:00","og_image":[{"width":400,"height":266,"url":"https:\/\/sanluisinforma.com\/wp-content\/uploads\/2025\/04\/0f560d1a-cfbd-4cca-a250-077eb3aff75c.jpg","type":"image\/jpeg"}],"author":"sanluisinforma.com","twitter_card":"summary_large_image","twitter_misc":{"Escrito por":"sanluisinforma.com","Tiempo de lectura":"2 minutos"},"schema":{"@context":"https:\/\/schema.org","@graph":[{"@type":"Article","@id":"https:\/\/sanluisinforma.com\/?p=11939#article","isPartOf":{"@id":"https:\/\/sanluisinforma.com\/?p=11939"},"author":{"name":"sanluisinforma.com","@id":"https:\/\/sanluisinforma.com\/#\/schema\/person\/c30648f71476be533b6f59d092905c8b"},"headline":"Habitantes de Charcas celebran apoyo de Ricardo Gallardo","datePublished":"2025-04-26T06:55:00+00:00","dateModified":"2025-04-26T04:57:34+00:00","mainEntityOfPage":{"@id":"https:\/\/sanluisinforma.com\/?p=11939"},"wordCount":221,"publisher":{"@id":"https:\/\/sanluisinforma.com\/#organization"},"image":{"@id":"https:\/\/sanluisinforma.com\/?p=11939#primaryimage"},"thumbnailUrl":"https:\/\/sanluisinforma.com\/wp-content\/uploads\/2025\/04\/0f560d1a-cfbd-4cca-a250-077eb3aff75c.jpg","articleSection":["Local","Portada"],"inLanguage":"es"},{"@type":"WebPage","@id":"https:\/\/sanluisinforma.com\/?p=11939","url":"https:\/\/sanluisinforma.com\/?p=11939","name":"Habitantes de Charcas celebran apoyo de Ricardo Gallardo - sanluisinforma.com","isPartOf":{"@id":"https:\/\/sanluisinforma.com\/#website"},"primaryImageOfPage":{"@id":"https:\/\/sanluisinforma.com\/?p=11939#primaryimage"},"image":{"@id":"https:\/\/sanluisinforma.com\/?p=11939#primaryimage"},"thumbnailUrl":"https:\/\/sanluisinforma.com\/wp-content\/uploads\/2025\/04\/0f560d1a-cfbd-4cca-a250-077eb3aff75c.jpg","datePublished":"2025-04-26T06:55:00+00:00","dateModified":"2025-04-26T04:57:34+00:00","breadcrumb":{"@id":"https:\/\/sanluisinforma.com\/?p=11939#breadcrumb"},"inLanguage":"es","potentialAction":[{"@type":"ReadAction","target":["https:\/\/sanluisinforma.com\/?p=11939"]}]},{"@type":"ImageObject","inLanguage":"es","@id":"https:\/\/sanluisinforma.com\/?p=11939#primaryimage","url":"https:\/\/sanluisinforma.com\/wp-content\/uploads\/2025\/04\/0f560d1a-cfbd-4cca-a250-077eb3aff75c.jpg","contentUrl":"https:\/\/sanluisinforma.com\/wp-content\/uploads\/2025\/04\/0f560d1a-cfbd-4cca-a250-077eb3aff75c.jpg","width":400,"height":266},{"@type":"BreadcrumbList","@id":"https:\/\/sanluisinforma.com\/?p=11939#breadcrumb","itemListElement":[{"@type":"ListItem","position":1,"name":"Inicio","item":"https:\/\/sanluisinforma.com\/"},{"@type":"ListItem","position":2,"name":"Habitantes de Charcas celebran apoyo de Ricardo Gallardo"}]},{"@type":"WebSite","@id":"https:\/\/sanluisinforma.com\/#website","url":"https:\/\/sanluisinforma.com\/","name":"sanluisinforma.com","description":"Periodico San Luis Informa","publisher":{"@id":"https:\/\/sanluisinforma.com\/#organization"},"potentialAction":[{"@type":"SearchAction","target":{"@type":"EntryPoint","urlTemplate":"https:\/\/sanluisinforma.com\/?s={search_term_string}"},"query-input":{"@type":"PropertyValueSpecification","valueRequired":true,"valueName":"search_term_string"}}],"inLanguage":"es"},{"@type":"Organization","@id":"https:\/\/sanluisinforma.com\/#organization","name":"sanluisinforma.com","url":"https:\/\/sanluisinforma.com\/","logo":{"@type":"ImageObject","inLanguage":"es","@id":"https:\/\/sanluisinforma.com\/#\/schema\/logo\/image\/","url":"https:\/\/sanluisinforma.com\/wp-content\/uploads\/2026\/03\/sanluisinforma-V.jpg","contentUrl":"https:\/\/sanluisinforma.com\/wp-content\/uploads\/2026\/03\/sanluisinforma-V.jpg","width":500,"height":156,"caption":"sanluisinforma.com"},"image":{"@id":"https:\/\/sanluisinforma.com\/#\/schema\/logo\/image\/"}},{"@type":"Person","@id":"https:\/\/sanluisinforma.com\/#\/schema\/person\/c30648f71476be533b6f59d092905c8b","name":"sanluisinforma.com","image":{"@type":"ImageObject","inLanguage":"es","@id":"https:\/\/sanluisinforma.com\/#\/schema\/person\/image\/","url":"https:\/\/secure.gravatar.com\/avatar\/86e3114e34a1eecefb963e0a02f0093f93b092dddb2fe1517596343751081a87?s=96&d=mm&r=g","contentUrl":"https:\/\/secure.gravatar.com\/avatar\/86e3114e34a1eecefb963e0a02f0093f93b092dddb2fe1517596343751081a87?s=96&d=mm&r=g","caption":"sanluisinforma.com"},"url":"https:\/\/sanluisinforma.com\/?author=2"}]}},"_links":{"self":[{"href":"https:\/\/sanluisinforma.com\/index.php?rest_route=\/wp\/v2\/posts\/11939","targetHints":{"allow":["GET"]}}],"collection":[{"href":"https:\/\/sanluisinforma.com\/index.php?rest_route=\/wp\/v2\/posts"}],"about":[{"href":"https:\/\/sanluisinforma.com\/index.php?rest_route=\/wp\/v2\/types\/post"}],"author":[{"embeddable":true,"href":"https:\/\/sanluisinforma.com\/index.php?rest_route=\/wp\/v2\/users\/2"}],"replies":[{"embeddable":true,"href":"https:\/\/sanluisinforma.com\/index.php?rest_route=%2Fwp%2Fv2%2Fcomments&post=11939"}],"version-history":[{"count":1,"href":"https:\/\/sanluisinforma.com\/index.php?rest_route=\/wp\/v2\/posts\/11939\/revisions"}],"predecessor-version":[{"id":11941,"href":"https:\/\/sanluisinforma.com\/index.php?rest_route=\/wp\/v2\/posts\/11939\/revisions\/11941"}],"wp:featuredmedia":[{"embeddable":true,"href":"https:\/\/sanluisinforma.com\/index.php?rest_route=\/wp\/v2\/media\/11940"}],"wp:attachment":[{"href":"https:\/\/sanluisinforma.com\/index.php?rest_route=%2Fwp%2Fv2%2Fmedia&parent=11939"}],"wp:term":[{"taxonomy":"category","embeddable":true,"href":"https:\/\/sanluisinforma.com\/index.php?rest_route=%2Fwp%2Fv2%2Fcategories&post=11939"},{"taxonomy":"post_tag","embeddable":true,"href":"https:\/\/sanluisinforma.com\/index.php?rest_route=%2Fwp%2Fv2%2Ftags&post=11939"}],"curies":[{"name":"wp","href":"https:\/\/api.w.org\/{rel}","templated":true}]}}