{"id":11948,"date":"2025-04-26T00:35:00","date_gmt":"2025-04-26T06:35:00","guid":{"rendered":"https:\/\/sanluisinforma.com\/?p=11948"},"modified":"2025-04-25T23:14:35","modified_gmt":"2025-04-26T05:14:35","slug":"san-luis-capital-sera-sede-de-la-quinta-edicion-del-drift-day","status":"publish","type":"post","link":"https:\/\/sanluisinforma.com\/?p=11948","title":{"rendered":"San Luis Capital ser\u00e1 sede de la quinta edici\u00f3n del Drift Day"},"content":{"rendered":"\n<ul class=\"wp-block-list\">\n<li>La adrenalina automovil\u00edstica regresa a San Luis Capital con pilotos nacionales e internacionales y un show familiar imperdible.<\/li>\n<\/ul>\n\n\n\n<p><\/p>\n\n\n\n<p>San Luis Capital se prepara para vibrar con la quinta edici\u00f3n del Drift Day, uno de los eventos automovil\u00edsticos m\u00e1s esperados del a\u00f1o, que se llevar\u00e1 a cabo este 4 de mayo en el Aut\u00f3dromo del Parque Tangamanga II. Con m\u00e1s de 25 pilotos de drift y una exhibici\u00f3n de m\u00e1s de 400 autos modificados, este festival automotor promete una jornada llena de velocidad, humo y emoci\u00f3n para toda la familia.<\/p>\n\n\n\n<p>Durante la rueda de prensa realizada en el Centro Cultural Palacio Municipal, Claudia Lorena Peralta, directora de Turismo de San Luis Capital, celebr\u00f3 la consolidaci\u00f3n del Drift Day como un evento tur\u00edstico y deportivo que atrae visitantes de distintos estados del pa\u00eds como Quer\u00e9taro, Aguascalientes, Zacatecas y Monterrey.<\/p>\n\n\n\n<p>El espect\u00e1culo contar\u00e1 con la participaci\u00f3n de pilotos reconocidos como Chonke Lee, proveniente de Corea del Sur; Axel Rosas, campe\u00f3n nacional de drift, Ricardo Rosas y Paco Villalobos. Adem\u00e1s se ofrecer\u00e1 el Taxi Drift, una experiencia para que el p\u00fablico viva la velocidad desde el asiento del copiloto y se habilitar\u00e1 una zona gastron\u00f3mica y \u00e1rea de descanso para los asistentes.<\/p>\n\n\n\n<p>El evento ser\u00e1 de 10:00 a 17:30 horas, con entradas disponibles en taquilla a 70 pesos. La entrada ser\u00e1 gratuita para ni\u00f1as y ni\u00f1os menores de 12 a\u00f1os acompa\u00f1ados por un adulto. Se contar\u00e1 con todas las medidas de seguridad y protocolos establecidos por Protecci\u00f3n Civil, incluyendo ambulancias, gr\u00faas, personal de vigilancia y equipo especializado para pilotos y visitantes.<\/p>\n","protected":false},"excerpt":{"rendered":"<p>San Luis Capital se prepara para vibrar con la quinta edici\u00f3n del Drift Day, uno de los eventos automovil\u00edsticos m\u00e1s<\/p>\n","protected":false},"author":2,"featured_media":11949,"comment_status":"closed","ping_status":"closed","sticky":false,"template":"","format":"standard","meta":{"footnotes":""},"categories":[27],"tags":[],"class_list":["post-11948","post","type-post","status-publish","format-standard","has-post-thumbnail","hentry","category-deportes"],"yoast_head":"<!-- This site is optimized with the Yoast SEO plugin v24.1 - https:\/\/yoast.com\/wordpress\/plugins\/seo\/ -->\n<title>San Luis Capital ser\u00e1 sede de la quinta edici\u00f3n del Drift Day - sanluisinforma.com<\/title>\n<meta name=\"robots\" content=\"index, follow, max-snippet:-1, max-image-preview:large, max-video-preview:-1\" \/>\n<link rel=\"canonical\" href=\"https:\/\/sanluisinforma.com\/?p=11948\" \/>\n<meta property=\"og:locale\" content=\"es_MX\" \/>\n<meta property=\"og:type\" content=\"article\" \/>\n<meta property=\"og:title\" content=\"San Luis Capital ser\u00e1 sede de la quinta edici\u00f3n del Drift Day - sanluisinforma.com\" \/>\n<meta property=\"og:description\" content=\"San Luis Capital se prepara para vibrar con la quinta edici\u00f3n del Drift Day, uno de los eventos automovil\u00edsticos m\u00e1s\" \/>\n<meta property=\"og:url\" content=\"https:\/\/sanluisinforma.com\/?p=11948\" \/>\n<meta property=\"og:site_name\" content=\"sanluisinforma.com\" \/>\n<meta property=\"article:published_time\" content=\"2025-04-26T06:35:00+00:00\" \/>\n<meta property=\"article:modified_time\" content=\"2025-04-26T05:14:35+00:00\" \/>\n<meta property=\"og:image\" content=\"https:\/\/sanluisinforma.com\/wp-content\/uploads\/2025\/04\/981631ca-b68b-4f76-919e-e8413e6eb052.jpg\" \/>\n\t<meta property=\"og:image:width\" content=\"400\" \/>\n\t<meta property=\"og:image:height\" content=\"266\" \/>\n\t<meta property=\"og:image:type\" content=\"image\/jpeg\" \/>\n<meta name=\"author\" content=\"sanluisinforma.com\" \/>\n<meta name=\"twitter:card\" content=\"summary_large_image\" \/>\n<meta name=\"twitter:label1\" content=\"Escrito por\" \/>\n\t<meta name=\"twitter:data1\" content=\"sanluisinforma.com\" \/>\n\t<meta name=\"twitter:label2\" content=\"Tiempo de lectura\" \/>\n\t<meta name=\"twitter:data2\" content=\"2 minutos\" \/>\n<script type=\"application\/ld+json\" class=\"yoast-schema-graph\">{\"@context\":\"https:\/\/schema.org\",\"@graph\":[{\"@type\":\"Article\",\"@id\":\"https:\/\/sanluisinforma.com\/?p=11948#article\",\"isPartOf\":{\"@id\":\"https:\/\/sanluisinforma.com\/?p=11948\"},\"author\":{\"name\":\"sanluisinforma.com\",\"@id\":\"https:\/\/sanluisinforma.com\/#\/schema\/person\/c30648f71476be533b6f59d092905c8b\"},\"headline\":\"San Luis Capital ser\u00e1 sede de la quinta edici\u00f3n del Drift Day\",\"datePublished\":\"2025-04-26T06:35:00+00:00\",\"dateModified\":\"2025-04-26T05:14:35+00:00\",\"mainEntityOfPage\":{\"@id\":\"https:\/\/sanluisinforma.com\/?p=11948\"},\"wordCount\":289,\"publisher\":{\"@id\":\"https:\/\/sanluisinforma.com\/#organization\"},\"image\":{\"@id\":\"https:\/\/sanluisinforma.com\/?p=11948#primaryimage\"},\"thumbnailUrl\":\"https:\/\/sanluisinforma.com\/wp-content\/uploads\/2025\/04\/981631ca-b68b-4f76-919e-e8413e6eb052.jpg\",\"articleSection\":[\"Deportes\"],\"inLanguage\":\"es\"},{\"@type\":\"WebPage\",\"@id\":\"https:\/\/sanluisinforma.com\/?p=11948\",\"url\":\"https:\/\/sanluisinforma.com\/?p=11948\",\"name\":\"San Luis Capital ser\u00e1 sede de la quinta edici\u00f3n del Drift Day - sanluisinforma.com\",\"isPartOf\":{\"@id\":\"https:\/\/sanluisinforma.com\/#website\"},\"primaryImageOfPage\":{\"@id\":\"https:\/\/sanluisinforma.com\/?p=11948#primaryimage\"},\"image\":{\"@id\":\"https:\/\/sanluisinforma.com\/?p=11948#primaryimage\"},\"thumbnailUrl\":\"https:\/\/sanluisinforma.com\/wp-content\/uploads\/2025\/04\/981631ca-b68b-4f76-919e-e8413e6eb052.jpg\",\"datePublished\":\"2025-04-26T06:35:00+00:00\",\"dateModified\":\"2025-04-26T05:14:35+00:00\",\"breadcrumb\":{\"@id\":\"https:\/\/sanluisinforma.com\/?p=11948#breadcrumb\"},\"inLanguage\":\"es\",\"potentialAction\":[{\"@type\":\"ReadAction\",\"target\":[\"https:\/\/sanluisinforma.com\/?p=11948\"]}]},{\"@type\":\"ImageObject\",\"inLanguage\":\"es\",\"@id\":\"https:\/\/sanluisinforma.com\/?p=11948#primaryimage\",\"url\":\"https:\/\/sanluisinforma.com\/wp-content\/uploads\/2025\/04\/981631ca-b68b-4f76-919e-e8413e6eb052.jpg\",\"contentUrl\":\"https:\/\/sanluisinforma.com\/wp-content\/uploads\/2025\/04\/981631ca-b68b-4f76-919e-e8413e6eb052.jpg\",\"width\":400,\"height\":266},{\"@type\":\"BreadcrumbList\",\"@id\":\"https:\/\/sanluisinforma.com\/?p=11948#breadcrumb\",\"itemListElement\":[{\"@type\":\"ListItem\",\"position\":1,\"name\":\"Inicio\",\"item\":\"https:\/\/sanluisinforma.com\/\"},{\"@type\":\"ListItem\",\"position\":2,\"name\":\"San Luis Capital ser\u00e1 sede de la quinta edici\u00f3n del Drift Day\"}]},{\"@type\":\"WebSite\",\"@id\":\"https:\/\/sanluisinforma.com\/#website\",\"url\":\"https:\/\/sanluisinforma.com\/\",\"name\":\"sanluisinforma.com\",\"description\":\"Periodico San Luis Informa\",\"publisher\":{\"@id\":\"https:\/\/sanluisinforma.com\/#organization\"},\"potentialAction\":[{\"@type\":\"SearchAction\",\"target\":{\"@type\":\"EntryPoint\",\"urlTemplate\":\"https:\/\/sanluisinforma.com\/?s={search_term_string}\"},\"query-input\":{\"@type\":\"PropertyValueSpecification\",\"valueRequired\":true,\"valueName\":\"search_term_string\"}}],\"inLanguage\":\"es\"},{\"@type\":\"Organization\",\"@id\":\"https:\/\/sanluisinforma.com\/#organization\",\"name\":\"sanluisinforma.com\",\"url\":\"https:\/\/sanluisinforma.com\/\",\"logo\":{\"@type\":\"ImageObject\",\"inLanguage\":\"es\",\"@id\":\"https:\/\/sanluisinforma.com\/#\/schema\/logo\/image\/\",\"url\":\"https:\/\/sanluisinforma.com\/wp-content\/uploads\/2026\/03\/sanluisinforma-V.jpg\",\"contentUrl\":\"https:\/\/sanluisinforma.com\/wp-content\/uploads\/2026\/03\/sanluisinforma-V.jpg\",\"width\":500,\"height\":156,\"caption\":\"sanluisinforma.com\"},\"image\":{\"@id\":\"https:\/\/sanluisinforma.com\/#\/schema\/logo\/image\/\"}},{\"@type\":\"Person\",\"@id\":\"https:\/\/sanluisinforma.com\/#\/schema\/person\/c30648f71476be533b6f59d092905c8b\",\"name\":\"sanluisinforma.com\",\"image\":{\"@type\":\"ImageObject\",\"inLanguage\":\"es\",\"@id\":\"https:\/\/sanluisinforma.com\/#\/schema\/person\/image\/\",\"url\":\"https:\/\/secure.gravatar.com\/avatar\/86e3114e34a1eecefb963e0a02f0093f93b092dddb2fe1517596343751081a87?s=96&d=mm&r=g\",\"contentUrl\":\"https:\/\/secure.gravatar.com\/avatar\/86e3114e34a1eecefb963e0a02f0093f93b092dddb2fe1517596343751081a87?s=96&d=mm&r=g\",\"caption\":\"sanluisinforma.com\"},\"url\":\"https:\/\/sanluisinforma.com\/?author=2\"}]}<\/script>\n<!-- \/ Yoast SEO plugin. -->","yoast_head_json":{"title":"San Luis Capital ser\u00e1 sede de la quinta edici\u00f3n del Drift Day - sanluisinforma.com","robots":{"index":"index","follow":"follow","max-snippet":"max-snippet:-1","max-image-preview":"max-image-preview:large","max-video-preview":"max-video-preview:-1"},"canonical":"https:\/\/sanluisinforma.com\/?p=11948","og_locale":"es_MX","og_type":"article","og_title":"San Luis Capital ser\u00e1 sede de la quinta edici\u00f3n del Drift Day - sanluisinforma.com","og_description":"San Luis Capital se prepara para vibrar con la quinta edici\u00f3n del Drift Day, uno de los eventos automovil\u00edsticos m\u00e1s","og_url":"https:\/\/sanluisinforma.com\/?p=11948","og_site_name":"sanluisinforma.com","article_published_time":"2025-04-26T06:35:00+00:00","article_modified_time":"2025-04-26T05:14:35+00:00","og_image":[{"width":400,"height":266,"url":"https:\/\/sanluisinforma.com\/wp-content\/uploads\/2025\/04\/981631ca-b68b-4f76-919e-e8413e6eb052.jpg","type":"image\/jpeg"}],"author":"sanluisinforma.com","twitter_card":"summary_large_image","twitter_misc":{"Escrito por":"sanluisinforma.com","Tiempo de lectura":"2 minutos"},"schema":{"@context":"https:\/\/schema.org","@graph":[{"@type":"Article","@id":"https:\/\/sanluisinforma.com\/?p=11948#article","isPartOf":{"@id":"https:\/\/sanluisinforma.com\/?p=11948"},"author":{"name":"sanluisinforma.com","@id":"https:\/\/sanluisinforma.com\/#\/schema\/person\/c30648f71476be533b6f59d092905c8b"},"headline":"San Luis Capital ser\u00e1 sede de la quinta edici\u00f3n del Drift Day","datePublished":"2025-04-26T06:35:00+00:00","dateModified":"2025-04-26T05:14:35+00:00","mainEntityOfPage":{"@id":"https:\/\/sanluisinforma.com\/?p=11948"},"wordCount":289,"publisher":{"@id":"https:\/\/sanluisinforma.com\/#organization"},"image":{"@id":"https:\/\/sanluisinforma.com\/?p=11948#primaryimage"},"thumbnailUrl":"https:\/\/sanluisinforma.com\/wp-content\/uploads\/2025\/04\/981631ca-b68b-4f76-919e-e8413e6eb052.jpg","articleSection":["Deportes"],"inLanguage":"es"},{"@type":"WebPage","@id":"https:\/\/sanluisinforma.com\/?p=11948","url":"https:\/\/sanluisinforma.com\/?p=11948","name":"San Luis Capital ser\u00e1 sede de la quinta edici\u00f3n del Drift Day - sanluisinforma.com","isPartOf":{"@id":"https:\/\/sanluisinforma.com\/#website"},"primaryImageOfPage":{"@id":"https:\/\/sanluisinforma.com\/?p=11948#primaryimage"},"image":{"@id":"https:\/\/sanluisinforma.com\/?p=11948#primaryimage"},"thumbnailUrl":"https:\/\/sanluisinforma.com\/wp-content\/uploads\/2025\/04\/981631ca-b68b-4f76-919e-e8413e6eb052.jpg","datePublished":"2025-04-26T06:35:00+00:00","dateModified":"2025-04-26T05:14:35+00:00","breadcrumb":{"@id":"https:\/\/sanluisinforma.com\/?p=11948#breadcrumb"},"inLanguage":"es","potentialAction":[{"@type":"ReadAction","target":["https:\/\/sanluisinforma.com\/?p=11948"]}]},{"@type":"ImageObject","inLanguage":"es","@id":"https:\/\/sanluisinforma.com\/?p=11948#primaryimage","url":"https:\/\/sanluisinforma.com\/wp-content\/uploads\/2025\/04\/981631ca-b68b-4f76-919e-e8413e6eb052.jpg","contentUrl":"https:\/\/sanluisinforma.com\/wp-content\/uploads\/2025\/04\/981631ca-b68b-4f76-919e-e8413e6eb052.jpg","width":400,"height":266},{"@type":"BreadcrumbList","@id":"https:\/\/sanluisinforma.com\/?p=11948#breadcrumb","itemListElement":[{"@type":"ListItem","position":1,"name":"Inicio","item":"https:\/\/sanluisinforma.com\/"},{"@type":"ListItem","position":2,"name":"San Luis Capital ser\u00e1 sede de la quinta edici\u00f3n del Drift Day"}]},{"@type":"WebSite","@id":"https:\/\/sanluisinforma.com\/#website","url":"https:\/\/sanluisinforma.com\/","name":"sanluisinforma.com","description":"Periodico San Luis Informa","publisher":{"@id":"https:\/\/sanluisinforma.com\/#organization"},"potentialAction":[{"@type":"SearchAction","target":{"@type":"EntryPoint","urlTemplate":"https:\/\/sanluisinforma.com\/?s={search_term_string}"},"query-input":{"@type":"PropertyValueSpecification","valueRequired":true,"valueName":"search_term_string"}}],"inLanguage":"es"},{"@type":"Organization","@id":"https:\/\/sanluisinforma.com\/#organization","name":"sanluisinforma.com","url":"https:\/\/sanluisinforma.com\/","logo":{"@type":"ImageObject","inLanguage":"es","@id":"https:\/\/sanluisinforma.com\/#\/schema\/logo\/image\/","url":"https:\/\/sanluisinforma.com\/wp-content\/uploads\/2026\/03\/sanluisinforma-V.jpg","contentUrl":"https:\/\/sanluisinforma.com\/wp-content\/uploads\/2026\/03\/sanluisinforma-V.jpg","width":500,"height":156,"caption":"sanluisinforma.com"},"image":{"@id":"https:\/\/sanluisinforma.com\/#\/schema\/logo\/image\/"}},{"@type":"Person","@id":"https:\/\/sanluisinforma.com\/#\/schema\/person\/c30648f71476be533b6f59d092905c8b","name":"sanluisinforma.com","image":{"@type":"ImageObject","inLanguage":"es","@id":"https:\/\/sanluisinforma.com\/#\/schema\/person\/image\/","url":"https:\/\/secure.gravatar.com\/avatar\/86e3114e34a1eecefb963e0a02f0093f93b092dddb2fe1517596343751081a87?s=96&d=mm&r=g","contentUrl":"https:\/\/secure.gravatar.com\/avatar\/86e3114e34a1eecefb963e0a02f0093f93b092dddb2fe1517596343751081a87?s=96&d=mm&r=g","caption":"sanluisinforma.com"},"url":"https:\/\/sanluisinforma.com\/?author=2"}]}},"_links":{"self":[{"href":"https:\/\/sanluisinforma.com\/index.php?rest_route=\/wp\/v2\/posts\/11948","targetHints":{"allow":["GET"]}}],"collection":[{"href":"https:\/\/sanluisinforma.com\/index.php?rest_route=\/wp\/v2\/posts"}],"about":[{"href":"https:\/\/sanluisinforma.com\/index.php?rest_route=\/wp\/v2\/types\/post"}],"author":[{"embeddable":true,"href":"https:\/\/sanluisinforma.com\/index.php?rest_route=\/wp\/v2\/users\/2"}],"replies":[{"embeddable":true,"href":"https:\/\/sanluisinforma.com\/index.php?rest_route=%2Fwp%2Fv2%2Fcomments&post=11948"}],"version-history":[{"count":1,"href":"https:\/\/sanluisinforma.com\/index.php?rest_route=\/wp\/v2\/posts\/11948\/revisions"}],"predecessor-version":[{"id":11950,"href":"https:\/\/sanluisinforma.com\/index.php?rest_route=\/wp\/v2\/posts\/11948\/revisions\/11950"}],"wp:featuredmedia":[{"embeddable":true,"href":"https:\/\/sanluisinforma.com\/index.php?rest_route=\/wp\/v2\/media\/11949"}],"wp:attachment":[{"href":"https:\/\/sanluisinforma.com\/index.php?rest_route=%2Fwp%2Fv2%2Fmedia&parent=11948"}],"wp:term":[{"taxonomy":"category","embeddable":true,"href":"https:\/\/sanluisinforma.com\/index.php?rest_route=%2Fwp%2Fv2%2Fcategories&post=11948"},{"taxonomy":"post_tag","embeddable":true,"href":"https:\/\/sanluisinforma.com\/index.php?rest_route=%2Fwp%2Fv2%2Ftags&post=11948"}],"curies":[{"name":"wp","href":"https:\/\/api.w.org\/{rel}","templated":true}]}}