{"id":11966,"date":"2025-04-27T00:45:02","date_gmt":"2025-04-27T06:45:02","guid":{"rendered":"https:\/\/sanluisinforma.com\/?p=11966"},"modified":"2025-04-26T21:20:50","modified_gmt":"2025-04-27T03:20:50","slug":"con-acciones-efectivas-de-bacheo-el-gobierno-municipal-fortalece-la-atencion-ciudadana","status":"publish","type":"post","link":"https:\/\/sanluisinforma.com\/?p=11966","title":{"rendered":"Con acciones efectivas de bacheo, el Gobierno Municipal fortalece la atenci\u00f3n ciudadana"},"content":{"rendered":"\n<p>Mediante reportes enviados v\u00eda \u201cG\u00fcicho\u201d, cuadrillas de Obras P\u00fablicas trabajan en la estabilizaci\u00f3n de vialidades como parte del programa permanente de rehabilitaci\u00f3n urbana.<\/p>\n\n\n\n<p><\/p>\n\n\n\n<p>Como parte de la atenci\u00f3n oportuna a la ciudadan\u00eda, el Gobierno Municipal de San Luis Potos\u00ed, a trav\u00e9s de la Direcci\u00f3n de Obras P\u00fablicas, informa que contin\u00faan los trabajos de rehabilitaci\u00f3n y estabilizaci\u00f3n en diversas vialidades, en respuesta a reportes enviados mediante el chatbot \u201cG\u00fcicho\u201d.<\/p>\n\n\n\n<p>Actualmente, se encuentra en proceso la reparaci\u00f3n de la calle Heroico Colegio Militar, en la colonia Ju\u00e1rez, donde, tras atender una solicitud ciudadana, se realizaron labores de renivelaci\u00f3n de la superficie da\u00f1ada y la preparaci\u00f3n del \u00e1rea para la pr\u00f3xima colocaci\u00f3n de concreto hidr\u00e1ulico.<\/p>\n\n\n\n<p>Adem\u00e1s esta semana se atendieron m\u00e1s puntos en toda la ciudad. Con reposici\u00f3n de piezas de adoqu\u00edn fueron las calles: Amado Nervo, en el tramo de Avanzada a Prol. Mu\u00f1oz, colonia Tequisquiapan; y Constituci\u00f3n esquina Los Bravo, en el Centro Hist\u00f3rico.<\/p>\n\n\n\n<p>Con material de mezcla asf\u00e1ltica se atendieron las calles: El Cid, en el tramo de Salvador Nava Mart\u00ednez a Ismael Salas, en la colonia El Paseo; Oaxaca, de Durango a Chihuahua, colonia Constituci\u00f3n; Carb\u00f3n, tramo de Caliza a Miner\u00eda, colonia Morales; Casuarinas esquina Cipr\u00e9s, en la colonia Industrial Mexicana; Mascorro, tramo de Zamarripa a Independencia, en el Barrio de San Miguelito; Independencia, de Mascorro a Justo Corro, en el Barrio de San Miguelito; L\u00edbano, de Ricardo B. Anaya a Lateral carretera a M\u00e9xico, colonia Maya Mil; Portugal, de Roma a Circuito Oriente, en Jardines de Oriente; Tenochtitl\u00e1n, de Cuauht\u00e9moc a X\u00f3chitl, colonia Imperio Azteca; Josefa Ortiz de Dom\u00ednguez esquina Gladiola, colonia Pedroza.<\/p>\n\n\n\n<p>Con acciones como estas, el Gobierno Municipal reafirma su compromiso de mantener una comunicaci\u00f3n directa y efectiva con las y los potosinos, brindando soluciones concretas que mejoran la movilidad y la calidad de vida en la ciudad.<\/p>\n","protected":false},"excerpt":{"rendered":"<p>Mediante reportes enviados v\u00eda \u201cG\u00fcicho\u201d, cuadrillas de Obras P\u00fablicas trabajan en la estabilizaci\u00f3n de vialidades como parte del programa permanente<\/p>\n","protected":false},"author":2,"featured_media":11967,"comment_status":"closed","ping_status":"closed","sticky":false,"template":"","format":"standard","meta":{"footnotes":""},"categories":[25,30],"tags":[],"class_list":["post-11966","post","type-post","status-publish","format-standard","has-post-thumbnail","hentry","category-local","category-portada"],"yoast_head":"<!-- This site is optimized with the Yoast SEO plugin v24.1 - https:\/\/yoast.com\/wordpress\/plugins\/seo\/ -->\n<title>Con acciones efectivas de bacheo, el Gobierno Municipal fortalece la atenci\u00f3n ciudadana - sanluisinforma.com<\/title>\n<meta name=\"robots\" content=\"index, follow, max-snippet:-1, max-image-preview:large, max-video-preview:-1\" \/>\n<link rel=\"canonical\" href=\"https:\/\/sanluisinforma.com\/?p=11966\" \/>\n<meta property=\"og:locale\" content=\"es_MX\" \/>\n<meta property=\"og:type\" content=\"article\" \/>\n<meta property=\"og:title\" content=\"Con acciones efectivas de bacheo, el Gobierno Municipal fortalece la atenci\u00f3n ciudadana - sanluisinforma.com\" \/>\n<meta property=\"og:description\" content=\"Mediante reportes enviados v\u00eda \u201cG\u00fcicho\u201d, cuadrillas de Obras P\u00fablicas trabajan en la estabilizaci\u00f3n de vialidades como parte del programa permanente\" \/>\n<meta property=\"og:url\" content=\"https:\/\/sanluisinforma.com\/?p=11966\" \/>\n<meta property=\"og:site_name\" content=\"sanluisinforma.com\" \/>\n<meta property=\"article:published_time\" content=\"2025-04-27T06:45:02+00:00\" \/>\n<meta property=\"article:modified_time\" content=\"2025-04-27T03:20:50+00:00\" \/>\n<meta property=\"og:image\" content=\"https:\/\/sanluisinforma.com\/wp-content\/uploads\/2025\/04\/29e16659-78ea-4a17-81f1-a5c54d016127.jpg\" \/>\n\t<meta property=\"og:image:width\" content=\"400\" \/>\n\t<meta property=\"og:image:height\" content=\"266\" \/>\n\t<meta property=\"og:image:type\" content=\"image\/jpeg\" \/>\n<meta name=\"author\" content=\"sanluisinforma.com\" \/>\n<meta name=\"twitter:card\" content=\"summary_large_image\" \/>\n<meta name=\"twitter:label1\" content=\"Escrito por\" \/>\n\t<meta name=\"twitter:data1\" content=\"sanluisinforma.com\" \/>\n\t<meta name=\"twitter:label2\" content=\"Tiempo de lectura\" \/>\n\t<meta name=\"twitter:data2\" content=\"2 minutos\" \/>\n<script type=\"application\/ld+json\" class=\"yoast-schema-graph\">{\"@context\":\"https:\/\/schema.org\",\"@graph\":[{\"@type\":\"Article\",\"@id\":\"https:\/\/sanluisinforma.com\/?p=11966#article\",\"isPartOf\":{\"@id\":\"https:\/\/sanluisinforma.com\/?p=11966\"},\"author\":{\"name\":\"sanluisinforma.com\",\"@id\":\"https:\/\/sanluisinforma.com\/#\/schema\/person\/c30648f71476be533b6f59d092905c8b\"},\"headline\":\"Con acciones efectivas de bacheo, el Gobierno Municipal fortalece la atenci\u00f3n ciudadana\",\"datePublished\":\"2025-04-27T06:45:02+00:00\",\"dateModified\":\"2025-04-27T03:20:50+00:00\",\"mainEntityOfPage\":{\"@id\":\"https:\/\/sanluisinforma.com\/?p=11966\"},\"wordCount\":357,\"publisher\":{\"@id\":\"https:\/\/sanluisinforma.com\/#organization\"},\"image\":{\"@id\":\"https:\/\/sanluisinforma.com\/?p=11966#primaryimage\"},\"thumbnailUrl\":\"https:\/\/sanluisinforma.com\/wp-content\/uploads\/2025\/04\/29e16659-78ea-4a17-81f1-a5c54d016127.jpg\",\"articleSection\":[\"Local\",\"Portada\"],\"inLanguage\":\"es\"},{\"@type\":\"WebPage\",\"@id\":\"https:\/\/sanluisinforma.com\/?p=11966\",\"url\":\"https:\/\/sanluisinforma.com\/?p=11966\",\"name\":\"Con acciones efectivas de bacheo, el Gobierno Municipal fortalece la atenci\u00f3n ciudadana - sanluisinforma.com\",\"isPartOf\":{\"@id\":\"https:\/\/sanluisinforma.com\/#website\"},\"primaryImageOfPage\":{\"@id\":\"https:\/\/sanluisinforma.com\/?p=11966#primaryimage\"},\"image\":{\"@id\":\"https:\/\/sanluisinforma.com\/?p=11966#primaryimage\"},\"thumbnailUrl\":\"https:\/\/sanluisinforma.com\/wp-content\/uploads\/2025\/04\/29e16659-78ea-4a17-81f1-a5c54d016127.jpg\",\"datePublished\":\"2025-04-27T06:45:02+00:00\",\"dateModified\":\"2025-04-27T03:20:50+00:00\",\"breadcrumb\":{\"@id\":\"https:\/\/sanluisinforma.com\/?p=11966#breadcrumb\"},\"inLanguage\":\"es\",\"potentialAction\":[{\"@type\":\"ReadAction\",\"target\":[\"https:\/\/sanluisinforma.com\/?p=11966\"]}]},{\"@type\":\"ImageObject\",\"inLanguage\":\"es\",\"@id\":\"https:\/\/sanluisinforma.com\/?p=11966#primaryimage\",\"url\":\"https:\/\/sanluisinforma.com\/wp-content\/uploads\/2025\/04\/29e16659-78ea-4a17-81f1-a5c54d016127.jpg\",\"contentUrl\":\"https:\/\/sanluisinforma.com\/wp-content\/uploads\/2025\/04\/29e16659-78ea-4a17-81f1-a5c54d016127.jpg\",\"width\":400,\"height\":266},{\"@type\":\"BreadcrumbList\",\"@id\":\"https:\/\/sanluisinforma.com\/?p=11966#breadcrumb\",\"itemListElement\":[{\"@type\":\"ListItem\",\"position\":1,\"name\":\"Inicio\",\"item\":\"https:\/\/sanluisinforma.com\/\"},{\"@type\":\"ListItem\",\"position\":2,\"name\":\"Con acciones efectivas de bacheo, el Gobierno Municipal fortalece la atenci\u00f3n ciudadana\"}]},{\"@type\":\"WebSite\",\"@id\":\"https:\/\/sanluisinforma.com\/#website\",\"url\":\"https:\/\/sanluisinforma.com\/\",\"name\":\"sanluisinforma.com\",\"description\":\"Periodico San Luis Informa\",\"publisher\":{\"@id\":\"https:\/\/sanluisinforma.com\/#organization\"},\"potentialAction\":[{\"@type\":\"SearchAction\",\"target\":{\"@type\":\"EntryPoint\",\"urlTemplate\":\"https:\/\/sanluisinforma.com\/?s={search_term_string}\"},\"query-input\":{\"@type\":\"PropertyValueSpecification\",\"valueRequired\":true,\"valueName\":\"search_term_string\"}}],\"inLanguage\":\"es\"},{\"@type\":\"Organization\",\"@id\":\"https:\/\/sanluisinforma.com\/#organization\",\"name\":\"sanluisinforma.com\",\"url\":\"https:\/\/sanluisinforma.com\/\",\"logo\":{\"@type\":\"ImageObject\",\"inLanguage\":\"es\",\"@id\":\"https:\/\/sanluisinforma.com\/#\/schema\/logo\/image\/\",\"url\":\"https:\/\/sanluisinforma.com\/wp-content\/uploads\/2026\/03\/sanluisinforma-V.jpg\",\"contentUrl\":\"https:\/\/sanluisinforma.com\/wp-content\/uploads\/2026\/03\/sanluisinforma-V.jpg\",\"width\":500,\"height\":156,\"caption\":\"sanluisinforma.com\"},\"image\":{\"@id\":\"https:\/\/sanluisinforma.com\/#\/schema\/logo\/image\/\"}},{\"@type\":\"Person\",\"@id\":\"https:\/\/sanluisinforma.com\/#\/schema\/person\/c30648f71476be533b6f59d092905c8b\",\"name\":\"sanluisinforma.com\",\"image\":{\"@type\":\"ImageObject\",\"inLanguage\":\"es\",\"@id\":\"https:\/\/sanluisinforma.com\/#\/schema\/person\/image\/\",\"url\":\"https:\/\/secure.gravatar.com\/avatar\/86e3114e34a1eecefb963e0a02f0093f93b092dddb2fe1517596343751081a87?s=96&d=mm&r=g\",\"contentUrl\":\"https:\/\/secure.gravatar.com\/avatar\/86e3114e34a1eecefb963e0a02f0093f93b092dddb2fe1517596343751081a87?s=96&d=mm&r=g\",\"caption\":\"sanluisinforma.com\"},\"url\":\"https:\/\/sanluisinforma.com\/?author=2\"}]}<\/script>\n<!-- \/ Yoast SEO plugin. -->","yoast_head_json":{"title":"Con acciones efectivas de bacheo, el Gobierno Municipal fortalece la atenci\u00f3n ciudadana - sanluisinforma.com","robots":{"index":"index","follow":"follow","max-snippet":"max-snippet:-1","max-image-preview":"max-image-preview:large","max-video-preview":"max-video-preview:-1"},"canonical":"https:\/\/sanluisinforma.com\/?p=11966","og_locale":"es_MX","og_type":"article","og_title":"Con acciones efectivas de bacheo, el Gobierno Municipal fortalece la atenci\u00f3n ciudadana - sanluisinforma.com","og_description":"Mediante reportes enviados v\u00eda \u201cG\u00fcicho\u201d, cuadrillas de Obras P\u00fablicas trabajan en la estabilizaci\u00f3n de vialidades como parte del programa permanente","og_url":"https:\/\/sanluisinforma.com\/?p=11966","og_site_name":"sanluisinforma.com","article_published_time":"2025-04-27T06:45:02+00:00","article_modified_time":"2025-04-27T03:20:50+00:00","og_image":[{"width":400,"height":266,"url":"https:\/\/sanluisinforma.com\/wp-content\/uploads\/2025\/04\/29e16659-78ea-4a17-81f1-a5c54d016127.jpg","type":"image\/jpeg"}],"author":"sanluisinforma.com","twitter_card":"summary_large_image","twitter_misc":{"Escrito por":"sanluisinforma.com","Tiempo de lectura":"2 minutos"},"schema":{"@context":"https:\/\/schema.org","@graph":[{"@type":"Article","@id":"https:\/\/sanluisinforma.com\/?p=11966#article","isPartOf":{"@id":"https:\/\/sanluisinforma.com\/?p=11966"},"author":{"name":"sanluisinforma.com","@id":"https:\/\/sanluisinforma.com\/#\/schema\/person\/c30648f71476be533b6f59d092905c8b"},"headline":"Con acciones efectivas de bacheo, el Gobierno Municipal fortalece la atenci\u00f3n ciudadana","datePublished":"2025-04-27T06:45:02+00:00","dateModified":"2025-04-27T03:20:50+00:00","mainEntityOfPage":{"@id":"https:\/\/sanluisinforma.com\/?p=11966"},"wordCount":357,"publisher":{"@id":"https:\/\/sanluisinforma.com\/#organization"},"image":{"@id":"https:\/\/sanluisinforma.com\/?p=11966#primaryimage"},"thumbnailUrl":"https:\/\/sanluisinforma.com\/wp-content\/uploads\/2025\/04\/29e16659-78ea-4a17-81f1-a5c54d016127.jpg","articleSection":["Local","Portada"],"inLanguage":"es"},{"@type":"WebPage","@id":"https:\/\/sanluisinforma.com\/?p=11966","url":"https:\/\/sanluisinforma.com\/?p=11966","name":"Con acciones efectivas de bacheo, el Gobierno Municipal fortalece la atenci\u00f3n ciudadana - sanluisinforma.com","isPartOf":{"@id":"https:\/\/sanluisinforma.com\/#website"},"primaryImageOfPage":{"@id":"https:\/\/sanluisinforma.com\/?p=11966#primaryimage"},"image":{"@id":"https:\/\/sanluisinforma.com\/?p=11966#primaryimage"},"thumbnailUrl":"https:\/\/sanluisinforma.com\/wp-content\/uploads\/2025\/04\/29e16659-78ea-4a17-81f1-a5c54d016127.jpg","datePublished":"2025-04-27T06:45:02+00:00","dateModified":"2025-04-27T03:20:50+00:00","breadcrumb":{"@id":"https:\/\/sanluisinforma.com\/?p=11966#breadcrumb"},"inLanguage":"es","potentialAction":[{"@type":"ReadAction","target":["https:\/\/sanluisinforma.com\/?p=11966"]}]},{"@type":"ImageObject","inLanguage":"es","@id":"https:\/\/sanluisinforma.com\/?p=11966#primaryimage","url":"https:\/\/sanluisinforma.com\/wp-content\/uploads\/2025\/04\/29e16659-78ea-4a17-81f1-a5c54d016127.jpg","contentUrl":"https:\/\/sanluisinforma.com\/wp-content\/uploads\/2025\/04\/29e16659-78ea-4a17-81f1-a5c54d016127.jpg","width":400,"height":266},{"@type":"BreadcrumbList","@id":"https:\/\/sanluisinforma.com\/?p=11966#breadcrumb","itemListElement":[{"@type":"ListItem","position":1,"name":"Inicio","item":"https:\/\/sanluisinforma.com\/"},{"@type":"ListItem","position":2,"name":"Con acciones efectivas de bacheo, el Gobierno Municipal fortalece la atenci\u00f3n ciudadana"}]},{"@type":"WebSite","@id":"https:\/\/sanluisinforma.com\/#website","url":"https:\/\/sanluisinforma.com\/","name":"sanluisinforma.com","description":"Periodico San Luis Informa","publisher":{"@id":"https:\/\/sanluisinforma.com\/#organization"},"potentialAction":[{"@type":"SearchAction","target":{"@type":"EntryPoint","urlTemplate":"https:\/\/sanluisinforma.com\/?s={search_term_string}"},"query-input":{"@type":"PropertyValueSpecification","valueRequired":true,"valueName":"search_term_string"}}],"inLanguage":"es"},{"@type":"Organization","@id":"https:\/\/sanluisinforma.com\/#organization","name":"sanluisinforma.com","url":"https:\/\/sanluisinforma.com\/","logo":{"@type":"ImageObject","inLanguage":"es","@id":"https:\/\/sanluisinforma.com\/#\/schema\/logo\/image\/","url":"https:\/\/sanluisinforma.com\/wp-content\/uploads\/2026\/03\/sanluisinforma-V.jpg","contentUrl":"https:\/\/sanluisinforma.com\/wp-content\/uploads\/2026\/03\/sanluisinforma-V.jpg","width":500,"height":156,"caption":"sanluisinforma.com"},"image":{"@id":"https:\/\/sanluisinforma.com\/#\/schema\/logo\/image\/"}},{"@type":"Person","@id":"https:\/\/sanluisinforma.com\/#\/schema\/person\/c30648f71476be533b6f59d092905c8b","name":"sanluisinforma.com","image":{"@type":"ImageObject","inLanguage":"es","@id":"https:\/\/sanluisinforma.com\/#\/schema\/person\/image\/","url":"https:\/\/secure.gravatar.com\/avatar\/86e3114e34a1eecefb963e0a02f0093f93b092dddb2fe1517596343751081a87?s=96&d=mm&r=g","contentUrl":"https:\/\/secure.gravatar.com\/avatar\/86e3114e34a1eecefb963e0a02f0093f93b092dddb2fe1517596343751081a87?s=96&d=mm&r=g","caption":"sanluisinforma.com"},"url":"https:\/\/sanluisinforma.com\/?author=2"}]}},"_links":{"self":[{"href":"https:\/\/sanluisinforma.com\/index.php?rest_route=\/wp\/v2\/posts\/11966","targetHints":{"allow":["GET"]}}],"collection":[{"href":"https:\/\/sanluisinforma.com\/index.php?rest_route=\/wp\/v2\/posts"}],"about":[{"href":"https:\/\/sanluisinforma.com\/index.php?rest_route=\/wp\/v2\/types\/post"}],"author":[{"embeddable":true,"href":"https:\/\/sanluisinforma.com\/index.php?rest_route=\/wp\/v2\/users\/2"}],"replies":[{"embeddable":true,"href":"https:\/\/sanluisinforma.com\/index.php?rest_route=%2Fwp%2Fv2%2Fcomments&post=11966"}],"version-history":[{"count":1,"href":"https:\/\/sanluisinforma.com\/index.php?rest_route=\/wp\/v2\/posts\/11966\/revisions"}],"predecessor-version":[{"id":11968,"href":"https:\/\/sanluisinforma.com\/index.php?rest_route=\/wp\/v2\/posts\/11966\/revisions\/11968"}],"wp:featuredmedia":[{"embeddable":true,"href":"https:\/\/sanluisinforma.com\/index.php?rest_route=\/wp\/v2\/media\/11967"}],"wp:attachment":[{"href":"https:\/\/sanluisinforma.com\/index.php?rest_route=%2Fwp%2Fv2%2Fmedia&parent=11966"}],"wp:term":[{"taxonomy":"category","embeddable":true,"href":"https:\/\/sanluisinforma.com\/index.php?rest_route=%2Fwp%2Fv2%2Fcategories&post=11966"},{"taxonomy":"post_tag","embeddable":true,"href":"https:\/\/sanluisinforma.com\/index.php?rest_route=%2Fwp%2Fv2%2Ftags&post=11966"}],"curies":[{"name":"wp","href":"https:\/\/api.w.org\/{rel}","templated":true}]}}