{"id":11969,"date":"2025-04-27T00:40:00","date_gmt":"2025-04-27T06:40:00","guid":{"rendered":"https:\/\/sanluisinforma.com\/?p=11969"},"modified":"2025-04-26T21:54:14","modified_gmt":"2025-04-27T03:54:14","slug":"presidenta-claudia-sheunbaum-arranque-a-las-obras-del-tren-de-carga-del-tren-maya-para-fortalecer-el-desarrollo-del-sureste-maxicano","status":"publish","type":"post","link":"https:\/\/sanluisinforma.com\/?p=11969","title":{"rendered":"Presidenta Claudia Sheunbaum arranque\u00a0 a las Obras del Tren de carga del Tren Maya para fortalecer el Desarrollo del Sureste Maxicano"},"content":{"rendered":"\n<p>* Los trabajos se realizar\u00e1n en dos etapas en un plazo de 2 a\u00f1os y seis meses, generando 26 mil 200 empleos directos<\/p>\n\n\n\n<p>* Tendr\u00e1 terminales intermodales en Canc\u00fan, Quintana Roo; Palenque, Chiapas; en Poxil\u00e1 y Progreso, Yucat\u00e1n y se conectar\u00e1 con el Tren Interoce\u00e1nico<\/p>\n\n\n\n<p>La Presidenta de M\u00e9xico, Claudia Sheinbaum Pardo, dio arranque a las obras para la construcci\u00f3n de la infraestructura de carga del Tren Maya con lo que este transporte ferroviario transportar\u00e1 pasajeros y mercanc\u00edas con el objetivo de fortalecer el desarrollo del sureste mexicano.<\/p>\n\n\n\n<p>\u201cAhora estamos dando el banderazo de salida para que el Tren Maya no solo sea un tren de pasajeros, sino un tren de carga. \u00bfQu\u00e9 importancia tiene esto? Bueno, la carga transporta mercanc\u00edas de distinto tipo y el tren de pasajeros transporta personas. Entonces, al ser tambi\u00e9n un tren de carga, va a permitir que todo el sureste de M\u00e9xico tenga todav\u00eda m\u00e1s desarrollo del que se ha logrado con el Tren Maya, que es principalmente un desarrollo tur\u00edstico.<\/p>\n\n\n\n<p>\u201cEl tren de carga le va a dar un potencial enorme para que lo que se produzca en otros lugares del pa\u00eds, o aqu\u00ed en el sureste pueda tener una transportaci\u00f3n de la manera m\u00e1s eficiente posible, que es el transporte de carga\u201d, puntualiz\u00f3.<\/p>\n\n\n\n<p>Detall\u00f3 que el Agrupamiento de Ingenieros Felipe \u00c1ngeles de la Secretar\u00eda de la Defensa Nacional ser\u00e1 el encargado de construir la infraestructura de carga del Tren Maya con lo que se vincular\u00e1 el desarrollo de Puerto Progreso, cuyas obras de ampliaci\u00f3n est\u00e1n a cargo de la Secretar\u00eda de Marina.<\/p>\n\n\n\n<p>El Tren Maya de carga tendr\u00e1 terminales intermodales en Canc\u00fan, Quintana Roo; Palenque, Chiapas; en Poxil\u00e1 y Progreso, Yucat\u00e1n. En esta \u00faltima estaci\u00f3n se conectar\u00e1 con el Tren Interoce\u00e1nico, que va de Coatzacoalcos a Salina Cruz.<\/p>\n\n\n\n<p>\u201cSi se fijan, pues es la recuperaci\u00f3n del transporte en tren, tanto para pasajeros como para mercanc\u00edas. Y esta es una visi\u00f3n que tuvo el Presidente L\u00f3pez Obrador y que nosotros le vamos a dar continuidad\u201d, agreg\u00f3.<\/p>\n\n\n\n<p>El comandante del Agrupamiento de Ingenieros \u201cFelipe \u00c1ngeles\u201d, general Gustavo Ricardo Vallejo Su\u00e1rez, precis\u00f3 que la construcci\u00f3n de la infraestructura de carga del Tren Maya es parte de los 100 compromisos del Segundo Piso de la Transformaci\u00f3n y los trabajos se realizar\u00e1n en dos etapas en un plazo de 2 a\u00f1os y seis meses, generando 26 mil 200 empleos directos. Inform\u00f3 que, la parte de carga estar\u00e1 conformada por 10 complejos de carga con cinco terminales intermodales; cuatro patios de operaciones y una espuela de combustibles interconectados a trav\u00e9s de los mil 553<\/p>\n","protected":false},"excerpt":{"rendered":"<p>* Los trabajos se realizar\u00e1n en dos etapas en un plazo de 2 a\u00f1os y seis meses, generando 26 mil<\/p>\n","protected":false},"author":2,"featured_media":11970,"comment_status":"closed","ping_status":"closed","sticky":false,"template":"","format":"standard","meta":{"footnotes":""},"categories":[26],"tags":[],"class_list":["post-11969","post","type-post","status-publish","format-standard","has-post-thumbnail","hentry","category-nacional"],"yoast_head":"<!-- This site is optimized with the Yoast SEO plugin v24.1 - https:\/\/yoast.com\/wordpress\/plugins\/seo\/ -->\n<title>Presidenta Claudia Sheunbaum arranque\u00a0 a las Obras del Tren de carga del Tren Maya para fortalecer el Desarrollo del Sureste Maxicano - sanluisinforma.com<\/title>\n<meta name=\"robots\" content=\"index, follow, max-snippet:-1, max-image-preview:large, max-video-preview:-1\" \/>\n<link rel=\"canonical\" href=\"https:\/\/sanluisinforma.com\/?p=11969\" \/>\n<meta property=\"og:locale\" content=\"es_MX\" \/>\n<meta property=\"og:type\" content=\"article\" \/>\n<meta property=\"og:title\" content=\"Presidenta Claudia Sheunbaum arranque\u00a0 a las Obras del Tren de carga del Tren Maya para fortalecer el Desarrollo del Sureste Maxicano - sanluisinforma.com\" \/>\n<meta property=\"og:description\" content=\"* Los trabajos se realizar\u00e1n en dos etapas en un plazo de 2 a\u00f1os y seis meses, generando 26 mil\" \/>\n<meta property=\"og:url\" content=\"https:\/\/sanluisinforma.com\/?p=11969\" \/>\n<meta property=\"og:site_name\" content=\"sanluisinforma.com\" \/>\n<meta property=\"article:published_time\" content=\"2025-04-27T06:40:00+00:00\" \/>\n<meta property=\"article:modified_time\" content=\"2025-04-27T03:54:14+00:00\" \/>\n<meta property=\"og:image\" content=\"https:\/\/sanluisinforma.com\/wp-content\/uploads\/2025\/04\/d2dceaac-ed41-4a57-b98e-fe86beadf3c5.jpg\" \/>\n\t<meta property=\"og:image:width\" content=\"400\" \/>\n\t<meta property=\"og:image:height\" content=\"266\" \/>\n\t<meta property=\"og:image:type\" content=\"image\/jpeg\" \/>\n<meta name=\"author\" content=\"sanluisinforma.com\" \/>\n<meta name=\"twitter:card\" content=\"summary_large_image\" \/>\n<meta name=\"twitter:label1\" content=\"Escrito por\" \/>\n\t<meta name=\"twitter:data1\" content=\"sanluisinforma.com\" \/>\n\t<meta name=\"twitter:label2\" content=\"Tiempo de lectura\" \/>\n\t<meta name=\"twitter:data2\" content=\"3 minutos\" \/>\n<script type=\"application\/ld+json\" class=\"yoast-schema-graph\">{\"@context\":\"https:\/\/schema.org\",\"@graph\":[{\"@type\":\"Article\",\"@id\":\"https:\/\/sanluisinforma.com\/?p=11969#article\",\"isPartOf\":{\"@id\":\"https:\/\/sanluisinforma.com\/?p=11969\"},\"author\":{\"name\":\"sanluisinforma.com\",\"@id\":\"https:\/\/sanluisinforma.com\/#\/schema\/person\/c30648f71476be533b6f59d092905c8b\"},\"headline\":\"Presidenta Claudia Sheunbaum arranque\u00a0 a las Obras del Tren de carga del Tren Maya para fortalecer el Desarrollo del Sureste Maxicano\",\"datePublished\":\"2025-04-27T06:40:00+00:00\",\"dateModified\":\"2025-04-27T03:54:14+00:00\",\"mainEntityOfPage\":{\"@id\":\"https:\/\/sanluisinforma.com\/?p=11969\"},\"wordCount\":471,\"publisher\":{\"@id\":\"https:\/\/sanluisinforma.com\/#organization\"},\"image\":{\"@id\":\"https:\/\/sanluisinforma.com\/?p=11969#primaryimage\"},\"thumbnailUrl\":\"https:\/\/sanluisinforma.com\/wp-content\/uploads\/2025\/04\/d2dceaac-ed41-4a57-b98e-fe86beadf3c5.jpg\",\"articleSection\":[\"Nacional\"],\"inLanguage\":\"es\"},{\"@type\":\"WebPage\",\"@id\":\"https:\/\/sanluisinforma.com\/?p=11969\",\"url\":\"https:\/\/sanluisinforma.com\/?p=11969\",\"name\":\"Presidenta Claudia Sheunbaum arranque\u00a0 a las Obras del Tren de carga del Tren Maya para fortalecer el Desarrollo del Sureste Maxicano - sanluisinforma.com\",\"isPartOf\":{\"@id\":\"https:\/\/sanluisinforma.com\/#website\"},\"primaryImageOfPage\":{\"@id\":\"https:\/\/sanluisinforma.com\/?p=11969#primaryimage\"},\"image\":{\"@id\":\"https:\/\/sanluisinforma.com\/?p=11969#primaryimage\"},\"thumbnailUrl\":\"https:\/\/sanluisinforma.com\/wp-content\/uploads\/2025\/04\/d2dceaac-ed41-4a57-b98e-fe86beadf3c5.jpg\",\"datePublished\":\"2025-04-27T06:40:00+00:00\",\"dateModified\":\"2025-04-27T03:54:14+00:00\",\"breadcrumb\":{\"@id\":\"https:\/\/sanluisinforma.com\/?p=11969#breadcrumb\"},\"inLanguage\":\"es\",\"potentialAction\":[{\"@type\":\"ReadAction\",\"target\":[\"https:\/\/sanluisinforma.com\/?p=11969\"]}]},{\"@type\":\"ImageObject\",\"inLanguage\":\"es\",\"@id\":\"https:\/\/sanluisinforma.com\/?p=11969#primaryimage\",\"url\":\"https:\/\/sanluisinforma.com\/wp-content\/uploads\/2025\/04\/d2dceaac-ed41-4a57-b98e-fe86beadf3c5.jpg\",\"contentUrl\":\"https:\/\/sanluisinforma.com\/wp-content\/uploads\/2025\/04\/d2dceaac-ed41-4a57-b98e-fe86beadf3c5.jpg\",\"width\":400,\"height\":266},{\"@type\":\"BreadcrumbList\",\"@id\":\"https:\/\/sanluisinforma.com\/?p=11969#breadcrumb\",\"itemListElement\":[{\"@type\":\"ListItem\",\"position\":1,\"name\":\"Inicio\",\"item\":\"https:\/\/sanluisinforma.com\/\"},{\"@type\":\"ListItem\",\"position\":2,\"name\":\"Presidenta Claudia Sheunbaum arranque\u00a0 a las Obras del Tren de carga del Tren Maya para fortalecer el Desarrollo del Sureste Maxicano\"}]},{\"@type\":\"WebSite\",\"@id\":\"https:\/\/sanluisinforma.com\/#website\",\"url\":\"https:\/\/sanluisinforma.com\/\",\"name\":\"sanluisinforma.com\",\"description\":\"Periodico San Luis Informa\",\"publisher\":{\"@id\":\"https:\/\/sanluisinforma.com\/#organization\"},\"potentialAction\":[{\"@type\":\"SearchAction\",\"target\":{\"@type\":\"EntryPoint\",\"urlTemplate\":\"https:\/\/sanluisinforma.com\/?s={search_term_string}\"},\"query-input\":{\"@type\":\"PropertyValueSpecification\",\"valueRequired\":true,\"valueName\":\"search_term_string\"}}],\"inLanguage\":\"es\"},{\"@type\":\"Organization\",\"@id\":\"https:\/\/sanluisinforma.com\/#organization\",\"name\":\"sanluisinforma.com\",\"url\":\"https:\/\/sanluisinforma.com\/\",\"logo\":{\"@type\":\"ImageObject\",\"inLanguage\":\"es\",\"@id\":\"https:\/\/sanluisinforma.com\/#\/schema\/logo\/image\/\",\"url\":\"https:\/\/sanluisinforma.com\/wp-content\/uploads\/2026\/03\/sanluisinforma-V.jpg\",\"contentUrl\":\"https:\/\/sanluisinforma.com\/wp-content\/uploads\/2026\/03\/sanluisinforma-V.jpg\",\"width\":500,\"height\":156,\"caption\":\"sanluisinforma.com\"},\"image\":{\"@id\":\"https:\/\/sanluisinforma.com\/#\/schema\/logo\/image\/\"}},{\"@type\":\"Person\",\"@id\":\"https:\/\/sanluisinforma.com\/#\/schema\/person\/c30648f71476be533b6f59d092905c8b\",\"name\":\"sanluisinforma.com\",\"image\":{\"@type\":\"ImageObject\",\"inLanguage\":\"es\",\"@id\":\"https:\/\/sanluisinforma.com\/#\/schema\/person\/image\/\",\"url\":\"https:\/\/secure.gravatar.com\/avatar\/86e3114e34a1eecefb963e0a02f0093f93b092dddb2fe1517596343751081a87?s=96&d=mm&r=g\",\"contentUrl\":\"https:\/\/secure.gravatar.com\/avatar\/86e3114e34a1eecefb963e0a02f0093f93b092dddb2fe1517596343751081a87?s=96&d=mm&r=g\",\"caption\":\"sanluisinforma.com\"},\"url\":\"https:\/\/sanluisinforma.com\/?author=2\"}]}<\/script>\n<!-- \/ Yoast SEO plugin. -->","yoast_head_json":{"title":"Presidenta Claudia Sheunbaum arranque\u00a0 a las Obras del Tren de carga del Tren Maya para fortalecer el Desarrollo del Sureste Maxicano - sanluisinforma.com","robots":{"index":"index","follow":"follow","max-snippet":"max-snippet:-1","max-image-preview":"max-image-preview:large","max-video-preview":"max-video-preview:-1"},"canonical":"https:\/\/sanluisinforma.com\/?p=11969","og_locale":"es_MX","og_type":"article","og_title":"Presidenta Claudia Sheunbaum arranque\u00a0 a las Obras del Tren de carga del Tren Maya para fortalecer el Desarrollo del Sureste Maxicano - sanluisinforma.com","og_description":"* Los trabajos se realizar\u00e1n en dos etapas en un plazo de 2 a\u00f1os y seis meses, generando 26 mil","og_url":"https:\/\/sanluisinforma.com\/?p=11969","og_site_name":"sanluisinforma.com","article_published_time":"2025-04-27T06:40:00+00:00","article_modified_time":"2025-04-27T03:54:14+00:00","og_image":[{"width":400,"height":266,"url":"https:\/\/sanluisinforma.com\/wp-content\/uploads\/2025\/04\/d2dceaac-ed41-4a57-b98e-fe86beadf3c5.jpg","type":"image\/jpeg"}],"author":"sanluisinforma.com","twitter_card":"summary_large_image","twitter_misc":{"Escrito por":"sanluisinforma.com","Tiempo de lectura":"3 minutos"},"schema":{"@context":"https:\/\/schema.org","@graph":[{"@type":"Article","@id":"https:\/\/sanluisinforma.com\/?p=11969#article","isPartOf":{"@id":"https:\/\/sanluisinforma.com\/?p=11969"},"author":{"name":"sanluisinforma.com","@id":"https:\/\/sanluisinforma.com\/#\/schema\/person\/c30648f71476be533b6f59d092905c8b"},"headline":"Presidenta Claudia Sheunbaum arranque\u00a0 a las Obras del Tren de carga del Tren Maya para fortalecer el Desarrollo del Sureste Maxicano","datePublished":"2025-04-27T06:40:00+00:00","dateModified":"2025-04-27T03:54:14+00:00","mainEntityOfPage":{"@id":"https:\/\/sanluisinforma.com\/?p=11969"},"wordCount":471,"publisher":{"@id":"https:\/\/sanluisinforma.com\/#organization"},"image":{"@id":"https:\/\/sanluisinforma.com\/?p=11969#primaryimage"},"thumbnailUrl":"https:\/\/sanluisinforma.com\/wp-content\/uploads\/2025\/04\/d2dceaac-ed41-4a57-b98e-fe86beadf3c5.jpg","articleSection":["Nacional"],"inLanguage":"es"},{"@type":"WebPage","@id":"https:\/\/sanluisinforma.com\/?p=11969","url":"https:\/\/sanluisinforma.com\/?p=11969","name":"Presidenta Claudia Sheunbaum arranque\u00a0 a las Obras del Tren de carga del Tren Maya para fortalecer el Desarrollo del Sureste Maxicano - sanluisinforma.com","isPartOf":{"@id":"https:\/\/sanluisinforma.com\/#website"},"primaryImageOfPage":{"@id":"https:\/\/sanluisinforma.com\/?p=11969#primaryimage"},"image":{"@id":"https:\/\/sanluisinforma.com\/?p=11969#primaryimage"},"thumbnailUrl":"https:\/\/sanluisinforma.com\/wp-content\/uploads\/2025\/04\/d2dceaac-ed41-4a57-b98e-fe86beadf3c5.jpg","datePublished":"2025-04-27T06:40:00+00:00","dateModified":"2025-04-27T03:54:14+00:00","breadcrumb":{"@id":"https:\/\/sanluisinforma.com\/?p=11969#breadcrumb"},"inLanguage":"es","potentialAction":[{"@type":"ReadAction","target":["https:\/\/sanluisinforma.com\/?p=11969"]}]},{"@type":"ImageObject","inLanguage":"es","@id":"https:\/\/sanluisinforma.com\/?p=11969#primaryimage","url":"https:\/\/sanluisinforma.com\/wp-content\/uploads\/2025\/04\/d2dceaac-ed41-4a57-b98e-fe86beadf3c5.jpg","contentUrl":"https:\/\/sanluisinforma.com\/wp-content\/uploads\/2025\/04\/d2dceaac-ed41-4a57-b98e-fe86beadf3c5.jpg","width":400,"height":266},{"@type":"BreadcrumbList","@id":"https:\/\/sanluisinforma.com\/?p=11969#breadcrumb","itemListElement":[{"@type":"ListItem","position":1,"name":"Inicio","item":"https:\/\/sanluisinforma.com\/"},{"@type":"ListItem","position":2,"name":"Presidenta Claudia Sheunbaum arranque\u00a0 a las Obras del Tren de carga del Tren Maya para fortalecer el Desarrollo del Sureste Maxicano"}]},{"@type":"WebSite","@id":"https:\/\/sanluisinforma.com\/#website","url":"https:\/\/sanluisinforma.com\/","name":"sanluisinforma.com","description":"Periodico San Luis Informa","publisher":{"@id":"https:\/\/sanluisinforma.com\/#organization"},"potentialAction":[{"@type":"SearchAction","target":{"@type":"EntryPoint","urlTemplate":"https:\/\/sanluisinforma.com\/?s={search_term_string}"},"query-input":{"@type":"PropertyValueSpecification","valueRequired":true,"valueName":"search_term_string"}}],"inLanguage":"es"},{"@type":"Organization","@id":"https:\/\/sanluisinforma.com\/#organization","name":"sanluisinforma.com","url":"https:\/\/sanluisinforma.com\/","logo":{"@type":"ImageObject","inLanguage":"es","@id":"https:\/\/sanluisinforma.com\/#\/schema\/logo\/image\/","url":"https:\/\/sanluisinforma.com\/wp-content\/uploads\/2026\/03\/sanluisinforma-V.jpg","contentUrl":"https:\/\/sanluisinforma.com\/wp-content\/uploads\/2026\/03\/sanluisinforma-V.jpg","width":500,"height":156,"caption":"sanluisinforma.com"},"image":{"@id":"https:\/\/sanluisinforma.com\/#\/schema\/logo\/image\/"}},{"@type":"Person","@id":"https:\/\/sanluisinforma.com\/#\/schema\/person\/c30648f71476be533b6f59d092905c8b","name":"sanluisinforma.com","image":{"@type":"ImageObject","inLanguage":"es","@id":"https:\/\/sanluisinforma.com\/#\/schema\/person\/image\/","url":"https:\/\/secure.gravatar.com\/avatar\/86e3114e34a1eecefb963e0a02f0093f93b092dddb2fe1517596343751081a87?s=96&d=mm&r=g","contentUrl":"https:\/\/secure.gravatar.com\/avatar\/86e3114e34a1eecefb963e0a02f0093f93b092dddb2fe1517596343751081a87?s=96&d=mm&r=g","caption":"sanluisinforma.com"},"url":"https:\/\/sanluisinforma.com\/?author=2"}]}},"_links":{"self":[{"href":"https:\/\/sanluisinforma.com\/index.php?rest_route=\/wp\/v2\/posts\/11969","targetHints":{"allow":["GET"]}}],"collection":[{"href":"https:\/\/sanluisinforma.com\/index.php?rest_route=\/wp\/v2\/posts"}],"about":[{"href":"https:\/\/sanluisinforma.com\/index.php?rest_route=\/wp\/v2\/types\/post"}],"author":[{"embeddable":true,"href":"https:\/\/sanluisinforma.com\/index.php?rest_route=\/wp\/v2\/users\/2"}],"replies":[{"embeddable":true,"href":"https:\/\/sanluisinforma.com\/index.php?rest_route=%2Fwp%2Fv2%2Fcomments&post=11969"}],"version-history":[{"count":1,"href":"https:\/\/sanluisinforma.com\/index.php?rest_route=\/wp\/v2\/posts\/11969\/revisions"}],"predecessor-version":[{"id":11971,"href":"https:\/\/sanluisinforma.com\/index.php?rest_route=\/wp\/v2\/posts\/11969\/revisions\/11971"}],"wp:featuredmedia":[{"embeddable":true,"href":"https:\/\/sanluisinforma.com\/index.php?rest_route=\/wp\/v2\/media\/11970"}],"wp:attachment":[{"href":"https:\/\/sanluisinforma.com\/index.php?rest_route=%2Fwp%2Fv2%2Fmedia&parent=11969"}],"wp:term":[{"taxonomy":"category","embeddable":true,"href":"https:\/\/sanluisinforma.com\/index.php?rest_route=%2Fwp%2Fv2%2Fcategories&post=11969"},{"taxonomy":"post_tag","embeddable":true,"href":"https:\/\/sanluisinforma.com\/index.php?rest_route=%2Fwp%2Fv2%2Ftags&post=11969"}],"curies":[{"name":"wp","href":"https:\/\/api.w.org\/{rel}","templated":true}]}}