{"id":11976,"date":"2025-04-28T00:45:00","date_gmt":"2025-04-28T06:45:00","guid":{"rendered":"https:\/\/sanluisinforma.com\/?p=11976"},"modified":"2025-04-27T20:27:53","modified_gmt":"2025-04-28T02:27:53","slug":"alcalde-galindo-celebra-a-ninas-y-ninos-por-su-dia","status":"publish","type":"post","link":"https:\/\/sanluisinforma.com\/?p=11976","title":{"rendered":"Alcalde Galindo celebra a ni\u00f1as y ni\u00f1os por su d\u00eda"},"content":{"rendered":"\n<ul class=\"wp-block-list\">\n<li><strong>El Presidente Municipal, acompa\u00f1ado por la Presidenta del DIF Municipal, Senadora Estela Arriaga M\u00e1rquez,\u00a0 destac\u00f3 que fortalecer la unidad familiar contribuye al bienestar de la Capital.<\/strong><\/li>\n<\/ul>\n\n\n\n<p><\/p>\n\n\n\n<p>Con motivo del D\u00eda de la Ni\u00f1ez, el Presidente Municipal Enrique Galindo Ceballos reconoci\u00f3 la importancia de fortalecer los lazos familiares, al se\u00f1alar que el bienestar de ni\u00f1as y ni\u00f1os tambi\u00e9n impulsa el crecimiento de San Luis Capital. Afirm\u00f3 que la convivencia y el reconocimiento a las familias potosinas se reflejan en un mejor desempe\u00f1o y en una ciudad m\u00e1s humana y solidaria.<\/p>\n\n\n\n<p>El Alcalde Enrique Galindo resalt\u00f3 que las pol\u00edticas de su gobierno buscan no solo transformar la infraestructura de la Capital, sino tambi\u00e9n fortalecer su tejido social, por lo que celebraciones como esta reafirman el compromiso con la ni\u00f1ez y con la familia como n\u00facleo esencial de la comunidad potosina.<\/p>\n\n\n\n<p>Por su parte, la Presidenta del DIF Municipal, Senadora Estela Arriaga M\u00e1rquez, agradeci\u00f3 a las y los trabajadores por su dedicaci\u00f3n y destac\u00f3 que, a trav\u00e9s de sus hijas e hijos, se celebra tambi\u00e9n el esfuerzo de quienes construyen cada d\u00eda un mejor San Luis Potos\u00ed.<\/p>\n\n\n\n<p>Durante el festejo, las ni\u00f1as y ni\u00f1os disfrutaron de actividades recreativas y deportivas, entre ellas juegos, concursos y una emocionante funci\u00f3n de lucha libre, en un ambiente de alegr\u00eda y sana convivencia.<\/p>\n","protected":false},"excerpt":{"rendered":"<p>Con motivo del D\u00eda de la Ni\u00f1ez, el Presidente Municipal Enrique Galindo Ceballos reconoci\u00f3 la importancia de fortalecer los lazos<\/p>\n","protected":false},"author":2,"featured_media":11977,"comment_status":"closed","ping_status":"closed","sticky":false,"template":"","format":"standard","meta":{"footnotes":""},"categories":[25,30],"tags":[],"class_list":["post-11976","post","type-post","status-publish","format-standard","has-post-thumbnail","hentry","category-local","category-portada"],"yoast_head":"<!-- This site is optimized with the Yoast SEO plugin v24.1 - https:\/\/yoast.com\/wordpress\/plugins\/seo\/ -->\n<title>Alcalde Galindo celebra a ni\u00f1as y ni\u00f1os por su d\u00eda - sanluisinforma.com<\/title>\n<meta name=\"robots\" content=\"index, follow, max-snippet:-1, max-image-preview:large, max-video-preview:-1\" \/>\n<link rel=\"canonical\" href=\"https:\/\/sanluisinforma.com\/?p=11976\" \/>\n<meta property=\"og:locale\" content=\"es_MX\" \/>\n<meta property=\"og:type\" content=\"article\" \/>\n<meta property=\"og:title\" content=\"Alcalde Galindo celebra a ni\u00f1as y ni\u00f1os por su d\u00eda - sanluisinforma.com\" \/>\n<meta property=\"og:description\" content=\"Con motivo del D\u00eda de la Ni\u00f1ez, el Presidente Municipal Enrique Galindo Ceballos reconoci\u00f3 la importancia de fortalecer los lazos\" \/>\n<meta property=\"og:url\" content=\"https:\/\/sanluisinforma.com\/?p=11976\" \/>\n<meta property=\"og:site_name\" content=\"sanluisinforma.com\" \/>\n<meta property=\"article:published_time\" content=\"2025-04-28T06:45:00+00:00\" \/>\n<meta property=\"article:modified_time\" content=\"2025-04-28T02:27:53+00:00\" \/>\n<meta property=\"og:image\" content=\"https:\/\/sanluisinforma.com\/wp-content\/uploads\/2025\/04\/22b36a95-626d-45a8-8eda-0ff42537eef8.jpg\" \/>\n\t<meta property=\"og:image:width\" content=\"400\" \/>\n\t<meta property=\"og:image:height\" content=\"266\" \/>\n\t<meta property=\"og:image:type\" content=\"image\/jpeg\" \/>\n<meta name=\"author\" content=\"sanluisinforma.com\" \/>\n<meta name=\"twitter:card\" content=\"summary_large_image\" \/>\n<meta name=\"twitter:label1\" content=\"Escrito por\" \/>\n\t<meta name=\"twitter:data1\" content=\"sanluisinforma.com\" \/>\n\t<meta name=\"twitter:label2\" content=\"Tiempo de lectura\" \/>\n\t<meta name=\"twitter:data2\" content=\"2 minutos\" \/>\n<script type=\"application\/ld+json\" class=\"yoast-schema-graph\">{\"@context\":\"https:\/\/schema.org\",\"@graph\":[{\"@type\":\"Article\",\"@id\":\"https:\/\/sanluisinforma.com\/?p=11976#article\",\"isPartOf\":{\"@id\":\"https:\/\/sanluisinforma.com\/?p=11976\"},\"author\":{\"name\":\"sanluisinforma.com\",\"@id\":\"https:\/\/sanluisinforma.com\/#\/schema\/person\/c30648f71476be533b6f59d092905c8b\"},\"headline\":\"Alcalde Galindo celebra a ni\u00f1as y ni\u00f1os por su d\u00eda\",\"datePublished\":\"2025-04-28T06:45:00+00:00\",\"dateModified\":\"2025-04-28T02:27:53+00:00\",\"mainEntityOfPage\":{\"@id\":\"https:\/\/sanluisinforma.com\/?p=11976\"},\"wordCount\":252,\"publisher\":{\"@id\":\"https:\/\/sanluisinforma.com\/#organization\"},\"image\":{\"@id\":\"https:\/\/sanluisinforma.com\/?p=11976#primaryimage\"},\"thumbnailUrl\":\"https:\/\/sanluisinforma.com\/wp-content\/uploads\/2025\/04\/22b36a95-626d-45a8-8eda-0ff42537eef8.jpg\",\"articleSection\":[\"Local\",\"Portada\"],\"inLanguage\":\"es\"},{\"@type\":\"WebPage\",\"@id\":\"https:\/\/sanluisinforma.com\/?p=11976\",\"url\":\"https:\/\/sanluisinforma.com\/?p=11976\",\"name\":\"Alcalde Galindo celebra a ni\u00f1as y ni\u00f1os por su d\u00eda - sanluisinforma.com\",\"isPartOf\":{\"@id\":\"https:\/\/sanluisinforma.com\/#website\"},\"primaryImageOfPage\":{\"@id\":\"https:\/\/sanluisinforma.com\/?p=11976#primaryimage\"},\"image\":{\"@id\":\"https:\/\/sanluisinforma.com\/?p=11976#primaryimage\"},\"thumbnailUrl\":\"https:\/\/sanluisinforma.com\/wp-content\/uploads\/2025\/04\/22b36a95-626d-45a8-8eda-0ff42537eef8.jpg\",\"datePublished\":\"2025-04-28T06:45:00+00:00\",\"dateModified\":\"2025-04-28T02:27:53+00:00\",\"breadcrumb\":{\"@id\":\"https:\/\/sanluisinforma.com\/?p=11976#breadcrumb\"},\"inLanguage\":\"es\",\"potentialAction\":[{\"@type\":\"ReadAction\",\"target\":[\"https:\/\/sanluisinforma.com\/?p=11976\"]}]},{\"@type\":\"ImageObject\",\"inLanguage\":\"es\",\"@id\":\"https:\/\/sanluisinforma.com\/?p=11976#primaryimage\",\"url\":\"https:\/\/sanluisinforma.com\/wp-content\/uploads\/2025\/04\/22b36a95-626d-45a8-8eda-0ff42537eef8.jpg\",\"contentUrl\":\"https:\/\/sanluisinforma.com\/wp-content\/uploads\/2025\/04\/22b36a95-626d-45a8-8eda-0ff42537eef8.jpg\",\"width\":400,\"height\":266},{\"@type\":\"BreadcrumbList\",\"@id\":\"https:\/\/sanluisinforma.com\/?p=11976#breadcrumb\",\"itemListElement\":[{\"@type\":\"ListItem\",\"position\":1,\"name\":\"Inicio\",\"item\":\"https:\/\/sanluisinforma.com\/\"},{\"@type\":\"ListItem\",\"position\":2,\"name\":\"Alcalde Galindo celebra a ni\u00f1as y ni\u00f1os por su d\u00eda\"}]},{\"@type\":\"WebSite\",\"@id\":\"https:\/\/sanluisinforma.com\/#website\",\"url\":\"https:\/\/sanluisinforma.com\/\",\"name\":\"sanluisinforma.com\",\"description\":\"Periodico San Luis Informa\",\"publisher\":{\"@id\":\"https:\/\/sanluisinforma.com\/#organization\"},\"potentialAction\":[{\"@type\":\"SearchAction\",\"target\":{\"@type\":\"EntryPoint\",\"urlTemplate\":\"https:\/\/sanluisinforma.com\/?s={search_term_string}\"},\"query-input\":{\"@type\":\"PropertyValueSpecification\",\"valueRequired\":true,\"valueName\":\"search_term_string\"}}],\"inLanguage\":\"es\"},{\"@type\":\"Organization\",\"@id\":\"https:\/\/sanluisinforma.com\/#organization\",\"name\":\"sanluisinforma.com\",\"url\":\"https:\/\/sanluisinforma.com\/\",\"logo\":{\"@type\":\"ImageObject\",\"inLanguage\":\"es\",\"@id\":\"https:\/\/sanluisinforma.com\/#\/schema\/logo\/image\/\",\"url\":\"https:\/\/sanluisinforma.com\/wp-content\/uploads\/2026\/03\/sanluisinforma-V.jpg\",\"contentUrl\":\"https:\/\/sanluisinforma.com\/wp-content\/uploads\/2026\/03\/sanluisinforma-V.jpg\",\"width\":500,\"height\":156,\"caption\":\"sanluisinforma.com\"},\"image\":{\"@id\":\"https:\/\/sanluisinforma.com\/#\/schema\/logo\/image\/\"}},{\"@type\":\"Person\",\"@id\":\"https:\/\/sanluisinforma.com\/#\/schema\/person\/c30648f71476be533b6f59d092905c8b\",\"name\":\"sanluisinforma.com\",\"image\":{\"@type\":\"ImageObject\",\"inLanguage\":\"es\",\"@id\":\"https:\/\/sanluisinforma.com\/#\/schema\/person\/image\/\",\"url\":\"https:\/\/secure.gravatar.com\/avatar\/86e3114e34a1eecefb963e0a02f0093f93b092dddb2fe1517596343751081a87?s=96&d=mm&r=g\",\"contentUrl\":\"https:\/\/secure.gravatar.com\/avatar\/86e3114e34a1eecefb963e0a02f0093f93b092dddb2fe1517596343751081a87?s=96&d=mm&r=g\",\"caption\":\"sanluisinforma.com\"},\"url\":\"https:\/\/sanluisinforma.com\/?author=2\"}]}<\/script>\n<!-- \/ Yoast SEO plugin. -->","yoast_head_json":{"title":"Alcalde Galindo celebra a ni\u00f1as y ni\u00f1os por su d\u00eda - sanluisinforma.com","robots":{"index":"index","follow":"follow","max-snippet":"max-snippet:-1","max-image-preview":"max-image-preview:large","max-video-preview":"max-video-preview:-1"},"canonical":"https:\/\/sanluisinforma.com\/?p=11976","og_locale":"es_MX","og_type":"article","og_title":"Alcalde Galindo celebra a ni\u00f1as y ni\u00f1os por su d\u00eda - sanluisinforma.com","og_description":"Con motivo del D\u00eda de la Ni\u00f1ez, el Presidente Municipal Enrique Galindo Ceballos reconoci\u00f3 la importancia de fortalecer los lazos","og_url":"https:\/\/sanluisinforma.com\/?p=11976","og_site_name":"sanluisinforma.com","article_published_time":"2025-04-28T06:45:00+00:00","article_modified_time":"2025-04-28T02:27:53+00:00","og_image":[{"width":400,"height":266,"url":"https:\/\/sanluisinforma.com\/wp-content\/uploads\/2025\/04\/22b36a95-626d-45a8-8eda-0ff42537eef8.jpg","type":"image\/jpeg"}],"author":"sanluisinforma.com","twitter_card":"summary_large_image","twitter_misc":{"Escrito por":"sanluisinforma.com","Tiempo de lectura":"2 minutos"},"schema":{"@context":"https:\/\/schema.org","@graph":[{"@type":"Article","@id":"https:\/\/sanluisinforma.com\/?p=11976#article","isPartOf":{"@id":"https:\/\/sanluisinforma.com\/?p=11976"},"author":{"name":"sanluisinforma.com","@id":"https:\/\/sanluisinforma.com\/#\/schema\/person\/c30648f71476be533b6f59d092905c8b"},"headline":"Alcalde Galindo celebra a ni\u00f1as y ni\u00f1os por su d\u00eda","datePublished":"2025-04-28T06:45:00+00:00","dateModified":"2025-04-28T02:27:53+00:00","mainEntityOfPage":{"@id":"https:\/\/sanluisinforma.com\/?p=11976"},"wordCount":252,"publisher":{"@id":"https:\/\/sanluisinforma.com\/#organization"},"image":{"@id":"https:\/\/sanluisinforma.com\/?p=11976#primaryimage"},"thumbnailUrl":"https:\/\/sanluisinforma.com\/wp-content\/uploads\/2025\/04\/22b36a95-626d-45a8-8eda-0ff42537eef8.jpg","articleSection":["Local","Portada"],"inLanguage":"es"},{"@type":"WebPage","@id":"https:\/\/sanluisinforma.com\/?p=11976","url":"https:\/\/sanluisinforma.com\/?p=11976","name":"Alcalde Galindo celebra a ni\u00f1as y ni\u00f1os por su d\u00eda - sanluisinforma.com","isPartOf":{"@id":"https:\/\/sanluisinforma.com\/#website"},"primaryImageOfPage":{"@id":"https:\/\/sanluisinforma.com\/?p=11976#primaryimage"},"image":{"@id":"https:\/\/sanluisinforma.com\/?p=11976#primaryimage"},"thumbnailUrl":"https:\/\/sanluisinforma.com\/wp-content\/uploads\/2025\/04\/22b36a95-626d-45a8-8eda-0ff42537eef8.jpg","datePublished":"2025-04-28T06:45:00+00:00","dateModified":"2025-04-28T02:27:53+00:00","breadcrumb":{"@id":"https:\/\/sanluisinforma.com\/?p=11976#breadcrumb"},"inLanguage":"es","potentialAction":[{"@type":"ReadAction","target":["https:\/\/sanluisinforma.com\/?p=11976"]}]},{"@type":"ImageObject","inLanguage":"es","@id":"https:\/\/sanluisinforma.com\/?p=11976#primaryimage","url":"https:\/\/sanluisinforma.com\/wp-content\/uploads\/2025\/04\/22b36a95-626d-45a8-8eda-0ff42537eef8.jpg","contentUrl":"https:\/\/sanluisinforma.com\/wp-content\/uploads\/2025\/04\/22b36a95-626d-45a8-8eda-0ff42537eef8.jpg","width":400,"height":266},{"@type":"BreadcrumbList","@id":"https:\/\/sanluisinforma.com\/?p=11976#breadcrumb","itemListElement":[{"@type":"ListItem","position":1,"name":"Inicio","item":"https:\/\/sanluisinforma.com\/"},{"@type":"ListItem","position":2,"name":"Alcalde Galindo celebra a ni\u00f1as y ni\u00f1os por su d\u00eda"}]},{"@type":"WebSite","@id":"https:\/\/sanluisinforma.com\/#website","url":"https:\/\/sanluisinforma.com\/","name":"sanluisinforma.com","description":"Periodico San Luis Informa","publisher":{"@id":"https:\/\/sanluisinforma.com\/#organization"},"potentialAction":[{"@type":"SearchAction","target":{"@type":"EntryPoint","urlTemplate":"https:\/\/sanluisinforma.com\/?s={search_term_string}"},"query-input":{"@type":"PropertyValueSpecification","valueRequired":true,"valueName":"search_term_string"}}],"inLanguage":"es"},{"@type":"Organization","@id":"https:\/\/sanluisinforma.com\/#organization","name":"sanluisinforma.com","url":"https:\/\/sanluisinforma.com\/","logo":{"@type":"ImageObject","inLanguage":"es","@id":"https:\/\/sanluisinforma.com\/#\/schema\/logo\/image\/","url":"https:\/\/sanluisinforma.com\/wp-content\/uploads\/2026\/03\/sanluisinforma-V.jpg","contentUrl":"https:\/\/sanluisinforma.com\/wp-content\/uploads\/2026\/03\/sanluisinforma-V.jpg","width":500,"height":156,"caption":"sanluisinforma.com"},"image":{"@id":"https:\/\/sanluisinforma.com\/#\/schema\/logo\/image\/"}},{"@type":"Person","@id":"https:\/\/sanluisinforma.com\/#\/schema\/person\/c30648f71476be533b6f59d092905c8b","name":"sanluisinforma.com","image":{"@type":"ImageObject","inLanguage":"es","@id":"https:\/\/sanluisinforma.com\/#\/schema\/person\/image\/","url":"https:\/\/secure.gravatar.com\/avatar\/86e3114e34a1eecefb963e0a02f0093f93b092dddb2fe1517596343751081a87?s=96&d=mm&r=g","contentUrl":"https:\/\/secure.gravatar.com\/avatar\/86e3114e34a1eecefb963e0a02f0093f93b092dddb2fe1517596343751081a87?s=96&d=mm&r=g","caption":"sanluisinforma.com"},"url":"https:\/\/sanluisinforma.com\/?author=2"}]}},"_links":{"self":[{"href":"https:\/\/sanluisinforma.com\/index.php?rest_route=\/wp\/v2\/posts\/11976","targetHints":{"allow":["GET"]}}],"collection":[{"href":"https:\/\/sanluisinforma.com\/index.php?rest_route=\/wp\/v2\/posts"}],"about":[{"href":"https:\/\/sanluisinforma.com\/index.php?rest_route=\/wp\/v2\/types\/post"}],"author":[{"embeddable":true,"href":"https:\/\/sanluisinforma.com\/index.php?rest_route=\/wp\/v2\/users\/2"}],"replies":[{"embeddable":true,"href":"https:\/\/sanluisinforma.com\/index.php?rest_route=%2Fwp%2Fv2%2Fcomments&post=11976"}],"version-history":[{"count":1,"href":"https:\/\/sanluisinforma.com\/index.php?rest_route=\/wp\/v2\/posts\/11976\/revisions"}],"predecessor-version":[{"id":11978,"href":"https:\/\/sanluisinforma.com\/index.php?rest_route=\/wp\/v2\/posts\/11976\/revisions\/11978"}],"wp:featuredmedia":[{"embeddable":true,"href":"https:\/\/sanluisinforma.com\/index.php?rest_route=\/wp\/v2\/media\/11977"}],"wp:attachment":[{"href":"https:\/\/sanluisinforma.com\/index.php?rest_route=%2Fwp%2Fv2%2Fmedia&parent=11976"}],"wp:term":[{"taxonomy":"category","embeddable":true,"href":"https:\/\/sanluisinforma.com\/index.php?rest_route=%2Fwp%2Fv2%2Fcategories&post=11976"},{"taxonomy":"post_tag","embeddable":true,"href":"https:\/\/sanluisinforma.com\/index.php?rest_route=%2Fwp%2Fv2%2Ftags&post=11976"}],"curies":[{"name":"wp","href":"https:\/\/api.w.org\/{rel}","templated":true}]}}