{"id":1199,"date":"2022-05-12T09:06:21","date_gmt":"2022-05-12T14:06:21","guid":{"rendered":"https:\/\/sanluisinforma.com\/?p=66640"},"modified":"2022-05-12T09:06:21","modified_gmt":"2022-05-12T14:06:21","slug":"abandera-uaslp-a-los-atletas-que-competiran-en-la-universiada-nacional","status":"publish","type":"post","link":"https:\/\/sanluisinforma.com\/?p=1199","title":{"rendered":"Abandera UASLP a los atletas que competir\u00e1n en la Universiada Nacional"},"content":{"rendered":"\n<div class=\"wp-block-image\"><figure class=\"aligncenter size-full is-resized\"><a href=\"https:\/\/sanluisinforma.com\/wp-content\/uploads\/2022\/05\/CONDDE-2022-5.jpeg\"><img loading=\"lazy\" decoding=\"async\" src=\"https:\/\/sanluisinforma.com\/wp-content\/uploads\/2022\/05\/CONDDE-2022-5.jpeg\" alt=\"\" class=\"wp-image-66632\" width=\"756\" height=\"254\"\/><\/a><\/figure><\/div>\n\n\n\n<p>San Luis Potos\u00ed, SLP.- El rector de la UASLP, Alejandro Zerme\u00f1o Guerra, abander\u00f3 la delegaci\u00f3n de atletas que participar\u00e1n en la Universiada Nacional, CONDDE 2022 que en esta ocasi\u00f3n tendr\u00e1 como sede, a la Universidad Aut\u00f3noma de Ciudad Ju\u00e1rez.<\/p>\n\n\n\n<p>En el patio del Edificio Central se realiz\u00f3 el evento en donde Alexia Dosal Hern\u00e1ndez fue la abanderada, el juramento de parte de los entrenadores estuvo a cargo de Armando Mariscal Mata, mientras que en representaci\u00f3n de los 135 atletas que conforman la delegaci\u00f3n de la UASLP, Arturo Israel Reyna Trist\u00e1n hizo lo propio.<\/p>\n\n\n\n<p>En total ser\u00e1n 16 disciplinas en las que los j\u00f3venes universitarios estar\u00e1n participando y son: Atletismo, Ajedrez, Box, B\u00e1squet 3&#215;3, Tenis, Tenis de Mesa, TKD, Voleibol, F\u00fatbol Bardas, Softbol, Lucha Universitaria, Tiro con Arco, Tocho Bandera, B\u00e1dminton, Judo y Handball.<\/p>\n\n\n\n<p>En esta ocasi\u00f3n la Universiada Nacional se realizar\u00e1 del 12 de mayo al cinco de junio en las instalaciones de la UACJ, y se espera la participaci\u00f3n de aproximadamente nueve mil atletas de aproximadamente 150 instituciones de nivel superior p\u00fablicas y privadas de todo el pa\u00eds, que tomar\u00e1n parte en 26 disciplinas; adem\u00e1s de formar parte del proceso rumbo a los Juegos Mundiales Universitarios.<\/p>\n","protected":false},"excerpt":{"rendered":"<p>San Luis Potos\u00ed, SLP.- El rector de la UASLP, Alejandro Zerme\u00f1o Guerra, abander\u00f3 la delegaci\u00f3n de atletas que participar\u00e1n en<\/p>\n","protected":false},"author":1,"featured_media":1200,"comment_status":"open","ping_status":"open","sticky":false,"template":"","format":"standard","meta":{"footnotes":""},"categories":[25],"tags":[],"class_list":["post-1199","post","type-post","status-publish","format-standard","has-post-thumbnail","hentry","category-local"],"yoast_head":"<!-- This site is optimized with the Yoast SEO plugin v24.1 - https:\/\/yoast.com\/wordpress\/plugins\/seo\/ -->\n<title>Abandera UASLP a los atletas que competir\u00e1n en la Universiada Nacional - sanluisinforma.com<\/title>\n<meta name=\"robots\" content=\"index, follow, max-snippet:-1, max-image-preview:large, max-video-preview:-1\" \/>\n<link rel=\"canonical\" href=\"https:\/\/sanluisinforma.com\/?p=1199\" \/>\n<meta property=\"og:locale\" content=\"es_MX\" \/>\n<meta property=\"og:type\" content=\"article\" \/>\n<meta property=\"og:title\" content=\"Abandera UASLP a los atletas que competir\u00e1n en la Universiada Nacional - sanluisinforma.com\" \/>\n<meta property=\"og:description\" content=\"San Luis Potos\u00ed, SLP.- El rector de la UASLP, Alejandro Zerme\u00f1o Guerra, abander\u00f3 la delegaci\u00f3n de atletas que participar\u00e1n en\" \/>\n<meta property=\"og:url\" content=\"https:\/\/sanluisinforma.com\/?p=1199\" \/>\n<meta property=\"og:site_name\" content=\"sanluisinforma.com\" \/>\n<meta property=\"article:published_time\" content=\"2022-05-12T14:06:21+00:00\" \/>\n<meta property=\"og:image\" content=\"https:\/\/sanluisinforma.com\/wp-content\/uploads\/2022\/05\/CONDDE-2022-5.jpeg\" \/>\n\t<meta property=\"og:image:width\" content=\"500\" \/>\n\t<meta property=\"og:image:height\" content=\"168\" \/>\n\t<meta property=\"og:image:type\" content=\"image\/jpeg\" \/>\n<meta name=\"author\" content=\"m3rsync\" \/>\n<meta name=\"twitter:card\" content=\"summary_large_image\" \/>\n<meta name=\"twitter:label1\" content=\"Escrito por\" \/>\n\t<meta name=\"twitter:data1\" content=\"m3rsync\" \/>\n\t<meta name=\"twitter:label2\" content=\"Tiempo de lectura\" \/>\n\t<meta name=\"twitter:data2\" content=\"1 minuto\" \/>\n<script type=\"application\/ld+json\" class=\"yoast-schema-graph\">{\"@context\":\"https:\/\/schema.org\",\"@graph\":[{\"@type\":\"Article\",\"@id\":\"https:\/\/sanluisinforma.com\/?p=1199#article\",\"isPartOf\":{\"@id\":\"https:\/\/sanluisinforma.com\/?p=1199\"},\"author\":{\"name\":\"m3rsync\",\"@id\":\"https:\/\/sanluisinforma.com\/#\/schema\/person\/49ff81046c3481e1b5440b65c424cc17\"},\"headline\":\"Abandera UASLP a los atletas que competir\u00e1n en la Universiada Nacional\",\"datePublished\":\"2022-05-12T14:06:21+00:00\",\"dateModified\":\"2022-05-12T14:06:21+00:00\",\"mainEntityOfPage\":{\"@id\":\"https:\/\/sanluisinforma.com\/?p=1199\"},\"wordCount\":226,\"commentCount\":0,\"publisher\":{\"@id\":\"https:\/\/sanluisinforma.com\/#organization\"},\"image\":{\"@id\":\"https:\/\/sanluisinforma.com\/?p=1199#primaryimage\"},\"thumbnailUrl\":\"https:\/\/sanluisinforma.com\/wp-content\/uploads\/2022\/05\/CONDDE-2022-5.jpeg\",\"articleSection\":[\"Local\"],\"inLanguage\":\"es\",\"potentialAction\":[{\"@type\":\"CommentAction\",\"name\":\"Comment\",\"target\":[\"https:\/\/sanluisinforma.com\/?p=1199#respond\"]}]},{\"@type\":\"WebPage\",\"@id\":\"https:\/\/sanluisinforma.com\/?p=1199\",\"url\":\"https:\/\/sanluisinforma.com\/?p=1199\",\"name\":\"Abandera UASLP a los atletas que competir\u00e1n en la Universiada Nacional - sanluisinforma.com\",\"isPartOf\":{\"@id\":\"https:\/\/sanluisinforma.com\/#website\"},\"primaryImageOfPage\":{\"@id\":\"https:\/\/sanluisinforma.com\/?p=1199#primaryimage\"},\"image\":{\"@id\":\"https:\/\/sanluisinforma.com\/?p=1199#primaryimage\"},\"thumbnailUrl\":\"https:\/\/sanluisinforma.com\/wp-content\/uploads\/2022\/05\/CONDDE-2022-5.jpeg\",\"datePublished\":\"2022-05-12T14:06:21+00:00\",\"dateModified\":\"2022-05-12T14:06:21+00:00\",\"breadcrumb\":{\"@id\":\"https:\/\/sanluisinforma.com\/?p=1199#breadcrumb\"},\"inLanguage\":\"es\",\"potentialAction\":[{\"@type\":\"ReadAction\",\"target\":[\"https:\/\/sanluisinforma.com\/?p=1199\"]}]},{\"@type\":\"ImageObject\",\"inLanguage\":\"es\",\"@id\":\"https:\/\/sanluisinforma.com\/?p=1199#primaryimage\",\"url\":\"https:\/\/sanluisinforma.com\/wp-content\/uploads\/2022\/05\/CONDDE-2022-5.jpeg\",\"contentUrl\":\"https:\/\/sanluisinforma.com\/wp-content\/uploads\/2022\/05\/CONDDE-2022-5.jpeg\",\"width\":500,\"height\":168},{\"@type\":\"BreadcrumbList\",\"@id\":\"https:\/\/sanluisinforma.com\/?p=1199#breadcrumb\",\"itemListElement\":[{\"@type\":\"ListItem\",\"position\":1,\"name\":\"Inicio\",\"item\":\"https:\/\/sanluisinforma.com\/\"},{\"@type\":\"ListItem\",\"position\":2,\"name\":\"Abandera UASLP a los atletas que competir\u00e1n en la Universiada Nacional\"}]},{\"@type\":\"WebSite\",\"@id\":\"https:\/\/sanluisinforma.com\/#website\",\"url\":\"https:\/\/sanluisinforma.com\/\",\"name\":\"sanluisinforma.com\",\"description\":\"Periodico San Luis Informa\",\"publisher\":{\"@id\":\"https:\/\/sanluisinforma.com\/#organization\"},\"potentialAction\":[{\"@type\":\"SearchAction\",\"target\":{\"@type\":\"EntryPoint\",\"urlTemplate\":\"https:\/\/sanluisinforma.com\/?s={search_term_string}\"},\"query-input\":{\"@type\":\"PropertyValueSpecification\",\"valueRequired\":true,\"valueName\":\"search_term_string\"}}],\"inLanguage\":\"es\"},{\"@type\":\"Organization\",\"@id\":\"https:\/\/sanluisinforma.com\/#organization\",\"name\":\"sanluisinforma.com\",\"url\":\"https:\/\/sanluisinforma.com\/\",\"logo\":{\"@type\":\"ImageObject\",\"inLanguage\":\"es\",\"@id\":\"https:\/\/sanluisinforma.com\/#\/schema\/logo\/image\/\",\"url\":\"https:\/\/sanluisinforma.com\/wp-content\/uploads\/2026\/03\/sanluisinforma-V.jpg\",\"contentUrl\":\"https:\/\/sanluisinforma.com\/wp-content\/uploads\/2026\/03\/sanluisinforma-V.jpg\",\"width\":500,\"height\":156,\"caption\":\"sanluisinforma.com\"},\"image\":{\"@id\":\"https:\/\/sanluisinforma.com\/#\/schema\/logo\/image\/\"}},{\"@type\":\"Person\",\"@id\":\"https:\/\/sanluisinforma.com\/#\/schema\/person\/49ff81046c3481e1b5440b65c424cc17\",\"name\":\"m3rsync\",\"image\":{\"@type\":\"ImageObject\",\"inLanguage\":\"es\",\"@id\":\"https:\/\/sanluisinforma.com\/#\/schema\/person\/image\/\",\"url\":\"https:\/\/secure.gravatar.com\/avatar\/a680509951ac8a465dc670dcf485535c45f0448b55f320b47fd5b6339aed90e2?s=96&d=mm&r=g\",\"contentUrl\":\"https:\/\/secure.gravatar.com\/avatar\/a680509951ac8a465dc670dcf485535c45f0448b55f320b47fd5b6339aed90e2?s=96&d=mm&r=g\",\"caption\":\"m3rsync\"},\"sameAs\":[\"https:\/\/sanluisinforma.com\"],\"url\":\"https:\/\/sanluisinforma.com\/?author=1\"}]}<\/script>\n<!-- \/ Yoast SEO plugin. -->","yoast_head_json":{"title":"Abandera UASLP a los atletas que competir\u00e1n en la Universiada Nacional - sanluisinforma.com","robots":{"index":"index","follow":"follow","max-snippet":"max-snippet:-1","max-image-preview":"max-image-preview:large","max-video-preview":"max-video-preview:-1"},"canonical":"https:\/\/sanluisinforma.com\/?p=1199","og_locale":"es_MX","og_type":"article","og_title":"Abandera UASLP a los atletas que competir\u00e1n en la Universiada Nacional - sanluisinforma.com","og_description":"San Luis Potos\u00ed, SLP.- El rector de la UASLP, Alejandro Zerme\u00f1o Guerra, abander\u00f3 la delegaci\u00f3n de atletas que participar\u00e1n en","og_url":"https:\/\/sanluisinforma.com\/?p=1199","og_site_name":"sanluisinforma.com","article_published_time":"2022-05-12T14:06:21+00:00","og_image":[{"width":500,"height":168,"url":"https:\/\/sanluisinforma.com\/wp-content\/uploads\/2022\/05\/CONDDE-2022-5.jpeg","type":"image\/jpeg"}],"author":"m3rsync","twitter_card":"summary_large_image","twitter_misc":{"Escrito por":"m3rsync","Tiempo de lectura":"1 minuto"},"schema":{"@context":"https:\/\/schema.org","@graph":[{"@type":"Article","@id":"https:\/\/sanluisinforma.com\/?p=1199#article","isPartOf":{"@id":"https:\/\/sanluisinforma.com\/?p=1199"},"author":{"name":"m3rsync","@id":"https:\/\/sanluisinforma.com\/#\/schema\/person\/49ff81046c3481e1b5440b65c424cc17"},"headline":"Abandera UASLP a los atletas que competir\u00e1n en la Universiada Nacional","datePublished":"2022-05-12T14:06:21+00:00","dateModified":"2022-05-12T14:06:21+00:00","mainEntityOfPage":{"@id":"https:\/\/sanluisinforma.com\/?p=1199"},"wordCount":226,"commentCount":0,"publisher":{"@id":"https:\/\/sanluisinforma.com\/#organization"},"image":{"@id":"https:\/\/sanluisinforma.com\/?p=1199#primaryimage"},"thumbnailUrl":"https:\/\/sanluisinforma.com\/wp-content\/uploads\/2022\/05\/CONDDE-2022-5.jpeg","articleSection":["Local"],"inLanguage":"es","potentialAction":[{"@type":"CommentAction","name":"Comment","target":["https:\/\/sanluisinforma.com\/?p=1199#respond"]}]},{"@type":"WebPage","@id":"https:\/\/sanluisinforma.com\/?p=1199","url":"https:\/\/sanluisinforma.com\/?p=1199","name":"Abandera UASLP a los atletas que competir\u00e1n en la Universiada Nacional - sanluisinforma.com","isPartOf":{"@id":"https:\/\/sanluisinforma.com\/#website"},"primaryImageOfPage":{"@id":"https:\/\/sanluisinforma.com\/?p=1199#primaryimage"},"image":{"@id":"https:\/\/sanluisinforma.com\/?p=1199#primaryimage"},"thumbnailUrl":"https:\/\/sanluisinforma.com\/wp-content\/uploads\/2022\/05\/CONDDE-2022-5.jpeg","datePublished":"2022-05-12T14:06:21+00:00","dateModified":"2022-05-12T14:06:21+00:00","breadcrumb":{"@id":"https:\/\/sanluisinforma.com\/?p=1199#breadcrumb"},"inLanguage":"es","potentialAction":[{"@type":"ReadAction","target":["https:\/\/sanluisinforma.com\/?p=1199"]}]},{"@type":"ImageObject","inLanguage":"es","@id":"https:\/\/sanluisinforma.com\/?p=1199#primaryimage","url":"https:\/\/sanluisinforma.com\/wp-content\/uploads\/2022\/05\/CONDDE-2022-5.jpeg","contentUrl":"https:\/\/sanluisinforma.com\/wp-content\/uploads\/2022\/05\/CONDDE-2022-5.jpeg","width":500,"height":168},{"@type":"BreadcrumbList","@id":"https:\/\/sanluisinforma.com\/?p=1199#breadcrumb","itemListElement":[{"@type":"ListItem","position":1,"name":"Inicio","item":"https:\/\/sanluisinforma.com\/"},{"@type":"ListItem","position":2,"name":"Abandera UASLP a los atletas que competir\u00e1n en la Universiada Nacional"}]},{"@type":"WebSite","@id":"https:\/\/sanluisinforma.com\/#website","url":"https:\/\/sanluisinforma.com\/","name":"sanluisinforma.com","description":"Periodico San Luis Informa","publisher":{"@id":"https:\/\/sanluisinforma.com\/#organization"},"potentialAction":[{"@type":"SearchAction","target":{"@type":"EntryPoint","urlTemplate":"https:\/\/sanluisinforma.com\/?s={search_term_string}"},"query-input":{"@type":"PropertyValueSpecification","valueRequired":true,"valueName":"search_term_string"}}],"inLanguage":"es"},{"@type":"Organization","@id":"https:\/\/sanluisinforma.com\/#organization","name":"sanluisinforma.com","url":"https:\/\/sanluisinforma.com\/","logo":{"@type":"ImageObject","inLanguage":"es","@id":"https:\/\/sanluisinforma.com\/#\/schema\/logo\/image\/","url":"https:\/\/sanluisinforma.com\/wp-content\/uploads\/2026\/03\/sanluisinforma-V.jpg","contentUrl":"https:\/\/sanluisinforma.com\/wp-content\/uploads\/2026\/03\/sanluisinforma-V.jpg","width":500,"height":156,"caption":"sanluisinforma.com"},"image":{"@id":"https:\/\/sanluisinforma.com\/#\/schema\/logo\/image\/"}},{"@type":"Person","@id":"https:\/\/sanluisinforma.com\/#\/schema\/person\/49ff81046c3481e1b5440b65c424cc17","name":"m3rsync","image":{"@type":"ImageObject","inLanguage":"es","@id":"https:\/\/sanluisinforma.com\/#\/schema\/person\/image\/","url":"https:\/\/secure.gravatar.com\/avatar\/a680509951ac8a465dc670dcf485535c45f0448b55f320b47fd5b6339aed90e2?s=96&d=mm&r=g","contentUrl":"https:\/\/secure.gravatar.com\/avatar\/a680509951ac8a465dc670dcf485535c45f0448b55f320b47fd5b6339aed90e2?s=96&d=mm&r=g","caption":"m3rsync"},"sameAs":["https:\/\/sanluisinforma.com"],"url":"https:\/\/sanluisinforma.com\/?author=1"}]}},"_links":{"self":[{"href":"https:\/\/sanluisinforma.com\/index.php?rest_route=\/wp\/v2\/posts\/1199","targetHints":{"allow":["GET"]}}],"collection":[{"href":"https:\/\/sanluisinforma.com\/index.php?rest_route=\/wp\/v2\/posts"}],"about":[{"href":"https:\/\/sanluisinforma.com\/index.php?rest_route=\/wp\/v2\/types\/post"}],"author":[{"embeddable":true,"href":"https:\/\/sanluisinforma.com\/index.php?rest_route=\/wp\/v2\/users\/1"}],"replies":[{"embeddable":true,"href":"https:\/\/sanluisinforma.com\/index.php?rest_route=%2Fwp%2Fv2%2Fcomments&post=1199"}],"version-history":[{"count":0,"href":"https:\/\/sanluisinforma.com\/index.php?rest_route=\/wp\/v2\/posts\/1199\/revisions"}],"wp:featuredmedia":[{"embeddable":true,"href":"https:\/\/sanluisinforma.com\/index.php?rest_route=\/wp\/v2\/media\/1200"}],"wp:attachment":[{"href":"https:\/\/sanluisinforma.com\/index.php?rest_route=%2Fwp%2Fv2%2Fmedia&parent=1199"}],"wp:term":[{"taxonomy":"category","embeddable":true,"href":"https:\/\/sanluisinforma.com\/index.php?rest_route=%2Fwp%2Fv2%2Fcategories&post=1199"},{"taxonomy":"post_tag","embeddable":true,"href":"https:\/\/sanluisinforma.com\/index.php?rest_route=%2Fwp%2Fv2%2Ftags&post=1199"}],"curies":[{"name":"wp","href":"https:\/\/api.w.org\/{rel}","templated":true}]}}