{"id":12011,"date":"2025-04-29T00:45:00","date_gmt":"2025-04-29T06:45:00","guid":{"rendered":"https:\/\/sanluisinforma.com\/?p=12011"},"modified":"2025-04-28T22:51:53","modified_gmt":"2025-04-29T04:51:53","slug":"ruta-de-la-salud-y-rehabilitacion-de-espacios-publicos-en-avenida-mexico","status":"publish","type":"post","link":"https:\/\/sanluisinforma.com\/?p=12011","title":{"rendered":"Ruta de la Salud y rehabilitaci\u00f3n de espacios p\u00fablicos en avenida M\u00e9xico"},"content":{"rendered":"\n<ul class=\"wp-block-list\">\n<li>El Alcalde Enrique Galindo Ceballos encabez\u00f3 la jornada 226 del programa Capital al 100, en la que se realiz\u00f3 el remozamiento de canchas deportivas y camell\u00f3n de Av. M\u00e9xico; el Presidente Municipal llam\u00f3 a la poblaci\u00f3n a evitar el desperdicio para paliar los efectos de la falta de lluvia y altas temperaturas.<\/li>\n<\/ul>\n\n\n\n<p>En la jornada 226 del programa Capital al 100, el Alcalde Enrique Galindo Ceballos encabez\u00f3 una serie de acciones para beneficio de la colonia Industrial Mexicana, adem\u00e1s de llevar los servicios que ofrece la Ruta de la Salud, y reforzar la campa\u00f1a intensiva para optimizar el uso del agua ante la falta de lluvia, las altas temperaturas y las frecuentes fallas de la presa El Realito.<\/p>\n\n\n\n<p>El Jefe del Gobierno de la Capital agradeci\u00f3 la participaci\u00f3n de vecinas y vecinos para mejorar las condiciones de las \u00e1reas verdes, y las canchas que son el centro de reuni\u00f3n de j\u00f3venes para practicar el deporte y fomentar la cohesi\u00f3n social. Adem\u00e1s, convoc\u00f3 a la comunidad a sumarse al cuidado y uso responsable del agua us\u00e1ndola de manera m\u00e1s eficiente y evitar su desperdicio: \u201cEs indispensable la colaboraci\u00f3n de toda la poblaci\u00f3n a trav\u00e9s del ahorro y reciclado del agua disponible. Hay que tomar medidas preventivas desde ahora\u201d, apunt\u00f3.<\/p>\n\n\n\n<p>Mencion\u00f3 el Alcalde Enrique Galindo que el Ayuntamiento har\u00e1 lo que le corresponde para atender las zonas de la ciudad m\u00e1s afectadas por la escasez del vital l\u00edquido, y afirm\u00f3 que hoy la ciudad est\u00e1 mejor preparada para afrontar una situaci\u00f3n como la que se vivi\u00f3 en el 2023, por lo que ahora tienen menos impacto las fallas del acueducto El Realito. Como parte de estas acciones el Presidente Municipal anunci\u00f3 que continuar\u00e1n las acciones del Escuadr\u00f3n Especializado en el Uso y Cuidado del Agua, adem\u00e1s que se reforzar\u00e1n las campa\u00f1as de concientizaci\u00f3n.<\/p>\n\n\n\n<p>En lo relativo a la jornada de remozamiento de este lunes, Christian Azuara Azuara, titular de Servicios Municipales, precis\u00f3 que las acciones consistieron en el mantenimiento de las canchas deportivas con limpieza y pintura nueva, as\u00ed como el embellecimiento del camell\u00f3n de avenida M\u00e9xico hasta el puente Valladares.<\/p>\n","protected":false},"excerpt":{"rendered":"<p>En la jornada 226 del programa Capital al 100, el Alcalde Enrique Galindo Ceballos encabez\u00f3 una serie de acciones para<\/p>\n","protected":false},"author":2,"featured_media":12012,"comment_status":"closed","ping_status":"closed","sticky":false,"template":"","format":"standard","meta":{"footnotes":""},"categories":[25,30],"tags":[],"class_list":["post-12011","post","type-post","status-publish","format-standard","has-post-thumbnail","hentry","category-local","category-portada"],"yoast_head":"<!-- This site is optimized with the Yoast SEO plugin v24.1 - https:\/\/yoast.com\/wordpress\/plugins\/seo\/ -->\n<title>Ruta de la Salud y rehabilitaci\u00f3n de espacios p\u00fablicos en avenida M\u00e9xico - sanluisinforma.com<\/title>\n<meta name=\"robots\" content=\"index, follow, max-snippet:-1, max-image-preview:large, max-video-preview:-1\" \/>\n<link rel=\"canonical\" href=\"https:\/\/sanluisinforma.com\/?p=12011\" \/>\n<meta property=\"og:locale\" content=\"es_MX\" \/>\n<meta property=\"og:type\" content=\"article\" \/>\n<meta property=\"og:title\" content=\"Ruta de la Salud y rehabilitaci\u00f3n de espacios p\u00fablicos en avenida M\u00e9xico - sanluisinforma.com\" \/>\n<meta property=\"og:description\" content=\"En la jornada 226 del programa Capital al 100, el Alcalde Enrique Galindo Ceballos encabez\u00f3 una serie de acciones para\" \/>\n<meta property=\"og:url\" content=\"https:\/\/sanluisinforma.com\/?p=12011\" \/>\n<meta property=\"og:site_name\" content=\"sanluisinforma.com\" \/>\n<meta property=\"article:published_time\" content=\"2025-04-29T06:45:00+00:00\" \/>\n<meta property=\"article:modified_time\" content=\"2025-04-29T04:51:53+00:00\" \/>\n<meta property=\"og:image\" content=\"https:\/\/sanluisinforma.com\/wp-content\/uploads\/2025\/04\/464473fb-8f04-4705-b3d7-303e0dafd6e4.jpg\" \/>\n\t<meta property=\"og:image:width\" content=\"1280\" \/>\n\t<meta property=\"og:image:height\" content=\"853\" \/>\n\t<meta property=\"og:image:type\" content=\"image\/jpeg\" \/>\n<meta name=\"author\" content=\"sanluisinforma.com\" \/>\n<meta name=\"twitter:card\" content=\"summary_large_image\" \/>\n<meta name=\"twitter:label1\" content=\"Escrito por\" \/>\n\t<meta name=\"twitter:data1\" content=\"sanluisinforma.com\" \/>\n\t<meta name=\"twitter:label2\" content=\"Tiempo de lectura\" \/>\n\t<meta name=\"twitter:data2\" content=\"2 minutos\" \/>\n<script type=\"application\/ld+json\" class=\"yoast-schema-graph\">{\"@context\":\"https:\/\/schema.org\",\"@graph\":[{\"@type\":\"Article\",\"@id\":\"https:\/\/sanluisinforma.com\/?p=12011#article\",\"isPartOf\":{\"@id\":\"https:\/\/sanluisinforma.com\/?p=12011\"},\"author\":{\"name\":\"sanluisinforma.com\",\"@id\":\"https:\/\/sanluisinforma.com\/#\/schema\/person\/c30648f71476be533b6f59d092905c8b\"},\"headline\":\"Ruta de la Salud y rehabilitaci\u00f3n de espacios p\u00fablicos en avenida M\u00e9xico\",\"datePublished\":\"2025-04-29T06:45:00+00:00\",\"dateModified\":\"2025-04-29T04:51:53+00:00\",\"mainEntityOfPage\":{\"@id\":\"https:\/\/sanluisinforma.com\/?p=12011\"},\"wordCount\":385,\"publisher\":{\"@id\":\"https:\/\/sanluisinforma.com\/#organization\"},\"image\":{\"@id\":\"https:\/\/sanluisinforma.com\/?p=12011#primaryimage\"},\"thumbnailUrl\":\"https:\/\/sanluisinforma.com\/wp-content\/uploads\/2025\/04\/464473fb-8f04-4705-b3d7-303e0dafd6e4.jpg\",\"articleSection\":[\"Local\",\"Portada\"],\"inLanguage\":\"es\"},{\"@type\":\"WebPage\",\"@id\":\"https:\/\/sanluisinforma.com\/?p=12011\",\"url\":\"https:\/\/sanluisinforma.com\/?p=12011\",\"name\":\"Ruta de la Salud y rehabilitaci\u00f3n de espacios p\u00fablicos en avenida M\u00e9xico - sanluisinforma.com\",\"isPartOf\":{\"@id\":\"https:\/\/sanluisinforma.com\/#website\"},\"primaryImageOfPage\":{\"@id\":\"https:\/\/sanluisinforma.com\/?p=12011#primaryimage\"},\"image\":{\"@id\":\"https:\/\/sanluisinforma.com\/?p=12011#primaryimage\"},\"thumbnailUrl\":\"https:\/\/sanluisinforma.com\/wp-content\/uploads\/2025\/04\/464473fb-8f04-4705-b3d7-303e0dafd6e4.jpg\",\"datePublished\":\"2025-04-29T06:45:00+00:00\",\"dateModified\":\"2025-04-29T04:51:53+00:00\",\"breadcrumb\":{\"@id\":\"https:\/\/sanluisinforma.com\/?p=12011#breadcrumb\"},\"inLanguage\":\"es\",\"potentialAction\":[{\"@type\":\"ReadAction\",\"target\":[\"https:\/\/sanluisinforma.com\/?p=12011\"]}]},{\"@type\":\"ImageObject\",\"inLanguage\":\"es\",\"@id\":\"https:\/\/sanluisinforma.com\/?p=12011#primaryimage\",\"url\":\"https:\/\/sanluisinforma.com\/wp-content\/uploads\/2025\/04\/464473fb-8f04-4705-b3d7-303e0dafd6e4.jpg\",\"contentUrl\":\"https:\/\/sanluisinforma.com\/wp-content\/uploads\/2025\/04\/464473fb-8f04-4705-b3d7-303e0dafd6e4.jpg\",\"width\":1280,\"height\":853},{\"@type\":\"BreadcrumbList\",\"@id\":\"https:\/\/sanluisinforma.com\/?p=12011#breadcrumb\",\"itemListElement\":[{\"@type\":\"ListItem\",\"position\":1,\"name\":\"Inicio\",\"item\":\"https:\/\/sanluisinforma.com\/\"},{\"@type\":\"ListItem\",\"position\":2,\"name\":\"Ruta de la Salud y rehabilitaci\u00f3n de espacios p\u00fablicos en avenida M\u00e9xico\"}]},{\"@type\":\"WebSite\",\"@id\":\"https:\/\/sanluisinforma.com\/#website\",\"url\":\"https:\/\/sanluisinforma.com\/\",\"name\":\"sanluisinforma.com\",\"description\":\"Periodico San Luis Informa\",\"publisher\":{\"@id\":\"https:\/\/sanluisinforma.com\/#organization\"},\"potentialAction\":[{\"@type\":\"SearchAction\",\"target\":{\"@type\":\"EntryPoint\",\"urlTemplate\":\"https:\/\/sanluisinforma.com\/?s={search_term_string}\"},\"query-input\":{\"@type\":\"PropertyValueSpecification\",\"valueRequired\":true,\"valueName\":\"search_term_string\"}}],\"inLanguage\":\"es\"},{\"@type\":\"Organization\",\"@id\":\"https:\/\/sanluisinforma.com\/#organization\",\"name\":\"sanluisinforma.com\",\"url\":\"https:\/\/sanluisinforma.com\/\",\"logo\":{\"@type\":\"ImageObject\",\"inLanguage\":\"es\",\"@id\":\"https:\/\/sanluisinforma.com\/#\/schema\/logo\/image\/\",\"url\":\"https:\/\/sanluisinforma.com\/wp-content\/uploads\/2026\/03\/sanluisinforma-V.jpg\",\"contentUrl\":\"https:\/\/sanluisinforma.com\/wp-content\/uploads\/2026\/03\/sanluisinforma-V.jpg\",\"width\":500,\"height\":156,\"caption\":\"sanluisinforma.com\"},\"image\":{\"@id\":\"https:\/\/sanluisinforma.com\/#\/schema\/logo\/image\/\"}},{\"@type\":\"Person\",\"@id\":\"https:\/\/sanluisinforma.com\/#\/schema\/person\/c30648f71476be533b6f59d092905c8b\",\"name\":\"sanluisinforma.com\",\"image\":{\"@type\":\"ImageObject\",\"inLanguage\":\"es\",\"@id\":\"https:\/\/sanluisinforma.com\/#\/schema\/person\/image\/\",\"url\":\"https:\/\/secure.gravatar.com\/avatar\/86e3114e34a1eecefb963e0a02f0093f93b092dddb2fe1517596343751081a87?s=96&d=mm&r=g\",\"contentUrl\":\"https:\/\/secure.gravatar.com\/avatar\/86e3114e34a1eecefb963e0a02f0093f93b092dddb2fe1517596343751081a87?s=96&d=mm&r=g\",\"caption\":\"sanluisinforma.com\"},\"url\":\"https:\/\/sanluisinforma.com\/?author=2\"}]}<\/script>\n<!-- \/ Yoast SEO plugin. -->","yoast_head_json":{"title":"Ruta de la Salud y rehabilitaci\u00f3n de espacios p\u00fablicos en avenida M\u00e9xico - sanluisinforma.com","robots":{"index":"index","follow":"follow","max-snippet":"max-snippet:-1","max-image-preview":"max-image-preview:large","max-video-preview":"max-video-preview:-1"},"canonical":"https:\/\/sanluisinforma.com\/?p=12011","og_locale":"es_MX","og_type":"article","og_title":"Ruta de la Salud y rehabilitaci\u00f3n de espacios p\u00fablicos en avenida M\u00e9xico - sanluisinforma.com","og_description":"En la jornada 226 del programa Capital al 100, el Alcalde Enrique Galindo Ceballos encabez\u00f3 una serie de acciones para","og_url":"https:\/\/sanluisinforma.com\/?p=12011","og_site_name":"sanluisinforma.com","article_published_time":"2025-04-29T06:45:00+00:00","article_modified_time":"2025-04-29T04:51:53+00:00","og_image":[{"width":1280,"height":853,"url":"https:\/\/sanluisinforma.com\/wp-content\/uploads\/2025\/04\/464473fb-8f04-4705-b3d7-303e0dafd6e4.jpg","type":"image\/jpeg"}],"author":"sanluisinforma.com","twitter_card":"summary_large_image","twitter_misc":{"Escrito por":"sanluisinforma.com","Tiempo de lectura":"2 minutos"},"schema":{"@context":"https:\/\/schema.org","@graph":[{"@type":"Article","@id":"https:\/\/sanluisinforma.com\/?p=12011#article","isPartOf":{"@id":"https:\/\/sanluisinforma.com\/?p=12011"},"author":{"name":"sanluisinforma.com","@id":"https:\/\/sanluisinforma.com\/#\/schema\/person\/c30648f71476be533b6f59d092905c8b"},"headline":"Ruta de la Salud y rehabilitaci\u00f3n de espacios p\u00fablicos en avenida M\u00e9xico","datePublished":"2025-04-29T06:45:00+00:00","dateModified":"2025-04-29T04:51:53+00:00","mainEntityOfPage":{"@id":"https:\/\/sanluisinforma.com\/?p=12011"},"wordCount":385,"publisher":{"@id":"https:\/\/sanluisinforma.com\/#organization"},"image":{"@id":"https:\/\/sanluisinforma.com\/?p=12011#primaryimage"},"thumbnailUrl":"https:\/\/sanluisinforma.com\/wp-content\/uploads\/2025\/04\/464473fb-8f04-4705-b3d7-303e0dafd6e4.jpg","articleSection":["Local","Portada"],"inLanguage":"es"},{"@type":"WebPage","@id":"https:\/\/sanluisinforma.com\/?p=12011","url":"https:\/\/sanluisinforma.com\/?p=12011","name":"Ruta de la Salud y rehabilitaci\u00f3n de espacios p\u00fablicos en avenida M\u00e9xico - sanluisinforma.com","isPartOf":{"@id":"https:\/\/sanluisinforma.com\/#website"},"primaryImageOfPage":{"@id":"https:\/\/sanluisinforma.com\/?p=12011#primaryimage"},"image":{"@id":"https:\/\/sanluisinforma.com\/?p=12011#primaryimage"},"thumbnailUrl":"https:\/\/sanluisinforma.com\/wp-content\/uploads\/2025\/04\/464473fb-8f04-4705-b3d7-303e0dafd6e4.jpg","datePublished":"2025-04-29T06:45:00+00:00","dateModified":"2025-04-29T04:51:53+00:00","breadcrumb":{"@id":"https:\/\/sanluisinforma.com\/?p=12011#breadcrumb"},"inLanguage":"es","potentialAction":[{"@type":"ReadAction","target":["https:\/\/sanluisinforma.com\/?p=12011"]}]},{"@type":"ImageObject","inLanguage":"es","@id":"https:\/\/sanluisinforma.com\/?p=12011#primaryimage","url":"https:\/\/sanluisinforma.com\/wp-content\/uploads\/2025\/04\/464473fb-8f04-4705-b3d7-303e0dafd6e4.jpg","contentUrl":"https:\/\/sanluisinforma.com\/wp-content\/uploads\/2025\/04\/464473fb-8f04-4705-b3d7-303e0dafd6e4.jpg","width":1280,"height":853},{"@type":"BreadcrumbList","@id":"https:\/\/sanluisinforma.com\/?p=12011#breadcrumb","itemListElement":[{"@type":"ListItem","position":1,"name":"Inicio","item":"https:\/\/sanluisinforma.com\/"},{"@type":"ListItem","position":2,"name":"Ruta de la Salud y rehabilitaci\u00f3n de espacios p\u00fablicos en avenida M\u00e9xico"}]},{"@type":"WebSite","@id":"https:\/\/sanluisinforma.com\/#website","url":"https:\/\/sanluisinforma.com\/","name":"sanluisinforma.com","description":"Periodico San Luis Informa","publisher":{"@id":"https:\/\/sanluisinforma.com\/#organization"},"potentialAction":[{"@type":"SearchAction","target":{"@type":"EntryPoint","urlTemplate":"https:\/\/sanluisinforma.com\/?s={search_term_string}"},"query-input":{"@type":"PropertyValueSpecification","valueRequired":true,"valueName":"search_term_string"}}],"inLanguage":"es"},{"@type":"Organization","@id":"https:\/\/sanluisinforma.com\/#organization","name":"sanluisinforma.com","url":"https:\/\/sanluisinforma.com\/","logo":{"@type":"ImageObject","inLanguage":"es","@id":"https:\/\/sanluisinforma.com\/#\/schema\/logo\/image\/","url":"https:\/\/sanluisinforma.com\/wp-content\/uploads\/2026\/03\/sanluisinforma-V.jpg","contentUrl":"https:\/\/sanluisinforma.com\/wp-content\/uploads\/2026\/03\/sanluisinforma-V.jpg","width":500,"height":156,"caption":"sanluisinforma.com"},"image":{"@id":"https:\/\/sanluisinforma.com\/#\/schema\/logo\/image\/"}},{"@type":"Person","@id":"https:\/\/sanluisinforma.com\/#\/schema\/person\/c30648f71476be533b6f59d092905c8b","name":"sanluisinforma.com","image":{"@type":"ImageObject","inLanguage":"es","@id":"https:\/\/sanluisinforma.com\/#\/schema\/person\/image\/","url":"https:\/\/secure.gravatar.com\/avatar\/86e3114e34a1eecefb963e0a02f0093f93b092dddb2fe1517596343751081a87?s=96&d=mm&r=g","contentUrl":"https:\/\/secure.gravatar.com\/avatar\/86e3114e34a1eecefb963e0a02f0093f93b092dddb2fe1517596343751081a87?s=96&d=mm&r=g","caption":"sanluisinforma.com"},"url":"https:\/\/sanluisinforma.com\/?author=2"}]}},"_links":{"self":[{"href":"https:\/\/sanluisinforma.com\/index.php?rest_route=\/wp\/v2\/posts\/12011","targetHints":{"allow":["GET"]}}],"collection":[{"href":"https:\/\/sanluisinforma.com\/index.php?rest_route=\/wp\/v2\/posts"}],"about":[{"href":"https:\/\/sanluisinforma.com\/index.php?rest_route=\/wp\/v2\/types\/post"}],"author":[{"embeddable":true,"href":"https:\/\/sanluisinforma.com\/index.php?rest_route=\/wp\/v2\/users\/2"}],"replies":[{"embeddable":true,"href":"https:\/\/sanluisinforma.com\/index.php?rest_route=%2Fwp%2Fv2%2Fcomments&post=12011"}],"version-history":[{"count":1,"href":"https:\/\/sanluisinforma.com\/index.php?rest_route=\/wp\/v2\/posts\/12011\/revisions"}],"predecessor-version":[{"id":12013,"href":"https:\/\/sanluisinforma.com\/index.php?rest_route=\/wp\/v2\/posts\/12011\/revisions\/12013"}],"wp:featuredmedia":[{"embeddable":true,"href":"https:\/\/sanluisinforma.com\/index.php?rest_route=\/wp\/v2\/media\/12012"}],"wp:attachment":[{"href":"https:\/\/sanluisinforma.com\/index.php?rest_route=%2Fwp%2Fv2%2Fmedia&parent=12011"}],"wp:term":[{"taxonomy":"category","embeddable":true,"href":"https:\/\/sanluisinforma.com\/index.php?rest_route=%2Fwp%2Fv2%2Fcategories&post=12011"},{"taxonomy":"post_tag","embeddable":true,"href":"https:\/\/sanluisinforma.com\/index.php?rest_route=%2Fwp%2Fv2%2Ftags&post=12011"}],"curies":[{"name":"wp","href":"https:\/\/api.w.org\/{rel}","templated":true}]}}