{"id":12044,"date":"2025-05-01T00:55:00","date_gmt":"2025-05-01T06:55:00","guid":{"rendered":"https:\/\/sanluisinforma.com\/?p=12044"},"modified":"2025-04-30T23:13:18","modified_gmt":"2025-05-01T05:13:18","slug":"inegi-avala-crecimiento-sin-limites-de-la-economia-potosina","status":"publish","type":"post","link":"https:\/\/sanluisinforma.com\/?p=12044","title":{"rendered":"INEGI Avala crecimiento sin l\u00edmites de la Econom\u00eda Potosina"},"content":{"rendered":"\n<p><\/p>\n\n\n\n<p>* Actividades primarias y terciarias con variaci\u00f3n anual positiva, durante el cuarto trimestre del 2024.<\/p>\n\n\n\n<p>Sin l\u00edmites, el crecimiento de la econom\u00eda potosina luego de que durante el cuarto trimestre del 2024 las actividades primarias, -es decir, las relacionadas con agricultura, ganader\u00eda, miner\u00eda y pesca- tuvieron un incremento del 16.2 por ciento comparadas con lo obtenido en el mismo periodo del 2023, lo que ubic\u00f3 a la entidad en el cuarto lugar nacional con mayor incremento, por debajo de Zacatecas, Campeche y Ciudad de M\u00e9xico.<\/p>\n\n\n\n<p>Con esas cifras, San Luis Potos\u00ed se coloc\u00f3 en el segundo lugar entre las 32 entidades federativas que m\u00e1s contribuy\u00f3 a la variaci\u00f3n total real de las actividades primarias en el pa\u00eds con el 0.36 por ciento, s\u00f3lo por debajo de lo aportado por el Estado de Chihuahua, seg\u00fan se informa en el Indicador Trimestral de la Actividad Econ\u00f3mica Estatal (ITAEE), publicado por el Instituto Nacional de Estad\u00edstica y Geograf\u00eda (INEGI).<\/p>\n\n\n\n<p>Las actividades terciarias \u2013comercio y servicios- tambi\u00e9n tuvieron n\u00fameros positivos. La variaci\u00f3n anual fue del 0.9 por ciento y su contribuci\u00f3n a la variaci\u00f3n total real aument\u00f3 0.01 por ciento.<\/p>\n\n\n\n<p>En lo que respecta a las actividades secundarias, -industria y construcci\u00f3n- presentaron un ligero decremento del -3.0 ciento comparado con lo obtenido en el cuarto trimestre del 2023. Su contribuci\u00f3n a la variaci\u00f3n total real de las actividades secundarias tambi\u00e9n disminuy\u00f3 -0.10 por ciento.<\/p>\n","protected":false},"excerpt":{"rendered":"<p>* Actividades primarias y terciarias con variaci\u00f3n anual positiva, durante el cuarto trimestre del 2024. Sin l\u00edmites, el crecimiento de<\/p>\n","protected":false},"author":2,"featured_media":12051,"comment_status":"closed","ping_status":"closed","sticky":false,"template":"","format":"standard","meta":{"footnotes":""},"categories":[25,30],"tags":[],"class_list":["post-12044","post","type-post","status-publish","format-standard","has-post-thumbnail","hentry","category-local","category-portada"],"yoast_head":"<!-- This site is optimized with the Yoast SEO plugin v24.1 - https:\/\/yoast.com\/wordpress\/plugins\/seo\/ -->\n<title>INEGI Avala crecimiento sin l\u00edmites de la Econom\u00eda Potosina - sanluisinforma.com<\/title>\n<meta name=\"robots\" content=\"index, follow, max-snippet:-1, max-image-preview:large, max-video-preview:-1\" \/>\n<link rel=\"canonical\" href=\"https:\/\/sanluisinforma.com\/?p=12044\" \/>\n<meta property=\"og:locale\" content=\"es_MX\" \/>\n<meta property=\"og:type\" content=\"article\" \/>\n<meta property=\"og:title\" content=\"INEGI Avala crecimiento sin l\u00edmites de la Econom\u00eda Potosina - sanluisinforma.com\" \/>\n<meta property=\"og:description\" content=\"* Actividades primarias y terciarias con variaci\u00f3n anual positiva, durante el cuarto trimestre del 2024. Sin l\u00edmites, el crecimiento de\" \/>\n<meta property=\"og:url\" content=\"https:\/\/sanluisinforma.com\/?p=12044\" \/>\n<meta property=\"og:site_name\" content=\"sanluisinforma.com\" \/>\n<meta property=\"article:published_time\" content=\"2025-05-01T06:55:00+00:00\" \/>\n<meta property=\"article:modified_time\" content=\"2025-05-01T05:13:18+00:00\" \/>\n<meta property=\"og:image\" content=\"https:\/\/sanluisinforma.com\/wp-content\/uploads\/2025\/05\/b7a3e018-3bab-4022-94ce-dd6c65f6f910.jpg\" \/>\n\t<meta property=\"og:image:width\" content=\"400\" \/>\n\t<meta property=\"og:image:height\" content=\"266\" \/>\n\t<meta property=\"og:image:type\" content=\"image\/jpeg\" \/>\n<meta name=\"author\" content=\"sanluisinforma.com\" \/>\n<meta name=\"twitter:card\" content=\"summary_large_image\" \/>\n<meta name=\"twitter:label1\" content=\"Escrito por\" \/>\n\t<meta name=\"twitter:data1\" content=\"sanluisinforma.com\" \/>\n\t<meta name=\"twitter:label2\" content=\"Tiempo de lectura\" \/>\n\t<meta name=\"twitter:data2\" content=\"2 minutos\" \/>\n<script type=\"application\/ld+json\" class=\"yoast-schema-graph\">{\"@context\":\"https:\/\/schema.org\",\"@graph\":[{\"@type\":\"Article\",\"@id\":\"https:\/\/sanluisinforma.com\/?p=12044#article\",\"isPartOf\":{\"@id\":\"https:\/\/sanluisinforma.com\/?p=12044\"},\"author\":{\"name\":\"sanluisinforma.com\",\"@id\":\"https:\/\/sanluisinforma.com\/#\/schema\/person\/c30648f71476be533b6f59d092905c8b\"},\"headline\":\"INEGI Avala crecimiento sin l\u00edmites de la Econom\u00eda Potosina\",\"datePublished\":\"2025-05-01T06:55:00+00:00\",\"dateModified\":\"2025-05-01T05:13:18+00:00\",\"mainEntityOfPage\":{\"@id\":\"https:\/\/sanluisinforma.com\/?p=12044\"},\"wordCount\":254,\"publisher\":{\"@id\":\"https:\/\/sanluisinforma.com\/#organization\"},\"image\":{\"@id\":\"https:\/\/sanluisinforma.com\/?p=12044#primaryimage\"},\"thumbnailUrl\":\"https:\/\/sanluisinforma.com\/wp-content\/uploads\/2025\/05\/b7a3e018-3bab-4022-94ce-dd6c65f6f910.jpg\",\"articleSection\":[\"Local\",\"Portada\"],\"inLanguage\":\"es\"},{\"@type\":\"WebPage\",\"@id\":\"https:\/\/sanluisinforma.com\/?p=12044\",\"url\":\"https:\/\/sanluisinforma.com\/?p=12044\",\"name\":\"INEGI Avala crecimiento sin l\u00edmites de la Econom\u00eda Potosina - sanluisinforma.com\",\"isPartOf\":{\"@id\":\"https:\/\/sanluisinforma.com\/#website\"},\"primaryImageOfPage\":{\"@id\":\"https:\/\/sanluisinforma.com\/?p=12044#primaryimage\"},\"image\":{\"@id\":\"https:\/\/sanluisinforma.com\/?p=12044#primaryimage\"},\"thumbnailUrl\":\"https:\/\/sanluisinforma.com\/wp-content\/uploads\/2025\/05\/b7a3e018-3bab-4022-94ce-dd6c65f6f910.jpg\",\"datePublished\":\"2025-05-01T06:55:00+00:00\",\"dateModified\":\"2025-05-01T05:13:18+00:00\",\"breadcrumb\":{\"@id\":\"https:\/\/sanluisinforma.com\/?p=12044#breadcrumb\"},\"inLanguage\":\"es\",\"potentialAction\":[{\"@type\":\"ReadAction\",\"target\":[\"https:\/\/sanluisinforma.com\/?p=12044\"]}]},{\"@type\":\"ImageObject\",\"inLanguage\":\"es\",\"@id\":\"https:\/\/sanluisinforma.com\/?p=12044#primaryimage\",\"url\":\"https:\/\/sanluisinforma.com\/wp-content\/uploads\/2025\/05\/b7a3e018-3bab-4022-94ce-dd6c65f6f910.jpg\",\"contentUrl\":\"https:\/\/sanluisinforma.com\/wp-content\/uploads\/2025\/05\/b7a3e018-3bab-4022-94ce-dd6c65f6f910.jpg\",\"width\":400,\"height\":266},{\"@type\":\"BreadcrumbList\",\"@id\":\"https:\/\/sanluisinforma.com\/?p=12044#breadcrumb\",\"itemListElement\":[{\"@type\":\"ListItem\",\"position\":1,\"name\":\"Inicio\",\"item\":\"https:\/\/sanluisinforma.com\/\"},{\"@type\":\"ListItem\",\"position\":2,\"name\":\"INEGI Avala crecimiento sin l\u00edmites de la Econom\u00eda Potosina\"}]},{\"@type\":\"WebSite\",\"@id\":\"https:\/\/sanluisinforma.com\/#website\",\"url\":\"https:\/\/sanluisinforma.com\/\",\"name\":\"sanluisinforma.com\",\"description\":\"Periodico San Luis Informa\",\"publisher\":{\"@id\":\"https:\/\/sanluisinforma.com\/#organization\"},\"potentialAction\":[{\"@type\":\"SearchAction\",\"target\":{\"@type\":\"EntryPoint\",\"urlTemplate\":\"https:\/\/sanluisinforma.com\/?s={search_term_string}\"},\"query-input\":{\"@type\":\"PropertyValueSpecification\",\"valueRequired\":true,\"valueName\":\"search_term_string\"}}],\"inLanguage\":\"es\"},{\"@type\":\"Organization\",\"@id\":\"https:\/\/sanluisinforma.com\/#organization\",\"name\":\"sanluisinforma.com\",\"url\":\"https:\/\/sanluisinforma.com\/\",\"logo\":{\"@type\":\"ImageObject\",\"inLanguage\":\"es\",\"@id\":\"https:\/\/sanluisinforma.com\/#\/schema\/logo\/image\/\",\"url\":\"https:\/\/sanluisinforma.com\/wp-content\/uploads\/2026\/03\/sanluisinforma-V.jpg\",\"contentUrl\":\"https:\/\/sanluisinforma.com\/wp-content\/uploads\/2026\/03\/sanluisinforma-V.jpg\",\"width\":500,\"height\":156,\"caption\":\"sanluisinforma.com\"},\"image\":{\"@id\":\"https:\/\/sanluisinforma.com\/#\/schema\/logo\/image\/\"}},{\"@type\":\"Person\",\"@id\":\"https:\/\/sanluisinforma.com\/#\/schema\/person\/c30648f71476be533b6f59d092905c8b\",\"name\":\"sanluisinforma.com\",\"image\":{\"@type\":\"ImageObject\",\"inLanguage\":\"es\",\"@id\":\"https:\/\/sanluisinforma.com\/#\/schema\/person\/image\/\",\"url\":\"https:\/\/secure.gravatar.com\/avatar\/86e3114e34a1eecefb963e0a02f0093f93b092dddb2fe1517596343751081a87?s=96&d=mm&r=g\",\"contentUrl\":\"https:\/\/secure.gravatar.com\/avatar\/86e3114e34a1eecefb963e0a02f0093f93b092dddb2fe1517596343751081a87?s=96&d=mm&r=g\",\"caption\":\"sanluisinforma.com\"},\"url\":\"https:\/\/sanluisinforma.com\/?author=2\"}]}<\/script>\n<!-- \/ Yoast SEO plugin. -->","yoast_head_json":{"title":"INEGI Avala crecimiento sin l\u00edmites de la Econom\u00eda Potosina - sanluisinforma.com","robots":{"index":"index","follow":"follow","max-snippet":"max-snippet:-1","max-image-preview":"max-image-preview:large","max-video-preview":"max-video-preview:-1"},"canonical":"https:\/\/sanluisinforma.com\/?p=12044","og_locale":"es_MX","og_type":"article","og_title":"INEGI Avala crecimiento sin l\u00edmites de la Econom\u00eda Potosina - sanluisinforma.com","og_description":"* Actividades primarias y terciarias con variaci\u00f3n anual positiva, durante el cuarto trimestre del 2024. Sin l\u00edmites, el crecimiento de","og_url":"https:\/\/sanluisinforma.com\/?p=12044","og_site_name":"sanluisinforma.com","article_published_time":"2025-05-01T06:55:00+00:00","article_modified_time":"2025-05-01T05:13:18+00:00","og_image":[{"width":400,"height":266,"url":"https:\/\/sanluisinforma.com\/wp-content\/uploads\/2025\/05\/b7a3e018-3bab-4022-94ce-dd6c65f6f910.jpg","type":"image\/jpeg"}],"author":"sanluisinforma.com","twitter_card":"summary_large_image","twitter_misc":{"Escrito por":"sanluisinforma.com","Tiempo de lectura":"2 minutos"},"schema":{"@context":"https:\/\/schema.org","@graph":[{"@type":"Article","@id":"https:\/\/sanluisinforma.com\/?p=12044#article","isPartOf":{"@id":"https:\/\/sanluisinforma.com\/?p=12044"},"author":{"name":"sanluisinforma.com","@id":"https:\/\/sanluisinforma.com\/#\/schema\/person\/c30648f71476be533b6f59d092905c8b"},"headline":"INEGI Avala crecimiento sin l\u00edmites de la Econom\u00eda Potosina","datePublished":"2025-05-01T06:55:00+00:00","dateModified":"2025-05-01T05:13:18+00:00","mainEntityOfPage":{"@id":"https:\/\/sanluisinforma.com\/?p=12044"},"wordCount":254,"publisher":{"@id":"https:\/\/sanluisinforma.com\/#organization"},"image":{"@id":"https:\/\/sanluisinforma.com\/?p=12044#primaryimage"},"thumbnailUrl":"https:\/\/sanluisinforma.com\/wp-content\/uploads\/2025\/05\/b7a3e018-3bab-4022-94ce-dd6c65f6f910.jpg","articleSection":["Local","Portada"],"inLanguage":"es"},{"@type":"WebPage","@id":"https:\/\/sanluisinforma.com\/?p=12044","url":"https:\/\/sanluisinforma.com\/?p=12044","name":"INEGI Avala crecimiento sin l\u00edmites de la Econom\u00eda Potosina - sanluisinforma.com","isPartOf":{"@id":"https:\/\/sanluisinforma.com\/#website"},"primaryImageOfPage":{"@id":"https:\/\/sanluisinforma.com\/?p=12044#primaryimage"},"image":{"@id":"https:\/\/sanluisinforma.com\/?p=12044#primaryimage"},"thumbnailUrl":"https:\/\/sanluisinforma.com\/wp-content\/uploads\/2025\/05\/b7a3e018-3bab-4022-94ce-dd6c65f6f910.jpg","datePublished":"2025-05-01T06:55:00+00:00","dateModified":"2025-05-01T05:13:18+00:00","breadcrumb":{"@id":"https:\/\/sanluisinforma.com\/?p=12044#breadcrumb"},"inLanguage":"es","potentialAction":[{"@type":"ReadAction","target":["https:\/\/sanluisinforma.com\/?p=12044"]}]},{"@type":"ImageObject","inLanguage":"es","@id":"https:\/\/sanluisinforma.com\/?p=12044#primaryimage","url":"https:\/\/sanluisinforma.com\/wp-content\/uploads\/2025\/05\/b7a3e018-3bab-4022-94ce-dd6c65f6f910.jpg","contentUrl":"https:\/\/sanluisinforma.com\/wp-content\/uploads\/2025\/05\/b7a3e018-3bab-4022-94ce-dd6c65f6f910.jpg","width":400,"height":266},{"@type":"BreadcrumbList","@id":"https:\/\/sanluisinforma.com\/?p=12044#breadcrumb","itemListElement":[{"@type":"ListItem","position":1,"name":"Inicio","item":"https:\/\/sanluisinforma.com\/"},{"@type":"ListItem","position":2,"name":"INEGI Avala crecimiento sin l\u00edmites de la Econom\u00eda Potosina"}]},{"@type":"WebSite","@id":"https:\/\/sanluisinforma.com\/#website","url":"https:\/\/sanluisinforma.com\/","name":"sanluisinforma.com","description":"Periodico San Luis Informa","publisher":{"@id":"https:\/\/sanluisinforma.com\/#organization"},"potentialAction":[{"@type":"SearchAction","target":{"@type":"EntryPoint","urlTemplate":"https:\/\/sanluisinforma.com\/?s={search_term_string}"},"query-input":{"@type":"PropertyValueSpecification","valueRequired":true,"valueName":"search_term_string"}}],"inLanguage":"es"},{"@type":"Organization","@id":"https:\/\/sanluisinforma.com\/#organization","name":"sanluisinforma.com","url":"https:\/\/sanluisinforma.com\/","logo":{"@type":"ImageObject","inLanguage":"es","@id":"https:\/\/sanluisinforma.com\/#\/schema\/logo\/image\/","url":"https:\/\/sanluisinforma.com\/wp-content\/uploads\/2026\/03\/sanluisinforma-V.jpg","contentUrl":"https:\/\/sanluisinforma.com\/wp-content\/uploads\/2026\/03\/sanluisinforma-V.jpg","width":500,"height":156,"caption":"sanluisinforma.com"},"image":{"@id":"https:\/\/sanluisinforma.com\/#\/schema\/logo\/image\/"}},{"@type":"Person","@id":"https:\/\/sanluisinforma.com\/#\/schema\/person\/c30648f71476be533b6f59d092905c8b","name":"sanluisinforma.com","image":{"@type":"ImageObject","inLanguage":"es","@id":"https:\/\/sanluisinforma.com\/#\/schema\/person\/image\/","url":"https:\/\/secure.gravatar.com\/avatar\/86e3114e34a1eecefb963e0a02f0093f93b092dddb2fe1517596343751081a87?s=96&d=mm&r=g","contentUrl":"https:\/\/secure.gravatar.com\/avatar\/86e3114e34a1eecefb963e0a02f0093f93b092dddb2fe1517596343751081a87?s=96&d=mm&r=g","caption":"sanluisinforma.com"},"url":"https:\/\/sanluisinforma.com\/?author=2"}]}},"_links":{"self":[{"href":"https:\/\/sanluisinforma.com\/index.php?rest_route=\/wp\/v2\/posts\/12044","targetHints":{"allow":["GET"]}}],"collection":[{"href":"https:\/\/sanluisinforma.com\/index.php?rest_route=\/wp\/v2\/posts"}],"about":[{"href":"https:\/\/sanluisinforma.com\/index.php?rest_route=\/wp\/v2\/types\/post"}],"author":[{"embeddable":true,"href":"https:\/\/sanluisinforma.com\/index.php?rest_route=\/wp\/v2\/users\/2"}],"replies":[{"embeddable":true,"href":"https:\/\/sanluisinforma.com\/index.php?rest_route=%2Fwp%2Fv2%2Fcomments&post=12044"}],"version-history":[{"count":1,"href":"https:\/\/sanluisinforma.com\/index.php?rest_route=\/wp\/v2\/posts\/12044\/revisions"}],"predecessor-version":[{"id":12046,"href":"https:\/\/sanluisinforma.com\/index.php?rest_route=\/wp\/v2\/posts\/12044\/revisions\/12046"}],"wp:featuredmedia":[{"embeddable":true,"href":"https:\/\/sanluisinforma.com\/index.php?rest_route=\/wp\/v2\/media\/12051"}],"wp:attachment":[{"href":"https:\/\/sanluisinforma.com\/index.php?rest_route=%2Fwp%2Fv2%2Fmedia&parent=12044"}],"wp:term":[{"taxonomy":"category","embeddable":true,"href":"https:\/\/sanluisinforma.com\/index.php?rest_route=%2Fwp%2Fv2%2Fcategories&post=12044"},{"taxonomy":"post_tag","embeddable":true,"href":"https:\/\/sanluisinforma.com\/index.php?rest_route=%2Fwp%2Fv2%2Ftags&post=12044"}],"curies":[{"name":"wp","href":"https:\/\/api.w.org\/{rel}","templated":true}]}}