{"id":12062,"date":"2025-05-02T00:45:00","date_gmt":"2025-05-02T06:45:00","guid":{"rendered":"https:\/\/sanluisinforma.com\/?p=12062"},"modified":"2025-05-01T22:30:56","modified_gmt":"2025-05-02T04:30:56","slug":"dan-mantenimiento-integral-al-parque-de-morales-para-preservar-uno-de-los-pulmones-de-la-ciudad","status":"publish","type":"post","link":"https:\/\/sanluisinforma.com\/?p=12062","title":{"rendered":"Dan mantenimiento integral al Parque de Morales para preservar uno de los pulmones de la ciudad"},"content":{"rendered":"\n<ul class=\"wp-block-list\">\n<li>Coordinaciones de Parques y Jardines e Imagen Urbana realizan trabajos de pintura y riego con agua no potable para conservar este emblem\u00e1tico espacio p\u00fablico en condiciones \u00f3ptimas.<\/li>\n<\/ul>\n\n\n\n<p><\/p>\n\n\n\n<p>El Gobierno de la Capital, a trav\u00e9s de la Direcci\u00f3n de Servicios Municipales, realiza labores de mantenimiento en el Parque de Morales con el objetivo de conservar en buenas condiciones uno de los espacios m\u00e1s representativos y concurridos de la ciudad.<\/p>\n\n\n\n<p>Las acciones incluyen la pintura de bancas y el riego de las \u00e1reas naturales, utilizando agua no potable como una medida responsable para el uso eficiente de los recursos. Estos trabajos se llevan a cabo en conjunto por las coordinaciones de Imagen Urbana y de Parques y Jardines.<\/p>\n\n\n\n<p>Con estas intervenciones, el Ayuntamiento reafirma su compromiso con el cuidado del espacio p\u00fablico y la mejora constante de los sitios de esparcimiento familiar, aportando a la construcci\u00f3n de un entorno urbano digno, funcional y sostenible.<\/p>\n","protected":false},"excerpt":{"rendered":"<p>El Gobierno de la Capital, a trav\u00e9s de la Direcci\u00f3n de Servicios Municipales, realiza labores de mantenimiento en el Parque<\/p>\n","protected":false},"author":2,"featured_media":12063,"comment_status":"closed","ping_status":"closed","sticky":false,"template":"","format":"standard","meta":{"footnotes":""},"categories":[25,30],"tags":[],"class_list":["post-12062","post","type-post","status-publish","format-standard","has-post-thumbnail","hentry","category-local","category-portada"],"yoast_head":"<!-- This site is optimized with the Yoast SEO plugin v24.1 - https:\/\/yoast.com\/wordpress\/plugins\/seo\/ -->\n<title>Dan mantenimiento integral al Parque de Morales para preservar uno de los pulmones de la ciudad - sanluisinforma.com<\/title>\n<meta name=\"robots\" content=\"index, follow, max-snippet:-1, max-image-preview:large, max-video-preview:-1\" \/>\n<link rel=\"canonical\" href=\"https:\/\/sanluisinforma.com\/?p=12062\" \/>\n<meta property=\"og:locale\" content=\"es_MX\" \/>\n<meta property=\"og:type\" content=\"article\" \/>\n<meta property=\"og:title\" content=\"Dan mantenimiento integral al Parque de Morales para preservar uno de los pulmones de la ciudad - sanluisinforma.com\" \/>\n<meta property=\"og:description\" content=\"El Gobierno de la Capital, a trav\u00e9s de la Direcci\u00f3n de Servicios Municipales, realiza labores de mantenimiento en el Parque\" \/>\n<meta property=\"og:url\" content=\"https:\/\/sanluisinforma.com\/?p=12062\" \/>\n<meta property=\"og:site_name\" content=\"sanluisinforma.com\" \/>\n<meta property=\"article:published_time\" content=\"2025-05-02T06:45:00+00:00\" \/>\n<meta property=\"article:modified_time\" content=\"2025-05-02T04:30:56+00:00\" \/>\n<meta property=\"og:image\" content=\"https:\/\/sanluisinforma.com\/wp-content\/uploads\/2025\/05\/7b7e5fe1-49dc-403c-8301-c0805f83128f.jpg\" \/>\n\t<meta property=\"og:image:width\" content=\"400\" \/>\n\t<meta property=\"og:image:height\" content=\"266\" \/>\n\t<meta property=\"og:image:type\" content=\"image\/jpeg\" \/>\n<meta name=\"author\" content=\"sanluisinforma.com\" \/>\n<meta name=\"twitter:card\" content=\"summary_large_image\" \/>\n<meta name=\"twitter:label1\" content=\"Escrito por\" \/>\n\t<meta name=\"twitter:data1\" content=\"sanluisinforma.com\" \/>\n\t<meta name=\"twitter:label2\" content=\"Tiempo de lectura\" \/>\n\t<meta name=\"twitter:data2\" content=\"1 minuto\" \/>\n<script type=\"application\/ld+json\" class=\"yoast-schema-graph\">{\"@context\":\"https:\/\/schema.org\",\"@graph\":[{\"@type\":\"Article\",\"@id\":\"https:\/\/sanluisinforma.com\/?p=12062#article\",\"isPartOf\":{\"@id\":\"https:\/\/sanluisinforma.com\/?p=12062\"},\"author\":{\"name\":\"sanluisinforma.com\",\"@id\":\"https:\/\/sanluisinforma.com\/#\/schema\/person\/c30648f71476be533b6f59d092905c8b\"},\"headline\":\"Dan mantenimiento integral al Parque de Morales para preservar uno de los pulmones de la ciudad\",\"datePublished\":\"2025-05-02T06:45:00+00:00\",\"dateModified\":\"2025-05-02T04:30:56+00:00\",\"mainEntityOfPage\":{\"@id\":\"https:\/\/sanluisinforma.com\/?p=12062\"},\"wordCount\":175,\"publisher\":{\"@id\":\"https:\/\/sanluisinforma.com\/#organization\"},\"image\":{\"@id\":\"https:\/\/sanluisinforma.com\/?p=12062#primaryimage\"},\"thumbnailUrl\":\"https:\/\/sanluisinforma.com\/wp-content\/uploads\/2025\/05\/7b7e5fe1-49dc-403c-8301-c0805f83128f.jpg\",\"articleSection\":[\"Local\",\"Portada\"],\"inLanguage\":\"es\"},{\"@type\":\"WebPage\",\"@id\":\"https:\/\/sanluisinforma.com\/?p=12062\",\"url\":\"https:\/\/sanluisinforma.com\/?p=12062\",\"name\":\"Dan mantenimiento integral al Parque de Morales para preservar uno de los pulmones de la ciudad - sanluisinforma.com\",\"isPartOf\":{\"@id\":\"https:\/\/sanluisinforma.com\/#website\"},\"primaryImageOfPage\":{\"@id\":\"https:\/\/sanluisinforma.com\/?p=12062#primaryimage\"},\"image\":{\"@id\":\"https:\/\/sanluisinforma.com\/?p=12062#primaryimage\"},\"thumbnailUrl\":\"https:\/\/sanluisinforma.com\/wp-content\/uploads\/2025\/05\/7b7e5fe1-49dc-403c-8301-c0805f83128f.jpg\",\"datePublished\":\"2025-05-02T06:45:00+00:00\",\"dateModified\":\"2025-05-02T04:30:56+00:00\",\"breadcrumb\":{\"@id\":\"https:\/\/sanluisinforma.com\/?p=12062#breadcrumb\"},\"inLanguage\":\"es\",\"potentialAction\":[{\"@type\":\"ReadAction\",\"target\":[\"https:\/\/sanluisinforma.com\/?p=12062\"]}]},{\"@type\":\"ImageObject\",\"inLanguage\":\"es\",\"@id\":\"https:\/\/sanluisinforma.com\/?p=12062#primaryimage\",\"url\":\"https:\/\/sanluisinforma.com\/wp-content\/uploads\/2025\/05\/7b7e5fe1-49dc-403c-8301-c0805f83128f.jpg\",\"contentUrl\":\"https:\/\/sanluisinforma.com\/wp-content\/uploads\/2025\/05\/7b7e5fe1-49dc-403c-8301-c0805f83128f.jpg\",\"width\":400,\"height\":266},{\"@type\":\"BreadcrumbList\",\"@id\":\"https:\/\/sanluisinforma.com\/?p=12062#breadcrumb\",\"itemListElement\":[{\"@type\":\"ListItem\",\"position\":1,\"name\":\"Inicio\",\"item\":\"https:\/\/sanluisinforma.com\/\"},{\"@type\":\"ListItem\",\"position\":2,\"name\":\"Dan mantenimiento integral al Parque de Morales para preservar uno de los pulmones de la ciudad\"}]},{\"@type\":\"WebSite\",\"@id\":\"https:\/\/sanluisinforma.com\/#website\",\"url\":\"https:\/\/sanluisinforma.com\/\",\"name\":\"sanluisinforma.com\",\"description\":\"Periodico San Luis Informa\",\"publisher\":{\"@id\":\"https:\/\/sanluisinforma.com\/#organization\"},\"potentialAction\":[{\"@type\":\"SearchAction\",\"target\":{\"@type\":\"EntryPoint\",\"urlTemplate\":\"https:\/\/sanluisinforma.com\/?s={search_term_string}\"},\"query-input\":{\"@type\":\"PropertyValueSpecification\",\"valueRequired\":true,\"valueName\":\"search_term_string\"}}],\"inLanguage\":\"es\"},{\"@type\":\"Organization\",\"@id\":\"https:\/\/sanluisinforma.com\/#organization\",\"name\":\"sanluisinforma.com\",\"url\":\"https:\/\/sanluisinforma.com\/\",\"logo\":{\"@type\":\"ImageObject\",\"inLanguage\":\"es\",\"@id\":\"https:\/\/sanluisinforma.com\/#\/schema\/logo\/image\/\",\"url\":\"https:\/\/sanluisinforma.com\/wp-content\/uploads\/2026\/03\/sanluisinforma-V.jpg\",\"contentUrl\":\"https:\/\/sanluisinforma.com\/wp-content\/uploads\/2026\/03\/sanluisinforma-V.jpg\",\"width\":500,\"height\":156,\"caption\":\"sanluisinforma.com\"},\"image\":{\"@id\":\"https:\/\/sanluisinforma.com\/#\/schema\/logo\/image\/\"}},{\"@type\":\"Person\",\"@id\":\"https:\/\/sanluisinforma.com\/#\/schema\/person\/c30648f71476be533b6f59d092905c8b\",\"name\":\"sanluisinforma.com\",\"image\":{\"@type\":\"ImageObject\",\"inLanguage\":\"es\",\"@id\":\"https:\/\/sanluisinforma.com\/#\/schema\/person\/image\/\",\"url\":\"https:\/\/secure.gravatar.com\/avatar\/86e3114e34a1eecefb963e0a02f0093f93b092dddb2fe1517596343751081a87?s=96&d=mm&r=g\",\"contentUrl\":\"https:\/\/secure.gravatar.com\/avatar\/86e3114e34a1eecefb963e0a02f0093f93b092dddb2fe1517596343751081a87?s=96&d=mm&r=g\",\"caption\":\"sanluisinforma.com\"},\"url\":\"https:\/\/sanluisinforma.com\/?author=2\"}]}<\/script>\n<!-- \/ Yoast SEO plugin. -->","yoast_head_json":{"title":"Dan mantenimiento integral al Parque de Morales para preservar uno de los pulmones de la ciudad - sanluisinforma.com","robots":{"index":"index","follow":"follow","max-snippet":"max-snippet:-1","max-image-preview":"max-image-preview:large","max-video-preview":"max-video-preview:-1"},"canonical":"https:\/\/sanluisinforma.com\/?p=12062","og_locale":"es_MX","og_type":"article","og_title":"Dan mantenimiento integral al Parque de Morales para preservar uno de los pulmones de la ciudad - sanluisinforma.com","og_description":"El Gobierno de la Capital, a trav\u00e9s de la Direcci\u00f3n de Servicios Municipales, realiza labores de mantenimiento en el Parque","og_url":"https:\/\/sanluisinforma.com\/?p=12062","og_site_name":"sanluisinforma.com","article_published_time":"2025-05-02T06:45:00+00:00","article_modified_time":"2025-05-02T04:30:56+00:00","og_image":[{"width":400,"height":266,"url":"https:\/\/sanluisinforma.com\/wp-content\/uploads\/2025\/05\/7b7e5fe1-49dc-403c-8301-c0805f83128f.jpg","type":"image\/jpeg"}],"author":"sanluisinforma.com","twitter_card":"summary_large_image","twitter_misc":{"Escrito por":"sanluisinforma.com","Tiempo de lectura":"1 minuto"},"schema":{"@context":"https:\/\/schema.org","@graph":[{"@type":"Article","@id":"https:\/\/sanluisinforma.com\/?p=12062#article","isPartOf":{"@id":"https:\/\/sanluisinforma.com\/?p=12062"},"author":{"name":"sanluisinforma.com","@id":"https:\/\/sanluisinforma.com\/#\/schema\/person\/c30648f71476be533b6f59d092905c8b"},"headline":"Dan mantenimiento integral al Parque de Morales para preservar uno de los pulmones de la ciudad","datePublished":"2025-05-02T06:45:00+00:00","dateModified":"2025-05-02T04:30:56+00:00","mainEntityOfPage":{"@id":"https:\/\/sanluisinforma.com\/?p=12062"},"wordCount":175,"publisher":{"@id":"https:\/\/sanluisinforma.com\/#organization"},"image":{"@id":"https:\/\/sanluisinforma.com\/?p=12062#primaryimage"},"thumbnailUrl":"https:\/\/sanluisinforma.com\/wp-content\/uploads\/2025\/05\/7b7e5fe1-49dc-403c-8301-c0805f83128f.jpg","articleSection":["Local","Portada"],"inLanguage":"es"},{"@type":"WebPage","@id":"https:\/\/sanluisinforma.com\/?p=12062","url":"https:\/\/sanluisinforma.com\/?p=12062","name":"Dan mantenimiento integral al Parque de Morales para preservar uno de los pulmones de la ciudad - sanluisinforma.com","isPartOf":{"@id":"https:\/\/sanluisinforma.com\/#website"},"primaryImageOfPage":{"@id":"https:\/\/sanluisinforma.com\/?p=12062#primaryimage"},"image":{"@id":"https:\/\/sanluisinforma.com\/?p=12062#primaryimage"},"thumbnailUrl":"https:\/\/sanluisinforma.com\/wp-content\/uploads\/2025\/05\/7b7e5fe1-49dc-403c-8301-c0805f83128f.jpg","datePublished":"2025-05-02T06:45:00+00:00","dateModified":"2025-05-02T04:30:56+00:00","breadcrumb":{"@id":"https:\/\/sanluisinforma.com\/?p=12062#breadcrumb"},"inLanguage":"es","potentialAction":[{"@type":"ReadAction","target":["https:\/\/sanluisinforma.com\/?p=12062"]}]},{"@type":"ImageObject","inLanguage":"es","@id":"https:\/\/sanluisinforma.com\/?p=12062#primaryimage","url":"https:\/\/sanluisinforma.com\/wp-content\/uploads\/2025\/05\/7b7e5fe1-49dc-403c-8301-c0805f83128f.jpg","contentUrl":"https:\/\/sanluisinforma.com\/wp-content\/uploads\/2025\/05\/7b7e5fe1-49dc-403c-8301-c0805f83128f.jpg","width":400,"height":266},{"@type":"BreadcrumbList","@id":"https:\/\/sanluisinforma.com\/?p=12062#breadcrumb","itemListElement":[{"@type":"ListItem","position":1,"name":"Inicio","item":"https:\/\/sanluisinforma.com\/"},{"@type":"ListItem","position":2,"name":"Dan mantenimiento integral al Parque de Morales para preservar uno de los pulmones de la ciudad"}]},{"@type":"WebSite","@id":"https:\/\/sanluisinforma.com\/#website","url":"https:\/\/sanluisinforma.com\/","name":"sanluisinforma.com","description":"Periodico San Luis Informa","publisher":{"@id":"https:\/\/sanluisinforma.com\/#organization"},"potentialAction":[{"@type":"SearchAction","target":{"@type":"EntryPoint","urlTemplate":"https:\/\/sanluisinforma.com\/?s={search_term_string}"},"query-input":{"@type":"PropertyValueSpecification","valueRequired":true,"valueName":"search_term_string"}}],"inLanguage":"es"},{"@type":"Organization","@id":"https:\/\/sanluisinforma.com\/#organization","name":"sanluisinforma.com","url":"https:\/\/sanluisinforma.com\/","logo":{"@type":"ImageObject","inLanguage":"es","@id":"https:\/\/sanluisinforma.com\/#\/schema\/logo\/image\/","url":"https:\/\/sanluisinforma.com\/wp-content\/uploads\/2026\/03\/sanluisinforma-V.jpg","contentUrl":"https:\/\/sanluisinforma.com\/wp-content\/uploads\/2026\/03\/sanluisinforma-V.jpg","width":500,"height":156,"caption":"sanluisinforma.com"},"image":{"@id":"https:\/\/sanluisinforma.com\/#\/schema\/logo\/image\/"}},{"@type":"Person","@id":"https:\/\/sanluisinforma.com\/#\/schema\/person\/c30648f71476be533b6f59d092905c8b","name":"sanluisinforma.com","image":{"@type":"ImageObject","inLanguage":"es","@id":"https:\/\/sanluisinforma.com\/#\/schema\/person\/image\/","url":"https:\/\/secure.gravatar.com\/avatar\/86e3114e34a1eecefb963e0a02f0093f93b092dddb2fe1517596343751081a87?s=96&d=mm&r=g","contentUrl":"https:\/\/secure.gravatar.com\/avatar\/86e3114e34a1eecefb963e0a02f0093f93b092dddb2fe1517596343751081a87?s=96&d=mm&r=g","caption":"sanluisinforma.com"},"url":"https:\/\/sanluisinforma.com\/?author=2"}]}},"_links":{"self":[{"href":"https:\/\/sanluisinforma.com\/index.php?rest_route=\/wp\/v2\/posts\/12062","targetHints":{"allow":["GET"]}}],"collection":[{"href":"https:\/\/sanluisinforma.com\/index.php?rest_route=\/wp\/v2\/posts"}],"about":[{"href":"https:\/\/sanluisinforma.com\/index.php?rest_route=\/wp\/v2\/types\/post"}],"author":[{"embeddable":true,"href":"https:\/\/sanluisinforma.com\/index.php?rest_route=\/wp\/v2\/users\/2"}],"replies":[{"embeddable":true,"href":"https:\/\/sanluisinforma.com\/index.php?rest_route=%2Fwp%2Fv2%2Fcomments&post=12062"}],"version-history":[{"count":1,"href":"https:\/\/sanluisinforma.com\/index.php?rest_route=\/wp\/v2\/posts\/12062\/revisions"}],"predecessor-version":[{"id":12064,"href":"https:\/\/sanluisinforma.com\/index.php?rest_route=\/wp\/v2\/posts\/12062\/revisions\/12064"}],"wp:featuredmedia":[{"embeddable":true,"href":"https:\/\/sanluisinforma.com\/index.php?rest_route=\/wp\/v2\/media\/12063"}],"wp:attachment":[{"href":"https:\/\/sanluisinforma.com\/index.php?rest_route=%2Fwp%2Fv2%2Fmedia&parent=12062"}],"wp:term":[{"taxonomy":"category","embeddable":true,"href":"https:\/\/sanluisinforma.com\/index.php?rest_route=%2Fwp%2Fv2%2Fcategories&post=12062"},{"taxonomy":"post_tag","embeddable":true,"href":"https:\/\/sanluisinforma.com\/index.php?rest_route=%2Fwp%2Fv2%2Ftags&post=12062"}],"curies":[{"name":"wp","href":"https:\/\/api.w.org\/{rel}","templated":true}]}}