{"id":12071,"date":"2025-05-02T00:40:00","date_gmt":"2025-05-02T06:40:00","guid":{"rendered":"https:\/\/sanluisinforma.com\/?p=12071"},"modified":"2025-05-01T22:31:10","modified_gmt":"2025-05-02T04:31:10","slug":"en-el-dia-del-trabajo-anuncia-claudia-sheinbaum-mes-de-dialogo-para-implementar-por-consenso-la-jornada-laboral-de-40-horas","status":"publish","type":"post","link":"https:\/\/sanluisinforma.com\/?p=12071","title":{"rendered":"En el d\u00eda del Trabajo, anuncia Claudia Sheinbaum mes de dialogo para implementar por consenso la Jornada Laboral\u00a0 de \u00a040 horas"},"content":{"rendered":"\n<p>\u201cSiempre es un buen momento para defender a las y los trabajadores de M\u00e9xico\u201d, afirm\u00f3<\/p>\n\n\n\n<p>*Record\u00f3 que la meta para final de sexenio es que el salario aumente de 1.8 a 2.5 canastas b\u00e1sicas<\/p>\n\n\n\n<p>En el marco de la conmemoraci\u00f3n del D\u00eda del Trabajo, la Presidenta Claudia Sheinbaum Pardo, inform\u00f3 que se abrir\u00e1n las mesas de trabajo para que por consenso, con las y los trabajadores, con el sector empresarial y los sindicatos, se implemente la jornada laboral a 40 horas a la semana.<\/p>\n\n\n\n<p>\u201cTodas estas grandes reformas que se han hecho en M\u00e9xico han sido por consenso, de los empleadores, las empleadoras, los trabajadores y sus representaciones y queremos que esta tambi\u00e9n sea una reforma por consenso. Por eso, el d\u00eda de hoy lo que abrimos son las mesas de trabajo para que nos sentemos con empresarios, los representantes sindicales, las y los trabajadores para ver c\u00f3mo vamos a conseguir esa jornada laboral\u201d, manifest\u00f3 en su discurso durante la conmemoraci\u00f3n del D\u00eda del Trabajo.<\/p>\n\n\n\n<p>Asegur\u00f3 que \u201csiempre es un buen momento para defender a las y los trabajadores de M\u00e9xico\u201d, pero destac\u00f3 su inter\u00e9s en que estas decisiones, como sucedi\u00f3 con el aumento al salario m\u00ednimo y dem\u00e1s reformas laborales, se implementen con el consenso de todas las partes involucradas.<\/p>\n\n\n\n<p>Record\u00f3 que al igual que en las dem\u00e1s transformaciones de M\u00e9xico, el Humanismo Mexicano tiene como base la justicia social, y ello tambi\u00e9n quiere decir justicia laboral con el aumento del salario m\u00ednimo, las reformas para obtener una pensi\u00f3n digna, garantizar salario igual para trabajo igual en beneficio de las mujeres, la desaparici\u00f3n del outsourcing y Programas para el Bienestar como J\u00f3venes Construyendo el Futuro.<\/p>\n\n\n\n<p>\u201cDice la OIT (Organizaci\u00f3n Internacional del Trabajo) y otras organizaciones internacionales que no se ha visto en ning\u00fan lugar del mundo los avances laborales que se han visto en M\u00e9xico los \u00faltimos a\u00f1os\u201d, destac\u00f3.<\/p>\n\n\n\n<p>Resalt\u00f3 que todos estos avances son resultado de haber cambiado el modelo econ\u00f3mico del pa\u00eds, a trav\u00e9s del cual se rompieron creencias falsas del neoliberalismo que establec\u00edan que el aumento al salario m\u00ednimo traer\u00eda inflaci\u00f3n y alejar\u00eda las inversiones, cuando actualmente se aument\u00f3 a m\u00e1s del doble el salario m\u00ednimo y los \u00edndices de inflaci\u00f3n son m\u00ednimos, el a\u00f1o pasado hubo r\u00e9cord en inversi\u00f3n extranjera y este a\u00f1o se alcanz\u00f3 el nivel m\u00e1s alto de empleo formal.<\/p>\n\n\n\n<p>Record\u00f3 que una de las metas del Segundo Piso de la Cuarta Transformaci\u00f3n es continuar con el aumento del salario m\u00ednimo, que actualmente alcanza para 1.8 canastas b\u00e1sicas y la meta es que alcance para 2.5 canastas b\u00e1sicas.<\/p>\n","protected":false},"excerpt":{"rendered":"<p>\u201cSiempre es un buen momento para defender a las y los trabajadores de M\u00e9xico\u201d, afirm\u00f3 *Record\u00f3 que la meta para<\/p>\n","protected":false},"author":2,"featured_media":12072,"comment_status":"closed","ping_status":"closed","sticky":false,"template":"","format":"standard","meta":{"footnotes":""},"categories":[26],"tags":[],"class_list":["post-12071","post","type-post","status-publish","format-standard","has-post-thumbnail","hentry","category-nacional"],"yoast_head":"<!-- This site is optimized with the Yoast SEO plugin v24.1 - https:\/\/yoast.com\/wordpress\/plugins\/seo\/ -->\n<title>En el d\u00eda del Trabajo, anuncia Claudia Sheinbaum mes de dialogo para implementar por consenso la Jornada Laboral\u00a0 de \u00a040 horas - sanluisinforma.com<\/title>\n<meta name=\"robots\" content=\"index, follow, max-snippet:-1, max-image-preview:large, max-video-preview:-1\" \/>\n<link rel=\"canonical\" href=\"https:\/\/sanluisinforma.com\/?p=12071\" \/>\n<meta property=\"og:locale\" content=\"es_MX\" \/>\n<meta property=\"og:type\" content=\"article\" \/>\n<meta property=\"og:title\" content=\"En el d\u00eda del Trabajo, anuncia Claudia Sheinbaum mes de dialogo para implementar por consenso la Jornada Laboral\u00a0 de \u00a040 horas - sanluisinforma.com\" \/>\n<meta property=\"og:description\" content=\"\u201cSiempre es un buen momento para defender a las y los trabajadores de M\u00e9xico\u201d, afirm\u00f3 *Record\u00f3 que la meta para\" \/>\n<meta property=\"og:url\" content=\"https:\/\/sanluisinforma.com\/?p=12071\" \/>\n<meta property=\"og:site_name\" content=\"sanluisinforma.com\" \/>\n<meta property=\"article:published_time\" content=\"2025-05-02T06:40:00+00:00\" \/>\n<meta property=\"article:modified_time\" content=\"2025-05-02T04:31:10+00:00\" \/>\n<meta property=\"og:image\" content=\"https:\/\/sanluisinforma.com\/wp-content\/uploads\/2025\/05\/7e6ae658-b03b-45fc-aaa7-5de81a61610d.jpg\" \/>\n\t<meta property=\"og:image:width\" content=\"2560\" \/>\n\t<meta property=\"og:image:height\" content=\"1706\" \/>\n\t<meta property=\"og:image:type\" content=\"image\/jpeg\" \/>\n<meta name=\"author\" content=\"sanluisinforma.com\" \/>\n<meta name=\"twitter:card\" content=\"summary_large_image\" \/>\n<meta name=\"twitter:label1\" content=\"Escrito por\" \/>\n\t<meta name=\"twitter:data1\" content=\"sanluisinforma.com\" \/>\n\t<meta name=\"twitter:label2\" content=\"Tiempo de lectura\" \/>\n\t<meta name=\"twitter:data2\" content=\"3 minutos\" \/>\n<script type=\"application\/ld+json\" class=\"yoast-schema-graph\">{\"@context\":\"https:\/\/schema.org\",\"@graph\":[{\"@type\":\"Article\",\"@id\":\"https:\/\/sanluisinforma.com\/?p=12071#article\",\"isPartOf\":{\"@id\":\"https:\/\/sanluisinforma.com\/?p=12071\"},\"author\":{\"name\":\"sanluisinforma.com\",\"@id\":\"https:\/\/sanluisinforma.com\/#\/schema\/person\/c30648f71476be533b6f59d092905c8b\"},\"headline\":\"En el d\u00eda del Trabajo, anuncia Claudia Sheinbaum mes de dialogo para implementar por consenso la Jornada Laboral\u00a0 de \u00a040 horas\",\"datePublished\":\"2025-05-02T06:40:00+00:00\",\"dateModified\":\"2025-05-02T04:31:10+00:00\",\"mainEntityOfPage\":{\"@id\":\"https:\/\/sanluisinforma.com\/?p=12071\"},\"wordCount\":488,\"publisher\":{\"@id\":\"https:\/\/sanluisinforma.com\/#organization\"},\"image\":{\"@id\":\"https:\/\/sanluisinforma.com\/?p=12071#primaryimage\"},\"thumbnailUrl\":\"https:\/\/sanluisinforma.com\/wp-content\/uploads\/2025\/05\/7e6ae658-b03b-45fc-aaa7-5de81a61610d.jpg\",\"articleSection\":[\"Nacional\"],\"inLanguage\":\"es\"},{\"@type\":\"WebPage\",\"@id\":\"https:\/\/sanluisinforma.com\/?p=12071\",\"url\":\"https:\/\/sanluisinforma.com\/?p=12071\",\"name\":\"En el d\u00eda del Trabajo, anuncia Claudia Sheinbaum mes de dialogo para implementar por consenso la Jornada Laboral\u00a0 de \u00a040 horas - sanluisinforma.com\",\"isPartOf\":{\"@id\":\"https:\/\/sanluisinforma.com\/#website\"},\"primaryImageOfPage\":{\"@id\":\"https:\/\/sanluisinforma.com\/?p=12071#primaryimage\"},\"image\":{\"@id\":\"https:\/\/sanluisinforma.com\/?p=12071#primaryimage\"},\"thumbnailUrl\":\"https:\/\/sanluisinforma.com\/wp-content\/uploads\/2025\/05\/7e6ae658-b03b-45fc-aaa7-5de81a61610d.jpg\",\"datePublished\":\"2025-05-02T06:40:00+00:00\",\"dateModified\":\"2025-05-02T04:31:10+00:00\",\"breadcrumb\":{\"@id\":\"https:\/\/sanluisinforma.com\/?p=12071#breadcrumb\"},\"inLanguage\":\"es\",\"potentialAction\":[{\"@type\":\"ReadAction\",\"target\":[\"https:\/\/sanluisinforma.com\/?p=12071\"]}]},{\"@type\":\"ImageObject\",\"inLanguage\":\"es\",\"@id\":\"https:\/\/sanluisinforma.com\/?p=12071#primaryimage\",\"url\":\"https:\/\/sanluisinforma.com\/wp-content\/uploads\/2025\/05\/7e6ae658-b03b-45fc-aaa7-5de81a61610d.jpg\",\"contentUrl\":\"https:\/\/sanluisinforma.com\/wp-content\/uploads\/2025\/05\/7e6ae658-b03b-45fc-aaa7-5de81a61610d.jpg\",\"width\":2560,\"height\":1706},{\"@type\":\"BreadcrumbList\",\"@id\":\"https:\/\/sanluisinforma.com\/?p=12071#breadcrumb\",\"itemListElement\":[{\"@type\":\"ListItem\",\"position\":1,\"name\":\"Inicio\",\"item\":\"https:\/\/sanluisinforma.com\/\"},{\"@type\":\"ListItem\",\"position\":2,\"name\":\"En el d\u00eda del Trabajo, anuncia Claudia Sheinbaum mes de dialogo para implementar por consenso la Jornada Laboral\u00a0 de \u00a040 horas\"}]},{\"@type\":\"WebSite\",\"@id\":\"https:\/\/sanluisinforma.com\/#website\",\"url\":\"https:\/\/sanluisinforma.com\/\",\"name\":\"sanluisinforma.com\",\"description\":\"Periodico San Luis Informa\",\"publisher\":{\"@id\":\"https:\/\/sanluisinforma.com\/#organization\"},\"potentialAction\":[{\"@type\":\"SearchAction\",\"target\":{\"@type\":\"EntryPoint\",\"urlTemplate\":\"https:\/\/sanluisinforma.com\/?s={search_term_string}\"},\"query-input\":{\"@type\":\"PropertyValueSpecification\",\"valueRequired\":true,\"valueName\":\"search_term_string\"}}],\"inLanguage\":\"es\"},{\"@type\":\"Organization\",\"@id\":\"https:\/\/sanluisinforma.com\/#organization\",\"name\":\"sanluisinforma.com\",\"url\":\"https:\/\/sanluisinforma.com\/\",\"logo\":{\"@type\":\"ImageObject\",\"inLanguage\":\"es\",\"@id\":\"https:\/\/sanluisinforma.com\/#\/schema\/logo\/image\/\",\"url\":\"https:\/\/sanluisinforma.com\/wp-content\/uploads\/2026\/03\/sanluisinforma-V.jpg\",\"contentUrl\":\"https:\/\/sanluisinforma.com\/wp-content\/uploads\/2026\/03\/sanluisinforma-V.jpg\",\"width\":500,\"height\":156,\"caption\":\"sanluisinforma.com\"},\"image\":{\"@id\":\"https:\/\/sanluisinforma.com\/#\/schema\/logo\/image\/\"}},{\"@type\":\"Person\",\"@id\":\"https:\/\/sanluisinforma.com\/#\/schema\/person\/c30648f71476be533b6f59d092905c8b\",\"name\":\"sanluisinforma.com\",\"image\":{\"@type\":\"ImageObject\",\"inLanguage\":\"es\",\"@id\":\"https:\/\/sanluisinforma.com\/#\/schema\/person\/image\/\",\"url\":\"https:\/\/secure.gravatar.com\/avatar\/86e3114e34a1eecefb963e0a02f0093f93b092dddb2fe1517596343751081a87?s=96&d=mm&r=g\",\"contentUrl\":\"https:\/\/secure.gravatar.com\/avatar\/86e3114e34a1eecefb963e0a02f0093f93b092dddb2fe1517596343751081a87?s=96&d=mm&r=g\",\"caption\":\"sanluisinforma.com\"},\"url\":\"https:\/\/sanluisinforma.com\/?author=2\"}]}<\/script>\n<!-- \/ Yoast SEO plugin. -->","yoast_head_json":{"title":"En el d\u00eda del Trabajo, anuncia Claudia Sheinbaum mes de dialogo para implementar por consenso la Jornada Laboral\u00a0 de \u00a040 horas - sanluisinforma.com","robots":{"index":"index","follow":"follow","max-snippet":"max-snippet:-1","max-image-preview":"max-image-preview:large","max-video-preview":"max-video-preview:-1"},"canonical":"https:\/\/sanluisinforma.com\/?p=12071","og_locale":"es_MX","og_type":"article","og_title":"En el d\u00eda del Trabajo, anuncia Claudia Sheinbaum mes de dialogo para implementar por consenso la Jornada Laboral\u00a0 de \u00a040 horas - sanluisinforma.com","og_description":"\u201cSiempre es un buen momento para defender a las y los trabajadores de M\u00e9xico\u201d, afirm\u00f3 *Record\u00f3 que la meta para","og_url":"https:\/\/sanluisinforma.com\/?p=12071","og_site_name":"sanluisinforma.com","article_published_time":"2025-05-02T06:40:00+00:00","article_modified_time":"2025-05-02T04:31:10+00:00","og_image":[{"width":2560,"height":1706,"url":"https:\/\/sanluisinforma.com\/wp-content\/uploads\/2025\/05\/7e6ae658-b03b-45fc-aaa7-5de81a61610d.jpg","type":"image\/jpeg"}],"author":"sanluisinforma.com","twitter_card":"summary_large_image","twitter_misc":{"Escrito por":"sanluisinforma.com","Tiempo de lectura":"3 minutos"},"schema":{"@context":"https:\/\/schema.org","@graph":[{"@type":"Article","@id":"https:\/\/sanluisinforma.com\/?p=12071#article","isPartOf":{"@id":"https:\/\/sanluisinforma.com\/?p=12071"},"author":{"name":"sanluisinforma.com","@id":"https:\/\/sanluisinforma.com\/#\/schema\/person\/c30648f71476be533b6f59d092905c8b"},"headline":"En el d\u00eda del Trabajo, anuncia Claudia Sheinbaum mes de dialogo para implementar por consenso la Jornada Laboral\u00a0 de \u00a040 horas","datePublished":"2025-05-02T06:40:00+00:00","dateModified":"2025-05-02T04:31:10+00:00","mainEntityOfPage":{"@id":"https:\/\/sanluisinforma.com\/?p=12071"},"wordCount":488,"publisher":{"@id":"https:\/\/sanluisinforma.com\/#organization"},"image":{"@id":"https:\/\/sanluisinforma.com\/?p=12071#primaryimage"},"thumbnailUrl":"https:\/\/sanluisinforma.com\/wp-content\/uploads\/2025\/05\/7e6ae658-b03b-45fc-aaa7-5de81a61610d.jpg","articleSection":["Nacional"],"inLanguage":"es"},{"@type":"WebPage","@id":"https:\/\/sanluisinforma.com\/?p=12071","url":"https:\/\/sanluisinforma.com\/?p=12071","name":"En el d\u00eda del Trabajo, anuncia Claudia Sheinbaum mes de dialogo para implementar por consenso la Jornada Laboral\u00a0 de \u00a040 horas - sanluisinforma.com","isPartOf":{"@id":"https:\/\/sanluisinforma.com\/#website"},"primaryImageOfPage":{"@id":"https:\/\/sanluisinforma.com\/?p=12071#primaryimage"},"image":{"@id":"https:\/\/sanluisinforma.com\/?p=12071#primaryimage"},"thumbnailUrl":"https:\/\/sanluisinforma.com\/wp-content\/uploads\/2025\/05\/7e6ae658-b03b-45fc-aaa7-5de81a61610d.jpg","datePublished":"2025-05-02T06:40:00+00:00","dateModified":"2025-05-02T04:31:10+00:00","breadcrumb":{"@id":"https:\/\/sanluisinforma.com\/?p=12071#breadcrumb"},"inLanguage":"es","potentialAction":[{"@type":"ReadAction","target":["https:\/\/sanluisinforma.com\/?p=12071"]}]},{"@type":"ImageObject","inLanguage":"es","@id":"https:\/\/sanluisinforma.com\/?p=12071#primaryimage","url":"https:\/\/sanluisinforma.com\/wp-content\/uploads\/2025\/05\/7e6ae658-b03b-45fc-aaa7-5de81a61610d.jpg","contentUrl":"https:\/\/sanluisinforma.com\/wp-content\/uploads\/2025\/05\/7e6ae658-b03b-45fc-aaa7-5de81a61610d.jpg","width":2560,"height":1706},{"@type":"BreadcrumbList","@id":"https:\/\/sanluisinforma.com\/?p=12071#breadcrumb","itemListElement":[{"@type":"ListItem","position":1,"name":"Inicio","item":"https:\/\/sanluisinforma.com\/"},{"@type":"ListItem","position":2,"name":"En el d\u00eda del Trabajo, anuncia Claudia Sheinbaum mes de dialogo para implementar por consenso la Jornada Laboral\u00a0 de \u00a040 horas"}]},{"@type":"WebSite","@id":"https:\/\/sanluisinforma.com\/#website","url":"https:\/\/sanluisinforma.com\/","name":"sanluisinforma.com","description":"Periodico San Luis Informa","publisher":{"@id":"https:\/\/sanluisinforma.com\/#organization"},"potentialAction":[{"@type":"SearchAction","target":{"@type":"EntryPoint","urlTemplate":"https:\/\/sanluisinforma.com\/?s={search_term_string}"},"query-input":{"@type":"PropertyValueSpecification","valueRequired":true,"valueName":"search_term_string"}}],"inLanguage":"es"},{"@type":"Organization","@id":"https:\/\/sanluisinforma.com\/#organization","name":"sanluisinforma.com","url":"https:\/\/sanluisinforma.com\/","logo":{"@type":"ImageObject","inLanguage":"es","@id":"https:\/\/sanluisinforma.com\/#\/schema\/logo\/image\/","url":"https:\/\/sanluisinforma.com\/wp-content\/uploads\/2026\/03\/sanluisinforma-V.jpg","contentUrl":"https:\/\/sanluisinforma.com\/wp-content\/uploads\/2026\/03\/sanluisinforma-V.jpg","width":500,"height":156,"caption":"sanluisinforma.com"},"image":{"@id":"https:\/\/sanluisinforma.com\/#\/schema\/logo\/image\/"}},{"@type":"Person","@id":"https:\/\/sanluisinforma.com\/#\/schema\/person\/c30648f71476be533b6f59d092905c8b","name":"sanluisinforma.com","image":{"@type":"ImageObject","inLanguage":"es","@id":"https:\/\/sanluisinforma.com\/#\/schema\/person\/image\/","url":"https:\/\/secure.gravatar.com\/avatar\/86e3114e34a1eecefb963e0a02f0093f93b092dddb2fe1517596343751081a87?s=96&d=mm&r=g","contentUrl":"https:\/\/secure.gravatar.com\/avatar\/86e3114e34a1eecefb963e0a02f0093f93b092dddb2fe1517596343751081a87?s=96&d=mm&r=g","caption":"sanluisinforma.com"},"url":"https:\/\/sanluisinforma.com\/?author=2"}]}},"_links":{"self":[{"href":"https:\/\/sanluisinforma.com\/index.php?rest_route=\/wp\/v2\/posts\/12071","targetHints":{"allow":["GET"]}}],"collection":[{"href":"https:\/\/sanluisinforma.com\/index.php?rest_route=\/wp\/v2\/posts"}],"about":[{"href":"https:\/\/sanluisinforma.com\/index.php?rest_route=\/wp\/v2\/types\/post"}],"author":[{"embeddable":true,"href":"https:\/\/sanluisinforma.com\/index.php?rest_route=\/wp\/v2\/users\/2"}],"replies":[{"embeddable":true,"href":"https:\/\/sanluisinforma.com\/index.php?rest_route=%2Fwp%2Fv2%2Fcomments&post=12071"}],"version-history":[{"count":1,"href":"https:\/\/sanluisinforma.com\/index.php?rest_route=\/wp\/v2\/posts\/12071\/revisions"}],"predecessor-version":[{"id":12073,"href":"https:\/\/sanluisinforma.com\/index.php?rest_route=\/wp\/v2\/posts\/12071\/revisions\/12073"}],"wp:featuredmedia":[{"embeddable":true,"href":"https:\/\/sanluisinforma.com\/index.php?rest_route=\/wp\/v2\/media\/12072"}],"wp:attachment":[{"href":"https:\/\/sanluisinforma.com\/index.php?rest_route=%2Fwp%2Fv2%2Fmedia&parent=12071"}],"wp:term":[{"taxonomy":"category","embeddable":true,"href":"https:\/\/sanluisinforma.com\/index.php?rest_route=%2Fwp%2Fv2%2Fcategories&post=12071"},{"taxonomy":"post_tag","embeddable":true,"href":"https:\/\/sanluisinforma.com\/index.php?rest_route=%2Fwp%2Fv2%2Ftags&post=12071"}],"curies":[{"name":"wp","href":"https:\/\/api.w.org\/{rel}","templated":true}]}}