{"id":1258,"date":"2022-05-03T09:24:20","date_gmt":"2022-05-03T14:24:20","guid":{"rendered":"https:\/\/sanluisinforma.com\/?p=66160"},"modified":"2022-05-03T09:24:20","modified_gmt":"2022-05-03T14:24:20","slug":"alcalde-enrique-galindo-celebra-la-realizacion-del-primer-foro-estatal-del-agua","status":"publish","type":"post","link":"https:\/\/sanluisinforma.com\/?p=1258","title":{"rendered":"Alcalde Enrique Galindo celebra la realizaci\u00f3n del Primer Foro Estatal del Agua"},"content":{"rendered":"\n<div class=\"wp-block-image\"><figure class=\"aligncenter size-full is-resized\"><a href=\"https:\/\/sanluisinforma.com\/wp-content\/uploads\/2022\/05\/galindo.jpg\"><img loading=\"lazy\" decoding=\"async\" src=\"https:\/\/sanluisinforma.com\/wp-content\/uploads\/2022\/05\/galindo.jpg\" alt=\"\" class=\"wp-image-66155\" width=\"637\" height=\"297\"\/><\/a><\/figure><\/div>\n\n\n\n<p><strong>Entre las distintas voces, el coloquio cuenta con la participaci\u00f3n de expertos en materia de agua, catedr\u00e1ticos y estudiantes de la UASLP<\/strong><\/p>\n\n\n\n<p><strong>El tema del agua debe ser observado desde la \u00f3ptica t\u00e9cnica y no politizarlo: Enrique Galindo<\/strong><\/p>\n\n\n\n<p>San Luis Potos\u00ed, SLP, 3 de mayo de 2022.- En la inauguraci\u00f3n del \u201cPrimer Foro Estatal del Agua\u201d, cuya misi\u00f3n es promover la concientizaci\u00f3n para detonar acciones para su conservaci\u00f3n y protecci\u00f3n, el alcalde de la capital, Enrique Galindo Ceballos, celebr\u00f3 la realizaci\u00f3n de espacios como ese para conocer todos los aspectos relativos al l\u00edquido, unificarse y proponer soluciones en una mesa de discusi\u00f3n con la participaci\u00f3n de distintas voces.<\/p>\n\n\n\n<p>El alcalde destac\u00f3 que para ello se convoc\u00f3 a expertos en la materia, para enriquecer el coloquio con sus aportaciones y ense\u00f1anzas: \u201cpara nosotros en el Ayuntamiento es una gran oportunidad, porque el tema del agua particularmente, adem\u00e1s de sensible, es un tema extremadamente t\u00e9cnico, que debe ser observado desde esa \u00f3ptica, quit\u00e1ndole la parte de politizaci\u00f3n que pudiera presentarse\u201d.<\/p>\n\n\n\n<p>El mandatario municipal detall\u00f3 que el foro se vuelve una herramienta extraordinaria de conocimiento, informaci\u00f3n, ideas y propuestas, \u201cque nos dar\u00e1n luz a los que tomamos las decisiones ejecutivas, sobre hacia d\u00f3nde queremos que vaya el tema del agua\u201d, manifest\u00f3.<\/p>\n\n\n\n<p>Enrique Galindo Ceballos refrend\u00f3 que no solo se trata de escasez de agua, \u201cal final de cuentas tenemos garantizado el l\u00edquido, pero no tenemos infraestructura suficiente, y tenemos otros problemas t\u00e9cnicos que seguramente aqu\u00ed los estaremos analizando y resolviendo\u201d.<\/p>\n\n\n\n<p>El alcalde Galindo celebr\u00f3 la apertura de la Universidad Aut\u00f3noma de San Luis Potos\u00ed para realizar el foro, a partir de la inquietud planteada por la regidora Mar\u00eda de los \u00c1ngeles Hermosillo, presidenta de la comisi\u00f3n de Agua Potable; y la directora de la Facultad de Ciencias Qu\u00edmicas, Gabriela Palestino; despu\u00e9s de un arduo trabajo de an\u00e1lisis y de informaci\u00f3n recabada.<\/p>\n\n\n\n<p>Entre ellos, se\u00f1al\u00f3 la valiosa participaci\u00f3n de estudiantes de la M\u00e1xima Casa de Estudios, con la que se espera que se genere una nueva visi\u00f3n de las nuevas generaciones.<\/p>\n\n\n\n<p>El alcalde de la Capital del S\u00ed asegur\u00f3 que se escuchar\u00e1n todas las aportaciones que hay que saber en materia de agua, cu\u00e1l es el futuro del vital l\u00edquido en la ciudad, su Zona Metropolitana y en general en el estado.<\/p>\n","protected":false},"excerpt":{"rendered":"<p>Entre las distintas voces, el coloquio cuenta con la participaci\u00f3n de expertos en materia de agua, catedr\u00e1ticos y estudiantes de<\/p>\n","protected":false},"author":1,"featured_media":1259,"comment_status":"open","ping_status":"open","sticky":false,"template":"","format":"standard","meta":{"footnotes":""},"categories":[25],"tags":[],"class_list":["post-1258","post","type-post","status-publish","format-standard","has-post-thumbnail","hentry","category-local"],"yoast_head":"<!-- This site is optimized with the Yoast SEO plugin v24.1 - https:\/\/yoast.com\/wordpress\/plugins\/seo\/ -->\n<title>Alcalde Enrique Galindo celebra la realizaci\u00f3n del Primer Foro Estatal del Agua - sanluisinforma.com<\/title>\n<meta name=\"robots\" content=\"index, follow, max-snippet:-1, max-image-preview:large, max-video-preview:-1\" \/>\n<link rel=\"canonical\" href=\"https:\/\/sanluisinforma.com\/?p=1258\" \/>\n<meta property=\"og:locale\" content=\"es_MX\" \/>\n<meta property=\"og:type\" content=\"article\" \/>\n<meta property=\"og:title\" content=\"Alcalde Enrique Galindo celebra la realizaci\u00f3n del Primer Foro Estatal del Agua - sanluisinforma.com\" \/>\n<meta property=\"og:description\" content=\"Entre las distintas voces, el coloquio cuenta con la participaci\u00f3n de expertos en materia de agua, catedr\u00e1ticos y estudiantes de\" \/>\n<meta property=\"og:url\" content=\"https:\/\/sanluisinforma.com\/?p=1258\" \/>\n<meta property=\"og:site_name\" content=\"sanluisinforma.com\" \/>\n<meta property=\"article:published_time\" content=\"2022-05-03T14:24:20+00:00\" \/>\n<meta property=\"og:image\" content=\"https:\/\/sanluisinforma.com\/wp-content\/uploads\/2022\/05\/galindo.jpg\" \/>\n\t<meta property=\"og:image:width\" content=\"500\" \/>\n\t<meta property=\"og:image:height\" content=\"233\" \/>\n\t<meta property=\"og:image:type\" content=\"image\/jpeg\" \/>\n<meta name=\"author\" content=\"m3rsync\" \/>\n<meta name=\"twitter:card\" content=\"summary_large_image\" \/>\n<meta name=\"twitter:label1\" content=\"Escrito por\" \/>\n\t<meta name=\"twitter:data1\" content=\"m3rsync\" \/>\n\t<meta name=\"twitter:label2\" content=\"Tiempo de lectura\" \/>\n\t<meta name=\"twitter:data2\" content=\"2 minutos\" \/>\n<script type=\"application\/ld+json\" class=\"yoast-schema-graph\">{\"@context\":\"https:\/\/schema.org\",\"@graph\":[{\"@type\":\"Article\",\"@id\":\"https:\/\/sanluisinforma.com\/?p=1258#article\",\"isPartOf\":{\"@id\":\"https:\/\/sanluisinforma.com\/?p=1258\"},\"author\":{\"name\":\"m3rsync\",\"@id\":\"https:\/\/sanluisinforma.com\/#\/schema\/person\/49ff81046c3481e1b5440b65c424cc17\"},\"headline\":\"Alcalde Enrique Galindo celebra la realizaci\u00f3n del Primer Foro Estatal del Agua\",\"datePublished\":\"2022-05-03T14:24:20+00:00\",\"dateModified\":\"2022-05-03T14:24:20+00:00\",\"mainEntityOfPage\":{\"@id\":\"https:\/\/sanluisinforma.com\/?p=1258\"},\"wordCount\":426,\"commentCount\":0,\"publisher\":{\"@id\":\"https:\/\/sanluisinforma.com\/#organization\"},\"image\":{\"@id\":\"https:\/\/sanluisinforma.com\/?p=1258#primaryimage\"},\"thumbnailUrl\":\"https:\/\/sanluisinforma.com\/wp-content\/uploads\/2022\/05\/galindo.jpg\",\"articleSection\":[\"Local\"],\"inLanguage\":\"es\",\"potentialAction\":[{\"@type\":\"CommentAction\",\"name\":\"Comment\",\"target\":[\"https:\/\/sanluisinforma.com\/?p=1258#respond\"]}]},{\"@type\":\"WebPage\",\"@id\":\"https:\/\/sanluisinforma.com\/?p=1258\",\"url\":\"https:\/\/sanluisinforma.com\/?p=1258\",\"name\":\"Alcalde Enrique Galindo celebra la realizaci\u00f3n del Primer Foro Estatal del Agua - sanluisinforma.com\",\"isPartOf\":{\"@id\":\"https:\/\/sanluisinforma.com\/#website\"},\"primaryImageOfPage\":{\"@id\":\"https:\/\/sanluisinforma.com\/?p=1258#primaryimage\"},\"image\":{\"@id\":\"https:\/\/sanluisinforma.com\/?p=1258#primaryimage\"},\"thumbnailUrl\":\"https:\/\/sanluisinforma.com\/wp-content\/uploads\/2022\/05\/galindo.jpg\",\"datePublished\":\"2022-05-03T14:24:20+00:00\",\"dateModified\":\"2022-05-03T14:24:20+00:00\",\"breadcrumb\":{\"@id\":\"https:\/\/sanluisinforma.com\/?p=1258#breadcrumb\"},\"inLanguage\":\"es\",\"potentialAction\":[{\"@type\":\"ReadAction\",\"target\":[\"https:\/\/sanluisinforma.com\/?p=1258\"]}]},{\"@type\":\"ImageObject\",\"inLanguage\":\"es\",\"@id\":\"https:\/\/sanluisinforma.com\/?p=1258#primaryimage\",\"url\":\"https:\/\/sanluisinforma.com\/wp-content\/uploads\/2022\/05\/galindo.jpg\",\"contentUrl\":\"https:\/\/sanluisinforma.com\/wp-content\/uploads\/2022\/05\/galindo.jpg\",\"width\":500,\"height\":233},{\"@type\":\"BreadcrumbList\",\"@id\":\"https:\/\/sanluisinforma.com\/?p=1258#breadcrumb\",\"itemListElement\":[{\"@type\":\"ListItem\",\"position\":1,\"name\":\"Inicio\",\"item\":\"https:\/\/sanluisinforma.com\/\"},{\"@type\":\"ListItem\",\"position\":2,\"name\":\"Alcalde Enrique Galindo celebra la realizaci\u00f3n del Primer Foro Estatal del Agua\"}]},{\"@type\":\"WebSite\",\"@id\":\"https:\/\/sanluisinforma.com\/#website\",\"url\":\"https:\/\/sanluisinforma.com\/\",\"name\":\"sanluisinforma.com\",\"description\":\"Periodico San Luis Informa\",\"publisher\":{\"@id\":\"https:\/\/sanluisinforma.com\/#organization\"},\"potentialAction\":[{\"@type\":\"SearchAction\",\"target\":{\"@type\":\"EntryPoint\",\"urlTemplate\":\"https:\/\/sanluisinforma.com\/?s={search_term_string}\"},\"query-input\":{\"@type\":\"PropertyValueSpecification\",\"valueRequired\":true,\"valueName\":\"search_term_string\"}}],\"inLanguage\":\"es\"},{\"@type\":\"Organization\",\"@id\":\"https:\/\/sanluisinforma.com\/#organization\",\"name\":\"sanluisinforma.com\",\"url\":\"https:\/\/sanluisinforma.com\/\",\"logo\":{\"@type\":\"ImageObject\",\"inLanguage\":\"es\",\"@id\":\"https:\/\/sanluisinforma.com\/#\/schema\/logo\/image\/\",\"url\":\"https:\/\/sanluisinforma.com\/wp-content\/uploads\/2026\/03\/sanluisinforma-V.jpg\",\"contentUrl\":\"https:\/\/sanluisinforma.com\/wp-content\/uploads\/2026\/03\/sanluisinforma-V.jpg\",\"width\":500,\"height\":156,\"caption\":\"sanluisinforma.com\"},\"image\":{\"@id\":\"https:\/\/sanluisinforma.com\/#\/schema\/logo\/image\/\"}},{\"@type\":\"Person\",\"@id\":\"https:\/\/sanluisinforma.com\/#\/schema\/person\/49ff81046c3481e1b5440b65c424cc17\",\"name\":\"m3rsync\",\"image\":{\"@type\":\"ImageObject\",\"inLanguage\":\"es\",\"@id\":\"https:\/\/sanluisinforma.com\/#\/schema\/person\/image\/\",\"url\":\"https:\/\/secure.gravatar.com\/avatar\/a680509951ac8a465dc670dcf485535c45f0448b55f320b47fd5b6339aed90e2?s=96&d=mm&r=g\",\"contentUrl\":\"https:\/\/secure.gravatar.com\/avatar\/a680509951ac8a465dc670dcf485535c45f0448b55f320b47fd5b6339aed90e2?s=96&d=mm&r=g\",\"caption\":\"m3rsync\"},\"sameAs\":[\"https:\/\/sanluisinforma.com\"],\"url\":\"https:\/\/sanluisinforma.com\/?author=1\"}]}<\/script>\n<!-- \/ Yoast SEO plugin. -->","yoast_head_json":{"title":"Alcalde Enrique Galindo celebra la realizaci\u00f3n del Primer Foro Estatal del Agua - sanluisinforma.com","robots":{"index":"index","follow":"follow","max-snippet":"max-snippet:-1","max-image-preview":"max-image-preview:large","max-video-preview":"max-video-preview:-1"},"canonical":"https:\/\/sanluisinforma.com\/?p=1258","og_locale":"es_MX","og_type":"article","og_title":"Alcalde Enrique Galindo celebra la realizaci\u00f3n del Primer Foro Estatal del Agua - sanluisinforma.com","og_description":"Entre las distintas voces, el coloquio cuenta con la participaci\u00f3n de expertos en materia de agua, catedr\u00e1ticos y estudiantes de","og_url":"https:\/\/sanluisinforma.com\/?p=1258","og_site_name":"sanluisinforma.com","article_published_time":"2022-05-03T14:24:20+00:00","og_image":[{"width":500,"height":233,"url":"https:\/\/sanluisinforma.com\/wp-content\/uploads\/2022\/05\/galindo.jpg","type":"image\/jpeg"}],"author":"m3rsync","twitter_card":"summary_large_image","twitter_misc":{"Escrito por":"m3rsync","Tiempo de lectura":"2 minutos"},"schema":{"@context":"https:\/\/schema.org","@graph":[{"@type":"Article","@id":"https:\/\/sanluisinforma.com\/?p=1258#article","isPartOf":{"@id":"https:\/\/sanluisinforma.com\/?p=1258"},"author":{"name":"m3rsync","@id":"https:\/\/sanluisinforma.com\/#\/schema\/person\/49ff81046c3481e1b5440b65c424cc17"},"headline":"Alcalde Enrique Galindo celebra la realizaci\u00f3n del Primer Foro Estatal del Agua","datePublished":"2022-05-03T14:24:20+00:00","dateModified":"2022-05-03T14:24:20+00:00","mainEntityOfPage":{"@id":"https:\/\/sanluisinforma.com\/?p=1258"},"wordCount":426,"commentCount":0,"publisher":{"@id":"https:\/\/sanluisinforma.com\/#organization"},"image":{"@id":"https:\/\/sanluisinforma.com\/?p=1258#primaryimage"},"thumbnailUrl":"https:\/\/sanluisinforma.com\/wp-content\/uploads\/2022\/05\/galindo.jpg","articleSection":["Local"],"inLanguage":"es","potentialAction":[{"@type":"CommentAction","name":"Comment","target":["https:\/\/sanluisinforma.com\/?p=1258#respond"]}]},{"@type":"WebPage","@id":"https:\/\/sanluisinforma.com\/?p=1258","url":"https:\/\/sanluisinforma.com\/?p=1258","name":"Alcalde Enrique Galindo celebra la realizaci\u00f3n del Primer Foro Estatal del Agua - sanluisinforma.com","isPartOf":{"@id":"https:\/\/sanluisinforma.com\/#website"},"primaryImageOfPage":{"@id":"https:\/\/sanluisinforma.com\/?p=1258#primaryimage"},"image":{"@id":"https:\/\/sanluisinforma.com\/?p=1258#primaryimage"},"thumbnailUrl":"https:\/\/sanluisinforma.com\/wp-content\/uploads\/2022\/05\/galindo.jpg","datePublished":"2022-05-03T14:24:20+00:00","dateModified":"2022-05-03T14:24:20+00:00","breadcrumb":{"@id":"https:\/\/sanluisinforma.com\/?p=1258#breadcrumb"},"inLanguage":"es","potentialAction":[{"@type":"ReadAction","target":["https:\/\/sanluisinforma.com\/?p=1258"]}]},{"@type":"ImageObject","inLanguage":"es","@id":"https:\/\/sanluisinforma.com\/?p=1258#primaryimage","url":"https:\/\/sanluisinforma.com\/wp-content\/uploads\/2022\/05\/galindo.jpg","contentUrl":"https:\/\/sanluisinforma.com\/wp-content\/uploads\/2022\/05\/galindo.jpg","width":500,"height":233},{"@type":"BreadcrumbList","@id":"https:\/\/sanluisinforma.com\/?p=1258#breadcrumb","itemListElement":[{"@type":"ListItem","position":1,"name":"Inicio","item":"https:\/\/sanluisinforma.com\/"},{"@type":"ListItem","position":2,"name":"Alcalde Enrique Galindo celebra la realizaci\u00f3n del Primer Foro Estatal del Agua"}]},{"@type":"WebSite","@id":"https:\/\/sanluisinforma.com\/#website","url":"https:\/\/sanluisinforma.com\/","name":"sanluisinforma.com","description":"Periodico San Luis Informa","publisher":{"@id":"https:\/\/sanluisinforma.com\/#organization"},"potentialAction":[{"@type":"SearchAction","target":{"@type":"EntryPoint","urlTemplate":"https:\/\/sanluisinforma.com\/?s={search_term_string}"},"query-input":{"@type":"PropertyValueSpecification","valueRequired":true,"valueName":"search_term_string"}}],"inLanguage":"es"},{"@type":"Organization","@id":"https:\/\/sanluisinforma.com\/#organization","name":"sanluisinforma.com","url":"https:\/\/sanluisinforma.com\/","logo":{"@type":"ImageObject","inLanguage":"es","@id":"https:\/\/sanluisinforma.com\/#\/schema\/logo\/image\/","url":"https:\/\/sanluisinforma.com\/wp-content\/uploads\/2026\/03\/sanluisinforma-V.jpg","contentUrl":"https:\/\/sanluisinforma.com\/wp-content\/uploads\/2026\/03\/sanluisinforma-V.jpg","width":500,"height":156,"caption":"sanluisinforma.com"},"image":{"@id":"https:\/\/sanluisinforma.com\/#\/schema\/logo\/image\/"}},{"@type":"Person","@id":"https:\/\/sanluisinforma.com\/#\/schema\/person\/49ff81046c3481e1b5440b65c424cc17","name":"m3rsync","image":{"@type":"ImageObject","inLanguage":"es","@id":"https:\/\/sanluisinforma.com\/#\/schema\/person\/image\/","url":"https:\/\/secure.gravatar.com\/avatar\/a680509951ac8a465dc670dcf485535c45f0448b55f320b47fd5b6339aed90e2?s=96&d=mm&r=g","contentUrl":"https:\/\/secure.gravatar.com\/avatar\/a680509951ac8a465dc670dcf485535c45f0448b55f320b47fd5b6339aed90e2?s=96&d=mm&r=g","caption":"m3rsync"},"sameAs":["https:\/\/sanluisinforma.com"],"url":"https:\/\/sanluisinforma.com\/?author=1"}]}},"_links":{"self":[{"href":"https:\/\/sanluisinforma.com\/index.php?rest_route=\/wp\/v2\/posts\/1258","targetHints":{"allow":["GET"]}}],"collection":[{"href":"https:\/\/sanluisinforma.com\/index.php?rest_route=\/wp\/v2\/posts"}],"about":[{"href":"https:\/\/sanluisinforma.com\/index.php?rest_route=\/wp\/v2\/types\/post"}],"author":[{"embeddable":true,"href":"https:\/\/sanluisinforma.com\/index.php?rest_route=\/wp\/v2\/users\/1"}],"replies":[{"embeddable":true,"href":"https:\/\/sanluisinforma.com\/index.php?rest_route=%2Fwp%2Fv2%2Fcomments&post=1258"}],"version-history":[{"count":0,"href":"https:\/\/sanluisinforma.com\/index.php?rest_route=\/wp\/v2\/posts\/1258\/revisions"}],"wp:featuredmedia":[{"embeddable":true,"href":"https:\/\/sanluisinforma.com\/index.php?rest_route=\/wp\/v2\/media\/1259"}],"wp:attachment":[{"href":"https:\/\/sanluisinforma.com\/index.php?rest_route=%2Fwp%2Fv2%2Fmedia&parent=1258"}],"wp:term":[{"taxonomy":"category","embeddable":true,"href":"https:\/\/sanluisinforma.com\/index.php?rest_route=%2Fwp%2Fv2%2Fcategories&post=1258"},{"taxonomy":"post_tag","embeddable":true,"href":"https:\/\/sanluisinforma.com\/index.php?rest_route=%2Fwp%2Fv2%2Ftags&post=1258"}],"curies":[{"name":"wp","href":"https:\/\/api.w.org\/{rel}","templated":true}]}}