{"id":12731,"date":"2025-06-05T00:50:00","date_gmt":"2025-06-05T06:50:00","guid":{"rendered":"https:\/\/sanluisinforma.com\/?p=12731"},"modified":"2025-06-04T22:59:12","modified_gmt":"2025-06-05T04:59:12","slug":"instala-enrique-galindo-comite-municipal-de-inundaciones-para-reforzar-la-proteccion-ciudadana","status":"publish","type":"post","link":"https:\/\/sanluisinforma.com\/?p=12731","title":{"rendered":"Instala Enrique Galindo Comit\u00e9 Municipal de Inundaciones para reforzar la protecci\u00f3n ciudadana"},"content":{"rendered":"\n<ul class=\"wp-block-list\">\n<li>Con base t\u00e9cnica, coordinaci\u00f3n interinstitucional y acciones preventivas, el Gobierno de la Capital enfrentar\u00e1 la temporada de lluvias con mayor eficacia.<\/li>\n\n\n\n<li><strong>En la sesi\u00f3n de instalaci\u00f3n, el Alcalde Enrique Galindo present\u00f3 tambi\u00e9n el nuevo Atlas Din\u00e1mico de Riesgos, que permitir\u00e1 planeaci\u00f3n y respuesta en tiempo real.<\/strong><\/li>\n<\/ul>\n\n\n\n<p><\/p>\n\n\n\n<p>Con el objetivo de blindar a San Luis Potos\u00ed ante fen\u00f3menos hidrometeorol\u00f3gicos, el Alcalde Enrique Galindo Ceballos instal\u00f3 el Comit\u00e9 Municipal de Prevenci\u00f3n y Gesti\u00f3n de Inundaciones, integrado por dependencias de los tres niveles de gobierno y la sociedad civil. En la primera sesi\u00f3n de este \u00f3rgano interinstitucional se destac\u00f3 que, gracias a las acciones preventivas y a la reacci\u00f3n inmediata, las recientes lluvias no causaron afectaciones mayores.<\/p>\n\n\n\n<p>El Presidente Municipal subray\u00f3 que el Comit\u00e9 no solo responde a emergencias, sino que trabaja de forma permanente en acciones de limpieza, desazolve y concientizaci\u00f3n ciudadana, para evitar que la basura obstruya alcantarillas y drenajes. Adem\u00e1s, present\u00f3 avances importantes como el nuevo Atlas Din\u00e1mico&nbsp; de Riesgos y la instalaci\u00f3n de estaciones clim\u00e1ticas en puntos estrat\u00e9gicos de la ciudad, que permitir\u00e1n una mejor planeaci\u00f3n y respuesta en tiempo real.<\/p>\n\n\n\n<p>Durante la sesi\u00f3n, el comandante del Heroico Cuerpo de Bomberos, Adolfo Benavente Duque, insisti\u00f3 en la necesidad de capacitaci\u00f3n constante para quienes atienden emergencias, mientras que el Director de Gesti\u00f3n Ecol\u00f3gica, Jaime Mendieta, llam\u00f3 a adaptar las estrategias a las nuevas condiciones del clima. Tambi\u00e9n se reconoci\u00f3 la coordinaci\u00f3n con las Juntas de Participaci\u00f3n Ciudadana, aliadas en la difusi\u00f3n de acciones preventivas en las colonias.<\/p>\n\n\n\n<p>Finalmente, el Alcalde Enrique Galindo reafirm\u00f3 que este Comit\u00e9 busca institucionalizar la protecci\u00f3n civil desde una visi\u00f3n cient\u00edfica, operativa y de largo plazo. Agradeci\u00f3 especialmente a la Universidad Aut\u00f3noma de San Luis Potos\u00ed por su colaboraci\u00f3n con sistemas de pron\u00f3stico y convoc\u00f3 a todas las instancias y a la ciudadan\u00eda a mantener la corresponsabilidad en la prevenci\u00f3n de riesgos en San Luis Capital.<\/p>\n","protected":false},"excerpt":{"rendered":"<p>Con el objetivo de blindar a San Luis Potos\u00ed ante fen\u00f3menos hidrometeorol\u00f3gicos, el Alcalde Enrique Galindo Ceballos instal\u00f3 el Comit\u00e9<\/p>\n","protected":false},"author":2,"featured_media":12732,"comment_status":"closed","ping_status":"closed","sticky":false,"template":"","format":"standard","meta":{"footnotes":""},"categories":[25,30],"tags":[],"class_list":["post-12731","post","type-post","status-publish","format-standard","has-post-thumbnail","hentry","category-local","category-portada"],"yoast_head":"<!-- This site is optimized with the Yoast SEO plugin v24.1 - https:\/\/yoast.com\/wordpress\/plugins\/seo\/ -->\n<title>Instala Enrique Galindo Comit\u00e9 Municipal de Inundaciones para reforzar la protecci\u00f3n ciudadana - sanluisinforma.com<\/title>\n<meta name=\"robots\" content=\"index, follow, max-snippet:-1, max-image-preview:large, max-video-preview:-1\" \/>\n<link rel=\"canonical\" href=\"https:\/\/sanluisinforma.com\/?p=12731\" \/>\n<meta property=\"og:locale\" content=\"es_MX\" \/>\n<meta property=\"og:type\" content=\"article\" \/>\n<meta property=\"og:title\" content=\"Instala Enrique Galindo Comit\u00e9 Municipal de Inundaciones para reforzar la protecci\u00f3n ciudadana - sanluisinforma.com\" \/>\n<meta property=\"og:description\" content=\"Con el objetivo de blindar a San Luis Potos\u00ed ante fen\u00f3menos hidrometeorol\u00f3gicos, el Alcalde Enrique Galindo Ceballos instal\u00f3 el Comit\u00e9\" \/>\n<meta property=\"og:url\" content=\"https:\/\/sanluisinforma.com\/?p=12731\" \/>\n<meta property=\"og:site_name\" content=\"sanluisinforma.com\" \/>\n<meta property=\"article:published_time\" content=\"2025-06-05T06:50:00+00:00\" \/>\n<meta property=\"article:modified_time\" content=\"2025-06-05T04:59:12+00:00\" \/>\n<meta property=\"og:image\" content=\"https:\/\/sanluisinforma.com\/wp-content\/uploads\/2025\/06\/6544198a-3721-42ed-ba6c-e98b33e15dc7.jpg\" \/>\n\t<meta property=\"og:image:width\" content=\"400\" \/>\n\t<meta property=\"og:image:height\" content=\"266\" \/>\n\t<meta property=\"og:image:type\" content=\"image\/jpeg\" \/>\n<meta name=\"author\" content=\"sanluisinforma.com\" \/>\n<meta name=\"twitter:card\" content=\"summary_large_image\" \/>\n<meta name=\"twitter:label1\" content=\"Escrito por\" \/>\n\t<meta name=\"twitter:data1\" content=\"sanluisinforma.com\" \/>\n\t<meta name=\"twitter:label2\" content=\"Tiempo de lectura\" \/>\n\t<meta name=\"twitter:data2\" content=\"2 minutos\" \/>\n<script type=\"application\/ld+json\" class=\"yoast-schema-graph\">{\"@context\":\"https:\/\/schema.org\",\"@graph\":[{\"@type\":\"Article\",\"@id\":\"https:\/\/sanluisinforma.com\/?p=12731#article\",\"isPartOf\":{\"@id\":\"https:\/\/sanluisinforma.com\/?p=12731\"},\"author\":{\"name\":\"sanluisinforma.com\",\"@id\":\"https:\/\/sanluisinforma.com\/#\/schema\/person\/c30648f71476be533b6f59d092905c8b\"},\"headline\":\"Instala Enrique Galindo Comit\u00e9 Municipal de Inundaciones para reforzar la protecci\u00f3n ciudadana\",\"datePublished\":\"2025-06-05T06:50:00+00:00\",\"dateModified\":\"2025-06-05T04:59:12+00:00\",\"mainEntityOfPage\":{\"@id\":\"https:\/\/sanluisinforma.com\/?p=12731\"},\"wordCount\":361,\"publisher\":{\"@id\":\"https:\/\/sanluisinforma.com\/#organization\"},\"image\":{\"@id\":\"https:\/\/sanluisinforma.com\/?p=12731#primaryimage\"},\"thumbnailUrl\":\"https:\/\/sanluisinforma.com\/wp-content\/uploads\/2025\/06\/6544198a-3721-42ed-ba6c-e98b33e15dc7.jpg\",\"articleSection\":[\"Local\",\"Portada\"],\"inLanguage\":\"es\"},{\"@type\":\"WebPage\",\"@id\":\"https:\/\/sanluisinforma.com\/?p=12731\",\"url\":\"https:\/\/sanluisinforma.com\/?p=12731\",\"name\":\"Instala Enrique Galindo Comit\u00e9 Municipal de Inundaciones para reforzar la protecci\u00f3n ciudadana - sanluisinforma.com\",\"isPartOf\":{\"@id\":\"https:\/\/sanluisinforma.com\/#website\"},\"primaryImageOfPage\":{\"@id\":\"https:\/\/sanluisinforma.com\/?p=12731#primaryimage\"},\"image\":{\"@id\":\"https:\/\/sanluisinforma.com\/?p=12731#primaryimage\"},\"thumbnailUrl\":\"https:\/\/sanluisinforma.com\/wp-content\/uploads\/2025\/06\/6544198a-3721-42ed-ba6c-e98b33e15dc7.jpg\",\"datePublished\":\"2025-06-05T06:50:00+00:00\",\"dateModified\":\"2025-06-05T04:59:12+00:00\",\"breadcrumb\":{\"@id\":\"https:\/\/sanluisinforma.com\/?p=12731#breadcrumb\"},\"inLanguage\":\"es\",\"potentialAction\":[{\"@type\":\"ReadAction\",\"target\":[\"https:\/\/sanluisinforma.com\/?p=12731\"]}]},{\"@type\":\"ImageObject\",\"inLanguage\":\"es\",\"@id\":\"https:\/\/sanluisinforma.com\/?p=12731#primaryimage\",\"url\":\"https:\/\/sanluisinforma.com\/wp-content\/uploads\/2025\/06\/6544198a-3721-42ed-ba6c-e98b33e15dc7.jpg\",\"contentUrl\":\"https:\/\/sanluisinforma.com\/wp-content\/uploads\/2025\/06\/6544198a-3721-42ed-ba6c-e98b33e15dc7.jpg\",\"width\":400,\"height\":266},{\"@type\":\"BreadcrumbList\",\"@id\":\"https:\/\/sanluisinforma.com\/?p=12731#breadcrumb\",\"itemListElement\":[{\"@type\":\"ListItem\",\"position\":1,\"name\":\"Inicio\",\"item\":\"https:\/\/sanluisinforma.com\/\"},{\"@type\":\"ListItem\",\"position\":2,\"name\":\"Instala Enrique Galindo Comit\u00e9 Municipal de Inundaciones para reforzar la protecci\u00f3n ciudadana\"}]},{\"@type\":\"WebSite\",\"@id\":\"https:\/\/sanluisinforma.com\/#website\",\"url\":\"https:\/\/sanluisinforma.com\/\",\"name\":\"sanluisinforma.com\",\"description\":\"Periodico San Luis Informa\",\"publisher\":{\"@id\":\"https:\/\/sanluisinforma.com\/#organization\"},\"potentialAction\":[{\"@type\":\"SearchAction\",\"target\":{\"@type\":\"EntryPoint\",\"urlTemplate\":\"https:\/\/sanluisinforma.com\/?s={search_term_string}\"},\"query-input\":{\"@type\":\"PropertyValueSpecification\",\"valueRequired\":true,\"valueName\":\"search_term_string\"}}],\"inLanguage\":\"es\"},{\"@type\":\"Organization\",\"@id\":\"https:\/\/sanluisinforma.com\/#organization\",\"name\":\"sanluisinforma.com\",\"url\":\"https:\/\/sanluisinforma.com\/\",\"logo\":{\"@type\":\"ImageObject\",\"inLanguage\":\"es\",\"@id\":\"https:\/\/sanluisinforma.com\/#\/schema\/logo\/image\/\",\"url\":\"https:\/\/sanluisinforma.com\/wp-content\/uploads\/2026\/03\/sanluisinforma-V.jpg\",\"contentUrl\":\"https:\/\/sanluisinforma.com\/wp-content\/uploads\/2026\/03\/sanluisinforma-V.jpg\",\"width\":500,\"height\":156,\"caption\":\"sanluisinforma.com\"},\"image\":{\"@id\":\"https:\/\/sanluisinforma.com\/#\/schema\/logo\/image\/\"}},{\"@type\":\"Person\",\"@id\":\"https:\/\/sanluisinforma.com\/#\/schema\/person\/c30648f71476be533b6f59d092905c8b\",\"name\":\"sanluisinforma.com\",\"image\":{\"@type\":\"ImageObject\",\"inLanguage\":\"es\",\"@id\":\"https:\/\/sanluisinforma.com\/#\/schema\/person\/image\/\",\"url\":\"https:\/\/secure.gravatar.com\/avatar\/86e3114e34a1eecefb963e0a02f0093f93b092dddb2fe1517596343751081a87?s=96&d=mm&r=g\",\"contentUrl\":\"https:\/\/secure.gravatar.com\/avatar\/86e3114e34a1eecefb963e0a02f0093f93b092dddb2fe1517596343751081a87?s=96&d=mm&r=g\",\"caption\":\"sanluisinforma.com\"},\"url\":\"https:\/\/sanluisinforma.com\/?author=2\"}]}<\/script>\n<!-- \/ Yoast SEO plugin. -->","yoast_head_json":{"title":"Instala Enrique Galindo Comit\u00e9 Municipal de Inundaciones para reforzar la protecci\u00f3n ciudadana - sanluisinforma.com","robots":{"index":"index","follow":"follow","max-snippet":"max-snippet:-1","max-image-preview":"max-image-preview:large","max-video-preview":"max-video-preview:-1"},"canonical":"https:\/\/sanluisinforma.com\/?p=12731","og_locale":"es_MX","og_type":"article","og_title":"Instala Enrique Galindo Comit\u00e9 Municipal de Inundaciones para reforzar la protecci\u00f3n ciudadana - sanluisinforma.com","og_description":"Con el objetivo de blindar a San Luis Potos\u00ed ante fen\u00f3menos hidrometeorol\u00f3gicos, el Alcalde Enrique Galindo Ceballos instal\u00f3 el Comit\u00e9","og_url":"https:\/\/sanluisinforma.com\/?p=12731","og_site_name":"sanluisinforma.com","article_published_time":"2025-06-05T06:50:00+00:00","article_modified_time":"2025-06-05T04:59:12+00:00","og_image":[{"width":400,"height":266,"url":"https:\/\/sanluisinforma.com\/wp-content\/uploads\/2025\/06\/6544198a-3721-42ed-ba6c-e98b33e15dc7.jpg","type":"image\/jpeg"}],"author":"sanluisinforma.com","twitter_card":"summary_large_image","twitter_misc":{"Escrito por":"sanluisinforma.com","Tiempo de lectura":"2 minutos"},"schema":{"@context":"https:\/\/schema.org","@graph":[{"@type":"Article","@id":"https:\/\/sanluisinforma.com\/?p=12731#article","isPartOf":{"@id":"https:\/\/sanluisinforma.com\/?p=12731"},"author":{"name":"sanluisinforma.com","@id":"https:\/\/sanluisinforma.com\/#\/schema\/person\/c30648f71476be533b6f59d092905c8b"},"headline":"Instala Enrique Galindo Comit\u00e9 Municipal de Inundaciones para reforzar la protecci\u00f3n ciudadana","datePublished":"2025-06-05T06:50:00+00:00","dateModified":"2025-06-05T04:59:12+00:00","mainEntityOfPage":{"@id":"https:\/\/sanluisinforma.com\/?p=12731"},"wordCount":361,"publisher":{"@id":"https:\/\/sanluisinforma.com\/#organization"},"image":{"@id":"https:\/\/sanluisinforma.com\/?p=12731#primaryimage"},"thumbnailUrl":"https:\/\/sanluisinforma.com\/wp-content\/uploads\/2025\/06\/6544198a-3721-42ed-ba6c-e98b33e15dc7.jpg","articleSection":["Local","Portada"],"inLanguage":"es"},{"@type":"WebPage","@id":"https:\/\/sanluisinforma.com\/?p=12731","url":"https:\/\/sanluisinforma.com\/?p=12731","name":"Instala Enrique Galindo Comit\u00e9 Municipal de Inundaciones para reforzar la protecci\u00f3n ciudadana - sanluisinforma.com","isPartOf":{"@id":"https:\/\/sanluisinforma.com\/#website"},"primaryImageOfPage":{"@id":"https:\/\/sanluisinforma.com\/?p=12731#primaryimage"},"image":{"@id":"https:\/\/sanluisinforma.com\/?p=12731#primaryimage"},"thumbnailUrl":"https:\/\/sanluisinforma.com\/wp-content\/uploads\/2025\/06\/6544198a-3721-42ed-ba6c-e98b33e15dc7.jpg","datePublished":"2025-06-05T06:50:00+00:00","dateModified":"2025-06-05T04:59:12+00:00","breadcrumb":{"@id":"https:\/\/sanluisinforma.com\/?p=12731#breadcrumb"},"inLanguage":"es","potentialAction":[{"@type":"ReadAction","target":["https:\/\/sanluisinforma.com\/?p=12731"]}]},{"@type":"ImageObject","inLanguage":"es","@id":"https:\/\/sanluisinforma.com\/?p=12731#primaryimage","url":"https:\/\/sanluisinforma.com\/wp-content\/uploads\/2025\/06\/6544198a-3721-42ed-ba6c-e98b33e15dc7.jpg","contentUrl":"https:\/\/sanluisinforma.com\/wp-content\/uploads\/2025\/06\/6544198a-3721-42ed-ba6c-e98b33e15dc7.jpg","width":400,"height":266},{"@type":"BreadcrumbList","@id":"https:\/\/sanluisinforma.com\/?p=12731#breadcrumb","itemListElement":[{"@type":"ListItem","position":1,"name":"Inicio","item":"https:\/\/sanluisinforma.com\/"},{"@type":"ListItem","position":2,"name":"Instala Enrique Galindo Comit\u00e9 Municipal de Inundaciones para reforzar la protecci\u00f3n ciudadana"}]},{"@type":"WebSite","@id":"https:\/\/sanluisinforma.com\/#website","url":"https:\/\/sanluisinforma.com\/","name":"sanluisinforma.com","description":"Periodico San Luis Informa","publisher":{"@id":"https:\/\/sanluisinforma.com\/#organization"},"potentialAction":[{"@type":"SearchAction","target":{"@type":"EntryPoint","urlTemplate":"https:\/\/sanluisinforma.com\/?s={search_term_string}"},"query-input":{"@type":"PropertyValueSpecification","valueRequired":true,"valueName":"search_term_string"}}],"inLanguage":"es"},{"@type":"Organization","@id":"https:\/\/sanluisinforma.com\/#organization","name":"sanluisinforma.com","url":"https:\/\/sanluisinforma.com\/","logo":{"@type":"ImageObject","inLanguage":"es","@id":"https:\/\/sanluisinforma.com\/#\/schema\/logo\/image\/","url":"https:\/\/sanluisinforma.com\/wp-content\/uploads\/2026\/03\/sanluisinforma-V.jpg","contentUrl":"https:\/\/sanluisinforma.com\/wp-content\/uploads\/2026\/03\/sanluisinforma-V.jpg","width":500,"height":156,"caption":"sanluisinforma.com"},"image":{"@id":"https:\/\/sanluisinforma.com\/#\/schema\/logo\/image\/"}},{"@type":"Person","@id":"https:\/\/sanluisinforma.com\/#\/schema\/person\/c30648f71476be533b6f59d092905c8b","name":"sanluisinforma.com","image":{"@type":"ImageObject","inLanguage":"es","@id":"https:\/\/sanluisinforma.com\/#\/schema\/person\/image\/","url":"https:\/\/secure.gravatar.com\/avatar\/86e3114e34a1eecefb963e0a02f0093f93b092dddb2fe1517596343751081a87?s=96&d=mm&r=g","contentUrl":"https:\/\/secure.gravatar.com\/avatar\/86e3114e34a1eecefb963e0a02f0093f93b092dddb2fe1517596343751081a87?s=96&d=mm&r=g","caption":"sanluisinforma.com"},"url":"https:\/\/sanluisinforma.com\/?author=2"}]}},"_links":{"self":[{"href":"https:\/\/sanluisinforma.com\/index.php?rest_route=\/wp\/v2\/posts\/12731","targetHints":{"allow":["GET"]}}],"collection":[{"href":"https:\/\/sanluisinforma.com\/index.php?rest_route=\/wp\/v2\/posts"}],"about":[{"href":"https:\/\/sanluisinforma.com\/index.php?rest_route=\/wp\/v2\/types\/post"}],"author":[{"embeddable":true,"href":"https:\/\/sanluisinforma.com\/index.php?rest_route=\/wp\/v2\/users\/2"}],"replies":[{"embeddable":true,"href":"https:\/\/sanluisinforma.com\/index.php?rest_route=%2Fwp%2Fv2%2Fcomments&post=12731"}],"version-history":[{"count":1,"href":"https:\/\/sanluisinforma.com\/index.php?rest_route=\/wp\/v2\/posts\/12731\/revisions"}],"predecessor-version":[{"id":12733,"href":"https:\/\/sanluisinforma.com\/index.php?rest_route=\/wp\/v2\/posts\/12731\/revisions\/12733"}],"wp:featuredmedia":[{"embeddable":true,"href":"https:\/\/sanluisinforma.com\/index.php?rest_route=\/wp\/v2\/media\/12732"}],"wp:attachment":[{"href":"https:\/\/sanluisinforma.com\/index.php?rest_route=%2Fwp%2Fv2%2Fmedia&parent=12731"}],"wp:term":[{"taxonomy":"category","embeddable":true,"href":"https:\/\/sanluisinforma.com\/index.php?rest_route=%2Fwp%2Fv2%2Fcategories&post=12731"},{"taxonomy":"post_tag","embeddable":true,"href":"https:\/\/sanluisinforma.com\/index.php?rest_route=%2Fwp%2Fv2%2Ftags&post=12731"}],"curies":[{"name":"wp","href":"https:\/\/api.w.org\/{rel}","templated":true}]}}