{"id":12743,"date":"2025-06-05T00:40:20","date_gmt":"2025-06-05T06:40:20","guid":{"rendered":"https:\/\/sanluisinforma.com\/?p=12743"},"modified":"2025-06-04T23:29:27","modified_gmt":"2025-06-05T05:29:27","slug":"no-estamos-de-acuerdo-es-injusto-e-insostenible-presidenta-claudia-sheinbaum-sobre-incremento-al-50-en-aranceles-al-acero-y-al-aluminio-por-parte-de-eua","status":"publish","type":"post","link":"https:\/\/sanluisinforma.com\/?p=12743","title":{"rendered":"No estamos de acuerdo, es injusto e insostenible: Presidenta Claudia Sheinbaum sobre incremento al 50 % en aranceles al Acero y al Aluminio por parte de\u00a0 EUA"},"content":{"rendered":"\n<p><\/p>\n\n\n\n<p>* \u201cM\u00e9xico tiene que protegerse y fortalecerse, no estamos de acuerdo, no creemos que sea justa,&nbsp; ni sostenible, porque encarece todo y esperamos llegar a un acuerdo\u201d, puntualiz\u00f3<\/p>\n\n\n\n<p>* Adelant\u00f3 que tendr\u00e1 una reuni\u00f3n con las C\u00e1maras del acero y el aluminio, se continuar\u00e1n los trabajos para llegar un acuerdo con EUA y adem\u00e1s se seguir\u00e1 impulsando el Plan M\u00e9xico<\/p>\n\n\n\n<p>La Presidenta Claudia Sheinbaum Pardo, asegur\u00f3 que la medida impuesta por el presidente de Estados Unidos, Donald Trump, de incrementar al 50 por ciento los aranceles al acero y al aluminio,&nbsp; para todo el mundo, representa para M\u00e9xico una medida injusta e insostenible.<\/p>\n\n\n\n<p>\u201cEn el caso de M\u00e9xico, primero, es injusta. N\u00famero uno, porque como lo hemos dicho varias veces, M\u00e9xico importa m\u00e1s de lo que exporta en acero y en aluminio, formalmente se pone un arancel cuando hay un d\u00e9ficit, d\u00e9ficit quiere decir para Estados Unidos que M\u00e9xico exportar\u00e1 m\u00e1s de lo que est\u00e1 importando, en nuestro caso importamos m\u00e1s acero, es injusto\u201d, puntualiz\u00f3 en la conferencia matutina: \u201cLas ma\u00f1aneras del pueblo\u201d.<\/p>\n\n\n\n<p>Se\u00f1al\u00f3 que se trata de una medida que adem\u00e1s, no tiene un sustento legal ya que se tiene un acuerdo comercial, aunado a que se est\u00e1 colaborando de manera muy estrecha en otros temas como la seguridad, lo cual ha sido reconocido por el propio gobierno de los Estados Unidos.<\/p>\n\n\n\n<p>\u201cNo creemos que tenga sustento y la otra es insostenible porque as\u00ed como en autos, en la construcci\u00f3n de autos hay muchas autopartes que pasan de un lado a otro de la frontera;&nbsp; en el caso del acero tambi\u00e9n\u201d, agreg\u00f3.<\/p>\n\n\n\n<p>Ante esta situaci\u00f3n, la Jefa del Ejecutivo Federal adelant\u00f3 que tendr\u00e1 una reuni\u00f3n con las C\u00e1maras del acero y el aluminio, adem\u00e1s de que continuar\u00e1n los trabajos para llegar a acuerdos con Estados Unidos por parte del secretario de Econom\u00eda, Marcelo Ebrard con el secretario de Comercio de EUA, Howard Lutnick y tambi\u00e9n se seguir\u00e1 impulsando el Plan M\u00e9xico.<\/p>\n\n\n\n<p>\u201cNuestra responsabilidad, primero es proteger el empleo, a las y los trabajadores mexicanos y segundo, a la industria del acero 50 por ciento de aranceles representa una afectaci\u00f3n a la industria del acero y del aluminio muy grande (\u2026) M\u00e9xico tiene que protegerse y fortalecerse, no estamos de acuerdo, no creemos que sea justa,&nbsp; ni sostenible, porque encarece todo y esperamos llegar a un acuerdo\u201d, a\u00f1adi\u00f3.<\/p>\n\n\n\n<p>Reiter\u00f3 que en la relaci\u00f3n con Estados Unidos se colabora, pero en una relaci\u00f3n de respeto y en un trato de iguales.<\/p>\n","protected":false},"excerpt":{"rendered":"<p>* \u201cM\u00e9xico tiene que protegerse y fortalecerse, no estamos de acuerdo, no creemos que sea justa,&nbsp; ni sostenible, porque encarece<\/p>\n","protected":false},"author":2,"featured_media":12744,"comment_status":"closed","ping_status":"closed","sticky":false,"template":"","format":"standard","meta":{"footnotes":""},"categories":[26],"tags":[],"class_list":["post-12743","post","type-post","status-publish","format-standard","has-post-thumbnail","hentry","category-nacional"],"yoast_head":"<!-- This site is optimized with the Yoast SEO plugin v24.1 - https:\/\/yoast.com\/wordpress\/plugins\/seo\/ -->\n<title>No estamos de acuerdo, es injusto e insostenible: Presidenta Claudia Sheinbaum sobre incremento al 50 % en aranceles al Acero y al Aluminio por parte de\u00a0 EUA - sanluisinforma.com<\/title>\n<meta name=\"robots\" content=\"index, follow, max-snippet:-1, max-image-preview:large, max-video-preview:-1\" \/>\n<link rel=\"canonical\" href=\"https:\/\/sanluisinforma.com\/?p=12743\" \/>\n<meta property=\"og:locale\" content=\"es_MX\" \/>\n<meta property=\"og:type\" content=\"article\" \/>\n<meta property=\"og:title\" content=\"No estamos de acuerdo, es injusto e insostenible: Presidenta Claudia Sheinbaum sobre incremento al 50 % en aranceles al Acero y al Aluminio por parte de\u00a0 EUA - sanluisinforma.com\" \/>\n<meta property=\"og:description\" content=\"* \u201cM\u00e9xico tiene que protegerse y fortalecerse, no estamos de acuerdo, no creemos que sea justa,&nbsp; ni sostenible, porque encarece\" \/>\n<meta property=\"og:url\" content=\"https:\/\/sanluisinforma.com\/?p=12743\" \/>\n<meta property=\"og:site_name\" content=\"sanluisinforma.com\" \/>\n<meta property=\"article:published_time\" content=\"2025-06-05T06:40:20+00:00\" \/>\n<meta property=\"article:modified_time\" content=\"2025-06-05T05:29:27+00:00\" \/>\n<meta property=\"og:image\" content=\"https:\/\/sanluisinforma.com\/wp-content\/uploads\/2025\/06\/76604e35-83ff-4527-a5b6-750bd23f45d9.jpg\" \/>\n\t<meta property=\"og:image:width\" content=\"400\" \/>\n\t<meta property=\"og:image:height\" content=\"266\" \/>\n\t<meta property=\"og:image:type\" content=\"image\/jpeg\" \/>\n<meta name=\"author\" content=\"sanluisinforma.com\" \/>\n<meta name=\"twitter:card\" content=\"summary_large_image\" \/>\n<meta name=\"twitter:label1\" content=\"Escrito por\" \/>\n\t<meta name=\"twitter:data1\" content=\"sanluisinforma.com\" \/>\n\t<meta name=\"twitter:label2\" content=\"Tiempo de lectura\" \/>\n\t<meta name=\"twitter:data2\" content=\"3 minutos\" \/>\n<script type=\"application\/ld+json\" class=\"yoast-schema-graph\">{\"@context\":\"https:\/\/schema.org\",\"@graph\":[{\"@type\":\"Article\",\"@id\":\"https:\/\/sanluisinforma.com\/?p=12743#article\",\"isPartOf\":{\"@id\":\"https:\/\/sanluisinforma.com\/?p=12743\"},\"author\":{\"name\":\"sanluisinforma.com\",\"@id\":\"https:\/\/sanluisinforma.com\/#\/schema\/person\/c30648f71476be533b6f59d092905c8b\"},\"headline\":\"No estamos de acuerdo, es injusto e insostenible: Presidenta Claudia Sheinbaum sobre incremento al 50 % en aranceles al Acero y al Aluminio por parte de\u00a0 EUA\",\"datePublished\":\"2025-06-05T06:40:20+00:00\",\"dateModified\":\"2025-06-05T05:29:27+00:00\",\"mainEntityOfPage\":{\"@id\":\"https:\/\/sanluisinforma.com\/?p=12743\"},\"wordCount\":468,\"publisher\":{\"@id\":\"https:\/\/sanluisinforma.com\/#organization\"},\"image\":{\"@id\":\"https:\/\/sanluisinforma.com\/?p=12743#primaryimage\"},\"thumbnailUrl\":\"https:\/\/sanluisinforma.com\/wp-content\/uploads\/2025\/06\/76604e35-83ff-4527-a5b6-750bd23f45d9.jpg\",\"articleSection\":[\"Nacional\"],\"inLanguage\":\"es\"},{\"@type\":\"WebPage\",\"@id\":\"https:\/\/sanluisinforma.com\/?p=12743\",\"url\":\"https:\/\/sanluisinforma.com\/?p=12743\",\"name\":\"No estamos de acuerdo, es injusto e insostenible: Presidenta Claudia Sheinbaum sobre incremento al 50 % en aranceles al Acero y al Aluminio por parte de\u00a0 EUA - sanluisinforma.com\",\"isPartOf\":{\"@id\":\"https:\/\/sanluisinforma.com\/#website\"},\"primaryImageOfPage\":{\"@id\":\"https:\/\/sanluisinforma.com\/?p=12743#primaryimage\"},\"image\":{\"@id\":\"https:\/\/sanluisinforma.com\/?p=12743#primaryimage\"},\"thumbnailUrl\":\"https:\/\/sanluisinforma.com\/wp-content\/uploads\/2025\/06\/76604e35-83ff-4527-a5b6-750bd23f45d9.jpg\",\"datePublished\":\"2025-06-05T06:40:20+00:00\",\"dateModified\":\"2025-06-05T05:29:27+00:00\",\"breadcrumb\":{\"@id\":\"https:\/\/sanluisinforma.com\/?p=12743#breadcrumb\"},\"inLanguage\":\"es\",\"potentialAction\":[{\"@type\":\"ReadAction\",\"target\":[\"https:\/\/sanluisinforma.com\/?p=12743\"]}]},{\"@type\":\"ImageObject\",\"inLanguage\":\"es\",\"@id\":\"https:\/\/sanluisinforma.com\/?p=12743#primaryimage\",\"url\":\"https:\/\/sanluisinforma.com\/wp-content\/uploads\/2025\/06\/76604e35-83ff-4527-a5b6-750bd23f45d9.jpg\",\"contentUrl\":\"https:\/\/sanluisinforma.com\/wp-content\/uploads\/2025\/06\/76604e35-83ff-4527-a5b6-750bd23f45d9.jpg\",\"width\":400,\"height\":266},{\"@type\":\"BreadcrumbList\",\"@id\":\"https:\/\/sanluisinforma.com\/?p=12743#breadcrumb\",\"itemListElement\":[{\"@type\":\"ListItem\",\"position\":1,\"name\":\"Inicio\",\"item\":\"https:\/\/sanluisinforma.com\/\"},{\"@type\":\"ListItem\",\"position\":2,\"name\":\"No estamos de acuerdo, es injusto e insostenible: Presidenta Claudia Sheinbaum sobre incremento al 50 % en aranceles al Acero y al Aluminio por parte de\u00a0 EUA\"}]},{\"@type\":\"WebSite\",\"@id\":\"https:\/\/sanluisinforma.com\/#website\",\"url\":\"https:\/\/sanluisinforma.com\/\",\"name\":\"sanluisinforma.com\",\"description\":\"Periodico San Luis Informa\",\"publisher\":{\"@id\":\"https:\/\/sanluisinforma.com\/#organization\"},\"potentialAction\":[{\"@type\":\"SearchAction\",\"target\":{\"@type\":\"EntryPoint\",\"urlTemplate\":\"https:\/\/sanluisinforma.com\/?s={search_term_string}\"},\"query-input\":{\"@type\":\"PropertyValueSpecification\",\"valueRequired\":true,\"valueName\":\"search_term_string\"}}],\"inLanguage\":\"es\"},{\"@type\":\"Organization\",\"@id\":\"https:\/\/sanluisinforma.com\/#organization\",\"name\":\"sanluisinforma.com\",\"url\":\"https:\/\/sanluisinforma.com\/\",\"logo\":{\"@type\":\"ImageObject\",\"inLanguage\":\"es\",\"@id\":\"https:\/\/sanluisinforma.com\/#\/schema\/logo\/image\/\",\"url\":\"https:\/\/sanluisinforma.com\/wp-content\/uploads\/2026\/03\/sanluisinforma-V.jpg\",\"contentUrl\":\"https:\/\/sanluisinforma.com\/wp-content\/uploads\/2026\/03\/sanluisinforma-V.jpg\",\"width\":500,\"height\":156,\"caption\":\"sanluisinforma.com\"},\"image\":{\"@id\":\"https:\/\/sanluisinforma.com\/#\/schema\/logo\/image\/\"}},{\"@type\":\"Person\",\"@id\":\"https:\/\/sanluisinforma.com\/#\/schema\/person\/c30648f71476be533b6f59d092905c8b\",\"name\":\"sanluisinforma.com\",\"image\":{\"@type\":\"ImageObject\",\"inLanguage\":\"es\",\"@id\":\"https:\/\/sanluisinforma.com\/#\/schema\/person\/image\/\",\"url\":\"https:\/\/secure.gravatar.com\/avatar\/86e3114e34a1eecefb963e0a02f0093f93b092dddb2fe1517596343751081a87?s=96&d=mm&r=g\",\"contentUrl\":\"https:\/\/secure.gravatar.com\/avatar\/86e3114e34a1eecefb963e0a02f0093f93b092dddb2fe1517596343751081a87?s=96&d=mm&r=g\",\"caption\":\"sanluisinforma.com\"},\"url\":\"https:\/\/sanluisinforma.com\/?author=2\"}]}<\/script>\n<!-- \/ Yoast SEO plugin. -->","yoast_head_json":{"title":"No estamos de acuerdo, es injusto e insostenible: Presidenta Claudia Sheinbaum sobre incremento al 50 % en aranceles al Acero y al Aluminio por parte de\u00a0 EUA - sanluisinforma.com","robots":{"index":"index","follow":"follow","max-snippet":"max-snippet:-1","max-image-preview":"max-image-preview:large","max-video-preview":"max-video-preview:-1"},"canonical":"https:\/\/sanluisinforma.com\/?p=12743","og_locale":"es_MX","og_type":"article","og_title":"No estamos de acuerdo, es injusto e insostenible: Presidenta Claudia Sheinbaum sobre incremento al 50 % en aranceles al Acero y al Aluminio por parte de\u00a0 EUA - sanluisinforma.com","og_description":"* \u201cM\u00e9xico tiene que protegerse y fortalecerse, no estamos de acuerdo, no creemos que sea justa,&nbsp; ni sostenible, porque encarece","og_url":"https:\/\/sanluisinforma.com\/?p=12743","og_site_name":"sanluisinforma.com","article_published_time":"2025-06-05T06:40:20+00:00","article_modified_time":"2025-06-05T05:29:27+00:00","og_image":[{"width":400,"height":266,"url":"https:\/\/sanluisinforma.com\/wp-content\/uploads\/2025\/06\/76604e35-83ff-4527-a5b6-750bd23f45d9.jpg","type":"image\/jpeg"}],"author":"sanluisinforma.com","twitter_card":"summary_large_image","twitter_misc":{"Escrito por":"sanluisinforma.com","Tiempo de lectura":"3 minutos"},"schema":{"@context":"https:\/\/schema.org","@graph":[{"@type":"Article","@id":"https:\/\/sanluisinforma.com\/?p=12743#article","isPartOf":{"@id":"https:\/\/sanluisinforma.com\/?p=12743"},"author":{"name":"sanluisinforma.com","@id":"https:\/\/sanluisinforma.com\/#\/schema\/person\/c30648f71476be533b6f59d092905c8b"},"headline":"No estamos de acuerdo, es injusto e insostenible: Presidenta Claudia Sheinbaum sobre incremento al 50 % en aranceles al Acero y al Aluminio por parte de\u00a0 EUA","datePublished":"2025-06-05T06:40:20+00:00","dateModified":"2025-06-05T05:29:27+00:00","mainEntityOfPage":{"@id":"https:\/\/sanluisinforma.com\/?p=12743"},"wordCount":468,"publisher":{"@id":"https:\/\/sanluisinforma.com\/#organization"},"image":{"@id":"https:\/\/sanluisinforma.com\/?p=12743#primaryimage"},"thumbnailUrl":"https:\/\/sanluisinforma.com\/wp-content\/uploads\/2025\/06\/76604e35-83ff-4527-a5b6-750bd23f45d9.jpg","articleSection":["Nacional"],"inLanguage":"es"},{"@type":"WebPage","@id":"https:\/\/sanluisinforma.com\/?p=12743","url":"https:\/\/sanluisinforma.com\/?p=12743","name":"No estamos de acuerdo, es injusto e insostenible: Presidenta Claudia Sheinbaum sobre incremento al 50 % en aranceles al Acero y al Aluminio por parte de\u00a0 EUA - sanluisinforma.com","isPartOf":{"@id":"https:\/\/sanluisinforma.com\/#website"},"primaryImageOfPage":{"@id":"https:\/\/sanluisinforma.com\/?p=12743#primaryimage"},"image":{"@id":"https:\/\/sanluisinforma.com\/?p=12743#primaryimage"},"thumbnailUrl":"https:\/\/sanluisinforma.com\/wp-content\/uploads\/2025\/06\/76604e35-83ff-4527-a5b6-750bd23f45d9.jpg","datePublished":"2025-06-05T06:40:20+00:00","dateModified":"2025-06-05T05:29:27+00:00","breadcrumb":{"@id":"https:\/\/sanluisinforma.com\/?p=12743#breadcrumb"},"inLanguage":"es","potentialAction":[{"@type":"ReadAction","target":["https:\/\/sanluisinforma.com\/?p=12743"]}]},{"@type":"ImageObject","inLanguage":"es","@id":"https:\/\/sanluisinforma.com\/?p=12743#primaryimage","url":"https:\/\/sanluisinforma.com\/wp-content\/uploads\/2025\/06\/76604e35-83ff-4527-a5b6-750bd23f45d9.jpg","contentUrl":"https:\/\/sanluisinforma.com\/wp-content\/uploads\/2025\/06\/76604e35-83ff-4527-a5b6-750bd23f45d9.jpg","width":400,"height":266},{"@type":"BreadcrumbList","@id":"https:\/\/sanluisinforma.com\/?p=12743#breadcrumb","itemListElement":[{"@type":"ListItem","position":1,"name":"Inicio","item":"https:\/\/sanluisinforma.com\/"},{"@type":"ListItem","position":2,"name":"No estamos de acuerdo, es injusto e insostenible: Presidenta Claudia Sheinbaum sobre incremento al 50 % en aranceles al Acero y al Aluminio por parte de\u00a0 EUA"}]},{"@type":"WebSite","@id":"https:\/\/sanluisinforma.com\/#website","url":"https:\/\/sanluisinforma.com\/","name":"sanluisinforma.com","description":"Periodico San Luis Informa","publisher":{"@id":"https:\/\/sanluisinforma.com\/#organization"},"potentialAction":[{"@type":"SearchAction","target":{"@type":"EntryPoint","urlTemplate":"https:\/\/sanluisinforma.com\/?s={search_term_string}"},"query-input":{"@type":"PropertyValueSpecification","valueRequired":true,"valueName":"search_term_string"}}],"inLanguage":"es"},{"@type":"Organization","@id":"https:\/\/sanluisinforma.com\/#organization","name":"sanluisinforma.com","url":"https:\/\/sanluisinforma.com\/","logo":{"@type":"ImageObject","inLanguage":"es","@id":"https:\/\/sanluisinforma.com\/#\/schema\/logo\/image\/","url":"https:\/\/sanluisinforma.com\/wp-content\/uploads\/2026\/03\/sanluisinforma-V.jpg","contentUrl":"https:\/\/sanluisinforma.com\/wp-content\/uploads\/2026\/03\/sanluisinforma-V.jpg","width":500,"height":156,"caption":"sanluisinforma.com"},"image":{"@id":"https:\/\/sanluisinforma.com\/#\/schema\/logo\/image\/"}},{"@type":"Person","@id":"https:\/\/sanluisinforma.com\/#\/schema\/person\/c30648f71476be533b6f59d092905c8b","name":"sanluisinforma.com","image":{"@type":"ImageObject","inLanguage":"es","@id":"https:\/\/sanluisinforma.com\/#\/schema\/person\/image\/","url":"https:\/\/secure.gravatar.com\/avatar\/86e3114e34a1eecefb963e0a02f0093f93b092dddb2fe1517596343751081a87?s=96&d=mm&r=g","contentUrl":"https:\/\/secure.gravatar.com\/avatar\/86e3114e34a1eecefb963e0a02f0093f93b092dddb2fe1517596343751081a87?s=96&d=mm&r=g","caption":"sanluisinforma.com"},"url":"https:\/\/sanluisinforma.com\/?author=2"}]}},"_links":{"self":[{"href":"https:\/\/sanluisinforma.com\/index.php?rest_route=\/wp\/v2\/posts\/12743","targetHints":{"allow":["GET"]}}],"collection":[{"href":"https:\/\/sanluisinforma.com\/index.php?rest_route=\/wp\/v2\/posts"}],"about":[{"href":"https:\/\/sanluisinforma.com\/index.php?rest_route=\/wp\/v2\/types\/post"}],"author":[{"embeddable":true,"href":"https:\/\/sanluisinforma.com\/index.php?rest_route=\/wp\/v2\/users\/2"}],"replies":[{"embeddable":true,"href":"https:\/\/sanluisinforma.com\/index.php?rest_route=%2Fwp%2Fv2%2Fcomments&post=12743"}],"version-history":[{"count":1,"href":"https:\/\/sanluisinforma.com\/index.php?rest_route=\/wp\/v2\/posts\/12743\/revisions"}],"predecessor-version":[{"id":12745,"href":"https:\/\/sanluisinforma.com\/index.php?rest_route=\/wp\/v2\/posts\/12743\/revisions\/12745"}],"wp:featuredmedia":[{"embeddable":true,"href":"https:\/\/sanluisinforma.com\/index.php?rest_route=\/wp\/v2\/media\/12744"}],"wp:attachment":[{"href":"https:\/\/sanluisinforma.com\/index.php?rest_route=%2Fwp%2Fv2%2Fmedia&parent=12743"}],"wp:term":[{"taxonomy":"category","embeddable":true,"href":"https:\/\/sanluisinforma.com\/index.php?rest_route=%2Fwp%2Fv2%2Fcategories&post=12743"},{"taxonomy":"post_tag","embeddable":true,"href":"https:\/\/sanluisinforma.com\/index.php?rest_route=%2Fwp%2Fv2%2Ftags&post=12743"}],"curies":[{"name":"wp","href":"https:\/\/api.w.org\/{rel}","templated":true}]}}