{"id":12749,"date":"2025-06-06T00:50:00","date_gmt":"2025-06-06T06:50:00","guid":{"rendered":"https:\/\/sanluisinforma.com\/?p=12749"},"modified":"2025-06-05T19:59:59","modified_gmt":"2025-06-06T01:59:59","slug":"san-luis-se-conecta-al-mundo-despega-el-primer-vuelo-a-atlanta","status":"publish","type":"post","link":"https:\/\/sanluisinforma.com\/?p=12749","title":{"rendered":"San Luis se conecta al mundo, despega el primer vuelo a Atlanta"},"content":{"rendered":"\n<ul class=\"wp-block-list\">\n<li>\u201cEste d\u00eda, San Luis vuela alto\u201d, expres\u00f3 el Alcalde Enrique Galindo al inaugurar la nueva ruta a\u00e9rea con Aerom\u00e9xico y Delta Air Lines, que conectar\u00e1 diariamente a la Capital potosina con uno de los aeropuertos m\u00e1s importantes del planeta.<\/li>\n\n\n\n<li>La ceremonia inaugural fue encabezada por el Alcalde, el Vicepresidente de Ventas de Aerom\u00e9xico, Giancarlo Mulinelli, el Gobernador de San Luis Potos\u00ed, l\u00edderes de Coparmex, Canaco y CMIC, as\u00ed como autoridades de OMA.<\/li>\n<\/ul>\n\n\n\n<p><\/p>\n\n\n\n<p>Este jueves, en el Aeropuerto Internacional de San Luis Potos\u00ed se celebr\u00f3 el corte de list\u00f3n inaugural de la nueva ruta directa que operar\u00e1n Aerom\u00e9xico y Delta Air Lines entre nuestra ciudad y Atlanta, Georgia, uno de los aeropuertos con mayor conectividad internacional del mundo. El Alcalde Enrique Galindo enfatiz\u00f3 que esta nueva ruta a\u00e9rea representa una oportunidad invaluable para seguir atrayendo inversiones, fomentar el turismo y expandir las actividades comerciales de la regi\u00f3n: \u201cEste d\u00eda, San Luis vuela alto. Quiero mostrar a Aerom\u00e9xico mi agradecimiento, porque las y los potosinos hoy volamos con la l\u00ednea a\u00e9rea m\u00e1s puntual del mundo\u201d.<\/p>\n\n\n\n<p>El Presidente Municipal se\u00f1al\u00f3 que esta nueva conexi\u00f3n a\u00e9rea es reflejo de la gran colaboraci\u00f3n entre el Ayuntamiento con Aerom\u00e9xico: \u201cComo Alcalde le reconozco a Aerom\u00e9xico su colaboraci\u00f3n. Hoy es un gran d\u00eda para San Luis Potos\u00ed, para Aerom\u00e9xico y para M\u00e9xico, porque con este vuelo directo a Atlanta, nos conectamos con el mundo. Esto significa desarrollo, crecimiento y una puerta abierta para hacer negocios desde y hacia nuestra ciudad\u201d, puntualiz\u00f3.<\/p>\n\n\n\n<p>La ceremonia inaugural cont\u00f3 con la participaci\u00f3n del Gobernador Ricardo Gallardo Cardona; Giancarlo Mulinelli, Vicepresidente Senior de Ventas Globales de Aerom\u00e9xico; Marco Antonio Camarena G\u00e1mez, Administrador del Aeropuerto Internacional Ponciano Arriaga; Abelardo Mu\u00f1oz Mart\u00edn, Director de Desarrollo Aeroportuario del Grupo Aeroportuario Centro Norte (OMA); Luis Gerardo Ortu\u00f1o D\u00edaz Infante, Presidente de Coparmex SLP y Coordinador de la Alianza Empresarial de San Luis Potos\u00ed; Leopoldo Stevens P\u00e9rez, Presidente de CMIC y Fernando D\u00edaz de Le\u00f3n Hern\u00e1ndez, Presidente de Canaco-Servytur.<\/p>\n\n\n\n<p>Giancarlo Mulinelli, Vicepresidente Senior de Ventas Globales de Aerom\u00e9xico se\u00f1al\u00f3: \u201cEstamos muy orgullosos de seguir ampliando nuestra red de conectividad internacional con una ruta que fortalece el intercambio econ\u00f3mico, tur\u00edstico y cultural entre San Luis Potos\u00ed y el mundo. Gracias a nuestra alianza con Delta Air Lines, este nuevo vuelo a Atlanta permitir\u00e1 a los potosinos conectar f\u00e1cilmente con m\u00e1s de 100 destinos en Estados Unidos, Europa y Asia, y al mismo tiempo, facilitar\u00e1 que viajeros internacionales descubran la riqueza hist\u00f3rica, cultural e industrial de este gran estado en M\u00e9xico.\u201d<\/p>\n\n\n\n<p>La nueva ruta operar\u00e1 con una frecuencia diaria en equipos Embraer 190, con capacidad para 99 pasajeros. La salida desde San Luis Potos\u00ed ser\u00e1 a las 9:24 a.m. y la llegada a Atlanta a las 2:40 p.m. El vuelo de regreso partir\u00e1 de Atlanta a las 2:55 p.m. y aterrizar\u00e1 en San Luis Potos\u00ed a las 4:11 p.m., ofreciendo m\u00e1s de 6,000 asientos mensuales.<\/p>\n","protected":false},"excerpt":{"rendered":"<p>Este jueves, en el Aeropuerto Internacional de San Luis Potos\u00ed se celebr\u00f3 el corte de list\u00f3n inaugural de la nueva<\/p>\n","protected":false},"author":2,"featured_media":12750,"comment_status":"closed","ping_status":"closed","sticky":false,"template":"","format":"standard","meta":{"footnotes":""},"categories":[25,30],"tags":[],"class_list":["post-12749","post","type-post","status-publish","format-standard","has-post-thumbnail","hentry","category-local","category-portada"],"yoast_head":"<!-- This site is optimized with the Yoast SEO plugin v24.1 - https:\/\/yoast.com\/wordpress\/plugins\/seo\/ -->\n<title>San Luis se conecta al mundo, despega el primer vuelo a Atlanta - sanluisinforma.com<\/title>\n<meta name=\"robots\" content=\"index, follow, max-snippet:-1, max-image-preview:large, max-video-preview:-1\" \/>\n<link rel=\"canonical\" href=\"https:\/\/sanluisinforma.com\/?p=12749\" \/>\n<meta property=\"og:locale\" content=\"es_MX\" \/>\n<meta property=\"og:type\" content=\"article\" \/>\n<meta property=\"og:title\" content=\"San Luis se conecta al mundo, despega el primer vuelo a Atlanta - sanluisinforma.com\" \/>\n<meta property=\"og:description\" content=\"Este jueves, en el Aeropuerto Internacional de San Luis Potos\u00ed se celebr\u00f3 el corte de list\u00f3n inaugural de la nueva\" \/>\n<meta property=\"og:url\" content=\"https:\/\/sanluisinforma.com\/?p=12749\" \/>\n<meta property=\"og:site_name\" content=\"sanluisinforma.com\" \/>\n<meta property=\"article:published_time\" content=\"2025-06-06T06:50:00+00:00\" \/>\n<meta property=\"article:modified_time\" content=\"2025-06-06T01:59:59+00:00\" \/>\n<meta property=\"og:image\" content=\"https:\/\/sanluisinforma.com\/wp-content\/uploads\/2025\/06\/dda5d9ba-5cad-45b5-bca8-61b58525bbd3.jpg\" \/>\n\t<meta property=\"og:image:width\" content=\"400\" \/>\n\t<meta property=\"og:image:height\" content=\"266\" \/>\n\t<meta property=\"og:image:type\" content=\"image\/jpeg\" \/>\n<meta name=\"author\" content=\"sanluisinforma.com\" \/>\n<meta name=\"twitter:card\" content=\"summary_large_image\" \/>\n<meta name=\"twitter:label1\" content=\"Escrito por\" \/>\n\t<meta name=\"twitter:data1\" content=\"sanluisinforma.com\" \/>\n\t<meta name=\"twitter:label2\" content=\"Tiempo de lectura\" \/>\n\t<meta name=\"twitter:data2\" content=\"3 minutos\" \/>\n<script type=\"application\/ld+json\" class=\"yoast-schema-graph\">{\"@context\":\"https:\/\/schema.org\",\"@graph\":[{\"@type\":\"Article\",\"@id\":\"https:\/\/sanluisinforma.com\/?p=12749#article\",\"isPartOf\":{\"@id\":\"https:\/\/sanluisinforma.com\/?p=12749\"},\"author\":{\"name\":\"sanluisinforma.com\",\"@id\":\"https:\/\/sanluisinforma.com\/#\/schema\/person\/c30648f71476be533b6f59d092905c8b\"},\"headline\":\"San Luis se conecta al mundo, despega el primer vuelo a Atlanta\",\"datePublished\":\"2025-06-06T06:50:00+00:00\",\"dateModified\":\"2025-06-06T01:59:59+00:00\",\"mainEntityOfPage\":{\"@id\":\"https:\/\/sanluisinforma.com\/?p=12749\"},\"wordCount\":530,\"publisher\":{\"@id\":\"https:\/\/sanluisinforma.com\/#organization\"},\"image\":{\"@id\":\"https:\/\/sanluisinforma.com\/?p=12749#primaryimage\"},\"thumbnailUrl\":\"https:\/\/sanluisinforma.com\/wp-content\/uploads\/2025\/06\/dda5d9ba-5cad-45b5-bca8-61b58525bbd3.jpg\",\"articleSection\":[\"Local\",\"Portada\"],\"inLanguage\":\"es\"},{\"@type\":\"WebPage\",\"@id\":\"https:\/\/sanluisinforma.com\/?p=12749\",\"url\":\"https:\/\/sanluisinforma.com\/?p=12749\",\"name\":\"San Luis se conecta al mundo, despega el primer vuelo a Atlanta - sanluisinforma.com\",\"isPartOf\":{\"@id\":\"https:\/\/sanluisinforma.com\/#website\"},\"primaryImageOfPage\":{\"@id\":\"https:\/\/sanluisinforma.com\/?p=12749#primaryimage\"},\"image\":{\"@id\":\"https:\/\/sanluisinforma.com\/?p=12749#primaryimage\"},\"thumbnailUrl\":\"https:\/\/sanluisinforma.com\/wp-content\/uploads\/2025\/06\/dda5d9ba-5cad-45b5-bca8-61b58525bbd3.jpg\",\"datePublished\":\"2025-06-06T06:50:00+00:00\",\"dateModified\":\"2025-06-06T01:59:59+00:00\",\"breadcrumb\":{\"@id\":\"https:\/\/sanluisinforma.com\/?p=12749#breadcrumb\"},\"inLanguage\":\"es\",\"potentialAction\":[{\"@type\":\"ReadAction\",\"target\":[\"https:\/\/sanluisinforma.com\/?p=12749\"]}]},{\"@type\":\"ImageObject\",\"inLanguage\":\"es\",\"@id\":\"https:\/\/sanluisinforma.com\/?p=12749#primaryimage\",\"url\":\"https:\/\/sanluisinforma.com\/wp-content\/uploads\/2025\/06\/dda5d9ba-5cad-45b5-bca8-61b58525bbd3.jpg\",\"contentUrl\":\"https:\/\/sanluisinforma.com\/wp-content\/uploads\/2025\/06\/dda5d9ba-5cad-45b5-bca8-61b58525bbd3.jpg\",\"width\":400,\"height\":266},{\"@type\":\"BreadcrumbList\",\"@id\":\"https:\/\/sanluisinforma.com\/?p=12749#breadcrumb\",\"itemListElement\":[{\"@type\":\"ListItem\",\"position\":1,\"name\":\"Inicio\",\"item\":\"https:\/\/sanluisinforma.com\/\"},{\"@type\":\"ListItem\",\"position\":2,\"name\":\"San Luis se conecta al mundo, despega el primer vuelo a Atlanta\"}]},{\"@type\":\"WebSite\",\"@id\":\"https:\/\/sanluisinforma.com\/#website\",\"url\":\"https:\/\/sanluisinforma.com\/\",\"name\":\"sanluisinforma.com\",\"description\":\"Periodico San Luis Informa\",\"publisher\":{\"@id\":\"https:\/\/sanluisinforma.com\/#organization\"},\"potentialAction\":[{\"@type\":\"SearchAction\",\"target\":{\"@type\":\"EntryPoint\",\"urlTemplate\":\"https:\/\/sanluisinforma.com\/?s={search_term_string}\"},\"query-input\":{\"@type\":\"PropertyValueSpecification\",\"valueRequired\":true,\"valueName\":\"search_term_string\"}}],\"inLanguage\":\"es\"},{\"@type\":\"Organization\",\"@id\":\"https:\/\/sanluisinforma.com\/#organization\",\"name\":\"sanluisinforma.com\",\"url\":\"https:\/\/sanluisinforma.com\/\",\"logo\":{\"@type\":\"ImageObject\",\"inLanguage\":\"es\",\"@id\":\"https:\/\/sanluisinforma.com\/#\/schema\/logo\/image\/\",\"url\":\"https:\/\/sanluisinforma.com\/wp-content\/uploads\/2026\/03\/sanluisinforma-V.jpg\",\"contentUrl\":\"https:\/\/sanluisinforma.com\/wp-content\/uploads\/2026\/03\/sanluisinforma-V.jpg\",\"width\":500,\"height\":156,\"caption\":\"sanluisinforma.com\"},\"image\":{\"@id\":\"https:\/\/sanluisinforma.com\/#\/schema\/logo\/image\/\"}},{\"@type\":\"Person\",\"@id\":\"https:\/\/sanluisinforma.com\/#\/schema\/person\/c30648f71476be533b6f59d092905c8b\",\"name\":\"sanluisinforma.com\",\"image\":{\"@type\":\"ImageObject\",\"inLanguage\":\"es\",\"@id\":\"https:\/\/sanluisinforma.com\/#\/schema\/person\/image\/\",\"url\":\"https:\/\/secure.gravatar.com\/avatar\/86e3114e34a1eecefb963e0a02f0093f93b092dddb2fe1517596343751081a87?s=96&d=mm&r=g\",\"contentUrl\":\"https:\/\/secure.gravatar.com\/avatar\/86e3114e34a1eecefb963e0a02f0093f93b092dddb2fe1517596343751081a87?s=96&d=mm&r=g\",\"caption\":\"sanluisinforma.com\"},\"url\":\"https:\/\/sanluisinforma.com\/?author=2\"}]}<\/script>\n<!-- \/ Yoast SEO plugin. -->","yoast_head_json":{"title":"San Luis se conecta al mundo, despega el primer vuelo a Atlanta - sanluisinforma.com","robots":{"index":"index","follow":"follow","max-snippet":"max-snippet:-1","max-image-preview":"max-image-preview:large","max-video-preview":"max-video-preview:-1"},"canonical":"https:\/\/sanluisinforma.com\/?p=12749","og_locale":"es_MX","og_type":"article","og_title":"San Luis se conecta al mundo, despega el primer vuelo a Atlanta - sanluisinforma.com","og_description":"Este jueves, en el Aeropuerto Internacional de San Luis Potos\u00ed se celebr\u00f3 el corte de list\u00f3n inaugural de la nueva","og_url":"https:\/\/sanluisinforma.com\/?p=12749","og_site_name":"sanluisinforma.com","article_published_time":"2025-06-06T06:50:00+00:00","article_modified_time":"2025-06-06T01:59:59+00:00","og_image":[{"width":400,"height":266,"url":"https:\/\/sanluisinforma.com\/wp-content\/uploads\/2025\/06\/dda5d9ba-5cad-45b5-bca8-61b58525bbd3.jpg","type":"image\/jpeg"}],"author":"sanluisinforma.com","twitter_card":"summary_large_image","twitter_misc":{"Escrito por":"sanluisinforma.com","Tiempo de lectura":"3 minutos"},"schema":{"@context":"https:\/\/schema.org","@graph":[{"@type":"Article","@id":"https:\/\/sanluisinforma.com\/?p=12749#article","isPartOf":{"@id":"https:\/\/sanluisinforma.com\/?p=12749"},"author":{"name":"sanluisinforma.com","@id":"https:\/\/sanluisinforma.com\/#\/schema\/person\/c30648f71476be533b6f59d092905c8b"},"headline":"San Luis se conecta al mundo, despega el primer vuelo a Atlanta","datePublished":"2025-06-06T06:50:00+00:00","dateModified":"2025-06-06T01:59:59+00:00","mainEntityOfPage":{"@id":"https:\/\/sanluisinforma.com\/?p=12749"},"wordCount":530,"publisher":{"@id":"https:\/\/sanluisinforma.com\/#organization"},"image":{"@id":"https:\/\/sanluisinforma.com\/?p=12749#primaryimage"},"thumbnailUrl":"https:\/\/sanluisinforma.com\/wp-content\/uploads\/2025\/06\/dda5d9ba-5cad-45b5-bca8-61b58525bbd3.jpg","articleSection":["Local","Portada"],"inLanguage":"es"},{"@type":"WebPage","@id":"https:\/\/sanluisinforma.com\/?p=12749","url":"https:\/\/sanluisinforma.com\/?p=12749","name":"San Luis se conecta al mundo, despega el primer vuelo a Atlanta - sanluisinforma.com","isPartOf":{"@id":"https:\/\/sanluisinforma.com\/#website"},"primaryImageOfPage":{"@id":"https:\/\/sanluisinforma.com\/?p=12749#primaryimage"},"image":{"@id":"https:\/\/sanluisinforma.com\/?p=12749#primaryimage"},"thumbnailUrl":"https:\/\/sanluisinforma.com\/wp-content\/uploads\/2025\/06\/dda5d9ba-5cad-45b5-bca8-61b58525bbd3.jpg","datePublished":"2025-06-06T06:50:00+00:00","dateModified":"2025-06-06T01:59:59+00:00","breadcrumb":{"@id":"https:\/\/sanluisinforma.com\/?p=12749#breadcrumb"},"inLanguage":"es","potentialAction":[{"@type":"ReadAction","target":["https:\/\/sanluisinforma.com\/?p=12749"]}]},{"@type":"ImageObject","inLanguage":"es","@id":"https:\/\/sanluisinforma.com\/?p=12749#primaryimage","url":"https:\/\/sanluisinforma.com\/wp-content\/uploads\/2025\/06\/dda5d9ba-5cad-45b5-bca8-61b58525bbd3.jpg","contentUrl":"https:\/\/sanluisinforma.com\/wp-content\/uploads\/2025\/06\/dda5d9ba-5cad-45b5-bca8-61b58525bbd3.jpg","width":400,"height":266},{"@type":"BreadcrumbList","@id":"https:\/\/sanluisinforma.com\/?p=12749#breadcrumb","itemListElement":[{"@type":"ListItem","position":1,"name":"Inicio","item":"https:\/\/sanluisinforma.com\/"},{"@type":"ListItem","position":2,"name":"San Luis se conecta al mundo, despega el primer vuelo a Atlanta"}]},{"@type":"WebSite","@id":"https:\/\/sanluisinforma.com\/#website","url":"https:\/\/sanluisinforma.com\/","name":"sanluisinforma.com","description":"Periodico San Luis Informa","publisher":{"@id":"https:\/\/sanluisinforma.com\/#organization"},"potentialAction":[{"@type":"SearchAction","target":{"@type":"EntryPoint","urlTemplate":"https:\/\/sanluisinforma.com\/?s={search_term_string}"},"query-input":{"@type":"PropertyValueSpecification","valueRequired":true,"valueName":"search_term_string"}}],"inLanguage":"es"},{"@type":"Organization","@id":"https:\/\/sanluisinforma.com\/#organization","name":"sanluisinforma.com","url":"https:\/\/sanluisinforma.com\/","logo":{"@type":"ImageObject","inLanguage":"es","@id":"https:\/\/sanluisinforma.com\/#\/schema\/logo\/image\/","url":"https:\/\/sanluisinforma.com\/wp-content\/uploads\/2026\/03\/sanluisinforma-V.jpg","contentUrl":"https:\/\/sanluisinforma.com\/wp-content\/uploads\/2026\/03\/sanluisinforma-V.jpg","width":500,"height":156,"caption":"sanluisinforma.com"},"image":{"@id":"https:\/\/sanluisinforma.com\/#\/schema\/logo\/image\/"}},{"@type":"Person","@id":"https:\/\/sanluisinforma.com\/#\/schema\/person\/c30648f71476be533b6f59d092905c8b","name":"sanluisinforma.com","image":{"@type":"ImageObject","inLanguage":"es","@id":"https:\/\/sanluisinforma.com\/#\/schema\/person\/image\/","url":"https:\/\/secure.gravatar.com\/avatar\/86e3114e34a1eecefb963e0a02f0093f93b092dddb2fe1517596343751081a87?s=96&d=mm&r=g","contentUrl":"https:\/\/secure.gravatar.com\/avatar\/86e3114e34a1eecefb963e0a02f0093f93b092dddb2fe1517596343751081a87?s=96&d=mm&r=g","caption":"sanluisinforma.com"},"url":"https:\/\/sanluisinforma.com\/?author=2"}]}},"_links":{"self":[{"href":"https:\/\/sanluisinforma.com\/index.php?rest_route=\/wp\/v2\/posts\/12749","targetHints":{"allow":["GET"]}}],"collection":[{"href":"https:\/\/sanluisinforma.com\/index.php?rest_route=\/wp\/v2\/posts"}],"about":[{"href":"https:\/\/sanluisinforma.com\/index.php?rest_route=\/wp\/v2\/types\/post"}],"author":[{"embeddable":true,"href":"https:\/\/sanluisinforma.com\/index.php?rest_route=\/wp\/v2\/users\/2"}],"replies":[{"embeddable":true,"href":"https:\/\/sanluisinforma.com\/index.php?rest_route=%2Fwp%2Fv2%2Fcomments&post=12749"}],"version-history":[{"count":1,"href":"https:\/\/sanluisinforma.com\/index.php?rest_route=\/wp\/v2\/posts\/12749\/revisions"}],"predecessor-version":[{"id":12751,"href":"https:\/\/sanluisinforma.com\/index.php?rest_route=\/wp\/v2\/posts\/12749\/revisions\/12751"}],"wp:featuredmedia":[{"embeddable":true,"href":"https:\/\/sanluisinforma.com\/index.php?rest_route=\/wp\/v2\/media\/12750"}],"wp:attachment":[{"href":"https:\/\/sanluisinforma.com\/index.php?rest_route=%2Fwp%2Fv2%2Fmedia&parent=12749"}],"wp:term":[{"taxonomy":"category","embeddable":true,"href":"https:\/\/sanluisinforma.com\/index.php?rest_route=%2Fwp%2Fv2%2Fcategories&post=12749"},{"taxonomy":"post_tag","embeddable":true,"href":"https:\/\/sanluisinforma.com\/index.php?rest_route=%2Fwp%2Fv2%2Ftags&post=12749"}],"curies":[{"name":"wp","href":"https:\/\/api.w.org\/{rel}","templated":true}]}}