{"id":12752,"date":"2025-06-06T00:45:00","date_gmt":"2025-06-06T06:45:00","guid":{"rendered":"https:\/\/sanluisinforma.com\/?p=12752"},"modified":"2025-06-05T20:00:11","modified_gmt":"2025-06-06T02:00:11","slug":"san-luis-potosi-capital-americana-de-la-cultura-recibe-al-pais-hermano-de-cuba-en-junio","status":"publish","type":"post","link":"https:\/\/sanluisinforma.com\/?p=12752","title":{"rendered":"San Luis Potos\u00ed Capital Americana de la Cultura recibe al pa\u00eds hermano de Cuba en junio"},"content":{"rendered":"\n<ul class=\"wp-block-list\">\n<li>Muestra artesanal que se instalar\u00e1 en el Centro Cultural Palacio Municipal, en el que se mostrar\u00e1 gastronom\u00eda, artesan\u00eda, conferencias, m\u00fasica y folklore de ambos pa\u00edses del 18 al 21 de junio.<\/li>\n\n\n\n<li>Destaca el Conversatorio que se tendr\u00e1 con \u201cFormell y los Van Van 56 a\u00f1os de trayectoria en Palacio Municipal.<\/li>\n<\/ul>\n\n\n\n<p><\/p>\n\n\n\n<p>El Gobierno de la Capital alista el programa cultural en el que San Luis Potos\u00ed, Capital Americana de la Cultura 2025, recibe arte y cultura de Cuba, por lo que del 18 al 21 de junio se instala en el Centro Cultural Palacio Municipal una muestra artesanal de estos dos pa\u00edses hermanos.<\/p>\n\n\n\n<p>As\u00ed lo indic\u00f3 H\u00e9ctor Ulises Tello Balderas, encargado de la Direcci\u00f3n de Cultura Municipal, quien dijo que, en el marco de Capital Americana, durante el mes de junio se han programado una serie de conferencias, talleres, exposici\u00f3n, muestra artesanal y presentaciones musicales de Cuba.<\/p>\n\n\n\n<p>Dijo que dentro del programa destaca la participaci\u00f3n de la violinista cubana Angie G\u00f3ngora que presenta \u201cUn viaje por Cuba\u201d y posteriormente, \u201cLa m\u00fasica internacional y merengue\u201d, con Eduardo Ramos y la agrupaci\u00f3n \u201cM\u00e1s con menos\u201d; ambos conciertos se realizar\u00e1n en el Centro Cultural Palacio Municipal el martes 17 de junio.<\/p>\n\n\n\n<p>Tambi\u00e9n destaca el conversatorio con \u201cFormell y los Van Van: 56 a\u00f1os de trayectoria (1969-2025)\u201d, que se realiza en la misma sede el mi\u00e9rcoles 18 de junio.<\/p>\n\n\n\n<p>La agrupaci\u00f3n ofrece concierto abierto y gratuito el jueves 19 de junio en la Plaza del Carmen.<\/p>\n\n\n\n<p>Ent\u00e9rate: <a href=\"https:\/\/sitio.sanluis.gob.mx\/CapitalAmericana2025\/Inicio\">https:\/\/sitio.sanluis.gob.mx\/CapitalAmericana2025\/Inicio<\/a><\/p>\n","protected":false},"excerpt":{"rendered":"<p>El Gobierno de la Capital alista el programa cultural en el que San Luis Potos\u00ed, Capital Americana de la Cultura<\/p>\n","protected":false},"author":2,"featured_media":12753,"comment_status":"closed","ping_status":"closed","sticky":false,"template":"","format":"standard","meta":{"footnotes":""},"categories":[25,30],"tags":[],"class_list":["post-12752","post","type-post","status-publish","format-standard","has-post-thumbnail","hentry","category-local","category-portada"],"yoast_head":"<!-- This site is optimized with the Yoast SEO plugin v24.1 - https:\/\/yoast.com\/wordpress\/plugins\/seo\/ -->\n<title>San Luis Potos\u00ed Capital Americana de la Cultura recibe al pa\u00eds hermano de Cuba en junio - sanluisinforma.com<\/title>\n<meta name=\"robots\" content=\"index, follow, max-snippet:-1, max-image-preview:large, max-video-preview:-1\" \/>\n<link rel=\"canonical\" href=\"https:\/\/sanluisinforma.com\/?p=12752\" \/>\n<meta property=\"og:locale\" content=\"es_MX\" \/>\n<meta property=\"og:type\" content=\"article\" \/>\n<meta property=\"og:title\" content=\"San Luis Potos\u00ed Capital Americana de la Cultura recibe al pa\u00eds hermano de Cuba en junio - sanluisinforma.com\" \/>\n<meta property=\"og:description\" content=\"El Gobierno de la Capital alista el programa cultural en el que San Luis Potos\u00ed, Capital Americana de la Cultura\" \/>\n<meta property=\"og:url\" content=\"https:\/\/sanluisinforma.com\/?p=12752\" \/>\n<meta property=\"og:site_name\" content=\"sanluisinforma.com\" \/>\n<meta property=\"article:published_time\" content=\"2025-06-06T06:45:00+00:00\" \/>\n<meta property=\"article:modified_time\" content=\"2025-06-06T02:00:11+00:00\" \/>\n<meta property=\"og:image\" content=\"https:\/\/sanluisinforma.com\/wp-content\/uploads\/2025\/06\/3bc0fd45-2d95-45f0-9ba3-b18f77366082.jpg\" \/>\n\t<meta property=\"og:image:width\" content=\"400\" \/>\n\t<meta property=\"og:image:height\" content=\"266\" \/>\n\t<meta property=\"og:image:type\" content=\"image\/jpeg\" \/>\n<meta name=\"author\" content=\"sanluisinforma.com\" \/>\n<meta name=\"twitter:card\" content=\"summary_large_image\" \/>\n<meta name=\"twitter:label1\" content=\"Escrito por\" \/>\n\t<meta name=\"twitter:data1\" content=\"sanluisinforma.com\" \/>\n\t<meta name=\"twitter:label2\" content=\"Tiempo de lectura\" \/>\n\t<meta name=\"twitter:data2\" content=\"2 minutos\" \/>\n<script type=\"application\/ld+json\" class=\"yoast-schema-graph\">{\"@context\":\"https:\/\/schema.org\",\"@graph\":[{\"@type\":\"Article\",\"@id\":\"https:\/\/sanluisinforma.com\/?p=12752#article\",\"isPartOf\":{\"@id\":\"https:\/\/sanluisinforma.com\/?p=12752\"},\"author\":{\"name\":\"sanluisinforma.com\",\"@id\":\"https:\/\/sanluisinforma.com\/#\/schema\/person\/c30648f71476be533b6f59d092905c8b\"},\"headline\":\"San Luis Potos\u00ed Capital Americana de la Cultura recibe al pa\u00eds hermano de Cuba en junio\",\"datePublished\":\"2025-06-06T06:45:00+00:00\",\"dateModified\":\"2025-06-06T02:00:11+00:00\",\"mainEntityOfPage\":{\"@id\":\"https:\/\/sanluisinforma.com\/?p=12752\"},\"wordCount\":276,\"publisher\":{\"@id\":\"https:\/\/sanluisinforma.com\/#organization\"},\"image\":{\"@id\":\"https:\/\/sanluisinforma.com\/?p=12752#primaryimage\"},\"thumbnailUrl\":\"https:\/\/sanluisinforma.com\/wp-content\/uploads\/2025\/06\/3bc0fd45-2d95-45f0-9ba3-b18f77366082.jpg\",\"articleSection\":[\"Local\",\"Portada\"],\"inLanguage\":\"es\"},{\"@type\":\"WebPage\",\"@id\":\"https:\/\/sanluisinforma.com\/?p=12752\",\"url\":\"https:\/\/sanluisinforma.com\/?p=12752\",\"name\":\"San Luis Potos\u00ed Capital Americana de la Cultura recibe al pa\u00eds hermano de Cuba en junio - sanluisinforma.com\",\"isPartOf\":{\"@id\":\"https:\/\/sanluisinforma.com\/#website\"},\"primaryImageOfPage\":{\"@id\":\"https:\/\/sanluisinforma.com\/?p=12752#primaryimage\"},\"image\":{\"@id\":\"https:\/\/sanluisinforma.com\/?p=12752#primaryimage\"},\"thumbnailUrl\":\"https:\/\/sanluisinforma.com\/wp-content\/uploads\/2025\/06\/3bc0fd45-2d95-45f0-9ba3-b18f77366082.jpg\",\"datePublished\":\"2025-06-06T06:45:00+00:00\",\"dateModified\":\"2025-06-06T02:00:11+00:00\",\"breadcrumb\":{\"@id\":\"https:\/\/sanluisinforma.com\/?p=12752#breadcrumb\"},\"inLanguage\":\"es\",\"potentialAction\":[{\"@type\":\"ReadAction\",\"target\":[\"https:\/\/sanluisinforma.com\/?p=12752\"]}]},{\"@type\":\"ImageObject\",\"inLanguage\":\"es\",\"@id\":\"https:\/\/sanluisinforma.com\/?p=12752#primaryimage\",\"url\":\"https:\/\/sanluisinforma.com\/wp-content\/uploads\/2025\/06\/3bc0fd45-2d95-45f0-9ba3-b18f77366082.jpg\",\"contentUrl\":\"https:\/\/sanluisinforma.com\/wp-content\/uploads\/2025\/06\/3bc0fd45-2d95-45f0-9ba3-b18f77366082.jpg\",\"width\":400,\"height\":266},{\"@type\":\"BreadcrumbList\",\"@id\":\"https:\/\/sanluisinforma.com\/?p=12752#breadcrumb\",\"itemListElement\":[{\"@type\":\"ListItem\",\"position\":1,\"name\":\"Inicio\",\"item\":\"https:\/\/sanluisinforma.com\/\"},{\"@type\":\"ListItem\",\"position\":2,\"name\":\"San Luis Potos\u00ed Capital Americana de la Cultura recibe al pa\u00eds hermano de Cuba en junio\"}]},{\"@type\":\"WebSite\",\"@id\":\"https:\/\/sanluisinforma.com\/#website\",\"url\":\"https:\/\/sanluisinforma.com\/\",\"name\":\"sanluisinforma.com\",\"description\":\"Periodico San Luis Informa\",\"publisher\":{\"@id\":\"https:\/\/sanluisinforma.com\/#organization\"},\"potentialAction\":[{\"@type\":\"SearchAction\",\"target\":{\"@type\":\"EntryPoint\",\"urlTemplate\":\"https:\/\/sanluisinforma.com\/?s={search_term_string}\"},\"query-input\":{\"@type\":\"PropertyValueSpecification\",\"valueRequired\":true,\"valueName\":\"search_term_string\"}}],\"inLanguage\":\"es\"},{\"@type\":\"Organization\",\"@id\":\"https:\/\/sanluisinforma.com\/#organization\",\"name\":\"sanluisinforma.com\",\"url\":\"https:\/\/sanluisinforma.com\/\",\"logo\":{\"@type\":\"ImageObject\",\"inLanguage\":\"es\",\"@id\":\"https:\/\/sanluisinforma.com\/#\/schema\/logo\/image\/\",\"url\":\"https:\/\/sanluisinforma.com\/wp-content\/uploads\/2026\/03\/sanluisinforma-V.jpg\",\"contentUrl\":\"https:\/\/sanluisinforma.com\/wp-content\/uploads\/2026\/03\/sanluisinforma-V.jpg\",\"width\":500,\"height\":156,\"caption\":\"sanluisinforma.com\"},\"image\":{\"@id\":\"https:\/\/sanluisinforma.com\/#\/schema\/logo\/image\/\"}},{\"@type\":\"Person\",\"@id\":\"https:\/\/sanluisinforma.com\/#\/schema\/person\/c30648f71476be533b6f59d092905c8b\",\"name\":\"sanluisinforma.com\",\"image\":{\"@type\":\"ImageObject\",\"inLanguage\":\"es\",\"@id\":\"https:\/\/sanluisinforma.com\/#\/schema\/person\/image\/\",\"url\":\"https:\/\/secure.gravatar.com\/avatar\/86e3114e34a1eecefb963e0a02f0093f93b092dddb2fe1517596343751081a87?s=96&d=mm&r=g\",\"contentUrl\":\"https:\/\/secure.gravatar.com\/avatar\/86e3114e34a1eecefb963e0a02f0093f93b092dddb2fe1517596343751081a87?s=96&d=mm&r=g\",\"caption\":\"sanluisinforma.com\"},\"url\":\"https:\/\/sanluisinforma.com\/?author=2\"}]}<\/script>\n<!-- \/ Yoast SEO plugin. -->","yoast_head_json":{"title":"San Luis Potos\u00ed Capital Americana de la Cultura recibe al pa\u00eds hermano de Cuba en junio - sanluisinforma.com","robots":{"index":"index","follow":"follow","max-snippet":"max-snippet:-1","max-image-preview":"max-image-preview:large","max-video-preview":"max-video-preview:-1"},"canonical":"https:\/\/sanluisinforma.com\/?p=12752","og_locale":"es_MX","og_type":"article","og_title":"San Luis Potos\u00ed Capital Americana de la Cultura recibe al pa\u00eds hermano de Cuba en junio - sanluisinforma.com","og_description":"El Gobierno de la Capital alista el programa cultural en el que San Luis Potos\u00ed, Capital Americana de la Cultura","og_url":"https:\/\/sanluisinforma.com\/?p=12752","og_site_name":"sanluisinforma.com","article_published_time":"2025-06-06T06:45:00+00:00","article_modified_time":"2025-06-06T02:00:11+00:00","og_image":[{"width":400,"height":266,"url":"https:\/\/sanluisinforma.com\/wp-content\/uploads\/2025\/06\/3bc0fd45-2d95-45f0-9ba3-b18f77366082.jpg","type":"image\/jpeg"}],"author":"sanluisinforma.com","twitter_card":"summary_large_image","twitter_misc":{"Escrito por":"sanluisinforma.com","Tiempo de lectura":"2 minutos"},"schema":{"@context":"https:\/\/schema.org","@graph":[{"@type":"Article","@id":"https:\/\/sanluisinforma.com\/?p=12752#article","isPartOf":{"@id":"https:\/\/sanluisinforma.com\/?p=12752"},"author":{"name":"sanluisinforma.com","@id":"https:\/\/sanluisinforma.com\/#\/schema\/person\/c30648f71476be533b6f59d092905c8b"},"headline":"San Luis Potos\u00ed Capital Americana de la Cultura recibe al pa\u00eds hermano de Cuba en junio","datePublished":"2025-06-06T06:45:00+00:00","dateModified":"2025-06-06T02:00:11+00:00","mainEntityOfPage":{"@id":"https:\/\/sanluisinforma.com\/?p=12752"},"wordCount":276,"publisher":{"@id":"https:\/\/sanluisinforma.com\/#organization"},"image":{"@id":"https:\/\/sanluisinforma.com\/?p=12752#primaryimage"},"thumbnailUrl":"https:\/\/sanluisinforma.com\/wp-content\/uploads\/2025\/06\/3bc0fd45-2d95-45f0-9ba3-b18f77366082.jpg","articleSection":["Local","Portada"],"inLanguage":"es"},{"@type":"WebPage","@id":"https:\/\/sanluisinforma.com\/?p=12752","url":"https:\/\/sanluisinforma.com\/?p=12752","name":"San Luis Potos\u00ed Capital Americana de la Cultura recibe al pa\u00eds hermano de Cuba en junio - sanluisinforma.com","isPartOf":{"@id":"https:\/\/sanluisinforma.com\/#website"},"primaryImageOfPage":{"@id":"https:\/\/sanluisinforma.com\/?p=12752#primaryimage"},"image":{"@id":"https:\/\/sanluisinforma.com\/?p=12752#primaryimage"},"thumbnailUrl":"https:\/\/sanluisinforma.com\/wp-content\/uploads\/2025\/06\/3bc0fd45-2d95-45f0-9ba3-b18f77366082.jpg","datePublished":"2025-06-06T06:45:00+00:00","dateModified":"2025-06-06T02:00:11+00:00","breadcrumb":{"@id":"https:\/\/sanluisinforma.com\/?p=12752#breadcrumb"},"inLanguage":"es","potentialAction":[{"@type":"ReadAction","target":["https:\/\/sanluisinforma.com\/?p=12752"]}]},{"@type":"ImageObject","inLanguage":"es","@id":"https:\/\/sanluisinforma.com\/?p=12752#primaryimage","url":"https:\/\/sanluisinforma.com\/wp-content\/uploads\/2025\/06\/3bc0fd45-2d95-45f0-9ba3-b18f77366082.jpg","contentUrl":"https:\/\/sanluisinforma.com\/wp-content\/uploads\/2025\/06\/3bc0fd45-2d95-45f0-9ba3-b18f77366082.jpg","width":400,"height":266},{"@type":"BreadcrumbList","@id":"https:\/\/sanluisinforma.com\/?p=12752#breadcrumb","itemListElement":[{"@type":"ListItem","position":1,"name":"Inicio","item":"https:\/\/sanluisinforma.com\/"},{"@type":"ListItem","position":2,"name":"San Luis Potos\u00ed Capital Americana de la Cultura recibe al pa\u00eds hermano de Cuba en junio"}]},{"@type":"WebSite","@id":"https:\/\/sanluisinforma.com\/#website","url":"https:\/\/sanluisinforma.com\/","name":"sanluisinforma.com","description":"Periodico San Luis Informa","publisher":{"@id":"https:\/\/sanluisinforma.com\/#organization"},"potentialAction":[{"@type":"SearchAction","target":{"@type":"EntryPoint","urlTemplate":"https:\/\/sanluisinforma.com\/?s={search_term_string}"},"query-input":{"@type":"PropertyValueSpecification","valueRequired":true,"valueName":"search_term_string"}}],"inLanguage":"es"},{"@type":"Organization","@id":"https:\/\/sanluisinforma.com\/#organization","name":"sanluisinforma.com","url":"https:\/\/sanluisinforma.com\/","logo":{"@type":"ImageObject","inLanguage":"es","@id":"https:\/\/sanluisinforma.com\/#\/schema\/logo\/image\/","url":"https:\/\/sanluisinforma.com\/wp-content\/uploads\/2026\/03\/sanluisinforma-V.jpg","contentUrl":"https:\/\/sanluisinforma.com\/wp-content\/uploads\/2026\/03\/sanluisinforma-V.jpg","width":500,"height":156,"caption":"sanluisinforma.com"},"image":{"@id":"https:\/\/sanluisinforma.com\/#\/schema\/logo\/image\/"}},{"@type":"Person","@id":"https:\/\/sanluisinforma.com\/#\/schema\/person\/c30648f71476be533b6f59d092905c8b","name":"sanluisinforma.com","image":{"@type":"ImageObject","inLanguage":"es","@id":"https:\/\/sanluisinforma.com\/#\/schema\/person\/image\/","url":"https:\/\/secure.gravatar.com\/avatar\/86e3114e34a1eecefb963e0a02f0093f93b092dddb2fe1517596343751081a87?s=96&d=mm&r=g","contentUrl":"https:\/\/secure.gravatar.com\/avatar\/86e3114e34a1eecefb963e0a02f0093f93b092dddb2fe1517596343751081a87?s=96&d=mm&r=g","caption":"sanluisinforma.com"},"url":"https:\/\/sanluisinforma.com\/?author=2"}]}},"_links":{"self":[{"href":"https:\/\/sanluisinforma.com\/index.php?rest_route=\/wp\/v2\/posts\/12752","targetHints":{"allow":["GET"]}}],"collection":[{"href":"https:\/\/sanluisinforma.com\/index.php?rest_route=\/wp\/v2\/posts"}],"about":[{"href":"https:\/\/sanluisinforma.com\/index.php?rest_route=\/wp\/v2\/types\/post"}],"author":[{"embeddable":true,"href":"https:\/\/sanluisinforma.com\/index.php?rest_route=\/wp\/v2\/users\/2"}],"replies":[{"embeddable":true,"href":"https:\/\/sanluisinforma.com\/index.php?rest_route=%2Fwp%2Fv2%2Fcomments&post=12752"}],"version-history":[{"count":1,"href":"https:\/\/sanluisinforma.com\/index.php?rest_route=\/wp\/v2\/posts\/12752\/revisions"}],"predecessor-version":[{"id":12754,"href":"https:\/\/sanluisinforma.com\/index.php?rest_route=\/wp\/v2\/posts\/12752\/revisions\/12754"}],"wp:featuredmedia":[{"embeddable":true,"href":"https:\/\/sanluisinforma.com\/index.php?rest_route=\/wp\/v2\/media\/12753"}],"wp:attachment":[{"href":"https:\/\/sanluisinforma.com\/index.php?rest_route=%2Fwp%2Fv2%2Fmedia&parent=12752"}],"wp:term":[{"taxonomy":"category","embeddable":true,"href":"https:\/\/sanluisinforma.com\/index.php?rest_route=%2Fwp%2Fv2%2Fcategories&post=12752"},{"taxonomy":"post_tag","embeddable":true,"href":"https:\/\/sanluisinforma.com\/index.php?rest_route=%2Fwp%2Fv2%2Ftags&post=12752"}],"curies":[{"name":"wp","href":"https:\/\/api.w.org\/{rel}","templated":true}]}}