{"id":12764,"date":"2025-06-07T00:50:00","date_gmt":"2025-06-07T06:50:00","guid":{"rendered":"https:\/\/sanluisinforma.com\/?p=12764"},"modified":"2025-06-06T20:55:45","modified_gmt":"2025-06-07T02:55:45","slug":"enrique-galindo-inaugura-el-vuelo-de-regreso-de-atlanta-a-slp","status":"publish","type":"post","link":"https:\/\/sanluisinforma.com\/?p=12764","title":{"rendered":"Enrique Galindo inaugura el vuelo de regreso de Atlanta a SLP"},"content":{"rendered":"\n<ul class=\"wp-block-list\">\n<li>El Alcalde puso en marcha esta nueva conexi\u00f3n a\u00e9rea, en una alianza hist\u00f3rica con Aerom\u00e9xico y Delta Air Lines que consolida a San Luis Potos\u00ed como una ciudad global.<\/li>\n<\/ul>\n\n\n\n<p>En la inauguraci\u00f3n del vuelo Atlanta \u2013 San Luis, el Alcalde Capitalino, Enrique Galindo Ceballos, resalt\u00f3 la gran alianza del Gobierno de la Capital con Aerom\u00e9xico y Delta Air Lines para materializar este proyecto, quien se comprometi\u00f3 a sostener este logro: \u201cAue acerca a estas grandes ciudades desde lo tur\u00edstico, empresarial, acad\u00e9mico y otros rubros, adem\u00e1s de acercar tambi\u00e9n a las familias\u201d.<\/p>\n\n\n\n<p>El Presidente Municipal Enrique Galindo Ceballos remarc\u00f3 que hoy es un gran momento para la ciudad de San Luis Potos\u00ed, \u201cpor lo que seguiremos trabajando para que se sostenga en el tiempo este vuelo\u201d. Igualmente destac\u00f3 la confianza generada entre todos los sectores involucrados, por lo que reafirm\u00f3 que cuentan con el Gobierno de la Capital para promover esta relaci\u00f3n entre San Luis con Atlanta.&nbsp; Antes de abordar el vuelo de regreso a la Capital potosina, el Presidente Municipal agradeci\u00f3 tanto a empresarios y a integrantes del Cabildo por respaldar estas gestiones con las que se busca no s\u00f3lo un desarrollo econ\u00f3mico sino social a favor de las potosinas y potosinos.<\/p>\n\n\n\n<p>Por su parte, el Vicepresidente de ventas para Norteam\u00e9rica y Latinoam\u00e9rica de Aerom\u00e9xico, Jos\u00e9 Zapata, calific\u00f3 este logro \u201ccomo un sue\u00f1o hecho realidad. San Luis es la cuarta ruta que operamos junto con nuestro socio, Delta Air Lines\u201d. Agradeci\u00f3 al Alcalde Enrique Galindo por creer en este proyecto y tambi\u00e9n al aeropuerto internacional de Atlanta, por lo que se comprometi\u00f3 a trabajar con socios, agencias de viajes y con clientes en M\u00e9xico y Estados Unidos, para reforzar este vuelo.<\/p>\n\n\n\n<p>Por su parte, el Jefe de Asuntos Pol\u00edticos y Econ\u00f3micos del Consulado General de M\u00e9xico, William Lozano Arciniega, subray\u00f3 la importancia de esta nueva conexi\u00f3n de San Luis Potos\u00ed con el aeropuerto m\u00e1s importante del mundo, el de Atlanta, por lo que sin duda, habr\u00e1 m\u00e1s oportunidades comerciales y culturales. Tambi\u00e9n se uni\u00f3 a la felicitaci\u00f3n para el Presidente Municipal por este esfuerzo que finalmente se concreta con el vuelo diario que une a ambas ciudades.<\/p>\n","protected":false},"excerpt":{"rendered":"<p>En la inauguraci\u00f3n del vuelo Atlanta \u2013 San Luis, el Alcalde Capitalino, Enrique Galindo Ceballos, resalt\u00f3 la gran alianza del<\/p>\n","protected":false},"author":2,"featured_media":12765,"comment_status":"closed","ping_status":"closed","sticky":false,"template":"","format":"standard","meta":{"footnotes":""},"categories":[25,30],"tags":[],"class_list":["post-12764","post","type-post","status-publish","format-standard","has-post-thumbnail","hentry","category-local","category-portada"],"yoast_head":"<!-- This site is optimized with the Yoast SEO plugin v24.1 - https:\/\/yoast.com\/wordpress\/plugins\/seo\/ -->\n<title>Enrique Galindo inaugura el vuelo de regreso de Atlanta a SLP - sanluisinforma.com<\/title>\n<meta name=\"robots\" content=\"index, follow, max-snippet:-1, max-image-preview:large, max-video-preview:-1\" \/>\n<link rel=\"canonical\" href=\"https:\/\/sanluisinforma.com\/?p=12764\" \/>\n<meta property=\"og:locale\" content=\"es_MX\" \/>\n<meta property=\"og:type\" content=\"article\" \/>\n<meta property=\"og:title\" content=\"Enrique Galindo inaugura el vuelo de regreso de Atlanta a SLP - sanluisinforma.com\" \/>\n<meta property=\"og:description\" content=\"En la inauguraci\u00f3n del vuelo Atlanta \u2013 San Luis, el Alcalde Capitalino, Enrique Galindo Ceballos, resalt\u00f3 la gran alianza del\" \/>\n<meta property=\"og:url\" content=\"https:\/\/sanluisinforma.com\/?p=12764\" \/>\n<meta property=\"og:site_name\" content=\"sanluisinforma.com\" \/>\n<meta property=\"article:published_time\" content=\"2025-06-07T06:50:00+00:00\" \/>\n<meta property=\"article:modified_time\" content=\"2025-06-07T02:55:45+00:00\" \/>\n<meta property=\"og:image\" content=\"https:\/\/sanluisinforma.com\/wp-content\/uploads\/2025\/06\/a15fd196-12fd-4ace-af4c-08f00cfc2119.jpg\" \/>\n\t<meta property=\"og:image:width\" content=\"400\" \/>\n\t<meta property=\"og:image:height\" content=\"330\" \/>\n\t<meta property=\"og:image:type\" content=\"image\/jpeg\" \/>\n<meta name=\"author\" content=\"sanluisinforma.com\" \/>\n<meta name=\"twitter:card\" content=\"summary_large_image\" \/>\n<meta name=\"twitter:label1\" content=\"Escrito por\" \/>\n\t<meta name=\"twitter:data1\" content=\"sanluisinforma.com\" \/>\n\t<meta name=\"twitter:label2\" content=\"Tiempo de lectura\" \/>\n\t<meta name=\"twitter:data2\" content=\"2 minutos\" \/>\n<script type=\"application\/ld+json\" class=\"yoast-schema-graph\">{\"@context\":\"https:\/\/schema.org\",\"@graph\":[{\"@type\":\"Article\",\"@id\":\"https:\/\/sanluisinforma.com\/?p=12764#article\",\"isPartOf\":{\"@id\":\"https:\/\/sanluisinforma.com\/?p=12764\"},\"author\":{\"name\":\"sanluisinforma.com\",\"@id\":\"https:\/\/sanluisinforma.com\/#\/schema\/person\/c30648f71476be533b6f59d092905c8b\"},\"headline\":\"Enrique Galindo inaugura el vuelo de regreso de Atlanta a SLP\",\"datePublished\":\"2025-06-07T06:50:00+00:00\",\"dateModified\":\"2025-06-07T02:55:45+00:00\",\"mainEntityOfPage\":{\"@id\":\"https:\/\/sanluisinforma.com\/?p=12764\"},\"wordCount\":395,\"publisher\":{\"@id\":\"https:\/\/sanluisinforma.com\/#organization\"},\"image\":{\"@id\":\"https:\/\/sanluisinforma.com\/?p=12764#primaryimage\"},\"thumbnailUrl\":\"https:\/\/sanluisinforma.com\/wp-content\/uploads\/2025\/06\/a15fd196-12fd-4ace-af4c-08f00cfc2119.jpg\",\"articleSection\":[\"Local\",\"Portada\"],\"inLanguage\":\"es\"},{\"@type\":\"WebPage\",\"@id\":\"https:\/\/sanluisinforma.com\/?p=12764\",\"url\":\"https:\/\/sanluisinforma.com\/?p=12764\",\"name\":\"Enrique Galindo inaugura el vuelo de regreso de Atlanta a SLP - sanluisinforma.com\",\"isPartOf\":{\"@id\":\"https:\/\/sanluisinforma.com\/#website\"},\"primaryImageOfPage\":{\"@id\":\"https:\/\/sanluisinforma.com\/?p=12764#primaryimage\"},\"image\":{\"@id\":\"https:\/\/sanluisinforma.com\/?p=12764#primaryimage\"},\"thumbnailUrl\":\"https:\/\/sanluisinforma.com\/wp-content\/uploads\/2025\/06\/a15fd196-12fd-4ace-af4c-08f00cfc2119.jpg\",\"datePublished\":\"2025-06-07T06:50:00+00:00\",\"dateModified\":\"2025-06-07T02:55:45+00:00\",\"breadcrumb\":{\"@id\":\"https:\/\/sanluisinforma.com\/?p=12764#breadcrumb\"},\"inLanguage\":\"es\",\"potentialAction\":[{\"@type\":\"ReadAction\",\"target\":[\"https:\/\/sanluisinforma.com\/?p=12764\"]}]},{\"@type\":\"ImageObject\",\"inLanguage\":\"es\",\"@id\":\"https:\/\/sanluisinforma.com\/?p=12764#primaryimage\",\"url\":\"https:\/\/sanluisinforma.com\/wp-content\/uploads\/2025\/06\/a15fd196-12fd-4ace-af4c-08f00cfc2119.jpg\",\"contentUrl\":\"https:\/\/sanluisinforma.com\/wp-content\/uploads\/2025\/06\/a15fd196-12fd-4ace-af4c-08f00cfc2119.jpg\",\"width\":400,\"height\":330},{\"@type\":\"BreadcrumbList\",\"@id\":\"https:\/\/sanluisinforma.com\/?p=12764#breadcrumb\",\"itemListElement\":[{\"@type\":\"ListItem\",\"position\":1,\"name\":\"Inicio\",\"item\":\"https:\/\/sanluisinforma.com\/\"},{\"@type\":\"ListItem\",\"position\":2,\"name\":\"Enrique Galindo inaugura el vuelo de regreso de Atlanta a SLP\"}]},{\"@type\":\"WebSite\",\"@id\":\"https:\/\/sanluisinforma.com\/#website\",\"url\":\"https:\/\/sanluisinforma.com\/\",\"name\":\"sanluisinforma.com\",\"description\":\"Periodico San Luis Informa\",\"publisher\":{\"@id\":\"https:\/\/sanluisinforma.com\/#organization\"},\"potentialAction\":[{\"@type\":\"SearchAction\",\"target\":{\"@type\":\"EntryPoint\",\"urlTemplate\":\"https:\/\/sanluisinforma.com\/?s={search_term_string}\"},\"query-input\":{\"@type\":\"PropertyValueSpecification\",\"valueRequired\":true,\"valueName\":\"search_term_string\"}}],\"inLanguage\":\"es\"},{\"@type\":\"Organization\",\"@id\":\"https:\/\/sanluisinforma.com\/#organization\",\"name\":\"sanluisinforma.com\",\"url\":\"https:\/\/sanluisinforma.com\/\",\"logo\":{\"@type\":\"ImageObject\",\"inLanguage\":\"es\",\"@id\":\"https:\/\/sanluisinforma.com\/#\/schema\/logo\/image\/\",\"url\":\"https:\/\/sanluisinforma.com\/wp-content\/uploads\/2026\/03\/sanluisinforma-V.jpg\",\"contentUrl\":\"https:\/\/sanluisinforma.com\/wp-content\/uploads\/2026\/03\/sanluisinforma-V.jpg\",\"width\":500,\"height\":156,\"caption\":\"sanluisinforma.com\"},\"image\":{\"@id\":\"https:\/\/sanluisinforma.com\/#\/schema\/logo\/image\/\"}},{\"@type\":\"Person\",\"@id\":\"https:\/\/sanluisinforma.com\/#\/schema\/person\/c30648f71476be533b6f59d092905c8b\",\"name\":\"sanluisinforma.com\",\"image\":{\"@type\":\"ImageObject\",\"inLanguage\":\"es\",\"@id\":\"https:\/\/sanluisinforma.com\/#\/schema\/person\/image\/\",\"url\":\"https:\/\/secure.gravatar.com\/avatar\/86e3114e34a1eecefb963e0a02f0093f93b092dddb2fe1517596343751081a87?s=96&d=mm&r=g\",\"contentUrl\":\"https:\/\/secure.gravatar.com\/avatar\/86e3114e34a1eecefb963e0a02f0093f93b092dddb2fe1517596343751081a87?s=96&d=mm&r=g\",\"caption\":\"sanluisinforma.com\"},\"url\":\"https:\/\/sanluisinforma.com\/?author=2\"}]}<\/script>\n<!-- \/ Yoast SEO plugin. -->","yoast_head_json":{"title":"Enrique Galindo inaugura el vuelo de regreso de Atlanta a SLP - sanluisinforma.com","robots":{"index":"index","follow":"follow","max-snippet":"max-snippet:-1","max-image-preview":"max-image-preview:large","max-video-preview":"max-video-preview:-1"},"canonical":"https:\/\/sanluisinforma.com\/?p=12764","og_locale":"es_MX","og_type":"article","og_title":"Enrique Galindo inaugura el vuelo de regreso de Atlanta a SLP - sanluisinforma.com","og_description":"En la inauguraci\u00f3n del vuelo Atlanta \u2013 San Luis, el Alcalde Capitalino, Enrique Galindo Ceballos, resalt\u00f3 la gran alianza del","og_url":"https:\/\/sanluisinforma.com\/?p=12764","og_site_name":"sanluisinforma.com","article_published_time":"2025-06-07T06:50:00+00:00","article_modified_time":"2025-06-07T02:55:45+00:00","og_image":[{"width":400,"height":330,"url":"https:\/\/sanluisinforma.com\/wp-content\/uploads\/2025\/06\/a15fd196-12fd-4ace-af4c-08f00cfc2119.jpg","type":"image\/jpeg"}],"author":"sanluisinforma.com","twitter_card":"summary_large_image","twitter_misc":{"Escrito por":"sanluisinforma.com","Tiempo de lectura":"2 minutos"},"schema":{"@context":"https:\/\/schema.org","@graph":[{"@type":"Article","@id":"https:\/\/sanluisinforma.com\/?p=12764#article","isPartOf":{"@id":"https:\/\/sanluisinforma.com\/?p=12764"},"author":{"name":"sanluisinforma.com","@id":"https:\/\/sanluisinforma.com\/#\/schema\/person\/c30648f71476be533b6f59d092905c8b"},"headline":"Enrique Galindo inaugura el vuelo de regreso de Atlanta a SLP","datePublished":"2025-06-07T06:50:00+00:00","dateModified":"2025-06-07T02:55:45+00:00","mainEntityOfPage":{"@id":"https:\/\/sanluisinforma.com\/?p=12764"},"wordCount":395,"publisher":{"@id":"https:\/\/sanluisinforma.com\/#organization"},"image":{"@id":"https:\/\/sanluisinforma.com\/?p=12764#primaryimage"},"thumbnailUrl":"https:\/\/sanluisinforma.com\/wp-content\/uploads\/2025\/06\/a15fd196-12fd-4ace-af4c-08f00cfc2119.jpg","articleSection":["Local","Portada"],"inLanguage":"es"},{"@type":"WebPage","@id":"https:\/\/sanluisinforma.com\/?p=12764","url":"https:\/\/sanluisinforma.com\/?p=12764","name":"Enrique Galindo inaugura el vuelo de regreso de Atlanta a SLP - sanluisinforma.com","isPartOf":{"@id":"https:\/\/sanluisinforma.com\/#website"},"primaryImageOfPage":{"@id":"https:\/\/sanluisinforma.com\/?p=12764#primaryimage"},"image":{"@id":"https:\/\/sanluisinforma.com\/?p=12764#primaryimage"},"thumbnailUrl":"https:\/\/sanluisinforma.com\/wp-content\/uploads\/2025\/06\/a15fd196-12fd-4ace-af4c-08f00cfc2119.jpg","datePublished":"2025-06-07T06:50:00+00:00","dateModified":"2025-06-07T02:55:45+00:00","breadcrumb":{"@id":"https:\/\/sanluisinforma.com\/?p=12764#breadcrumb"},"inLanguage":"es","potentialAction":[{"@type":"ReadAction","target":["https:\/\/sanluisinforma.com\/?p=12764"]}]},{"@type":"ImageObject","inLanguage":"es","@id":"https:\/\/sanluisinforma.com\/?p=12764#primaryimage","url":"https:\/\/sanluisinforma.com\/wp-content\/uploads\/2025\/06\/a15fd196-12fd-4ace-af4c-08f00cfc2119.jpg","contentUrl":"https:\/\/sanluisinforma.com\/wp-content\/uploads\/2025\/06\/a15fd196-12fd-4ace-af4c-08f00cfc2119.jpg","width":400,"height":330},{"@type":"BreadcrumbList","@id":"https:\/\/sanluisinforma.com\/?p=12764#breadcrumb","itemListElement":[{"@type":"ListItem","position":1,"name":"Inicio","item":"https:\/\/sanluisinforma.com\/"},{"@type":"ListItem","position":2,"name":"Enrique Galindo inaugura el vuelo de regreso de Atlanta a SLP"}]},{"@type":"WebSite","@id":"https:\/\/sanluisinforma.com\/#website","url":"https:\/\/sanluisinforma.com\/","name":"sanluisinforma.com","description":"Periodico San Luis Informa","publisher":{"@id":"https:\/\/sanluisinforma.com\/#organization"},"potentialAction":[{"@type":"SearchAction","target":{"@type":"EntryPoint","urlTemplate":"https:\/\/sanluisinforma.com\/?s={search_term_string}"},"query-input":{"@type":"PropertyValueSpecification","valueRequired":true,"valueName":"search_term_string"}}],"inLanguage":"es"},{"@type":"Organization","@id":"https:\/\/sanluisinforma.com\/#organization","name":"sanluisinforma.com","url":"https:\/\/sanluisinforma.com\/","logo":{"@type":"ImageObject","inLanguage":"es","@id":"https:\/\/sanluisinforma.com\/#\/schema\/logo\/image\/","url":"https:\/\/sanluisinforma.com\/wp-content\/uploads\/2026\/03\/sanluisinforma-V.jpg","contentUrl":"https:\/\/sanluisinforma.com\/wp-content\/uploads\/2026\/03\/sanluisinforma-V.jpg","width":500,"height":156,"caption":"sanluisinforma.com"},"image":{"@id":"https:\/\/sanluisinforma.com\/#\/schema\/logo\/image\/"}},{"@type":"Person","@id":"https:\/\/sanluisinforma.com\/#\/schema\/person\/c30648f71476be533b6f59d092905c8b","name":"sanluisinforma.com","image":{"@type":"ImageObject","inLanguage":"es","@id":"https:\/\/sanluisinforma.com\/#\/schema\/person\/image\/","url":"https:\/\/secure.gravatar.com\/avatar\/86e3114e34a1eecefb963e0a02f0093f93b092dddb2fe1517596343751081a87?s=96&d=mm&r=g","contentUrl":"https:\/\/secure.gravatar.com\/avatar\/86e3114e34a1eecefb963e0a02f0093f93b092dddb2fe1517596343751081a87?s=96&d=mm&r=g","caption":"sanluisinforma.com"},"url":"https:\/\/sanluisinforma.com\/?author=2"}]}},"_links":{"self":[{"href":"https:\/\/sanluisinforma.com\/index.php?rest_route=\/wp\/v2\/posts\/12764","targetHints":{"allow":["GET"]}}],"collection":[{"href":"https:\/\/sanluisinforma.com\/index.php?rest_route=\/wp\/v2\/posts"}],"about":[{"href":"https:\/\/sanluisinforma.com\/index.php?rest_route=\/wp\/v2\/types\/post"}],"author":[{"embeddable":true,"href":"https:\/\/sanluisinforma.com\/index.php?rest_route=\/wp\/v2\/users\/2"}],"replies":[{"embeddable":true,"href":"https:\/\/sanluisinforma.com\/index.php?rest_route=%2Fwp%2Fv2%2Fcomments&post=12764"}],"version-history":[{"count":1,"href":"https:\/\/sanluisinforma.com\/index.php?rest_route=\/wp\/v2\/posts\/12764\/revisions"}],"predecessor-version":[{"id":12766,"href":"https:\/\/sanluisinforma.com\/index.php?rest_route=\/wp\/v2\/posts\/12764\/revisions\/12766"}],"wp:featuredmedia":[{"embeddable":true,"href":"https:\/\/sanluisinforma.com\/index.php?rest_route=\/wp\/v2\/media\/12765"}],"wp:attachment":[{"href":"https:\/\/sanluisinforma.com\/index.php?rest_route=%2Fwp%2Fv2%2Fmedia&parent=12764"}],"wp:term":[{"taxonomy":"category","embeddable":true,"href":"https:\/\/sanluisinforma.com\/index.php?rest_route=%2Fwp%2Fv2%2Fcategories&post=12764"},{"taxonomy":"post_tag","embeddable":true,"href":"https:\/\/sanluisinforma.com\/index.php?rest_route=%2Fwp%2Fv2%2Ftags&post=12764"}],"curies":[{"name":"wp","href":"https:\/\/api.w.org\/{rel}","templated":true}]}}