{"id":12767,"date":"2025-06-07T00:30:52","date_gmt":"2025-06-07T06:30:52","guid":{"rendered":"https:\/\/sanluisinforma.com\/?p=12767"},"modified":"2025-06-06T21:21:10","modified_gmt":"2025-06-07T03:21:10","slug":"se-registra-nueva-falla-en-el-realito-es-la-novena-del-ano","status":"publish","type":"post","link":"https:\/\/sanluisinforma.com\/?p=12767","title":{"rendered":"Se registra nueva falla en El Realito; es la novena del a\u00f1o"},"content":{"rendered":"\n<ul class=\"wp-block-list\">\n<li>Interapas activ\u00f3 pozos de reserva, as\u00ed como los operativos de distribuci\u00f3n mediante pipas.<\/li>\n<\/ul>\n\n\n\n<p>SLP.- A tan solo seis d\u00edas de haberse reanudado el suministro de agua proveniente del sistema \u201cEl Realito\u201d, este viernes se report\u00f3 una nueva falla en el acueducto, la n\u00famero nueve en lo que va del 2025 y la n\u00famero 85 desde que comenz\u00f3 operaciones.<\/p>\n\n\n\n<p>INTERAPAS mantiene activo su plan de atenci\u00f3n para mitigar los efectos de esta nueva interrupci\u00f3n, con la activaci\u00f3n de pozos de reserva Abastos I, Hostal, Himno Nacional y Balcones, as\u00ed como el inicio de distribuci\u00f3n por horarios conforme al flujo de cada fuente y operativos de distribuci\u00f3n con camiones cisterna en las zonas afectadas.<\/p>\n\n\n\n<p>Se invita a los usuarios a mantenerse informados trav\u00e9s de los canales oficiales del organismo o a trav\u00e9s de la l\u00ednea Acuatel 444 123 6400.<\/p>\n","protected":false},"excerpt":{"rendered":"<p>SLP.- A tan solo seis d\u00edas de haberse reanudado el suministro de agua proveniente del sistema \u201cEl Realito\u201d, este viernes<\/p>\n","protected":false},"author":2,"featured_media":12768,"comment_status":"closed","ping_status":"closed","sticky":false,"template":"","format":"standard","meta":{"footnotes":""},"categories":[25],"tags":[],"class_list":["post-12767","post","type-post","status-publish","format-standard","has-post-thumbnail","hentry","category-local"],"yoast_head":"<!-- This site is optimized with the Yoast SEO plugin v24.1 - https:\/\/yoast.com\/wordpress\/plugins\/seo\/ -->\n<title>Se registra nueva falla en El Realito; es la novena del a\u00f1o - sanluisinforma.com<\/title>\n<meta name=\"robots\" content=\"index, follow, max-snippet:-1, max-image-preview:large, max-video-preview:-1\" \/>\n<link rel=\"canonical\" href=\"https:\/\/sanluisinforma.com\/?p=12767\" \/>\n<meta property=\"og:locale\" content=\"es_MX\" \/>\n<meta property=\"og:type\" content=\"article\" \/>\n<meta property=\"og:title\" content=\"Se registra nueva falla en El Realito; es la novena del a\u00f1o - sanluisinforma.com\" \/>\n<meta property=\"og:description\" content=\"SLP.- A tan solo seis d\u00edas de haberse reanudado el suministro de agua proveniente del sistema \u201cEl Realito\u201d, este viernes\" \/>\n<meta property=\"og:url\" content=\"https:\/\/sanluisinforma.com\/?p=12767\" \/>\n<meta property=\"og:site_name\" content=\"sanluisinforma.com\" \/>\n<meta property=\"article:published_time\" content=\"2025-06-07T06:30:52+00:00\" \/>\n<meta property=\"article:modified_time\" content=\"2025-06-07T03:21:10+00:00\" \/>\n<meta property=\"og:image\" content=\"https:\/\/sanluisinforma.com\/wp-content\/uploads\/2025\/06\/0350fcf9-58b2-4399-8bd4-bead937e1bd2.jpg\" \/>\n\t<meta property=\"og:image:width\" content=\"400\" \/>\n\t<meta property=\"og:image:height\" content=\"378\" \/>\n\t<meta property=\"og:image:type\" content=\"image\/jpeg\" \/>\n<meta name=\"author\" content=\"sanluisinforma.com\" \/>\n<meta name=\"twitter:card\" content=\"summary_large_image\" \/>\n<meta name=\"twitter:label1\" content=\"Escrito por\" \/>\n\t<meta name=\"twitter:data1\" content=\"sanluisinforma.com\" \/>\n\t<meta name=\"twitter:label2\" content=\"Tiempo de lectura\" \/>\n\t<meta name=\"twitter:data2\" content=\"1 minuto\" \/>\n<script type=\"application\/ld+json\" class=\"yoast-schema-graph\">{\"@context\":\"https:\/\/schema.org\",\"@graph\":[{\"@type\":\"Article\",\"@id\":\"https:\/\/sanluisinforma.com\/?p=12767#article\",\"isPartOf\":{\"@id\":\"https:\/\/sanluisinforma.com\/?p=12767\"},\"author\":{\"name\":\"sanluisinforma.com\",\"@id\":\"https:\/\/sanluisinforma.com\/#\/schema\/person\/c30648f71476be533b6f59d092905c8b\"},\"headline\":\"Se registra nueva falla en El Realito; es la novena del a\u00f1o\",\"datePublished\":\"2025-06-07T06:30:52+00:00\",\"dateModified\":\"2025-06-07T03:21:10+00:00\",\"mainEntityOfPage\":{\"@id\":\"https:\/\/sanluisinforma.com\/?p=12767\"},\"wordCount\":158,\"publisher\":{\"@id\":\"https:\/\/sanluisinforma.com\/#organization\"},\"image\":{\"@id\":\"https:\/\/sanluisinforma.com\/?p=12767#primaryimage\"},\"thumbnailUrl\":\"https:\/\/sanluisinforma.com\/wp-content\/uploads\/2025\/06\/0350fcf9-58b2-4399-8bd4-bead937e1bd2.jpg\",\"articleSection\":[\"Local\"],\"inLanguage\":\"es\"},{\"@type\":\"WebPage\",\"@id\":\"https:\/\/sanluisinforma.com\/?p=12767\",\"url\":\"https:\/\/sanluisinforma.com\/?p=12767\",\"name\":\"Se registra nueva falla en El Realito; es la novena del a\u00f1o - sanluisinforma.com\",\"isPartOf\":{\"@id\":\"https:\/\/sanluisinforma.com\/#website\"},\"primaryImageOfPage\":{\"@id\":\"https:\/\/sanluisinforma.com\/?p=12767#primaryimage\"},\"image\":{\"@id\":\"https:\/\/sanluisinforma.com\/?p=12767#primaryimage\"},\"thumbnailUrl\":\"https:\/\/sanluisinforma.com\/wp-content\/uploads\/2025\/06\/0350fcf9-58b2-4399-8bd4-bead937e1bd2.jpg\",\"datePublished\":\"2025-06-07T06:30:52+00:00\",\"dateModified\":\"2025-06-07T03:21:10+00:00\",\"breadcrumb\":{\"@id\":\"https:\/\/sanluisinforma.com\/?p=12767#breadcrumb\"},\"inLanguage\":\"es\",\"potentialAction\":[{\"@type\":\"ReadAction\",\"target\":[\"https:\/\/sanluisinforma.com\/?p=12767\"]}]},{\"@type\":\"ImageObject\",\"inLanguage\":\"es\",\"@id\":\"https:\/\/sanluisinforma.com\/?p=12767#primaryimage\",\"url\":\"https:\/\/sanluisinforma.com\/wp-content\/uploads\/2025\/06\/0350fcf9-58b2-4399-8bd4-bead937e1bd2.jpg\",\"contentUrl\":\"https:\/\/sanluisinforma.com\/wp-content\/uploads\/2025\/06\/0350fcf9-58b2-4399-8bd4-bead937e1bd2.jpg\",\"width\":400,\"height\":378},{\"@type\":\"BreadcrumbList\",\"@id\":\"https:\/\/sanluisinforma.com\/?p=12767#breadcrumb\",\"itemListElement\":[{\"@type\":\"ListItem\",\"position\":1,\"name\":\"Inicio\",\"item\":\"https:\/\/sanluisinforma.com\/\"},{\"@type\":\"ListItem\",\"position\":2,\"name\":\"Se registra nueva falla en El Realito; es la novena del a\u00f1o\"}]},{\"@type\":\"WebSite\",\"@id\":\"https:\/\/sanluisinforma.com\/#website\",\"url\":\"https:\/\/sanluisinforma.com\/\",\"name\":\"sanluisinforma.com\",\"description\":\"Periodico San Luis Informa\",\"publisher\":{\"@id\":\"https:\/\/sanluisinforma.com\/#organization\"},\"potentialAction\":[{\"@type\":\"SearchAction\",\"target\":{\"@type\":\"EntryPoint\",\"urlTemplate\":\"https:\/\/sanluisinforma.com\/?s={search_term_string}\"},\"query-input\":{\"@type\":\"PropertyValueSpecification\",\"valueRequired\":true,\"valueName\":\"search_term_string\"}}],\"inLanguage\":\"es\"},{\"@type\":\"Organization\",\"@id\":\"https:\/\/sanluisinforma.com\/#organization\",\"name\":\"sanluisinforma.com\",\"url\":\"https:\/\/sanluisinforma.com\/\",\"logo\":{\"@type\":\"ImageObject\",\"inLanguage\":\"es\",\"@id\":\"https:\/\/sanluisinforma.com\/#\/schema\/logo\/image\/\",\"url\":\"https:\/\/sanluisinforma.com\/wp-content\/uploads\/2026\/03\/sanluisinforma-V.jpg\",\"contentUrl\":\"https:\/\/sanluisinforma.com\/wp-content\/uploads\/2026\/03\/sanluisinforma-V.jpg\",\"width\":500,\"height\":156,\"caption\":\"sanluisinforma.com\"},\"image\":{\"@id\":\"https:\/\/sanluisinforma.com\/#\/schema\/logo\/image\/\"}},{\"@type\":\"Person\",\"@id\":\"https:\/\/sanluisinforma.com\/#\/schema\/person\/c30648f71476be533b6f59d092905c8b\",\"name\":\"sanluisinforma.com\",\"image\":{\"@type\":\"ImageObject\",\"inLanguage\":\"es\",\"@id\":\"https:\/\/sanluisinforma.com\/#\/schema\/person\/image\/\",\"url\":\"https:\/\/secure.gravatar.com\/avatar\/86e3114e34a1eecefb963e0a02f0093f93b092dddb2fe1517596343751081a87?s=96&d=mm&r=g\",\"contentUrl\":\"https:\/\/secure.gravatar.com\/avatar\/86e3114e34a1eecefb963e0a02f0093f93b092dddb2fe1517596343751081a87?s=96&d=mm&r=g\",\"caption\":\"sanluisinforma.com\"},\"url\":\"https:\/\/sanluisinforma.com\/?author=2\"}]}<\/script>\n<!-- \/ Yoast SEO plugin. -->","yoast_head_json":{"title":"Se registra nueva falla en El Realito; es la novena del a\u00f1o - sanluisinforma.com","robots":{"index":"index","follow":"follow","max-snippet":"max-snippet:-1","max-image-preview":"max-image-preview:large","max-video-preview":"max-video-preview:-1"},"canonical":"https:\/\/sanluisinforma.com\/?p=12767","og_locale":"es_MX","og_type":"article","og_title":"Se registra nueva falla en El Realito; es la novena del a\u00f1o - sanluisinforma.com","og_description":"SLP.- A tan solo seis d\u00edas de haberse reanudado el suministro de agua proveniente del sistema \u201cEl Realito\u201d, este viernes","og_url":"https:\/\/sanluisinforma.com\/?p=12767","og_site_name":"sanluisinforma.com","article_published_time":"2025-06-07T06:30:52+00:00","article_modified_time":"2025-06-07T03:21:10+00:00","og_image":[{"width":400,"height":378,"url":"https:\/\/sanluisinforma.com\/wp-content\/uploads\/2025\/06\/0350fcf9-58b2-4399-8bd4-bead937e1bd2.jpg","type":"image\/jpeg"}],"author":"sanluisinforma.com","twitter_card":"summary_large_image","twitter_misc":{"Escrito por":"sanluisinforma.com","Tiempo de lectura":"1 minuto"},"schema":{"@context":"https:\/\/schema.org","@graph":[{"@type":"Article","@id":"https:\/\/sanluisinforma.com\/?p=12767#article","isPartOf":{"@id":"https:\/\/sanluisinforma.com\/?p=12767"},"author":{"name":"sanluisinforma.com","@id":"https:\/\/sanluisinforma.com\/#\/schema\/person\/c30648f71476be533b6f59d092905c8b"},"headline":"Se registra nueva falla en El Realito; es la novena del a\u00f1o","datePublished":"2025-06-07T06:30:52+00:00","dateModified":"2025-06-07T03:21:10+00:00","mainEntityOfPage":{"@id":"https:\/\/sanluisinforma.com\/?p=12767"},"wordCount":158,"publisher":{"@id":"https:\/\/sanluisinforma.com\/#organization"},"image":{"@id":"https:\/\/sanluisinforma.com\/?p=12767#primaryimage"},"thumbnailUrl":"https:\/\/sanluisinforma.com\/wp-content\/uploads\/2025\/06\/0350fcf9-58b2-4399-8bd4-bead937e1bd2.jpg","articleSection":["Local"],"inLanguage":"es"},{"@type":"WebPage","@id":"https:\/\/sanluisinforma.com\/?p=12767","url":"https:\/\/sanluisinforma.com\/?p=12767","name":"Se registra nueva falla en El Realito; es la novena del a\u00f1o - sanluisinforma.com","isPartOf":{"@id":"https:\/\/sanluisinforma.com\/#website"},"primaryImageOfPage":{"@id":"https:\/\/sanluisinforma.com\/?p=12767#primaryimage"},"image":{"@id":"https:\/\/sanluisinforma.com\/?p=12767#primaryimage"},"thumbnailUrl":"https:\/\/sanluisinforma.com\/wp-content\/uploads\/2025\/06\/0350fcf9-58b2-4399-8bd4-bead937e1bd2.jpg","datePublished":"2025-06-07T06:30:52+00:00","dateModified":"2025-06-07T03:21:10+00:00","breadcrumb":{"@id":"https:\/\/sanluisinforma.com\/?p=12767#breadcrumb"},"inLanguage":"es","potentialAction":[{"@type":"ReadAction","target":["https:\/\/sanluisinforma.com\/?p=12767"]}]},{"@type":"ImageObject","inLanguage":"es","@id":"https:\/\/sanluisinforma.com\/?p=12767#primaryimage","url":"https:\/\/sanluisinforma.com\/wp-content\/uploads\/2025\/06\/0350fcf9-58b2-4399-8bd4-bead937e1bd2.jpg","contentUrl":"https:\/\/sanluisinforma.com\/wp-content\/uploads\/2025\/06\/0350fcf9-58b2-4399-8bd4-bead937e1bd2.jpg","width":400,"height":378},{"@type":"BreadcrumbList","@id":"https:\/\/sanluisinforma.com\/?p=12767#breadcrumb","itemListElement":[{"@type":"ListItem","position":1,"name":"Inicio","item":"https:\/\/sanluisinforma.com\/"},{"@type":"ListItem","position":2,"name":"Se registra nueva falla en El Realito; es la novena del a\u00f1o"}]},{"@type":"WebSite","@id":"https:\/\/sanluisinforma.com\/#website","url":"https:\/\/sanluisinforma.com\/","name":"sanluisinforma.com","description":"Periodico San Luis Informa","publisher":{"@id":"https:\/\/sanluisinforma.com\/#organization"},"potentialAction":[{"@type":"SearchAction","target":{"@type":"EntryPoint","urlTemplate":"https:\/\/sanluisinforma.com\/?s={search_term_string}"},"query-input":{"@type":"PropertyValueSpecification","valueRequired":true,"valueName":"search_term_string"}}],"inLanguage":"es"},{"@type":"Organization","@id":"https:\/\/sanluisinforma.com\/#organization","name":"sanluisinforma.com","url":"https:\/\/sanluisinforma.com\/","logo":{"@type":"ImageObject","inLanguage":"es","@id":"https:\/\/sanluisinforma.com\/#\/schema\/logo\/image\/","url":"https:\/\/sanluisinforma.com\/wp-content\/uploads\/2026\/03\/sanluisinforma-V.jpg","contentUrl":"https:\/\/sanluisinforma.com\/wp-content\/uploads\/2026\/03\/sanluisinforma-V.jpg","width":500,"height":156,"caption":"sanluisinforma.com"},"image":{"@id":"https:\/\/sanluisinforma.com\/#\/schema\/logo\/image\/"}},{"@type":"Person","@id":"https:\/\/sanluisinforma.com\/#\/schema\/person\/c30648f71476be533b6f59d092905c8b","name":"sanluisinforma.com","image":{"@type":"ImageObject","inLanguage":"es","@id":"https:\/\/sanluisinforma.com\/#\/schema\/person\/image\/","url":"https:\/\/secure.gravatar.com\/avatar\/86e3114e34a1eecefb963e0a02f0093f93b092dddb2fe1517596343751081a87?s=96&d=mm&r=g","contentUrl":"https:\/\/secure.gravatar.com\/avatar\/86e3114e34a1eecefb963e0a02f0093f93b092dddb2fe1517596343751081a87?s=96&d=mm&r=g","caption":"sanluisinforma.com"},"url":"https:\/\/sanluisinforma.com\/?author=2"}]}},"_links":{"self":[{"href":"https:\/\/sanluisinforma.com\/index.php?rest_route=\/wp\/v2\/posts\/12767","targetHints":{"allow":["GET"]}}],"collection":[{"href":"https:\/\/sanluisinforma.com\/index.php?rest_route=\/wp\/v2\/posts"}],"about":[{"href":"https:\/\/sanluisinforma.com\/index.php?rest_route=\/wp\/v2\/types\/post"}],"author":[{"embeddable":true,"href":"https:\/\/sanluisinforma.com\/index.php?rest_route=\/wp\/v2\/users\/2"}],"replies":[{"embeddable":true,"href":"https:\/\/sanluisinforma.com\/index.php?rest_route=%2Fwp%2Fv2%2Fcomments&post=12767"}],"version-history":[{"count":1,"href":"https:\/\/sanluisinforma.com\/index.php?rest_route=\/wp\/v2\/posts\/12767\/revisions"}],"predecessor-version":[{"id":12769,"href":"https:\/\/sanluisinforma.com\/index.php?rest_route=\/wp\/v2\/posts\/12767\/revisions\/12769"}],"wp:featuredmedia":[{"embeddable":true,"href":"https:\/\/sanluisinforma.com\/index.php?rest_route=\/wp\/v2\/media\/12768"}],"wp:attachment":[{"href":"https:\/\/sanluisinforma.com\/index.php?rest_route=%2Fwp%2Fv2%2Fmedia&parent=12767"}],"wp:term":[{"taxonomy":"category","embeddable":true,"href":"https:\/\/sanluisinforma.com\/index.php?rest_route=%2Fwp%2Fv2%2Fcategories&post=12767"},{"taxonomy":"post_tag","embeddable":true,"href":"https:\/\/sanluisinforma.com\/index.php?rest_route=%2Fwp%2Fv2%2Ftags&post=12767"}],"curies":[{"name":"wp","href":"https:\/\/api.w.org\/{rel}","templated":true}]}}