{"id":12770,"date":"2025-06-07T00:55:00","date_gmt":"2025-06-07T06:55:00","guid":{"rendered":"https:\/\/sanluisinforma.com\/?p=12770"},"modified":"2025-06-06T20:57:33","modified_gmt":"2025-06-07T02:57:33","slug":"gobierno-estatal-colabora-con-la-cfe-para-evitar-cortes-electricos","status":"publish","type":"post","link":"https:\/\/sanluisinforma.com\/?p=12770","title":{"rendered":"Gobierno Estatal colabora con\u00a0 la CFE para evitar cortes el\u00e9ctricos"},"content":{"rendered":"\n<p>El Gobernador Ricardo Gallardo se reuni\u00f3 con alcaldes y el superintendente de la Comisi\u00f3n para dar soluci\u00f3n a los cortes en el suministro en la Huasteca y el Altiplano<\/p>\n\n\n\n<p>El Gobierno del Estado de San Luis Potos\u00ed integrar\u00e1 una agenda espec\u00edfica por zonas y municipios, con el fin de atender los cortes de energ\u00eda el\u00e9ctrica que se han registrado con mayor frecuencia en el Altiplano y la Huasteca, con el respaldo de la Comisi\u00f3n Federal de Electricidad (CFE).<\/p>\n\n\n\n<p>Lo anterior lo inform\u00f3 el secretario general de Gobierno, J. Guadalupe Torres S\u00e1nchez, quien record\u00f3 que el Gobernador Ricardo Gallardo Cardona encabez\u00f3 una reuni\u00f3n con las y los alcaldes de los 59 municipios y funcionarios federales, entre ellos el superintendente de la CFE, Jos\u00e9 \u00c1ngel Elizondo Sald\u00edvar, donde se acord\u00f3 que el funcionario federal se reunir\u00e1 con los ediles a fin de tener un informe detallado de los casos y sus causas.<\/p>\n\n\n\n<p>Torres S\u00e1nchez precis\u00f3 que en esta temporada la suspensi\u00f3n de energ\u00eda se relaciona con las lluvias que se registran en diversas regiones del Estado \u201ces un problema en el que intervienen diferentes causas, no es generalizada. El Gobernador Ricardo Gallardo propuso que la CFE y las y los alcaldes que han visto afectado sus municipios, se re\u00fanan para dar una soluci\u00f3n a cada uno de ellos\u201d; agreg\u00f3.<\/p>\n","protected":false},"excerpt":{"rendered":"<p>El Gobernador Ricardo Gallardo se reuni\u00f3 con alcaldes y el superintendente de la Comisi\u00f3n para dar soluci\u00f3n a los cortes<\/p>\n","protected":false},"author":2,"featured_media":12771,"comment_status":"closed","ping_status":"closed","sticky":false,"template":"","format":"standard","meta":{"footnotes":""},"categories":[25,30],"tags":[],"class_list":["post-12770","post","type-post","status-publish","format-standard","has-post-thumbnail","hentry","category-local","category-portada"],"yoast_head":"<!-- This site is optimized with the Yoast SEO plugin v24.1 - https:\/\/yoast.com\/wordpress\/plugins\/seo\/ -->\n<title>Gobierno Estatal colabora con\u00a0 la CFE para evitar cortes el\u00e9ctricos - sanluisinforma.com<\/title>\n<meta name=\"robots\" content=\"index, follow, max-snippet:-1, max-image-preview:large, max-video-preview:-1\" \/>\n<link rel=\"canonical\" href=\"https:\/\/sanluisinforma.com\/?p=12770\" \/>\n<meta property=\"og:locale\" content=\"es_MX\" \/>\n<meta property=\"og:type\" content=\"article\" \/>\n<meta property=\"og:title\" content=\"Gobierno Estatal colabora con\u00a0 la CFE para evitar cortes el\u00e9ctricos - sanluisinforma.com\" \/>\n<meta property=\"og:description\" content=\"El Gobernador Ricardo Gallardo se reuni\u00f3 con alcaldes y el superintendente de la Comisi\u00f3n para dar soluci\u00f3n a los cortes\" \/>\n<meta property=\"og:url\" content=\"https:\/\/sanluisinforma.com\/?p=12770\" \/>\n<meta property=\"og:site_name\" content=\"sanluisinforma.com\" \/>\n<meta property=\"article:published_time\" content=\"2025-06-07T06:55:00+00:00\" \/>\n<meta property=\"article:modified_time\" content=\"2025-06-07T02:57:33+00:00\" \/>\n<meta property=\"og:image\" content=\"https:\/\/sanluisinforma.com\/wp-content\/uploads\/2025\/06\/165494b8-c3d3-4a84-afd1-a879f181ddd5.jpg\" \/>\n\t<meta property=\"og:image:width\" content=\"400\" \/>\n\t<meta property=\"og:image:height\" content=\"266\" \/>\n\t<meta property=\"og:image:type\" content=\"image\/jpeg\" \/>\n<meta name=\"author\" content=\"sanluisinforma.com\" \/>\n<meta name=\"twitter:card\" content=\"summary_large_image\" \/>\n<meta name=\"twitter:label1\" content=\"Escrito por\" \/>\n\t<meta name=\"twitter:data1\" content=\"sanluisinforma.com\" \/>\n\t<meta name=\"twitter:label2\" content=\"Tiempo de lectura\" \/>\n\t<meta name=\"twitter:data2\" content=\"2 minutos\" \/>\n<script type=\"application\/ld+json\" class=\"yoast-schema-graph\">{\"@context\":\"https:\/\/schema.org\",\"@graph\":[{\"@type\":\"Article\",\"@id\":\"https:\/\/sanluisinforma.com\/?p=12770#article\",\"isPartOf\":{\"@id\":\"https:\/\/sanluisinforma.com\/?p=12770\"},\"author\":{\"name\":\"sanluisinforma.com\",\"@id\":\"https:\/\/sanluisinforma.com\/#\/schema\/person\/c30648f71476be533b6f59d092905c8b\"},\"headline\":\"Gobierno Estatal colabora con\u00a0 la CFE para evitar cortes el\u00e9ctricos\",\"datePublished\":\"2025-06-07T06:55:00+00:00\",\"dateModified\":\"2025-06-07T02:57:33+00:00\",\"mainEntityOfPage\":{\"@id\":\"https:\/\/sanluisinforma.com\/?p=12770\"},\"wordCount\":241,\"publisher\":{\"@id\":\"https:\/\/sanluisinforma.com\/#organization\"},\"image\":{\"@id\":\"https:\/\/sanluisinforma.com\/?p=12770#primaryimage\"},\"thumbnailUrl\":\"https:\/\/sanluisinforma.com\/wp-content\/uploads\/2025\/06\/165494b8-c3d3-4a84-afd1-a879f181ddd5.jpg\",\"articleSection\":[\"Local\",\"Portada\"],\"inLanguage\":\"es\"},{\"@type\":\"WebPage\",\"@id\":\"https:\/\/sanluisinforma.com\/?p=12770\",\"url\":\"https:\/\/sanluisinforma.com\/?p=12770\",\"name\":\"Gobierno Estatal colabora con\u00a0 la CFE para evitar cortes el\u00e9ctricos - sanluisinforma.com\",\"isPartOf\":{\"@id\":\"https:\/\/sanluisinforma.com\/#website\"},\"primaryImageOfPage\":{\"@id\":\"https:\/\/sanluisinforma.com\/?p=12770#primaryimage\"},\"image\":{\"@id\":\"https:\/\/sanluisinforma.com\/?p=12770#primaryimage\"},\"thumbnailUrl\":\"https:\/\/sanluisinforma.com\/wp-content\/uploads\/2025\/06\/165494b8-c3d3-4a84-afd1-a879f181ddd5.jpg\",\"datePublished\":\"2025-06-07T06:55:00+00:00\",\"dateModified\":\"2025-06-07T02:57:33+00:00\",\"breadcrumb\":{\"@id\":\"https:\/\/sanluisinforma.com\/?p=12770#breadcrumb\"},\"inLanguage\":\"es\",\"potentialAction\":[{\"@type\":\"ReadAction\",\"target\":[\"https:\/\/sanluisinforma.com\/?p=12770\"]}]},{\"@type\":\"ImageObject\",\"inLanguage\":\"es\",\"@id\":\"https:\/\/sanluisinforma.com\/?p=12770#primaryimage\",\"url\":\"https:\/\/sanluisinforma.com\/wp-content\/uploads\/2025\/06\/165494b8-c3d3-4a84-afd1-a879f181ddd5.jpg\",\"contentUrl\":\"https:\/\/sanluisinforma.com\/wp-content\/uploads\/2025\/06\/165494b8-c3d3-4a84-afd1-a879f181ddd5.jpg\",\"width\":400,\"height\":266},{\"@type\":\"BreadcrumbList\",\"@id\":\"https:\/\/sanluisinforma.com\/?p=12770#breadcrumb\",\"itemListElement\":[{\"@type\":\"ListItem\",\"position\":1,\"name\":\"Inicio\",\"item\":\"https:\/\/sanluisinforma.com\/\"},{\"@type\":\"ListItem\",\"position\":2,\"name\":\"Gobierno Estatal colabora con\u00a0 la CFE para evitar cortes el\u00e9ctricos\"}]},{\"@type\":\"WebSite\",\"@id\":\"https:\/\/sanluisinforma.com\/#website\",\"url\":\"https:\/\/sanluisinforma.com\/\",\"name\":\"sanluisinforma.com\",\"description\":\"Periodico San Luis Informa\",\"publisher\":{\"@id\":\"https:\/\/sanluisinforma.com\/#organization\"},\"potentialAction\":[{\"@type\":\"SearchAction\",\"target\":{\"@type\":\"EntryPoint\",\"urlTemplate\":\"https:\/\/sanluisinforma.com\/?s={search_term_string}\"},\"query-input\":{\"@type\":\"PropertyValueSpecification\",\"valueRequired\":true,\"valueName\":\"search_term_string\"}}],\"inLanguage\":\"es\"},{\"@type\":\"Organization\",\"@id\":\"https:\/\/sanluisinforma.com\/#organization\",\"name\":\"sanluisinforma.com\",\"url\":\"https:\/\/sanluisinforma.com\/\",\"logo\":{\"@type\":\"ImageObject\",\"inLanguage\":\"es\",\"@id\":\"https:\/\/sanluisinforma.com\/#\/schema\/logo\/image\/\",\"url\":\"https:\/\/sanluisinforma.com\/wp-content\/uploads\/2026\/03\/sanluisinforma-V.jpg\",\"contentUrl\":\"https:\/\/sanluisinforma.com\/wp-content\/uploads\/2026\/03\/sanluisinforma-V.jpg\",\"width\":500,\"height\":156,\"caption\":\"sanluisinforma.com\"},\"image\":{\"@id\":\"https:\/\/sanluisinforma.com\/#\/schema\/logo\/image\/\"}},{\"@type\":\"Person\",\"@id\":\"https:\/\/sanluisinforma.com\/#\/schema\/person\/c30648f71476be533b6f59d092905c8b\",\"name\":\"sanluisinforma.com\",\"image\":{\"@type\":\"ImageObject\",\"inLanguage\":\"es\",\"@id\":\"https:\/\/sanluisinforma.com\/#\/schema\/person\/image\/\",\"url\":\"https:\/\/secure.gravatar.com\/avatar\/86e3114e34a1eecefb963e0a02f0093f93b092dddb2fe1517596343751081a87?s=96&d=mm&r=g\",\"contentUrl\":\"https:\/\/secure.gravatar.com\/avatar\/86e3114e34a1eecefb963e0a02f0093f93b092dddb2fe1517596343751081a87?s=96&d=mm&r=g\",\"caption\":\"sanluisinforma.com\"},\"url\":\"https:\/\/sanluisinforma.com\/?author=2\"}]}<\/script>\n<!-- \/ Yoast SEO plugin. -->","yoast_head_json":{"title":"Gobierno Estatal colabora con\u00a0 la CFE para evitar cortes el\u00e9ctricos - sanluisinforma.com","robots":{"index":"index","follow":"follow","max-snippet":"max-snippet:-1","max-image-preview":"max-image-preview:large","max-video-preview":"max-video-preview:-1"},"canonical":"https:\/\/sanluisinforma.com\/?p=12770","og_locale":"es_MX","og_type":"article","og_title":"Gobierno Estatal colabora con\u00a0 la CFE para evitar cortes el\u00e9ctricos - sanluisinforma.com","og_description":"El Gobernador Ricardo Gallardo se reuni\u00f3 con alcaldes y el superintendente de la Comisi\u00f3n para dar soluci\u00f3n a los cortes","og_url":"https:\/\/sanluisinforma.com\/?p=12770","og_site_name":"sanluisinforma.com","article_published_time":"2025-06-07T06:55:00+00:00","article_modified_time":"2025-06-07T02:57:33+00:00","og_image":[{"width":400,"height":266,"url":"https:\/\/sanluisinforma.com\/wp-content\/uploads\/2025\/06\/165494b8-c3d3-4a84-afd1-a879f181ddd5.jpg","type":"image\/jpeg"}],"author":"sanluisinforma.com","twitter_card":"summary_large_image","twitter_misc":{"Escrito por":"sanluisinforma.com","Tiempo de lectura":"2 minutos"},"schema":{"@context":"https:\/\/schema.org","@graph":[{"@type":"Article","@id":"https:\/\/sanluisinforma.com\/?p=12770#article","isPartOf":{"@id":"https:\/\/sanluisinforma.com\/?p=12770"},"author":{"name":"sanluisinforma.com","@id":"https:\/\/sanluisinforma.com\/#\/schema\/person\/c30648f71476be533b6f59d092905c8b"},"headline":"Gobierno Estatal colabora con\u00a0 la CFE para evitar cortes el\u00e9ctricos","datePublished":"2025-06-07T06:55:00+00:00","dateModified":"2025-06-07T02:57:33+00:00","mainEntityOfPage":{"@id":"https:\/\/sanluisinforma.com\/?p=12770"},"wordCount":241,"publisher":{"@id":"https:\/\/sanluisinforma.com\/#organization"},"image":{"@id":"https:\/\/sanluisinforma.com\/?p=12770#primaryimage"},"thumbnailUrl":"https:\/\/sanluisinforma.com\/wp-content\/uploads\/2025\/06\/165494b8-c3d3-4a84-afd1-a879f181ddd5.jpg","articleSection":["Local","Portada"],"inLanguage":"es"},{"@type":"WebPage","@id":"https:\/\/sanluisinforma.com\/?p=12770","url":"https:\/\/sanluisinforma.com\/?p=12770","name":"Gobierno Estatal colabora con\u00a0 la CFE para evitar cortes el\u00e9ctricos - sanluisinforma.com","isPartOf":{"@id":"https:\/\/sanluisinforma.com\/#website"},"primaryImageOfPage":{"@id":"https:\/\/sanluisinforma.com\/?p=12770#primaryimage"},"image":{"@id":"https:\/\/sanluisinforma.com\/?p=12770#primaryimage"},"thumbnailUrl":"https:\/\/sanluisinforma.com\/wp-content\/uploads\/2025\/06\/165494b8-c3d3-4a84-afd1-a879f181ddd5.jpg","datePublished":"2025-06-07T06:55:00+00:00","dateModified":"2025-06-07T02:57:33+00:00","breadcrumb":{"@id":"https:\/\/sanluisinforma.com\/?p=12770#breadcrumb"},"inLanguage":"es","potentialAction":[{"@type":"ReadAction","target":["https:\/\/sanluisinforma.com\/?p=12770"]}]},{"@type":"ImageObject","inLanguage":"es","@id":"https:\/\/sanluisinforma.com\/?p=12770#primaryimage","url":"https:\/\/sanluisinforma.com\/wp-content\/uploads\/2025\/06\/165494b8-c3d3-4a84-afd1-a879f181ddd5.jpg","contentUrl":"https:\/\/sanluisinforma.com\/wp-content\/uploads\/2025\/06\/165494b8-c3d3-4a84-afd1-a879f181ddd5.jpg","width":400,"height":266},{"@type":"BreadcrumbList","@id":"https:\/\/sanluisinforma.com\/?p=12770#breadcrumb","itemListElement":[{"@type":"ListItem","position":1,"name":"Inicio","item":"https:\/\/sanluisinforma.com\/"},{"@type":"ListItem","position":2,"name":"Gobierno Estatal colabora con\u00a0 la CFE para evitar cortes el\u00e9ctricos"}]},{"@type":"WebSite","@id":"https:\/\/sanluisinforma.com\/#website","url":"https:\/\/sanluisinforma.com\/","name":"sanluisinforma.com","description":"Periodico San Luis Informa","publisher":{"@id":"https:\/\/sanluisinforma.com\/#organization"},"potentialAction":[{"@type":"SearchAction","target":{"@type":"EntryPoint","urlTemplate":"https:\/\/sanluisinforma.com\/?s={search_term_string}"},"query-input":{"@type":"PropertyValueSpecification","valueRequired":true,"valueName":"search_term_string"}}],"inLanguage":"es"},{"@type":"Organization","@id":"https:\/\/sanluisinforma.com\/#organization","name":"sanluisinforma.com","url":"https:\/\/sanluisinforma.com\/","logo":{"@type":"ImageObject","inLanguage":"es","@id":"https:\/\/sanluisinforma.com\/#\/schema\/logo\/image\/","url":"https:\/\/sanluisinforma.com\/wp-content\/uploads\/2026\/03\/sanluisinforma-V.jpg","contentUrl":"https:\/\/sanluisinforma.com\/wp-content\/uploads\/2026\/03\/sanluisinforma-V.jpg","width":500,"height":156,"caption":"sanluisinforma.com"},"image":{"@id":"https:\/\/sanluisinforma.com\/#\/schema\/logo\/image\/"}},{"@type":"Person","@id":"https:\/\/sanluisinforma.com\/#\/schema\/person\/c30648f71476be533b6f59d092905c8b","name":"sanluisinforma.com","image":{"@type":"ImageObject","inLanguage":"es","@id":"https:\/\/sanluisinforma.com\/#\/schema\/person\/image\/","url":"https:\/\/secure.gravatar.com\/avatar\/86e3114e34a1eecefb963e0a02f0093f93b092dddb2fe1517596343751081a87?s=96&d=mm&r=g","contentUrl":"https:\/\/secure.gravatar.com\/avatar\/86e3114e34a1eecefb963e0a02f0093f93b092dddb2fe1517596343751081a87?s=96&d=mm&r=g","caption":"sanluisinforma.com"},"url":"https:\/\/sanluisinforma.com\/?author=2"}]}},"_links":{"self":[{"href":"https:\/\/sanluisinforma.com\/index.php?rest_route=\/wp\/v2\/posts\/12770","targetHints":{"allow":["GET"]}}],"collection":[{"href":"https:\/\/sanluisinforma.com\/index.php?rest_route=\/wp\/v2\/posts"}],"about":[{"href":"https:\/\/sanluisinforma.com\/index.php?rest_route=\/wp\/v2\/types\/post"}],"author":[{"embeddable":true,"href":"https:\/\/sanluisinforma.com\/index.php?rest_route=\/wp\/v2\/users\/2"}],"replies":[{"embeddable":true,"href":"https:\/\/sanluisinforma.com\/index.php?rest_route=%2Fwp%2Fv2%2Fcomments&post=12770"}],"version-history":[{"count":1,"href":"https:\/\/sanluisinforma.com\/index.php?rest_route=\/wp\/v2\/posts\/12770\/revisions"}],"predecessor-version":[{"id":12772,"href":"https:\/\/sanluisinforma.com\/index.php?rest_route=\/wp\/v2\/posts\/12770\/revisions\/12772"}],"wp:featuredmedia":[{"embeddable":true,"href":"https:\/\/sanluisinforma.com\/index.php?rest_route=\/wp\/v2\/media\/12771"}],"wp:attachment":[{"href":"https:\/\/sanluisinforma.com\/index.php?rest_route=%2Fwp%2Fv2%2Fmedia&parent=12770"}],"wp:term":[{"taxonomy":"category","embeddable":true,"href":"https:\/\/sanluisinforma.com\/index.php?rest_route=%2Fwp%2Fv2%2Fcategories&post=12770"},{"taxonomy":"post_tag","embeddable":true,"href":"https:\/\/sanluisinforma.com\/index.php?rest_route=%2Fwp%2Fv2%2Ftags&post=12770"}],"curies":[{"name":"wp","href":"https:\/\/api.w.org\/{rel}","templated":true}]}}