{"id":12773,"date":"2025-06-07T00:35:00","date_gmt":"2025-06-07T06:35:00","guid":{"rendered":"https:\/\/sanluisinforma.com\/?p=12773"},"modified":"2025-06-06T20:55:24","modified_gmt":"2025-06-07T02:55:24","slug":"prepara-gobierno-estatal-gira-comercial-a-europa","status":"publish","type":"post","link":"https:\/\/sanluisinforma.com\/?p=12773","title":{"rendered":"Prepara Gobierno Estatal Gira Comercial a Europa"},"content":{"rendered":"\n<p><\/p>\n\n\n\n<p>* Recientemente se sostuvieron reuniones con representantes de la C\u00e1mara de Comercio de Italia y tambi\u00e9n se analiza abrir mercados con Alemania<\/p>\n\n\n\n<p>A la par de la gira comercial y de negocios por Asia, el Gobernador Ricardo Gallardo Cardona inform\u00f3 que su Gobierno prepara una gira similar por Europa, como parte de la promoci\u00f3n sin l\u00edmites para que m\u00e1s empresas extranjeras decidan instalarse en San Luis Potos\u00ed.<\/p>\n\n\n\n<p>Dijo que, por su ubicaci\u00f3n geogr\u00e1fica, vocaciones y capacidades regionales, adem\u00e1s la paz y estabilidad que se vive, la Entidad est\u00e1 en los ojos del mundo, por lo que hace unos d\u00edas se efectu\u00f3 una reuni\u00f3n con representantes de la C\u00e1mara de Comercio de Italia, pa\u00eds con el cual se planea fortalecer relaciones y v\u00ednculos al igual que con otras naciones como Alemania, ante la importancia de apuntalar y abrir otros mercados.<\/p>\n\n\n\n<p>Agreg\u00f3 que, a pesar de las medidas recientes por parte de Estados Unidos, empresas como Steel Dynamics mantienen en pie sus planes de inversi\u00f3n y operaci\u00f3n e iniciar\u00e1 funciones pr\u00f3ximamente, pues la mayor parte de su producci\u00f3n se dirige hacia su pa\u00eds de origen que son los Estados Unidos.<\/p>\n\n\n\n<p>Puntualiz\u00f3 que en el caso de San Luis Potos\u00ed las firmas acereras dirigen gran parte de su producci\u00f3n al mercado nacional, por lo que en este rubro no se prev\u00e9 repercusi\u00f3n grave en el tema de los aranceles.<\/p>\n","protected":false},"excerpt":{"rendered":"<p>* Recientemente se sostuvieron reuniones con representantes de la C\u00e1mara de Comercio de Italia y tambi\u00e9n se analiza abrir mercados<\/p>\n","protected":false},"author":2,"featured_media":12774,"comment_status":"closed","ping_status":"closed","sticky":false,"template":"","format":"standard","meta":{"footnotes":""},"categories":[25],"tags":[],"class_list":["post-12773","post","type-post","status-publish","format-standard","has-post-thumbnail","hentry","category-local"],"yoast_head":"<!-- This site is optimized with the Yoast SEO plugin v24.1 - https:\/\/yoast.com\/wordpress\/plugins\/seo\/ -->\n<title>Prepara Gobierno Estatal Gira Comercial a Europa - sanluisinforma.com<\/title>\n<meta name=\"robots\" content=\"index, follow, max-snippet:-1, max-image-preview:large, max-video-preview:-1\" \/>\n<link rel=\"canonical\" href=\"https:\/\/sanluisinforma.com\/?p=12773\" \/>\n<meta property=\"og:locale\" content=\"es_MX\" \/>\n<meta property=\"og:type\" content=\"article\" \/>\n<meta property=\"og:title\" content=\"Prepara Gobierno Estatal Gira Comercial a Europa - sanluisinforma.com\" \/>\n<meta property=\"og:description\" content=\"* Recientemente se sostuvieron reuniones con representantes de la C\u00e1mara de Comercio de Italia y tambi\u00e9n se analiza abrir mercados\" \/>\n<meta property=\"og:url\" content=\"https:\/\/sanluisinforma.com\/?p=12773\" \/>\n<meta property=\"og:site_name\" content=\"sanluisinforma.com\" \/>\n<meta property=\"article:published_time\" content=\"2025-06-07T06:35:00+00:00\" \/>\n<meta property=\"article:modified_time\" content=\"2025-06-07T02:55:24+00:00\" \/>\n<meta property=\"og:image\" content=\"https:\/\/sanluisinforma.com\/wp-content\/uploads\/2025\/06\/d84b1a03-4627-42ba-b65e-bb1c4d3fac68.jpg\" \/>\n\t<meta property=\"og:image:width\" content=\"400\" \/>\n\t<meta property=\"og:image:height\" content=\"300\" \/>\n\t<meta property=\"og:image:type\" content=\"image\/jpeg\" \/>\n<meta name=\"author\" content=\"sanluisinforma.com\" \/>\n<meta name=\"twitter:card\" content=\"summary_large_image\" \/>\n<meta name=\"twitter:label1\" content=\"Escrito por\" \/>\n\t<meta name=\"twitter:data1\" content=\"sanluisinforma.com\" \/>\n\t<meta name=\"twitter:label2\" content=\"Tiempo de lectura\" \/>\n\t<meta name=\"twitter:data2\" content=\"2 minutos\" \/>\n<script type=\"application\/ld+json\" class=\"yoast-schema-graph\">{\"@context\":\"https:\/\/schema.org\",\"@graph\":[{\"@type\":\"Article\",\"@id\":\"https:\/\/sanluisinforma.com\/?p=12773#article\",\"isPartOf\":{\"@id\":\"https:\/\/sanluisinforma.com\/?p=12773\"},\"author\":{\"name\":\"sanluisinforma.com\",\"@id\":\"https:\/\/sanluisinforma.com\/#\/schema\/person\/c30648f71476be533b6f59d092905c8b\"},\"headline\":\"Prepara Gobierno Estatal Gira Comercial a Europa\",\"datePublished\":\"2025-06-07T06:35:00+00:00\",\"dateModified\":\"2025-06-07T02:55:24+00:00\",\"mainEntityOfPage\":{\"@id\":\"https:\/\/sanluisinforma.com\/?p=12773\"},\"wordCount\":252,\"publisher\":{\"@id\":\"https:\/\/sanluisinforma.com\/#organization\"},\"image\":{\"@id\":\"https:\/\/sanluisinforma.com\/?p=12773#primaryimage\"},\"thumbnailUrl\":\"https:\/\/sanluisinforma.com\/wp-content\/uploads\/2025\/06\/d84b1a03-4627-42ba-b65e-bb1c4d3fac68.jpg\",\"articleSection\":[\"Local\"],\"inLanguage\":\"es\"},{\"@type\":\"WebPage\",\"@id\":\"https:\/\/sanluisinforma.com\/?p=12773\",\"url\":\"https:\/\/sanluisinforma.com\/?p=12773\",\"name\":\"Prepara Gobierno Estatal Gira Comercial a Europa - sanluisinforma.com\",\"isPartOf\":{\"@id\":\"https:\/\/sanluisinforma.com\/#website\"},\"primaryImageOfPage\":{\"@id\":\"https:\/\/sanluisinforma.com\/?p=12773#primaryimage\"},\"image\":{\"@id\":\"https:\/\/sanluisinforma.com\/?p=12773#primaryimage\"},\"thumbnailUrl\":\"https:\/\/sanluisinforma.com\/wp-content\/uploads\/2025\/06\/d84b1a03-4627-42ba-b65e-bb1c4d3fac68.jpg\",\"datePublished\":\"2025-06-07T06:35:00+00:00\",\"dateModified\":\"2025-06-07T02:55:24+00:00\",\"breadcrumb\":{\"@id\":\"https:\/\/sanluisinforma.com\/?p=12773#breadcrumb\"},\"inLanguage\":\"es\",\"potentialAction\":[{\"@type\":\"ReadAction\",\"target\":[\"https:\/\/sanluisinforma.com\/?p=12773\"]}]},{\"@type\":\"ImageObject\",\"inLanguage\":\"es\",\"@id\":\"https:\/\/sanluisinforma.com\/?p=12773#primaryimage\",\"url\":\"https:\/\/sanluisinforma.com\/wp-content\/uploads\/2025\/06\/d84b1a03-4627-42ba-b65e-bb1c4d3fac68.jpg\",\"contentUrl\":\"https:\/\/sanluisinforma.com\/wp-content\/uploads\/2025\/06\/d84b1a03-4627-42ba-b65e-bb1c4d3fac68.jpg\",\"width\":400,\"height\":300},{\"@type\":\"BreadcrumbList\",\"@id\":\"https:\/\/sanluisinforma.com\/?p=12773#breadcrumb\",\"itemListElement\":[{\"@type\":\"ListItem\",\"position\":1,\"name\":\"Inicio\",\"item\":\"https:\/\/sanluisinforma.com\/\"},{\"@type\":\"ListItem\",\"position\":2,\"name\":\"Prepara Gobierno Estatal Gira Comercial a Europa\"}]},{\"@type\":\"WebSite\",\"@id\":\"https:\/\/sanluisinforma.com\/#website\",\"url\":\"https:\/\/sanluisinforma.com\/\",\"name\":\"sanluisinforma.com\",\"description\":\"Periodico San Luis Informa\",\"publisher\":{\"@id\":\"https:\/\/sanluisinforma.com\/#organization\"},\"potentialAction\":[{\"@type\":\"SearchAction\",\"target\":{\"@type\":\"EntryPoint\",\"urlTemplate\":\"https:\/\/sanluisinforma.com\/?s={search_term_string}\"},\"query-input\":{\"@type\":\"PropertyValueSpecification\",\"valueRequired\":true,\"valueName\":\"search_term_string\"}}],\"inLanguage\":\"es\"},{\"@type\":\"Organization\",\"@id\":\"https:\/\/sanluisinforma.com\/#organization\",\"name\":\"sanluisinforma.com\",\"url\":\"https:\/\/sanluisinforma.com\/\",\"logo\":{\"@type\":\"ImageObject\",\"inLanguage\":\"es\",\"@id\":\"https:\/\/sanluisinforma.com\/#\/schema\/logo\/image\/\",\"url\":\"https:\/\/sanluisinforma.com\/wp-content\/uploads\/2026\/03\/sanluisinforma-V.jpg\",\"contentUrl\":\"https:\/\/sanluisinforma.com\/wp-content\/uploads\/2026\/03\/sanluisinforma-V.jpg\",\"width\":500,\"height\":156,\"caption\":\"sanluisinforma.com\"},\"image\":{\"@id\":\"https:\/\/sanluisinforma.com\/#\/schema\/logo\/image\/\"}},{\"@type\":\"Person\",\"@id\":\"https:\/\/sanluisinforma.com\/#\/schema\/person\/c30648f71476be533b6f59d092905c8b\",\"name\":\"sanluisinforma.com\",\"image\":{\"@type\":\"ImageObject\",\"inLanguage\":\"es\",\"@id\":\"https:\/\/sanluisinforma.com\/#\/schema\/person\/image\/\",\"url\":\"https:\/\/secure.gravatar.com\/avatar\/86e3114e34a1eecefb963e0a02f0093f93b092dddb2fe1517596343751081a87?s=96&d=mm&r=g\",\"contentUrl\":\"https:\/\/secure.gravatar.com\/avatar\/86e3114e34a1eecefb963e0a02f0093f93b092dddb2fe1517596343751081a87?s=96&d=mm&r=g\",\"caption\":\"sanluisinforma.com\"},\"url\":\"https:\/\/sanluisinforma.com\/?author=2\"}]}<\/script>\n<!-- \/ Yoast SEO plugin. -->","yoast_head_json":{"title":"Prepara Gobierno Estatal Gira Comercial a Europa - sanluisinforma.com","robots":{"index":"index","follow":"follow","max-snippet":"max-snippet:-1","max-image-preview":"max-image-preview:large","max-video-preview":"max-video-preview:-1"},"canonical":"https:\/\/sanluisinforma.com\/?p=12773","og_locale":"es_MX","og_type":"article","og_title":"Prepara Gobierno Estatal Gira Comercial a Europa - sanluisinforma.com","og_description":"* Recientemente se sostuvieron reuniones con representantes de la C\u00e1mara de Comercio de Italia y tambi\u00e9n se analiza abrir mercados","og_url":"https:\/\/sanluisinforma.com\/?p=12773","og_site_name":"sanluisinforma.com","article_published_time":"2025-06-07T06:35:00+00:00","article_modified_time":"2025-06-07T02:55:24+00:00","og_image":[{"width":400,"height":300,"url":"https:\/\/sanluisinforma.com\/wp-content\/uploads\/2025\/06\/d84b1a03-4627-42ba-b65e-bb1c4d3fac68.jpg","type":"image\/jpeg"}],"author":"sanluisinforma.com","twitter_card":"summary_large_image","twitter_misc":{"Escrito por":"sanluisinforma.com","Tiempo de lectura":"2 minutos"},"schema":{"@context":"https:\/\/schema.org","@graph":[{"@type":"Article","@id":"https:\/\/sanluisinforma.com\/?p=12773#article","isPartOf":{"@id":"https:\/\/sanluisinforma.com\/?p=12773"},"author":{"name":"sanluisinforma.com","@id":"https:\/\/sanluisinforma.com\/#\/schema\/person\/c30648f71476be533b6f59d092905c8b"},"headline":"Prepara Gobierno Estatal Gira Comercial a Europa","datePublished":"2025-06-07T06:35:00+00:00","dateModified":"2025-06-07T02:55:24+00:00","mainEntityOfPage":{"@id":"https:\/\/sanluisinforma.com\/?p=12773"},"wordCount":252,"publisher":{"@id":"https:\/\/sanluisinforma.com\/#organization"},"image":{"@id":"https:\/\/sanluisinforma.com\/?p=12773#primaryimage"},"thumbnailUrl":"https:\/\/sanluisinforma.com\/wp-content\/uploads\/2025\/06\/d84b1a03-4627-42ba-b65e-bb1c4d3fac68.jpg","articleSection":["Local"],"inLanguage":"es"},{"@type":"WebPage","@id":"https:\/\/sanluisinforma.com\/?p=12773","url":"https:\/\/sanluisinforma.com\/?p=12773","name":"Prepara Gobierno Estatal Gira Comercial a Europa - sanluisinforma.com","isPartOf":{"@id":"https:\/\/sanluisinforma.com\/#website"},"primaryImageOfPage":{"@id":"https:\/\/sanluisinforma.com\/?p=12773#primaryimage"},"image":{"@id":"https:\/\/sanluisinforma.com\/?p=12773#primaryimage"},"thumbnailUrl":"https:\/\/sanluisinforma.com\/wp-content\/uploads\/2025\/06\/d84b1a03-4627-42ba-b65e-bb1c4d3fac68.jpg","datePublished":"2025-06-07T06:35:00+00:00","dateModified":"2025-06-07T02:55:24+00:00","breadcrumb":{"@id":"https:\/\/sanluisinforma.com\/?p=12773#breadcrumb"},"inLanguage":"es","potentialAction":[{"@type":"ReadAction","target":["https:\/\/sanluisinforma.com\/?p=12773"]}]},{"@type":"ImageObject","inLanguage":"es","@id":"https:\/\/sanluisinforma.com\/?p=12773#primaryimage","url":"https:\/\/sanluisinforma.com\/wp-content\/uploads\/2025\/06\/d84b1a03-4627-42ba-b65e-bb1c4d3fac68.jpg","contentUrl":"https:\/\/sanluisinforma.com\/wp-content\/uploads\/2025\/06\/d84b1a03-4627-42ba-b65e-bb1c4d3fac68.jpg","width":400,"height":300},{"@type":"BreadcrumbList","@id":"https:\/\/sanluisinforma.com\/?p=12773#breadcrumb","itemListElement":[{"@type":"ListItem","position":1,"name":"Inicio","item":"https:\/\/sanluisinforma.com\/"},{"@type":"ListItem","position":2,"name":"Prepara Gobierno Estatal Gira Comercial a Europa"}]},{"@type":"WebSite","@id":"https:\/\/sanluisinforma.com\/#website","url":"https:\/\/sanluisinforma.com\/","name":"sanluisinforma.com","description":"Periodico San Luis Informa","publisher":{"@id":"https:\/\/sanluisinforma.com\/#organization"},"potentialAction":[{"@type":"SearchAction","target":{"@type":"EntryPoint","urlTemplate":"https:\/\/sanluisinforma.com\/?s={search_term_string}"},"query-input":{"@type":"PropertyValueSpecification","valueRequired":true,"valueName":"search_term_string"}}],"inLanguage":"es"},{"@type":"Organization","@id":"https:\/\/sanluisinforma.com\/#organization","name":"sanluisinforma.com","url":"https:\/\/sanluisinforma.com\/","logo":{"@type":"ImageObject","inLanguage":"es","@id":"https:\/\/sanluisinforma.com\/#\/schema\/logo\/image\/","url":"https:\/\/sanluisinforma.com\/wp-content\/uploads\/2026\/03\/sanluisinforma-V.jpg","contentUrl":"https:\/\/sanluisinforma.com\/wp-content\/uploads\/2026\/03\/sanluisinforma-V.jpg","width":500,"height":156,"caption":"sanluisinforma.com"},"image":{"@id":"https:\/\/sanluisinforma.com\/#\/schema\/logo\/image\/"}},{"@type":"Person","@id":"https:\/\/sanluisinforma.com\/#\/schema\/person\/c30648f71476be533b6f59d092905c8b","name":"sanluisinforma.com","image":{"@type":"ImageObject","inLanguage":"es","@id":"https:\/\/sanluisinforma.com\/#\/schema\/person\/image\/","url":"https:\/\/secure.gravatar.com\/avatar\/86e3114e34a1eecefb963e0a02f0093f93b092dddb2fe1517596343751081a87?s=96&d=mm&r=g","contentUrl":"https:\/\/secure.gravatar.com\/avatar\/86e3114e34a1eecefb963e0a02f0093f93b092dddb2fe1517596343751081a87?s=96&d=mm&r=g","caption":"sanluisinforma.com"},"url":"https:\/\/sanluisinforma.com\/?author=2"}]}},"_links":{"self":[{"href":"https:\/\/sanluisinforma.com\/index.php?rest_route=\/wp\/v2\/posts\/12773","targetHints":{"allow":["GET"]}}],"collection":[{"href":"https:\/\/sanluisinforma.com\/index.php?rest_route=\/wp\/v2\/posts"}],"about":[{"href":"https:\/\/sanluisinforma.com\/index.php?rest_route=\/wp\/v2\/types\/post"}],"author":[{"embeddable":true,"href":"https:\/\/sanluisinforma.com\/index.php?rest_route=\/wp\/v2\/users\/2"}],"replies":[{"embeddable":true,"href":"https:\/\/sanluisinforma.com\/index.php?rest_route=%2Fwp%2Fv2%2Fcomments&post=12773"}],"version-history":[{"count":1,"href":"https:\/\/sanluisinforma.com\/index.php?rest_route=\/wp\/v2\/posts\/12773\/revisions"}],"predecessor-version":[{"id":12775,"href":"https:\/\/sanluisinforma.com\/index.php?rest_route=\/wp\/v2\/posts\/12773\/revisions\/12775"}],"wp:featuredmedia":[{"embeddable":true,"href":"https:\/\/sanluisinforma.com\/index.php?rest_route=\/wp\/v2\/media\/12774"}],"wp:attachment":[{"href":"https:\/\/sanluisinforma.com\/index.php?rest_route=%2Fwp%2Fv2%2Fmedia&parent=12773"}],"wp:term":[{"taxonomy":"category","embeddable":true,"href":"https:\/\/sanluisinforma.com\/index.php?rest_route=%2Fwp%2Fv2%2Fcategories&post=12773"},{"taxonomy":"post_tag","embeddable":true,"href":"https:\/\/sanluisinforma.com\/index.php?rest_route=%2Fwp%2Fv2%2Ftags&post=12773"}],"curies":[{"name":"wp","href":"https:\/\/api.w.org\/{rel}","templated":true}]}}