{"id":12776,"date":"2025-06-07T00:58:00","date_gmt":"2025-06-07T06:58:00","guid":{"rendered":"https:\/\/sanluisinforma.com\/?p=12776"},"modified":"2025-06-06T20:56:54","modified_gmt":"2025-06-07T02:56:54","slug":"dan-a-conocer-a-ganadores-y-ganadoras-del-premio-estatal-de-periodismo-2025","status":"publish","type":"post","link":"https:\/\/sanluisinforma.com\/?p=12776","title":{"rendered":"Dan a conocer a Ganadores y Ganadoras del Premio Estatal de Periodismo 2025"},"content":{"rendered":"\n<p><\/p>\n\n\n\n<p>Por iniciativa impulsada por el Gobernador Ricardo Gallardo Cardona quienes obtuvieron los primeros lugares recibir\u00e1n 70 mil pesos de premio; los segundos, 50 mil y los terceros 30 mil pesos.<\/p>\n\n\n\n<p>El Comit\u00e9 Organizador y el Jurado Calificador del Premio Estatal de Periodismo dieron a conocer este d\u00eda a las y los ganadores de la edici\u00f3n 2025 de este certamen, quienes recibir\u00e1n un mayor est\u00edmulo econ\u00f3mico en respuesta al compromiso contra\u00eddo con el gremio por el Gobernador del Estado, Ricardo Gallardo Cardona.&nbsp;<\/p>\n\n\n\n<p>Ganadores de los primeros lugares recibir\u00e1n 70 mil pesos; segundos lugares, 50 mil y los terceros lugares 30 mil pesos.<\/p>\n\n\n\n<p>En rueda de prensa celebrada en las instalaciones del Colegio de San Luis, la doctora Oralia Orellana Moreno, coordinadora estatal de Libros de Texto Gratuito, en representaci\u00f3n del Licenciado Juan Carlos Torres Cedillo, Secretario de Educaci\u00f3n del Gobierno del Estado y Presidente del Comit\u00e9 Organizador, destac\u00f3 que como resultado de los cambios al decreto del premio, promovidos por el Gobernador Ricardo Gallardo Cardona, hoy son m\u00e1s las categor\u00edas a premiar y mayor el est\u00edmulo econ\u00f3mico&nbsp; que se otorga a las y los ganadores.<\/p>\n\n\n\n<p>Por su parte, Francisco Javier Rosales Hern\u00e1ndez, presidente del Jurado y quien en anteriores ediciones del certamen ha fungido como tal, destac\u00f3 que en esta edici\u00f3n no s\u00f3lo se rompi\u00f3 record de trabajos participantes \u2013m\u00e1s de 700-, sino que tambi\u00e9n se elev\u00f3 la calidad de los mismos.<\/p>\n\n\n\n<p>El Jurado calificador -integrado por las y los periodistas, as\u00ed como directivos de medios informativos: Francisco Javier Rosales Hern\u00e1ndez, Alejandro Villasana Mena, Gabriel Castillo Vidales, Lucina L\u00f3pez Mendoza y Alejandra S\u00e1nchez P\u00e9rez- dio a conocer los nombres de las y los ganadores del Premio Estatal de Periodismo:<\/p>\n\n\n\n<p>El premio al M\u00e9rito Period\u00edstico por Trayectoria o Profesionalismo Cotidiano, se le otorg\u00f3 a Florencio Escobar.<\/p>\n\n\n\n<p>En Noticia, primer lugar para Paola Jhoseline de la Rosa Velazco, de Plano Informativo, \u201c130 MDP gasta Interapas en pipas\u201d; segundo lugar Carlos Alejandro Rubio Moreno, de Astrolabio Diario Digital, \u201cDistrito Santa Fe, el centro comercial y deportivo que ser\u00e1 construido en terreno de la UASLP\u201d; tercer lugar V\u00edctor No\u00e9 Rivera Hern\u00e1ndez, de C\u00f3digo San Luis, \u201cDelegados del Bienestar estafan a familias con programa \u201cLa Escuela es Nuestra\u201d. Menciones honor\u00edficas para Gabriela Irais Paredes Mares, de Hechos Meridiano San Luis, \u201cDesfogue de la presa San Jos\u00e9 en el rio Santiago pone en riesgo los cultivos de La Tinaja y La Pur\u00edsima y para Gerardo Duque L\u00e1rraga, de Milenio Televisi\u00f3n, \u201cAsesinan al alcalde de Tancanhuitz\u201d.<\/p>\n\n\n\n<p>En Fotograf\u00eda primer lugar para Daniel V\u00e1zquez Garc\u00eda, por su imagen \u201cNi\u00f1a de 12 a\u00f1os intenta saltar de lo alto del puente de la ETI 16\u201d publicada en Huasteca Hoy; segundo lugar Blanca Am\u00e9rica Gonz\u00e1lez Blanco, \u201cM\u00e9dicos y enfermeras se convirtieron en \u00e1ngeles para v\u00edctimas de golpes de calor\u201d, de C\u00f3digo San Luis; y tercer lugar Jazm\u00edn Ram\u00edrez Garc\u00eda, de El Universal San Luis, por su fotograf\u00eda titulada \u201cEntre l\u00e1grimas, veladoras y oraciones, madres buscadoras de SLP\u201d). Menci\u00f3n honor\u00edfica para H\u00e9ctor Manuel Guevara Garc\u00eda, de Nslp.mx, \u201cA un verdadero amigo no se le deja entre las llamas\u201d.<\/p>\n\n\n\n<p>En Reportaje primer lugar para Norma Oralia C\u00e1rdenas Cruz, de Plano Informativo, \u201cEl lujo de dirigir Interapas\u201d; segundo lugar Gerardo Duque L\u00e1rraga, de Milenio Televisi\u00f3n, \u201cFrancisca huy\u00f3 de su agresor y busca justicia\u201d y&nbsp; tercer lugar Kenia Anah\u00ed Figueroa Ramos, de La Roja Mx, \u201cCelebramos la vida y respetamos la muerte\u201d. Menci\u00f3n honor\u00edfica para Rub\u00e9n Alejandro Pacheco Rodr\u00edguez, de Pulso Diario de San Luis, \u201cNi para pistaches le dejaba la Universidad\u201d.<\/p>\n\n\n\n<p>En Cr\u00f3nica primer lugar para Pedro Antonio Torres Mota, de El Candidato Mx, \u201c!Vuela alto Manuel! \u00a1Vuela alto Rodrigo! Potosinos oran por v\u00edctimas del Rich\u201d; segundo lugar Rigoberto Gonz\u00e1lez Medina, de El Ma\u00f1ana de Valles, \u201cUn mixteco en Ciudad Valles\u201d y tercer lugar Jorge L\u00f3pez P\u00e9rez, de TV Azteca, \u201cCr\u00f3nica del fuego: el incendio que arras\u00f3 con una f\u00e1brica de tarimas\u201d.<\/p>\n\n\n\n<p>En Entrevista, primer lugar para V\u00edctor Daniel Ortiz Ram\u00edrez, de Pulso San Luis, \u201cAgust\u00edn Laje se lanza en contra del progresismo\u201d; segundo lugar Mar\u00eda Fernanda Padilla Gil y Elioht Uriel Hern\u00e1ndez Enr\u00edquez, de Agencia de Noticias San Luis, \u201cDesde beb\u00e9s pose\u00eddos hasta rituales sat\u00e1nicos: La lucha diaria de un exorcista potosino\u201d y tercer lugar Gerardo Duque L\u00e1rraga, de Buenavista Radio 102.9 FM, \u201cVivir para buscar, pero morir un d\u00eda a la vez\u201d. Menciones honor\u00edficas para Claudia Jazm\u00edn Viramontes Cubillos, de CN13 Noticias, \u201cEntrevista con Sanjuana tras obtener su libertad por indulto\u201d y para Gabriela Irais Paredes Mares, de Hechos Meridiano San Luis, \u201cAbril, presa del cristal\u201d.<\/p>\n\n\n\n<p>En Art\u00edculo de Fondo o Comentario, primer lugar para Leticia Vaca S\u00e1nchez, de La Alcantarilla, \u201cUna deuda con todas; En SLP se despenaliz\u00f3 el aborto\u201d; segundo lugar Hares Barrag\u00e1n Ortiz, de El Tiempo del Altiplano, \u201cAltiplano Potosino, tierra de promesas pol\u00edticas y realidades olvidadas\u201d; tercer lugar V\u00edctor Manuel Trejo Esparza, de En Resumen, Informaci\u00f3n de la Huasteca Potosina, \u201cYo solo s\u00e9 que no s\u00e9 nada\u201d. Menci\u00f3n honor\u00edfica para Patricia Calvillo Ram\u00edrez, de El Sol de San Luis, \u201cCuidadoras invencibles: la lucha por el reconocimiento y el apoyo en San Luis Potos\u00ed\u201d.<\/p>\n\n\n\n<p>En Caricatura o Portada, primer lugar para Carlos Hilario Hern\u00e1ndez G\u00e1mez de Contrar\u00e9plica, \u201cLos viejos h\u00e1bitos\u201d; segundo lugar, Esteban Alberto Maldonado Contreras, de El Heraldo, \u201cRelevo sexenal\u201d y tercer lugar Daniel Fernando Serda Parra, de Agencia de Noticias SLP, \u201cInvoluci\u00f3n\u201d.<\/p>\n\n\n\n<p>En Publicaci\u00f3n o Programa de Difusi\u00f3n Cultural, primer lugar para Rodrigo Ramiro Ceballos, de Altervisi\u00f3n, \u201cDulce tradici\u00f3n: La chancanquilla de poytzen\u201d; segundo lugar Jos\u00e9 Bernardo Vera Ni\u00f1o, de La Orquesta, \u201cSe\u00f1ales de un viejo San Luis\u201d y tercer lugar Mar\u00eda Alejandra Ruiz Cervantes, de El Sol de San Luis, \u201cSantuario del Desierto: La piedra que guarda la fe\u201d.<\/p>\n\n\n\n<p>En Video, primer lugar para Andr\u00e9s Gonz\u00e1lez Lozano, de N+San Luis Potosi, \u201cA M\u00e1s de 50 Metros de Altura; As\u00ed es Restaurar las C\u00fapulas que Guardan Historia en SLP\u201d; segundo lugar, J. Cruz Briones S\u00e1nchez, de Canal 7, \u201cUn d\u00eda del padre en el instituto geri\u00e1trico\u201d y tercer lugar Ferm\u00edn Salda\u00f1a Ocampo, de La Orquesta, \u201cRafael Becerra y las artes esc\u00e9nicas\u201d.<\/p>\n\n\n\n<p>En Audio, primer lugar para Adri\u00e1n Cuauht\u00e9moc Tovar Fabi\u00e1n, de Plano Informativo, \u201cBienestar se viste de Rosa\u201d; segundo lugar Blakely Morales Cruz, de MG Radio, \u201cLa sobreviviente: la \u00faltima defensa del Cerro de San Pedro\u201d; tercer lugar Jes\u00fas Gerardo Aguilar Flores, de MG Noticias \u2010 Factor 96.1, \u201cArriba San Luis \u2010 Programa 090525\u201d. Menci\u00f3n honor\u00edfica Karlo Sayd Sauceda Ahumada, de La Orquesta, \u201cCuauht\u00e9moc Blanco va a proponer una ley \u201cpor la equidad de g\u00e9nero\u201d.<\/p>\n\n\n\n<p>En Difusi\u00f3n de la Ciencia y Tecnolog\u00eda Potosina, primer lugar para Carla Gabriela Hern\u00e1ndez Moreno, de N+ Televisa San Luis, \u201cLa Prevenci\u00f3n del Futuro\u201d; segundo lugar Gabriela Irais Paredes Mares, de Hechos Meridiano San Luis, \u201cEl tratamiento que revoluciona las quemaduras infantiles\u201d y tercer lugar Ana Guadalupe Silva Saldivia, de La Orquesta, \u201cDa Vinci Experience, la exposici\u00f3n que te har\u00e1 vivir las obras a trav\u00e9s de los sentidos\u201d. Menci\u00f3n honor\u00edfica para Facundo de Jes\u00fas Castillo Jim\u00e9nez, de N+ San Luis, \u201cPrimer cirug\u00eda de escoliosis con realidad aumentada fue realizada en SLP\u201d.<\/p>\n\n\n\n<p>En Materia de Equidad de G\u00e9nero, primer lugar para Brian Alexis Castillo Mor\u00e1n, de C\u00f3digo San Luis, \u201cCuatro mujeres que est\u00e1n dejando huella en SLP\u201d; segundo lugar Jes\u00fas Navarrete de Sama, de Plano Informativo, \u201cLa invisibilidad de las mujeres de la limpieza\u201d y tercer lugar Damaris Natali Armend\u00e1riz Castro, de El Heraldo de San Luis, \u201cDentro del servicio de recolecci\u00f3n de basura, una mujer destaca por su labor: SGS\u201d. Menci\u00f3n honor\u00edfica para Jes\u00fas Oswaldo Mart\u00ednez Reina, de Canal 7, \u201cA hombros de mujeres: las diableras de la central de abastos\u201d.<\/p>\n\n\n\n<p>En Periodismo Regional, primer lugar para Porfirio Miguel L\u00f3pez Dom\u00ednguez, de Magui L\u00f3pez Noticias, \u201cLas mujeres en la c\u00e1rcel son felices\u201d; segundo lugar Jos\u00e9 Ismael Leyva Nava, de Arco Informativo, \u201cUn grave problema de salud p\u00fablica: el manejo inadecuado de residuos s\u00f3lidos en Charcas\u201d, y tercer lugar Alberto Gonz\u00e1lez Hern\u00e1ndez, de El Gran Diario de la Huasteca, \u201cFidel Castro inici\u00f3 en la huasteca potosina la revoluci\u00f3n de Cuba\u201d. Menciones honor\u00edficas para Rodolfo Israel Rodr\u00edguez Mart\u00ednez, de SMHOY Noticias. (Zona centro), \u201cLa Galera\u201d y para Gabriela Guadalupe Murillo Ch\u00e1vez\u201d, de Canal 3 TGTVCable, \u201cLo nuestro \u2010 Chilolo y sus nieves\u201d.<\/p>\n\n\n\n<p>En Cr\u00f3nica Deportiva, primer lugar para Christian Michel Morales Mart\u00ednez, de TV Azteca San Luis Potos\u00ed, \u201cPolic\u00eda y luchador, la historia del Tr\u00e9bol Negro y la cr\u00f3nica de su retiro\u201d; segundo lugar Isabel Segura Garc\u00eda, de&nbsp; Quadrat\u00edn SLP, \u201cHospital de balones, 50 a\u00f1os reviviendo el deporte en San Luis capital\u201d y tercer lugar Juan Carlos Torres Galv\u00e1n, de La Pelotera MX, \u201cTres peloteros potosinos luchando por el t\u00edtulo del Caribe\u201d.<\/p>\n","protected":false},"excerpt":{"rendered":"<p>Por iniciativa impulsada por el Gobernador Ricardo Gallardo Cardona quienes obtuvieron los primeros lugares recibir\u00e1n 70 mil pesos de premio;<\/p>\n","protected":false},"author":2,"featured_media":12777,"comment_status":"closed","ping_status":"closed","sticky":false,"template":"","format":"standard","meta":{"footnotes":""},"categories":[25,30],"tags":[],"class_list":["post-12776","post","type-post","status-publish","format-standard","has-post-thumbnail","hentry","category-local","category-portada"],"yoast_head":"<!-- This site is optimized with the Yoast SEO plugin v24.1 - https:\/\/yoast.com\/wordpress\/plugins\/seo\/ -->\n<title>Dan a conocer a Ganadores y Ganadoras del Premio Estatal de Periodismo 2025 - sanluisinforma.com<\/title>\n<meta name=\"robots\" content=\"index, follow, max-snippet:-1, max-image-preview:large, max-video-preview:-1\" \/>\n<link rel=\"canonical\" href=\"https:\/\/sanluisinforma.com\/?p=12776\" \/>\n<meta property=\"og:locale\" content=\"es_MX\" \/>\n<meta property=\"og:type\" content=\"article\" \/>\n<meta property=\"og:title\" content=\"Dan a conocer a Ganadores y Ganadoras del Premio Estatal de Periodismo 2025 - sanluisinforma.com\" \/>\n<meta property=\"og:description\" content=\"Por iniciativa impulsada por el Gobernador Ricardo Gallardo Cardona quienes obtuvieron los primeros lugares recibir\u00e1n 70 mil pesos de premio;\" \/>\n<meta property=\"og:url\" content=\"https:\/\/sanluisinforma.com\/?p=12776\" \/>\n<meta property=\"og:site_name\" content=\"sanluisinforma.com\" \/>\n<meta property=\"article:published_time\" content=\"2025-06-07T06:58:00+00:00\" \/>\n<meta property=\"article:modified_time\" content=\"2025-06-07T02:56:54+00:00\" \/>\n<meta property=\"og:image\" content=\"https:\/\/sanluisinforma.com\/wp-content\/uploads\/2025\/06\/a3782ba0-896f-4a11-a302-e652b8aea534.jpg\" \/>\n\t<meta property=\"og:image:width\" content=\"400\" \/>\n\t<meta property=\"og:image:height\" content=\"300\" \/>\n\t<meta property=\"og:image:type\" content=\"image\/jpeg\" \/>\n<meta name=\"author\" content=\"sanluisinforma.com\" \/>\n<meta name=\"twitter:card\" content=\"summary_large_image\" \/>\n<meta name=\"twitter:label1\" content=\"Escrito por\" \/>\n\t<meta name=\"twitter:data1\" content=\"sanluisinforma.com\" \/>\n\t<meta name=\"twitter:label2\" content=\"Tiempo de lectura\" \/>\n\t<meta name=\"twitter:data2\" content=\"7 minutos\" \/>\n<script type=\"application\/ld+json\" class=\"yoast-schema-graph\">{\"@context\":\"https:\/\/schema.org\",\"@graph\":[{\"@type\":\"Article\",\"@id\":\"https:\/\/sanluisinforma.com\/?p=12776#article\",\"isPartOf\":{\"@id\":\"https:\/\/sanluisinforma.com\/?p=12776\"},\"author\":{\"name\":\"sanluisinforma.com\",\"@id\":\"https:\/\/sanluisinforma.com\/#\/schema\/person\/c30648f71476be533b6f59d092905c8b\"},\"headline\":\"Dan a conocer a Ganadores y Ganadoras del Premio Estatal de Periodismo 2025\",\"datePublished\":\"2025-06-07T06:58:00+00:00\",\"dateModified\":\"2025-06-07T02:56:54+00:00\",\"mainEntityOfPage\":{\"@id\":\"https:\/\/sanluisinforma.com\/?p=12776\"},\"wordCount\":1577,\"publisher\":{\"@id\":\"https:\/\/sanluisinforma.com\/#organization\"},\"image\":{\"@id\":\"https:\/\/sanluisinforma.com\/?p=12776#primaryimage\"},\"thumbnailUrl\":\"https:\/\/sanluisinforma.com\/wp-content\/uploads\/2025\/06\/a3782ba0-896f-4a11-a302-e652b8aea534.jpg\",\"articleSection\":[\"Local\",\"Portada\"],\"inLanguage\":\"es\"},{\"@type\":\"WebPage\",\"@id\":\"https:\/\/sanluisinforma.com\/?p=12776\",\"url\":\"https:\/\/sanluisinforma.com\/?p=12776\",\"name\":\"Dan a conocer a Ganadores y Ganadoras del Premio Estatal de Periodismo 2025 - sanluisinforma.com\",\"isPartOf\":{\"@id\":\"https:\/\/sanluisinforma.com\/#website\"},\"primaryImageOfPage\":{\"@id\":\"https:\/\/sanluisinforma.com\/?p=12776#primaryimage\"},\"image\":{\"@id\":\"https:\/\/sanluisinforma.com\/?p=12776#primaryimage\"},\"thumbnailUrl\":\"https:\/\/sanluisinforma.com\/wp-content\/uploads\/2025\/06\/a3782ba0-896f-4a11-a302-e652b8aea534.jpg\",\"datePublished\":\"2025-06-07T06:58:00+00:00\",\"dateModified\":\"2025-06-07T02:56:54+00:00\",\"breadcrumb\":{\"@id\":\"https:\/\/sanluisinforma.com\/?p=12776#breadcrumb\"},\"inLanguage\":\"es\",\"potentialAction\":[{\"@type\":\"ReadAction\",\"target\":[\"https:\/\/sanluisinforma.com\/?p=12776\"]}]},{\"@type\":\"ImageObject\",\"inLanguage\":\"es\",\"@id\":\"https:\/\/sanluisinforma.com\/?p=12776#primaryimage\",\"url\":\"https:\/\/sanluisinforma.com\/wp-content\/uploads\/2025\/06\/a3782ba0-896f-4a11-a302-e652b8aea534.jpg\",\"contentUrl\":\"https:\/\/sanluisinforma.com\/wp-content\/uploads\/2025\/06\/a3782ba0-896f-4a11-a302-e652b8aea534.jpg\",\"width\":400,\"height\":300},{\"@type\":\"BreadcrumbList\",\"@id\":\"https:\/\/sanluisinforma.com\/?p=12776#breadcrumb\",\"itemListElement\":[{\"@type\":\"ListItem\",\"position\":1,\"name\":\"Inicio\",\"item\":\"https:\/\/sanluisinforma.com\/\"},{\"@type\":\"ListItem\",\"position\":2,\"name\":\"Dan a conocer a Ganadores y Ganadoras del Premio Estatal de Periodismo 2025\"}]},{\"@type\":\"WebSite\",\"@id\":\"https:\/\/sanluisinforma.com\/#website\",\"url\":\"https:\/\/sanluisinforma.com\/\",\"name\":\"sanluisinforma.com\",\"description\":\"Periodico San Luis Informa\",\"publisher\":{\"@id\":\"https:\/\/sanluisinforma.com\/#organization\"},\"potentialAction\":[{\"@type\":\"SearchAction\",\"target\":{\"@type\":\"EntryPoint\",\"urlTemplate\":\"https:\/\/sanluisinforma.com\/?s={search_term_string}\"},\"query-input\":{\"@type\":\"PropertyValueSpecification\",\"valueRequired\":true,\"valueName\":\"search_term_string\"}}],\"inLanguage\":\"es\"},{\"@type\":\"Organization\",\"@id\":\"https:\/\/sanluisinforma.com\/#organization\",\"name\":\"sanluisinforma.com\",\"url\":\"https:\/\/sanluisinforma.com\/\",\"logo\":{\"@type\":\"ImageObject\",\"inLanguage\":\"es\",\"@id\":\"https:\/\/sanluisinforma.com\/#\/schema\/logo\/image\/\",\"url\":\"https:\/\/sanluisinforma.com\/wp-content\/uploads\/2026\/03\/sanluisinforma-V.jpg\",\"contentUrl\":\"https:\/\/sanluisinforma.com\/wp-content\/uploads\/2026\/03\/sanluisinforma-V.jpg\",\"width\":500,\"height\":156,\"caption\":\"sanluisinforma.com\"},\"image\":{\"@id\":\"https:\/\/sanluisinforma.com\/#\/schema\/logo\/image\/\"}},{\"@type\":\"Person\",\"@id\":\"https:\/\/sanluisinforma.com\/#\/schema\/person\/c30648f71476be533b6f59d092905c8b\",\"name\":\"sanluisinforma.com\",\"image\":{\"@type\":\"ImageObject\",\"inLanguage\":\"es\",\"@id\":\"https:\/\/sanluisinforma.com\/#\/schema\/person\/image\/\",\"url\":\"https:\/\/secure.gravatar.com\/avatar\/86e3114e34a1eecefb963e0a02f0093f93b092dddb2fe1517596343751081a87?s=96&d=mm&r=g\",\"contentUrl\":\"https:\/\/secure.gravatar.com\/avatar\/86e3114e34a1eecefb963e0a02f0093f93b092dddb2fe1517596343751081a87?s=96&d=mm&r=g\",\"caption\":\"sanluisinforma.com\"},\"url\":\"https:\/\/sanluisinforma.com\/?author=2\"}]}<\/script>\n<!-- \/ Yoast SEO plugin. -->","yoast_head_json":{"title":"Dan a conocer a Ganadores y Ganadoras del Premio Estatal de Periodismo 2025 - sanluisinforma.com","robots":{"index":"index","follow":"follow","max-snippet":"max-snippet:-1","max-image-preview":"max-image-preview:large","max-video-preview":"max-video-preview:-1"},"canonical":"https:\/\/sanluisinforma.com\/?p=12776","og_locale":"es_MX","og_type":"article","og_title":"Dan a conocer a Ganadores y Ganadoras del Premio Estatal de Periodismo 2025 - sanluisinforma.com","og_description":"Por iniciativa impulsada por el Gobernador Ricardo Gallardo Cardona quienes obtuvieron los primeros lugares recibir\u00e1n 70 mil pesos de premio;","og_url":"https:\/\/sanluisinforma.com\/?p=12776","og_site_name":"sanluisinforma.com","article_published_time":"2025-06-07T06:58:00+00:00","article_modified_time":"2025-06-07T02:56:54+00:00","og_image":[{"width":400,"height":300,"url":"https:\/\/sanluisinforma.com\/wp-content\/uploads\/2025\/06\/a3782ba0-896f-4a11-a302-e652b8aea534.jpg","type":"image\/jpeg"}],"author":"sanluisinforma.com","twitter_card":"summary_large_image","twitter_misc":{"Escrito por":"sanluisinforma.com","Tiempo de lectura":"7 minutos"},"schema":{"@context":"https:\/\/schema.org","@graph":[{"@type":"Article","@id":"https:\/\/sanluisinforma.com\/?p=12776#article","isPartOf":{"@id":"https:\/\/sanluisinforma.com\/?p=12776"},"author":{"name":"sanluisinforma.com","@id":"https:\/\/sanluisinforma.com\/#\/schema\/person\/c30648f71476be533b6f59d092905c8b"},"headline":"Dan a conocer a Ganadores y Ganadoras del Premio Estatal de Periodismo 2025","datePublished":"2025-06-07T06:58:00+00:00","dateModified":"2025-06-07T02:56:54+00:00","mainEntityOfPage":{"@id":"https:\/\/sanluisinforma.com\/?p=12776"},"wordCount":1577,"publisher":{"@id":"https:\/\/sanluisinforma.com\/#organization"},"image":{"@id":"https:\/\/sanluisinforma.com\/?p=12776#primaryimage"},"thumbnailUrl":"https:\/\/sanluisinforma.com\/wp-content\/uploads\/2025\/06\/a3782ba0-896f-4a11-a302-e652b8aea534.jpg","articleSection":["Local","Portada"],"inLanguage":"es"},{"@type":"WebPage","@id":"https:\/\/sanluisinforma.com\/?p=12776","url":"https:\/\/sanluisinforma.com\/?p=12776","name":"Dan a conocer a Ganadores y Ganadoras del Premio Estatal de Periodismo 2025 - sanluisinforma.com","isPartOf":{"@id":"https:\/\/sanluisinforma.com\/#website"},"primaryImageOfPage":{"@id":"https:\/\/sanluisinforma.com\/?p=12776#primaryimage"},"image":{"@id":"https:\/\/sanluisinforma.com\/?p=12776#primaryimage"},"thumbnailUrl":"https:\/\/sanluisinforma.com\/wp-content\/uploads\/2025\/06\/a3782ba0-896f-4a11-a302-e652b8aea534.jpg","datePublished":"2025-06-07T06:58:00+00:00","dateModified":"2025-06-07T02:56:54+00:00","breadcrumb":{"@id":"https:\/\/sanluisinforma.com\/?p=12776#breadcrumb"},"inLanguage":"es","potentialAction":[{"@type":"ReadAction","target":["https:\/\/sanluisinforma.com\/?p=12776"]}]},{"@type":"ImageObject","inLanguage":"es","@id":"https:\/\/sanluisinforma.com\/?p=12776#primaryimage","url":"https:\/\/sanluisinforma.com\/wp-content\/uploads\/2025\/06\/a3782ba0-896f-4a11-a302-e652b8aea534.jpg","contentUrl":"https:\/\/sanluisinforma.com\/wp-content\/uploads\/2025\/06\/a3782ba0-896f-4a11-a302-e652b8aea534.jpg","width":400,"height":300},{"@type":"BreadcrumbList","@id":"https:\/\/sanluisinforma.com\/?p=12776#breadcrumb","itemListElement":[{"@type":"ListItem","position":1,"name":"Inicio","item":"https:\/\/sanluisinforma.com\/"},{"@type":"ListItem","position":2,"name":"Dan a conocer a Ganadores y Ganadoras del Premio Estatal de Periodismo 2025"}]},{"@type":"WebSite","@id":"https:\/\/sanluisinforma.com\/#website","url":"https:\/\/sanluisinforma.com\/","name":"sanluisinforma.com","description":"Periodico San Luis Informa","publisher":{"@id":"https:\/\/sanluisinforma.com\/#organization"},"potentialAction":[{"@type":"SearchAction","target":{"@type":"EntryPoint","urlTemplate":"https:\/\/sanluisinforma.com\/?s={search_term_string}"},"query-input":{"@type":"PropertyValueSpecification","valueRequired":true,"valueName":"search_term_string"}}],"inLanguage":"es"},{"@type":"Organization","@id":"https:\/\/sanluisinforma.com\/#organization","name":"sanluisinforma.com","url":"https:\/\/sanluisinforma.com\/","logo":{"@type":"ImageObject","inLanguage":"es","@id":"https:\/\/sanluisinforma.com\/#\/schema\/logo\/image\/","url":"https:\/\/sanluisinforma.com\/wp-content\/uploads\/2026\/03\/sanluisinforma-V.jpg","contentUrl":"https:\/\/sanluisinforma.com\/wp-content\/uploads\/2026\/03\/sanluisinforma-V.jpg","width":500,"height":156,"caption":"sanluisinforma.com"},"image":{"@id":"https:\/\/sanluisinforma.com\/#\/schema\/logo\/image\/"}},{"@type":"Person","@id":"https:\/\/sanluisinforma.com\/#\/schema\/person\/c30648f71476be533b6f59d092905c8b","name":"sanluisinforma.com","image":{"@type":"ImageObject","inLanguage":"es","@id":"https:\/\/sanluisinforma.com\/#\/schema\/person\/image\/","url":"https:\/\/secure.gravatar.com\/avatar\/86e3114e34a1eecefb963e0a02f0093f93b092dddb2fe1517596343751081a87?s=96&d=mm&r=g","contentUrl":"https:\/\/secure.gravatar.com\/avatar\/86e3114e34a1eecefb963e0a02f0093f93b092dddb2fe1517596343751081a87?s=96&d=mm&r=g","caption":"sanluisinforma.com"},"url":"https:\/\/sanluisinforma.com\/?author=2"}]}},"_links":{"self":[{"href":"https:\/\/sanluisinforma.com\/index.php?rest_route=\/wp\/v2\/posts\/12776","targetHints":{"allow":["GET"]}}],"collection":[{"href":"https:\/\/sanluisinforma.com\/index.php?rest_route=\/wp\/v2\/posts"}],"about":[{"href":"https:\/\/sanluisinforma.com\/index.php?rest_route=\/wp\/v2\/types\/post"}],"author":[{"embeddable":true,"href":"https:\/\/sanluisinforma.com\/index.php?rest_route=\/wp\/v2\/users\/2"}],"replies":[{"embeddable":true,"href":"https:\/\/sanluisinforma.com\/index.php?rest_route=%2Fwp%2Fv2%2Fcomments&post=12776"}],"version-history":[{"count":1,"href":"https:\/\/sanluisinforma.com\/index.php?rest_route=\/wp\/v2\/posts\/12776\/revisions"}],"predecessor-version":[{"id":12778,"href":"https:\/\/sanluisinforma.com\/index.php?rest_route=\/wp\/v2\/posts\/12776\/revisions\/12778"}],"wp:featuredmedia":[{"embeddable":true,"href":"https:\/\/sanluisinforma.com\/index.php?rest_route=\/wp\/v2\/media\/12777"}],"wp:attachment":[{"href":"https:\/\/sanluisinforma.com\/index.php?rest_route=%2Fwp%2Fv2%2Fmedia&parent=12776"}],"wp:term":[{"taxonomy":"category","embeddable":true,"href":"https:\/\/sanluisinforma.com\/index.php?rest_route=%2Fwp%2Fv2%2Fcategories&post=12776"},{"taxonomy":"post_tag","embeddable":true,"href":"https:\/\/sanluisinforma.com\/index.php?rest_route=%2Fwp%2Fv2%2Ftags&post=12776"}],"curies":[{"name":"wp","href":"https:\/\/api.w.org\/{rel}","templated":true}]}}