{"id":12779,"date":"2025-06-07T00:40:00","date_gmt":"2025-06-07T06:40:00","guid":{"rendered":"https:\/\/sanluisinforma.com\/?p=12779"},"modified":"2025-06-06T21:09:03","modified_gmt":"2025-06-07T03:09:03","slug":"hay-confianza-en-nuestro-pais-buena-percepcion-de-mercados-continuan-las-inversiones-banco-mundial-reconoce-que-11-millones-de-mexicanos-salieron-de-la-pobrezapresidenta-claudia-sheinbaum","status":"publish","type":"post","link":"https:\/\/sanluisinforma.com\/?p=12779","title":{"rendered":"Hay confianza en nuestro Pa\u00eds, buena percepci\u00f3n de Mercados, contin\u00faan las inversiones Banco Mundial reconoce que 11 millones de mexicanos salieron de la pobreza:Presidenta Claudia Sheinbaum"},"content":{"rendered":"\n<p>\u201cEs el manejo responsable de la econom\u00eda, tanto de la macroeconom\u00eda del Gobierno de M\u00e9xico y del Banco de M\u00e9xico con su autonom\u00eda\u201d, resalt\u00f3<\/p>\n\n\n\n<p>* Destac\u00f3 que la confianza de los mercados en M\u00e9xico radica en la fortaleza del peso, la disminuci\u00f3n de la tasa de inter\u00e9s a 10 a\u00f1os y de la percepci\u00f3n internacional sobre la probabilidad de impago<\/p>\n\n\n\n<p>Ciudad de M\u00e9xico, 6 de junio de 2025.- La Presidenta Claudia Sheinbaum Pardo resalt\u00f3 que, gracias a que la Cuarta Transformaci\u00f3n hace un manejo responsable de la econom\u00eda, hay confianza en nuestro pa\u00eds la cual se refleja en la evoluci\u00f3n del peso mexicano, que hoy cerr\u00f3 su tipo de cambio en 19.14 pesos por d\u00f3lar; en la disminuci\u00f3n de la tasa de inter\u00e9s a 10 a\u00f1os, en la reducci\u00f3n de la percepci\u00f3n internacional sobre la probabilidad de impago y en que, de acuerdo con el Banco Mundial, 11 millones de mexicanos salieron de la pobreza.<\/p>\n\n\n\n<p>\u201cHab\u00edan dicho que 9.5 millones de mexicanos hab\u00edan salido de la pobreza hasta 2022. Hacen una reevaluaci\u00f3n de su metodolog\u00eda y reconocen que en M\u00e9xico 11 millones de mexicanos salieron de la pobreza, durante el periodo del Presidente L\u00f3pez Obrador hasta 2022; es decir, ya no es 9.5, sino 11 millones, dicho por el Banco Mundial\u201d, puntualiz\u00f3.<\/p>\n\n\n\n<p>La Jefa del Ejecutivo Federal destac\u00f3 que a\u00fan con las dificultades econ\u00f3micas internacionales, los mercados internacionales no ven con incertidumbre a nuestro pa\u00eds, adem\u00e1s de que se cuenta con el Plan M\u00e9xico, que tiene un portafolio de inversiones nacionales y extranjeras de m\u00e1s de 200 mil millones de d\u00f3lares.<\/p>\n\n\n\n<p>\u201cEs el manejo responsable de la econom\u00eda, tanto de la macroeconom\u00eda del Gobierno de M\u00e9xico y del Banco de M\u00e9xico, con su autonom\u00eda, como lo que hemos estado planteando de c\u00f3mo afrontar el desarrollo de nuestro pa\u00eds y al mismo tiempo la situaci\u00f3n, frente a la situaci\u00f3n internacional que han vivido todos los pa\u00edses del mundo\u201d, agreg\u00f3.<\/p>\n\n\n\n<p>Adem\u00e1s, expuso que, de acuerdo con medios de comunicaci\u00f3n internacionales como The Wall Street Journal, M\u00e9xico tiene una tendencia creciente de nearshoring, lo que aumenta la atenci\u00f3n de inversores en el peso mexicano y alienta a empresas estadounidenses a fabricar productos cerca de casa.<\/p>\n\n\n\n<p>Asimismo, resalt\u00f3 la opini\u00f3n del secretario de Comercio de Estados Unidos, Howard Lutnick, quien se\u00f1al\u00f3 que la relaci\u00f3n entre ambos pa\u00edses ser\u00e1 excelente y recalc\u00f3 la necesidad de reimaginar la relaci\u00f3n con M\u00e9xico para impulsar negocios bilaterales.<\/p>\n\n\n\n<p>Adem\u00e1s, record\u00f3, que nuestro pa\u00eds busca un acuerdo global con el Gobierno del presidente Donald Trump que permita respetar el tratado comercial con EUA y para que M\u00e9xico sea excluido de los aranceles al 50 por ciento al acero y al aluminio que se impusieron a todos los pa\u00edses del mundo.<\/p>\n\n\n\n<p>\u201cYo tengo confianza en que vamos a salir adelante, porque siempre lo ha hecho el pueblo de M\u00e9xico, y lo vamos a hacer, hay entusiasmo en nuestro pa\u00eds, naturalmente frente a la situaci\u00f3n internacional, siempre hay una incertidumbre de lo que va a pasar con Estados Unidos, pero nosotros somos optimistas en el Gobierno y queremos pasarle ese optimismo a todo el pueblo de M\u00e9xico\u201d, concluy\u00f3.<\/p>\n\n\n\n<p>\u2014000\u2014<\/p>\n\n\n\n<p>[8:20 p.&nbsp;m., 6\/6\/2025] Isaac Hedz Claudia Premsa: Comunicado 237\/2025<\/p>\n\n\n\n<p>PRESIDENTA CLAUDIA SHEINBAUM ARRANCA EN EDOMEX GIRA NACIONAL DEDICADA A LA SALUD<\/p>\n\n\n\n<p>* Es la tercera gira por todo el pa\u00eds desde que inici\u00f3 su administraci\u00f3n<\/p>\n","protected":false},"excerpt":{"rendered":"<p>\u201cEs el manejo responsable de la econom\u00eda, tanto de la macroeconom\u00eda del Gobierno de M\u00e9xico y del Banco de M\u00e9xico<\/p>\n","protected":false},"author":2,"featured_media":12780,"comment_status":"closed","ping_status":"closed","sticky":false,"template":"","format":"standard","meta":{"footnotes":""},"categories":[26],"tags":[],"class_list":["post-12779","post","type-post","status-publish","format-standard","has-post-thumbnail","hentry","category-nacional"],"yoast_head":"<!-- This site is optimized with the Yoast SEO plugin v24.1 - https:\/\/yoast.com\/wordpress\/plugins\/seo\/ -->\n<title>Hay confianza en nuestro Pa\u00eds, buena percepci\u00f3n de Mercados, contin\u00faan las inversiones Banco Mundial reconoce que 11 millones de mexicanos salieron de la pobreza:Presidenta Claudia Sheinbaum - sanluisinforma.com<\/title>\n<meta name=\"robots\" content=\"index, follow, max-snippet:-1, max-image-preview:large, max-video-preview:-1\" \/>\n<link rel=\"canonical\" href=\"https:\/\/sanluisinforma.com\/?p=12779\" \/>\n<meta property=\"og:locale\" content=\"es_MX\" \/>\n<meta property=\"og:type\" content=\"article\" \/>\n<meta property=\"og:title\" content=\"Hay confianza en nuestro Pa\u00eds, buena percepci\u00f3n de Mercados, contin\u00faan las inversiones Banco Mundial reconoce que 11 millones de mexicanos salieron de la pobreza:Presidenta Claudia Sheinbaum - sanluisinforma.com\" \/>\n<meta property=\"og:description\" content=\"\u201cEs el manejo responsable de la econom\u00eda, tanto de la macroeconom\u00eda del Gobierno de M\u00e9xico y del Banco de M\u00e9xico\" \/>\n<meta property=\"og:url\" content=\"https:\/\/sanluisinforma.com\/?p=12779\" \/>\n<meta property=\"og:site_name\" content=\"sanluisinforma.com\" \/>\n<meta property=\"article:published_time\" content=\"2025-06-07T06:40:00+00:00\" \/>\n<meta property=\"article:modified_time\" content=\"2025-06-07T03:09:03+00:00\" \/>\n<meta property=\"og:image\" content=\"https:\/\/sanluisinforma.com\/wp-content\/uploads\/2025\/06\/6f65148f-33a5-47a6-b9ef-a0c7d5453c5b-e1749265662908.jpg\" \/>\n\t<meta property=\"og:image:width\" content=\"400\" \/>\n\t<meta property=\"og:image:height\" content=\"267\" \/>\n\t<meta property=\"og:image:type\" content=\"image\/jpeg\" \/>\n<meta name=\"author\" content=\"sanluisinforma.com\" \/>\n<meta name=\"twitter:card\" content=\"summary_large_image\" \/>\n<meta name=\"twitter:label1\" content=\"Escrito por\" \/>\n\t<meta name=\"twitter:data1\" content=\"sanluisinforma.com\" \/>\n\t<meta name=\"twitter:label2\" content=\"Tiempo de lectura\" \/>\n\t<meta name=\"twitter:data2\" content=\"3 minutos\" \/>\n<script type=\"application\/ld+json\" class=\"yoast-schema-graph\">{\"@context\":\"https:\/\/schema.org\",\"@graph\":[{\"@type\":\"Article\",\"@id\":\"https:\/\/sanluisinforma.com\/?p=12779#article\",\"isPartOf\":{\"@id\":\"https:\/\/sanluisinforma.com\/?p=12779\"},\"author\":{\"name\":\"sanluisinforma.com\",\"@id\":\"https:\/\/sanluisinforma.com\/#\/schema\/person\/c30648f71476be533b6f59d092905c8b\"},\"headline\":\"Hay confianza en nuestro Pa\u00eds, buena percepci\u00f3n de Mercados, contin\u00faan las inversiones Banco Mundial reconoce que 11 millones de mexicanos salieron de la pobreza:Presidenta Claudia Sheinbaum\",\"datePublished\":\"2025-06-07T06:40:00+00:00\",\"dateModified\":\"2025-06-07T03:09:03+00:00\",\"mainEntityOfPage\":{\"@id\":\"https:\/\/sanluisinforma.com\/?p=12779\"},\"wordCount\":628,\"publisher\":{\"@id\":\"https:\/\/sanluisinforma.com\/#organization\"},\"image\":{\"@id\":\"https:\/\/sanluisinforma.com\/?p=12779#primaryimage\"},\"thumbnailUrl\":\"https:\/\/sanluisinforma.com\/wp-content\/uploads\/2025\/06\/6f65148f-33a5-47a6-b9ef-a0c7d5453c5b-e1749265662908.jpg\",\"articleSection\":[\"Nacional\"],\"inLanguage\":\"es\"},{\"@type\":\"WebPage\",\"@id\":\"https:\/\/sanluisinforma.com\/?p=12779\",\"url\":\"https:\/\/sanluisinforma.com\/?p=12779\",\"name\":\"Hay confianza en nuestro Pa\u00eds, buena percepci\u00f3n de Mercados, contin\u00faan las inversiones Banco Mundial reconoce que 11 millones de mexicanos salieron de la pobreza:Presidenta Claudia Sheinbaum - sanluisinforma.com\",\"isPartOf\":{\"@id\":\"https:\/\/sanluisinforma.com\/#website\"},\"primaryImageOfPage\":{\"@id\":\"https:\/\/sanluisinforma.com\/?p=12779#primaryimage\"},\"image\":{\"@id\":\"https:\/\/sanluisinforma.com\/?p=12779#primaryimage\"},\"thumbnailUrl\":\"https:\/\/sanluisinforma.com\/wp-content\/uploads\/2025\/06\/6f65148f-33a5-47a6-b9ef-a0c7d5453c5b-e1749265662908.jpg\",\"datePublished\":\"2025-06-07T06:40:00+00:00\",\"dateModified\":\"2025-06-07T03:09:03+00:00\",\"breadcrumb\":{\"@id\":\"https:\/\/sanluisinforma.com\/?p=12779#breadcrumb\"},\"inLanguage\":\"es\",\"potentialAction\":[{\"@type\":\"ReadAction\",\"target\":[\"https:\/\/sanluisinforma.com\/?p=12779\"]}]},{\"@type\":\"ImageObject\",\"inLanguage\":\"es\",\"@id\":\"https:\/\/sanluisinforma.com\/?p=12779#primaryimage\",\"url\":\"https:\/\/sanluisinforma.com\/wp-content\/uploads\/2025\/06\/6f65148f-33a5-47a6-b9ef-a0c7d5453c5b-e1749265662908.jpg\",\"contentUrl\":\"https:\/\/sanluisinforma.com\/wp-content\/uploads\/2025\/06\/6f65148f-33a5-47a6-b9ef-a0c7d5453c5b-e1749265662908.jpg\",\"width\":400,\"height\":267},{\"@type\":\"BreadcrumbList\",\"@id\":\"https:\/\/sanluisinforma.com\/?p=12779#breadcrumb\",\"itemListElement\":[{\"@type\":\"ListItem\",\"position\":1,\"name\":\"Inicio\",\"item\":\"https:\/\/sanluisinforma.com\/\"},{\"@type\":\"ListItem\",\"position\":2,\"name\":\"Hay confianza en nuestro Pa\u00eds, buena percepci\u00f3n de Mercados, contin\u00faan las inversiones Banco Mundial reconoce que 11 millones de mexicanos salieron de la pobreza:Presidenta Claudia Sheinbaum\"}]},{\"@type\":\"WebSite\",\"@id\":\"https:\/\/sanluisinforma.com\/#website\",\"url\":\"https:\/\/sanluisinforma.com\/\",\"name\":\"sanluisinforma.com\",\"description\":\"Periodico San Luis Informa\",\"publisher\":{\"@id\":\"https:\/\/sanluisinforma.com\/#organization\"},\"potentialAction\":[{\"@type\":\"SearchAction\",\"target\":{\"@type\":\"EntryPoint\",\"urlTemplate\":\"https:\/\/sanluisinforma.com\/?s={search_term_string}\"},\"query-input\":{\"@type\":\"PropertyValueSpecification\",\"valueRequired\":true,\"valueName\":\"search_term_string\"}}],\"inLanguage\":\"es\"},{\"@type\":\"Organization\",\"@id\":\"https:\/\/sanluisinforma.com\/#organization\",\"name\":\"sanluisinforma.com\",\"url\":\"https:\/\/sanluisinforma.com\/\",\"logo\":{\"@type\":\"ImageObject\",\"inLanguage\":\"es\",\"@id\":\"https:\/\/sanluisinforma.com\/#\/schema\/logo\/image\/\",\"url\":\"https:\/\/sanluisinforma.com\/wp-content\/uploads\/2026\/03\/sanluisinforma-V.jpg\",\"contentUrl\":\"https:\/\/sanluisinforma.com\/wp-content\/uploads\/2026\/03\/sanluisinforma-V.jpg\",\"width\":500,\"height\":156,\"caption\":\"sanluisinforma.com\"},\"image\":{\"@id\":\"https:\/\/sanluisinforma.com\/#\/schema\/logo\/image\/\"}},{\"@type\":\"Person\",\"@id\":\"https:\/\/sanluisinforma.com\/#\/schema\/person\/c30648f71476be533b6f59d092905c8b\",\"name\":\"sanluisinforma.com\",\"image\":{\"@type\":\"ImageObject\",\"inLanguage\":\"es\",\"@id\":\"https:\/\/sanluisinforma.com\/#\/schema\/person\/image\/\",\"url\":\"https:\/\/secure.gravatar.com\/avatar\/86e3114e34a1eecefb963e0a02f0093f93b092dddb2fe1517596343751081a87?s=96&d=mm&r=g\",\"contentUrl\":\"https:\/\/secure.gravatar.com\/avatar\/86e3114e34a1eecefb963e0a02f0093f93b092dddb2fe1517596343751081a87?s=96&d=mm&r=g\",\"caption\":\"sanluisinforma.com\"},\"url\":\"https:\/\/sanluisinforma.com\/?author=2\"}]}<\/script>\n<!-- \/ Yoast SEO plugin. -->","yoast_head_json":{"title":"Hay confianza en nuestro Pa\u00eds, buena percepci\u00f3n de Mercados, contin\u00faan las inversiones Banco Mundial reconoce que 11 millones de mexicanos salieron de la pobreza:Presidenta Claudia Sheinbaum - sanluisinforma.com","robots":{"index":"index","follow":"follow","max-snippet":"max-snippet:-1","max-image-preview":"max-image-preview:large","max-video-preview":"max-video-preview:-1"},"canonical":"https:\/\/sanluisinforma.com\/?p=12779","og_locale":"es_MX","og_type":"article","og_title":"Hay confianza en nuestro Pa\u00eds, buena percepci\u00f3n de Mercados, contin\u00faan las inversiones Banco Mundial reconoce que 11 millones de mexicanos salieron de la pobreza:Presidenta Claudia Sheinbaum - sanluisinforma.com","og_description":"\u201cEs el manejo responsable de la econom\u00eda, tanto de la macroeconom\u00eda del Gobierno de M\u00e9xico y del Banco de M\u00e9xico","og_url":"https:\/\/sanluisinforma.com\/?p=12779","og_site_name":"sanluisinforma.com","article_published_time":"2025-06-07T06:40:00+00:00","article_modified_time":"2025-06-07T03:09:03+00:00","og_image":[{"width":400,"height":267,"url":"https:\/\/sanluisinforma.com\/wp-content\/uploads\/2025\/06\/6f65148f-33a5-47a6-b9ef-a0c7d5453c5b-e1749265662908.jpg","type":"image\/jpeg"}],"author":"sanluisinforma.com","twitter_card":"summary_large_image","twitter_misc":{"Escrito por":"sanluisinforma.com","Tiempo de lectura":"3 minutos"},"schema":{"@context":"https:\/\/schema.org","@graph":[{"@type":"Article","@id":"https:\/\/sanluisinforma.com\/?p=12779#article","isPartOf":{"@id":"https:\/\/sanluisinforma.com\/?p=12779"},"author":{"name":"sanluisinforma.com","@id":"https:\/\/sanluisinforma.com\/#\/schema\/person\/c30648f71476be533b6f59d092905c8b"},"headline":"Hay confianza en nuestro Pa\u00eds, buena percepci\u00f3n de Mercados, contin\u00faan las inversiones Banco Mundial reconoce que 11 millones de mexicanos salieron de la pobreza:Presidenta Claudia Sheinbaum","datePublished":"2025-06-07T06:40:00+00:00","dateModified":"2025-06-07T03:09:03+00:00","mainEntityOfPage":{"@id":"https:\/\/sanluisinforma.com\/?p=12779"},"wordCount":628,"publisher":{"@id":"https:\/\/sanluisinforma.com\/#organization"},"image":{"@id":"https:\/\/sanluisinforma.com\/?p=12779#primaryimage"},"thumbnailUrl":"https:\/\/sanluisinforma.com\/wp-content\/uploads\/2025\/06\/6f65148f-33a5-47a6-b9ef-a0c7d5453c5b-e1749265662908.jpg","articleSection":["Nacional"],"inLanguage":"es"},{"@type":"WebPage","@id":"https:\/\/sanluisinforma.com\/?p=12779","url":"https:\/\/sanluisinforma.com\/?p=12779","name":"Hay confianza en nuestro Pa\u00eds, buena percepci\u00f3n de Mercados, contin\u00faan las inversiones Banco Mundial reconoce que 11 millones de mexicanos salieron de la pobreza:Presidenta Claudia Sheinbaum - sanluisinforma.com","isPartOf":{"@id":"https:\/\/sanluisinforma.com\/#website"},"primaryImageOfPage":{"@id":"https:\/\/sanluisinforma.com\/?p=12779#primaryimage"},"image":{"@id":"https:\/\/sanluisinforma.com\/?p=12779#primaryimage"},"thumbnailUrl":"https:\/\/sanluisinforma.com\/wp-content\/uploads\/2025\/06\/6f65148f-33a5-47a6-b9ef-a0c7d5453c5b-e1749265662908.jpg","datePublished":"2025-06-07T06:40:00+00:00","dateModified":"2025-06-07T03:09:03+00:00","breadcrumb":{"@id":"https:\/\/sanluisinforma.com\/?p=12779#breadcrumb"},"inLanguage":"es","potentialAction":[{"@type":"ReadAction","target":["https:\/\/sanluisinforma.com\/?p=12779"]}]},{"@type":"ImageObject","inLanguage":"es","@id":"https:\/\/sanluisinforma.com\/?p=12779#primaryimage","url":"https:\/\/sanluisinforma.com\/wp-content\/uploads\/2025\/06\/6f65148f-33a5-47a6-b9ef-a0c7d5453c5b-e1749265662908.jpg","contentUrl":"https:\/\/sanluisinforma.com\/wp-content\/uploads\/2025\/06\/6f65148f-33a5-47a6-b9ef-a0c7d5453c5b-e1749265662908.jpg","width":400,"height":267},{"@type":"BreadcrumbList","@id":"https:\/\/sanluisinforma.com\/?p=12779#breadcrumb","itemListElement":[{"@type":"ListItem","position":1,"name":"Inicio","item":"https:\/\/sanluisinforma.com\/"},{"@type":"ListItem","position":2,"name":"Hay confianza en nuestro Pa\u00eds, buena percepci\u00f3n de Mercados, contin\u00faan las inversiones Banco Mundial reconoce que 11 millones de mexicanos salieron de la pobreza:Presidenta Claudia Sheinbaum"}]},{"@type":"WebSite","@id":"https:\/\/sanluisinforma.com\/#website","url":"https:\/\/sanluisinforma.com\/","name":"sanluisinforma.com","description":"Periodico San Luis Informa","publisher":{"@id":"https:\/\/sanluisinforma.com\/#organization"},"potentialAction":[{"@type":"SearchAction","target":{"@type":"EntryPoint","urlTemplate":"https:\/\/sanluisinforma.com\/?s={search_term_string}"},"query-input":{"@type":"PropertyValueSpecification","valueRequired":true,"valueName":"search_term_string"}}],"inLanguage":"es"},{"@type":"Organization","@id":"https:\/\/sanluisinforma.com\/#organization","name":"sanluisinforma.com","url":"https:\/\/sanluisinforma.com\/","logo":{"@type":"ImageObject","inLanguage":"es","@id":"https:\/\/sanluisinforma.com\/#\/schema\/logo\/image\/","url":"https:\/\/sanluisinforma.com\/wp-content\/uploads\/2026\/03\/sanluisinforma-V.jpg","contentUrl":"https:\/\/sanluisinforma.com\/wp-content\/uploads\/2026\/03\/sanluisinforma-V.jpg","width":500,"height":156,"caption":"sanluisinforma.com"},"image":{"@id":"https:\/\/sanluisinforma.com\/#\/schema\/logo\/image\/"}},{"@type":"Person","@id":"https:\/\/sanluisinforma.com\/#\/schema\/person\/c30648f71476be533b6f59d092905c8b","name":"sanluisinforma.com","image":{"@type":"ImageObject","inLanguage":"es","@id":"https:\/\/sanluisinforma.com\/#\/schema\/person\/image\/","url":"https:\/\/secure.gravatar.com\/avatar\/86e3114e34a1eecefb963e0a02f0093f93b092dddb2fe1517596343751081a87?s=96&d=mm&r=g","contentUrl":"https:\/\/secure.gravatar.com\/avatar\/86e3114e34a1eecefb963e0a02f0093f93b092dddb2fe1517596343751081a87?s=96&d=mm&r=g","caption":"sanluisinforma.com"},"url":"https:\/\/sanluisinforma.com\/?author=2"}]}},"_links":{"self":[{"href":"https:\/\/sanluisinforma.com\/index.php?rest_route=\/wp\/v2\/posts\/12779","targetHints":{"allow":["GET"]}}],"collection":[{"href":"https:\/\/sanluisinforma.com\/index.php?rest_route=\/wp\/v2\/posts"}],"about":[{"href":"https:\/\/sanluisinforma.com\/index.php?rest_route=\/wp\/v2\/types\/post"}],"author":[{"embeddable":true,"href":"https:\/\/sanluisinforma.com\/index.php?rest_route=\/wp\/v2\/users\/2"}],"replies":[{"embeddable":true,"href":"https:\/\/sanluisinforma.com\/index.php?rest_route=%2Fwp%2Fv2%2Fcomments&post=12779"}],"version-history":[{"count":1,"href":"https:\/\/sanluisinforma.com\/index.php?rest_route=\/wp\/v2\/posts\/12779\/revisions"}],"predecessor-version":[{"id":12781,"href":"https:\/\/sanluisinforma.com\/index.php?rest_route=\/wp\/v2\/posts\/12779\/revisions\/12781"}],"wp:featuredmedia":[{"embeddable":true,"href":"https:\/\/sanluisinforma.com\/index.php?rest_route=\/wp\/v2\/media\/12780"}],"wp:attachment":[{"href":"https:\/\/sanluisinforma.com\/index.php?rest_route=%2Fwp%2Fv2%2Fmedia&parent=12779"}],"wp:term":[{"taxonomy":"category","embeddable":true,"href":"https:\/\/sanluisinforma.com\/index.php?rest_route=%2Fwp%2Fv2%2Fcategories&post=12779"},{"taxonomy":"post_tag","embeddable":true,"href":"https:\/\/sanluisinforma.com\/index.php?rest_route=%2Fwp%2Fv2%2Ftags&post=12779"}],"curies":[{"name":"wp","href":"https:\/\/api.w.org\/{rel}","templated":true}]}}