{"id":12782,"date":"2025-06-07T00:45:00","date_gmt":"2025-06-07T06:45:00","guid":{"rendered":"https:\/\/sanluisinforma.com\/?p=12782"},"modified":"2025-06-06T21:20:17","modified_gmt":"2025-06-07T03:20:17","slug":"se-inaugura-el-13o-festival-internacional-del-vino-en-san-luis-capital","status":"publish","type":"post","link":"https:\/\/sanluisinforma.com\/?p=12782","title":{"rendered":"Se inaugura el 13\u00ba Festival Internacional del Vino en San Luis Capital"},"content":{"rendered":"\n<ul class=\"wp-block-list\">\n<li>El evento re\u00fane a productores nacionales e internacionales, con Argentina como pa\u00eds invitado.<\/li>\n<\/ul>\n\n\n\n<p><\/p>\n\n\n\n<p>El presidente municipal de San Luis Capital, Enrique Galindo Ceballos, encabez\u00f3 la ceremonia inaugural del Festival Internacional del Vino en su decimotercera edici\u00f3n, destacando que este evento ya es referente nacional por su calidad, proyecci\u00f3n tur\u00edstica y derrama econ\u00f3mica. \u201cAlgo bueno est\u00e1 pasando en San Luis. Apenas inauguramos el vuelo directo a Atlanta y hoy recibimos visitantes internacionales que vienen especialmente al festival\u201d.<\/p>\n\n\n\n<p>El Alcalde de San Luis Capital resalt\u00f3 tambi\u00e9n el valor cultural del evento a realizarse en un espacio como el Centro de las Artes, punto de encuentro para el arte, la gastronom\u00eda y la convivencia: \u201cAqu\u00ed est\u00e1 el maridaje perfecto: vino, cultura y ciudad\u201d.<\/p>\n\n\n\n<p>La embajadora de Argentina en M\u00e9xico, Mar\u00eda Gabriela Quinteros, agradeci\u00f3 la invitaci\u00f3n y celebr\u00f3 que su pa\u00eds sea el invitado de honor en esta edici\u00f3n, reconoci\u00f3 al festival como una plataforma \u00fanica para estrechar lazos culturales y comerciales: \u201cArgentina se siente en casa. Compartir nuestra tradici\u00f3n vitivin\u00edcola en un evento tan c\u00e1lido y vibrante como este es una oportunidad que valoramos enormemente\u201d.<\/p>\n\n\n\n<p>Por su parte, Alejandro Espinosa Abaroa, organizador del festival, destac\u00f3 el crecimiento sostenido del evento y agradeci\u00f3 el respaldo de autoridades, patrocinadores y empresarios locales: \u201cEste festival comenz\u00f3 como un sue\u00f1o y hoy es una realidad que posiciona a San Luis Potos\u00ed como capital del vino. Nos entusiasma ver a miles de personas disfrutar, conocer, brindar y vivir esta experiencia a\u00f1o con a\u00f1o\u201d.<\/p>\n","protected":false},"excerpt":{"rendered":"<p>El presidente municipal de San Luis Capital, Enrique Galindo Ceballos, encabez\u00f3 la ceremonia inaugural del Festival Internacional del Vino en<\/p>\n","protected":false},"author":2,"featured_media":12784,"comment_status":"closed","ping_status":"closed","sticky":false,"template":"","format":"standard","meta":{"footnotes":""},"categories":[25,30],"tags":[],"class_list":["post-12782","post","type-post","status-publish","format-standard","has-post-thumbnail","hentry","category-local","category-portada"],"yoast_head":"<!-- This site is optimized with the Yoast SEO plugin v24.1 - https:\/\/yoast.com\/wordpress\/plugins\/seo\/ -->\n<title>Se inaugura el 13\u00ba Festival Internacional del Vino en San Luis Capital - sanluisinforma.com<\/title>\n<meta name=\"robots\" content=\"index, follow, max-snippet:-1, max-image-preview:large, max-video-preview:-1\" \/>\n<link rel=\"canonical\" href=\"https:\/\/sanluisinforma.com\/?p=12782\" \/>\n<meta property=\"og:locale\" content=\"es_MX\" \/>\n<meta property=\"og:type\" content=\"article\" \/>\n<meta property=\"og:title\" content=\"Se inaugura el 13\u00ba Festival Internacional del Vino en San Luis Capital - sanluisinforma.com\" \/>\n<meta property=\"og:description\" content=\"El presidente municipal de San Luis Capital, Enrique Galindo Ceballos, encabez\u00f3 la ceremonia inaugural del Festival Internacional del Vino en\" \/>\n<meta property=\"og:url\" content=\"https:\/\/sanluisinforma.com\/?p=12782\" \/>\n<meta property=\"og:site_name\" content=\"sanluisinforma.com\" \/>\n<meta property=\"article:published_time\" content=\"2025-06-07T06:45:00+00:00\" \/>\n<meta property=\"article:modified_time\" content=\"2025-06-07T03:20:17+00:00\" \/>\n<meta property=\"og:image\" content=\"https:\/\/sanluisinforma.com\/wp-content\/uploads\/2025\/06\/2d1d87b1-ac72-4c3a-ae3a-f74aa0c158ef.jpg\" \/>\n\t<meta property=\"og:image:width\" content=\"400\" \/>\n\t<meta property=\"og:image:height\" content=\"266\" \/>\n\t<meta property=\"og:image:type\" content=\"image\/jpeg\" \/>\n<meta name=\"author\" content=\"sanluisinforma.com\" \/>\n<meta name=\"twitter:card\" content=\"summary_large_image\" \/>\n<meta name=\"twitter:label1\" content=\"Escrito por\" \/>\n\t<meta name=\"twitter:data1\" content=\"sanluisinforma.com\" \/>\n\t<meta name=\"twitter:label2\" content=\"Tiempo de lectura\" \/>\n\t<meta name=\"twitter:data2\" content=\"2 minutos\" \/>\n<script type=\"application\/ld+json\" class=\"yoast-schema-graph\">{\"@context\":\"https:\/\/schema.org\",\"@graph\":[{\"@type\":\"Article\",\"@id\":\"https:\/\/sanluisinforma.com\/?p=12782#article\",\"isPartOf\":{\"@id\":\"https:\/\/sanluisinforma.com\/?p=12782\"},\"author\":{\"name\":\"sanluisinforma.com\",\"@id\":\"https:\/\/sanluisinforma.com\/#\/schema\/person\/c30648f71476be533b6f59d092905c8b\"},\"headline\":\"Se inaugura el 13\u00ba Festival Internacional del Vino en San Luis Capital\",\"datePublished\":\"2025-06-07T06:45:00+00:00\",\"dateModified\":\"2025-06-07T03:20:17+00:00\",\"mainEntityOfPage\":{\"@id\":\"https:\/\/sanluisinforma.com\/?p=12782\"},\"wordCount\":275,\"publisher\":{\"@id\":\"https:\/\/sanluisinforma.com\/#organization\"},\"image\":{\"@id\":\"https:\/\/sanluisinforma.com\/?p=12782#primaryimage\"},\"thumbnailUrl\":\"https:\/\/sanluisinforma.com\/wp-content\/uploads\/2025\/06\/2d1d87b1-ac72-4c3a-ae3a-f74aa0c158ef.jpg\",\"articleSection\":[\"Local\",\"Portada\"],\"inLanguage\":\"es\"},{\"@type\":\"WebPage\",\"@id\":\"https:\/\/sanluisinforma.com\/?p=12782\",\"url\":\"https:\/\/sanluisinforma.com\/?p=12782\",\"name\":\"Se inaugura el 13\u00ba Festival Internacional del Vino en San Luis Capital - sanluisinforma.com\",\"isPartOf\":{\"@id\":\"https:\/\/sanluisinforma.com\/#website\"},\"primaryImageOfPage\":{\"@id\":\"https:\/\/sanluisinforma.com\/?p=12782#primaryimage\"},\"image\":{\"@id\":\"https:\/\/sanluisinforma.com\/?p=12782#primaryimage\"},\"thumbnailUrl\":\"https:\/\/sanluisinforma.com\/wp-content\/uploads\/2025\/06\/2d1d87b1-ac72-4c3a-ae3a-f74aa0c158ef.jpg\",\"datePublished\":\"2025-06-07T06:45:00+00:00\",\"dateModified\":\"2025-06-07T03:20:17+00:00\",\"breadcrumb\":{\"@id\":\"https:\/\/sanluisinforma.com\/?p=12782#breadcrumb\"},\"inLanguage\":\"es\",\"potentialAction\":[{\"@type\":\"ReadAction\",\"target\":[\"https:\/\/sanluisinforma.com\/?p=12782\"]}]},{\"@type\":\"ImageObject\",\"inLanguage\":\"es\",\"@id\":\"https:\/\/sanluisinforma.com\/?p=12782#primaryimage\",\"url\":\"https:\/\/sanluisinforma.com\/wp-content\/uploads\/2025\/06\/2d1d87b1-ac72-4c3a-ae3a-f74aa0c158ef.jpg\",\"contentUrl\":\"https:\/\/sanluisinforma.com\/wp-content\/uploads\/2025\/06\/2d1d87b1-ac72-4c3a-ae3a-f74aa0c158ef.jpg\",\"width\":400,\"height\":266},{\"@type\":\"BreadcrumbList\",\"@id\":\"https:\/\/sanluisinforma.com\/?p=12782#breadcrumb\",\"itemListElement\":[{\"@type\":\"ListItem\",\"position\":1,\"name\":\"Inicio\",\"item\":\"https:\/\/sanluisinforma.com\/\"},{\"@type\":\"ListItem\",\"position\":2,\"name\":\"Se inaugura el 13\u00ba Festival Internacional del Vino en San Luis Capital\"}]},{\"@type\":\"WebSite\",\"@id\":\"https:\/\/sanluisinforma.com\/#website\",\"url\":\"https:\/\/sanluisinforma.com\/\",\"name\":\"sanluisinforma.com\",\"description\":\"Periodico San Luis Informa\",\"publisher\":{\"@id\":\"https:\/\/sanluisinforma.com\/#organization\"},\"potentialAction\":[{\"@type\":\"SearchAction\",\"target\":{\"@type\":\"EntryPoint\",\"urlTemplate\":\"https:\/\/sanluisinforma.com\/?s={search_term_string}\"},\"query-input\":{\"@type\":\"PropertyValueSpecification\",\"valueRequired\":true,\"valueName\":\"search_term_string\"}}],\"inLanguage\":\"es\"},{\"@type\":\"Organization\",\"@id\":\"https:\/\/sanluisinforma.com\/#organization\",\"name\":\"sanluisinforma.com\",\"url\":\"https:\/\/sanluisinforma.com\/\",\"logo\":{\"@type\":\"ImageObject\",\"inLanguage\":\"es\",\"@id\":\"https:\/\/sanluisinforma.com\/#\/schema\/logo\/image\/\",\"url\":\"https:\/\/sanluisinforma.com\/wp-content\/uploads\/2026\/03\/sanluisinforma-V.jpg\",\"contentUrl\":\"https:\/\/sanluisinforma.com\/wp-content\/uploads\/2026\/03\/sanluisinforma-V.jpg\",\"width\":500,\"height\":156,\"caption\":\"sanluisinforma.com\"},\"image\":{\"@id\":\"https:\/\/sanluisinforma.com\/#\/schema\/logo\/image\/\"}},{\"@type\":\"Person\",\"@id\":\"https:\/\/sanluisinforma.com\/#\/schema\/person\/c30648f71476be533b6f59d092905c8b\",\"name\":\"sanluisinforma.com\",\"image\":{\"@type\":\"ImageObject\",\"inLanguage\":\"es\",\"@id\":\"https:\/\/sanluisinforma.com\/#\/schema\/person\/image\/\",\"url\":\"https:\/\/secure.gravatar.com\/avatar\/86e3114e34a1eecefb963e0a02f0093f93b092dddb2fe1517596343751081a87?s=96&d=mm&r=g\",\"contentUrl\":\"https:\/\/secure.gravatar.com\/avatar\/86e3114e34a1eecefb963e0a02f0093f93b092dddb2fe1517596343751081a87?s=96&d=mm&r=g\",\"caption\":\"sanluisinforma.com\"},\"url\":\"https:\/\/sanluisinforma.com\/?author=2\"}]}<\/script>\n<!-- \/ Yoast SEO plugin. -->","yoast_head_json":{"title":"Se inaugura el 13\u00ba Festival Internacional del Vino en San Luis Capital - sanluisinforma.com","robots":{"index":"index","follow":"follow","max-snippet":"max-snippet:-1","max-image-preview":"max-image-preview:large","max-video-preview":"max-video-preview:-1"},"canonical":"https:\/\/sanluisinforma.com\/?p=12782","og_locale":"es_MX","og_type":"article","og_title":"Se inaugura el 13\u00ba Festival Internacional del Vino en San Luis Capital - sanluisinforma.com","og_description":"El presidente municipal de San Luis Capital, Enrique Galindo Ceballos, encabez\u00f3 la ceremonia inaugural del Festival Internacional del Vino en","og_url":"https:\/\/sanluisinforma.com\/?p=12782","og_site_name":"sanluisinforma.com","article_published_time":"2025-06-07T06:45:00+00:00","article_modified_time":"2025-06-07T03:20:17+00:00","og_image":[{"width":400,"height":266,"url":"https:\/\/sanluisinforma.com\/wp-content\/uploads\/2025\/06\/2d1d87b1-ac72-4c3a-ae3a-f74aa0c158ef.jpg","type":"image\/jpeg"}],"author":"sanluisinforma.com","twitter_card":"summary_large_image","twitter_misc":{"Escrito por":"sanluisinforma.com","Tiempo de lectura":"2 minutos"},"schema":{"@context":"https:\/\/schema.org","@graph":[{"@type":"Article","@id":"https:\/\/sanluisinforma.com\/?p=12782#article","isPartOf":{"@id":"https:\/\/sanluisinforma.com\/?p=12782"},"author":{"name":"sanluisinforma.com","@id":"https:\/\/sanluisinforma.com\/#\/schema\/person\/c30648f71476be533b6f59d092905c8b"},"headline":"Se inaugura el 13\u00ba Festival Internacional del Vino en San Luis Capital","datePublished":"2025-06-07T06:45:00+00:00","dateModified":"2025-06-07T03:20:17+00:00","mainEntityOfPage":{"@id":"https:\/\/sanluisinforma.com\/?p=12782"},"wordCount":275,"publisher":{"@id":"https:\/\/sanluisinforma.com\/#organization"},"image":{"@id":"https:\/\/sanluisinforma.com\/?p=12782#primaryimage"},"thumbnailUrl":"https:\/\/sanluisinforma.com\/wp-content\/uploads\/2025\/06\/2d1d87b1-ac72-4c3a-ae3a-f74aa0c158ef.jpg","articleSection":["Local","Portada"],"inLanguage":"es"},{"@type":"WebPage","@id":"https:\/\/sanluisinforma.com\/?p=12782","url":"https:\/\/sanluisinforma.com\/?p=12782","name":"Se inaugura el 13\u00ba Festival Internacional del Vino en San Luis Capital - sanluisinforma.com","isPartOf":{"@id":"https:\/\/sanluisinforma.com\/#website"},"primaryImageOfPage":{"@id":"https:\/\/sanluisinforma.com\/?p=12782#primaryimage"},"image":{"@id":"https:\/\/sanluisinforma.com\/?p=12782#primaryimage"},"thumbnailUrl":"https:\/\/sanluisinforma.com\/wp-content\/uploads\/2025\/06\/2d1d87b1-ac72-4c3a-ae3a-f74aa0c158ef.jpg","datePublished":"2025-06-07T06:45:00+00:00","dateModified":"2025-06-07T03:20:17+00:00","breadcrumb":{"@id":"https:\/\/sanluisinforma.com\/?p=12782#breadcrumb"},"inLanguage":"es","potentialAction":[{"@type":"ReadAction","target":["https:\/\/sanluisinforma.com\/?p=12782"]}]},{"@type":"ImageObject","inLanguage":"es","@id":"https:\/\/sanluisinforma.com\/?p=12782#primaryimage","url":"https:\/\/sanluisinforma.com\/wp-content\/uploads\/2025\/06\/2d1d87b1-ac72-4c3a-ae3a-f74aa0c158ef.jpg","contentUrl":"https:\/\/sanluisinforma.com\/wp-content\/uploads\/2025\/06\/2d1d87b1-ac72-4c3a-ae3a-f74aa0c158ef.jpg","width":400,"height":266},{"@type":"BreadcrumbList","@id":"https:\/\/sanluisinforma.com\/?p=12782#breadcrumb","itemListElement":[{"@type":"ListItem","position":1,"name":"Inicio","item":"https:\/\/sanluisinforma.com\/"},{"@type":"ListItem","position":2,"name":"Se inaugura el 13\u00ba Festival Internacional del Vino en San Luis Capital"}]},{"@type":"WebSite","@id":"https:\/\/sanluisinforma.com\/#website","url":"https:\/\/sanluisinforma.com\/","name":"sanluisinforma.com","description":"Periodico San Luis Informa","publisher":{"@id":"https:\/\/sanluisinforma.com\/#organization"},"potentialAction":[{"@type":"SearchAction","target":{"@type":"EntryPoint","urlTemplate":"https:\/\/sanluisinforma.com\/?s={search_term_string}"},"query-input":{"@type":"PropertyValueSpecification","valueRequired":true,"valueName":"search_term_string"}}],"inLanguage":"es"},{"@type":"Organization","@id":"https:\/\/sanluisinforma.com\/#organization","name":"sanluisinforma.com","url":"https:\/\/sanluisinforma.com\/","logo":{"@type":"ImageObject","inLanguage":"es","@id":"https:\/\/sanluisinforma.com\/#\/schema\/logo\/image\/","url":"https:\/\/sanluisinforma.com\/wp-content\/uploads\/2026\/03\/sanluisinforma-V.jpg","contentUrl":"https:\/\/sanluisinforma.com\/wp-content\/uploads\/2026\/03\/sanluisinforma-V.jpg","width":500,"height":156,"caption":"sanluisinforma.com"},"image":{"@id":"https:\/\/sanluisinforma.com\/#\/schema\/logo\/image\/"}},{"@type":"Person","@id":"https:\/\/sanluisinforma.com\/#\/schema\/person\/c30648f71476be533b6f59d092905c8b","name":"sanluisinforma.com","image":{"@type":"ImageObject","inLanguage":"es","@id":"https:\/\/sanluisinforma.com\/#\/schema\/person\/image\/","url":"https:\/\/secure.gravatar.com\/avatar\/86e3114e34a1eecefb963e0a02f0093f93b092dddb2fe1517596343751081a87?s=96&d=mm&r=g","contentUrl":"https:\/\/secure.gravatar.com\/avatar\/86e3114e34a1eecefb963e0a02f0093f93b092dddb2fe1517596343751081a87?s=96&d=mm&r=g","caption":"sanluisinforma.com"},"url":"https:\/\/sanluisinforma.com\/?author=2"}]}},"_links":{"self":[{"href":"https:\/\/sanluisinforma.com\/index.php?rest_route=\/wp\/v2\/posts\/12782","targetHints":{"allow":["GET"]}}],"collection":[{"href":"https:\/\/sanluisinforma.com\/index.php?rest_route=\/wp\/v2\/posts"}],"about":[{"href":"https:\/\/sanluisinforma.com\/index.php?rest_route=\/wp\/v2\/types\/post"}],"author":[{"embeddable":true,"href":"https:\/\/sanluisinforma.com\/index.php?rest_route=\/wp\/v2\/users\/2"}],"replies":[{"embeddable":true,"href":"https:\/\/sanluisinforma.com\/index.php?rest_route=%2Fwp%2Fv2%2Fcomments&post=12782"}],"version-history":[{"count":1,"href":"https:\/\/sanluisinforma.com\/index.php?rest_route=\/wp\/v2\/posts\/12782\/revisions"}],"predecessor-version":[{"id":12783,"href":"https:\/\/sanluisinforma.com\/index.php?rest_route=\/wp\/v2\/posts\/12782\/revisions\/12783"}],"wp:featuredmedia":[{"embeddable":true,"href":"https:\/\/sanluisinforma.com\/index.php?rest_route=\/wp\/v2\/media\/12784"}],"wp:attachment":[{"href":"https:\/\/sanluisinforma.com\/index.php?rest_route=%2Fwp%2Fv2%2Fmedia&parent=12782"}],"wp:term":[{"taxonomy":"category","embeddable":true,"href":"https:\/\/sanluisinforma.com\/index.php?rest_route=%2Fwp%2Fv2%2Fcategories&post=12782"},{"taxonomy":"post_tag","embeddable":true,"href":"https:\/\/sanluisinforma.com\/index.php?rest_route=%2Fwp%2Fv2%2Ftags&post=12782"}],"curies":[{"name":"wp","href":"https:\/\/api.w.org\/{rel}","templated":true}]}}