{"id":12796,"date":"2025-06-08T00:35:00","date_gmt":"2025-06-08T06:35:00","guid":{"rendered":"https:\/\/sanluisinforma.com\/?p=12796"},"modified":"2025-06-07T21:16:30","modified_gmt":"2025-06-08T03:16:30","slug":"mexico-decidio-como-quiere-su-sistema-de-justicia-la-oea-no-puede-opinar-sobre-la-soberania-presidenta-claudia-sheinbaum","status":"publish","type":"post","link":"https:\/\/sanluisinforma.com\/?p=12796","title":{"rendered":"M\u00e9xico decidi\u00f3 como quiere su Sistema de Justicia; La OEA no puede opinar sobre la Soberan\u00eda: Presidenta Claudia Sheinbaum"},"content":{"rendered":"\n<p><\/p>\n\n\n\n<p>* \u201cNo puedo dejar de mencionar la profunda transformaci\u00f3n que significa que despu\u00e9s de Benito Ju\u00e1rez, el primer presidente de la SCJN va a ser un ind\u00edgena mixteco\u201d, mencion\u00f3 tras la elecci\u00f3n de Hugo Aguilar Ortiz<\/p>\n\n\n\n<p>* La Presidenta encabez\u00f3 la asamblea del Fondo de Aportaciones para la Infraestructura Social para Pueblos y Comunidades Ind\u00edgenas y Afromexicanas (FAISPIAM) en Coatetelco, Morelos<\/p>\n\n\n\n<p>* Por primera vez se destinar\u00e1n 12 mil 374 mdp a 20 mil comunidades en todo el pa\u00eds como parte del reconocimiento a los pueblos originarios<\/p>\n\n\n\n<p>Coatetelco, Morelos, 7 de junio de 2025.- Desde el municipio de Coatetelco, en el estado de Morelos, la Presidenta Claudia Sheinbaum Pardo defendi\u00f3 la decisi\u00f3n del pueblo de M\u00e9xico para elegir al nuevo Poder Judicial y afirm\u00f3 que la Organizaci\u00f3n de Estados Americanos (OEA) no puede opinar sobre la soberan\u00eda de ninguna naci\u00f3n.<\/p>\n\n\n\n<p>\u201cQue la OEA opine c\u00f3mo se desarroll\u00f3 la elecci\u00f3n, pero que se guarde, porque no est\u00e1 en sus estatutos lo que significa la profunda reforma al Poder Judicial en nuestro pa\u00eds. La propia OEA tiene entre sus estatutos, la Organizaci\u00f3n de Estados Americanos, que no puede opinar sobre la soberan\u00eda que han decidido los pueblos, las naciones y M\u00e9xico, de manera soberana, decidi\u00f3 c\u00f3mo quiere que sea su sistema de justicia\u201d, asever\u00f3 tras encabezar la asamblea del Fondo de Aportaciones para la Infraestructura Social para Pueblos y Comunidades Ind\u00edgenas y Afromexicanas (FAISPIAM).<\/p>\n\n\n\n<p>Celebr\u00f3 que, despu\u00e9s del expresidente Benito Ju\u00e1rez, el abogado mixteco Hugo Aguilar Ortiz se convertir\u00e1 en el primer presidente ind\u00edgena de la Suprema Corte de Justicia de la Naci\u00f3n (SCJN), lo que simboliza un cambio para bien en el pa\u00eds.<\/p>\n\n\n\n<p>\u201cNo puedo dejar de mencionar la profunda transformaci\u00f3n que significa que, despu\u00e9s de Benito Ju\u00e1rez, el primer presidente de la Suprema Corte de Justicia de la Naci\u00f3n va a ser un ind\u00edgena mixteco, votado por el pueblo de M\u00e9xico, reconocido por el pueblo de M\u00e9xico, un hombre honesto, un gran abogado, pero adem\u00e1s ind\u00edgena, \u00bfEst\u00e1 cambiando M\u00e9xico? S\u00ed y est\u00e1 cambiando para bien\u201d, destac\u00f3.<\/p>\n\n\n\n<p>Record\u00f3 que con la Cuarta Transformaci\u00f3n, los pueblos originarios fueron reconocidos como sujetos de derecho en el art\u00edculo 2 de la Constituci\u00f3n Pol\u00edtica de los Estados Unidos Mexicanos, lo que significa, entre otras cosas, que ahora habr\u00e1 un presupuesto destinado directamente para sus comunidades.<\/p>\n\n\n\n<p>\u201cLa gran transformaci\u00f3n en M\u00e9xico es que antes mandaban unos cuantos, y ahora en M\u00e9xico el pueblo manda\u201d, puntualiz\u00f3.<\/p>\n\n\n\n<p>La secretaria de Bienestar, Ariadna Montiel Reyes, detall\u00f3 que, tras la aprobaci\u00f3n de la reforma constitucional, la titular del Poder Ejecutivo Federal instruy\u00f3 que el 10 por ciento del Fondo de Aportaciones para la Infraestructura Social, se destine a los pueblos ind\u00edgenas y afromexicanos, por lo cual este a\u00f1o se van a entregar de manera directa un total de 12 mil 374 millones de pesos (mdp) a 20 mil comunidades en todo el pa\u00eds.<\/p>\n\n\n\n<p>El director general del Instituto Nacional de los Pueblos Ind\u00edgenas, Adelfo Regino Montes, inform\u00f3 que 82 comunidades ind\u00edgenas de Morelos recibieron su tarjeta con los recursos p\u00fablicos del FAISPIAM, en el primer acto p\u00fablico encabezado por la Presidenta para este programa y dar cumplimiento a lo establecido en la Constituci\u00f3n.<\/p>\n\n\n\n<p>La gobernadora de Morelos, Margarita Gonz\u00e1lez Saravia, celebr\u00f3 la realizaci\u00f3n de estas asambleas para que los pueblos originarios reciban presupuesto directo para destinarlo en obras sociales que ellos decidan, ya que, dijo, son el coraz\u00f3n de la entidad al salvaguardar las tradiciones y costumbres ancestrales.<\/p>\n\n\n\n<p>Mientras que el presidente municipal de Coatetelco, Luis Eusebio Onofre Jim\u00e9nez, celebr\u00f3 que la reforma les otorga el derecho a recursos directos de la Federaci\u00f3n, y ahora democr\u00e1ticamente los pueblos originarios elegir\u00e1n en qu\u00e9 se invertir\u00e1n. Adem\u00e1s, celebr\u00f3 el triunfo de un representante ind\u00edgena en la pasada elecci\u00f3n judicial.<\/p>\n\n\n\n<p>Acompa\u00f1aron a la Presidenta el secretario de Salud, David Kershenobich Stalnikowitz; la coordinadora general de Asuntos Intergubernamentales y Participaci\u00f3n Social de la Presidencia de la Rep\u00fablica, Leticia Ram\u00edrez Amaya; el director general de IMSS Bienestar, Alejandro Svarch P\u00e9rez; el director general de Desarrollo Regional, Jos\u00e9 Antonio Aguilar Castillejos; el gu\u00eda espiritual y Guardi\u00e1n de los Lugares Sagrados de Alpuyeca del Sur de Morelos, Maurilio Gonz\u00e1lez Pantitl\u00e1n; la consejera vocal del municipio ind\u00edgena de Hueyapan, Araceli Tapia Hern\u00e1ndez; la Tesorera del Comit\u00e9 de Administraci\u00f3n del municipio de Zacatepec, Maribel Villegas Calder\u00f3n; la Tesorera del Comit\u00e9 de Administraci\u00f3n del municipio de Temixco, Fabiola Zavala; y la titular del Instituto de los Pueblos y Comunidades Ind\u00edgenas y Afromexicanas de Morelos, Adelaida Marcelino Mateos.<\/p>\n","protected":false},"excerpt":{"rendered":"<p>* \u201cNo puedo dejar de mencionar la profunda transformaci\u00f3n que significa que despu\u00e9s de Benito Ju\u00e1rez, el primer presidente de<\/p>\n","protected":false},"author":2,"featured_media":12797,"comment_status":"closed","ping_status":"closed","sticky":false,"template":"","format":"standard","meta":{"footnotes":""},"categories":[26],"tags":[],"class_list":["post-12796","post","type-post","status-publish","format-standard","has-post-thumbnail","hentry","category-nacional"],"yoast_head":"<!-- This site is optimized with the Yoast SEO plugin v24.1 - https:\/\/yoast.com\/wordpress\/plugins\/seo\/ -->\n<title>M\u00e9xico decidi\u00f3 como quiere su Sistema de Justicia; La OEA no puede opinar sobre la Soberan\u00eda: Presidenta Claudia Sheinbaum - sanluisinforma.com<\/title>\n<meta name=\"robots\" content=\"index, follow, max-snippet:-1, max-image-preview:large, max-video-preview:-1\" \/>\n<link rel=\"canonical\" href=\"https:\/\/sanluisinforma.com\/?p=12796\" \/>\n<meta property=\"og:locale\" content=\"es_MX\" \/>\n<meta property=\"og:type\" content=\"article\" \/>\n<meta property=\"og:title\" content=\"M\u00e9xico decidi\u00f3 como quiere su Sistema de Justicia; La OEA no puede opinar sobre la Soberan\u00eda: Presidenta Claudia Sheinbaum - sanluisinforma.com\" \/>\n<meta property=\"og:description\" content=\"* \u201cNo puedo dejar de mencionar la profunda transformaci\u00f3n que significa que despu\u00e9s de Benito Ju\u00e1rez, el primer presidente de\" \/>\n<meta property=\"og:url\" content=\"https:\/\/sanluisinforma.com\/?p=12796\" \/>\n<meta property=\"og:site_name\" content=\"sanluisinforma.com\" \/>\n<meta property=\"article:published_time\" content=\"2025-06-08T06:35:00+00:00\" \/>\n<meta property=\"article:modified_time\" content=\"2025-06-08T03:16:30+00:00\" \/>\n<meta property=\"og:image\" content=\"https:\/\/sanluisinforma.com\/wp-content\/uploads\/2025\/06\/dffdfb94-d8e7-4c08-ac7b-ddbbbba1a1f9.jpg\" \/>\n\t<meta property=\"og:image:width\" content=\"400\" \/>\n\t<meta property=\"og:image:height\" content=\"266\" \/>\n\t<meta property=\"og:image:type\" content=\"image\/jpeg\" \/>\n<meta name=\"author\" content=\"sanluisinforma.com\" \/>\n<meta name=\"twitter:card\" content=\"summary_large_image\" \/>\n<meta name=\"twitter:label1\" content=\"Escrito por\" \/>\n\t<meta name=\"twitter:data1\" content=\"sanluisinforma.com\" \/>\n\t<meta name=\"twitter:label2\" content=\"Tiempo de lectura\" \/>\n\t<meta name=\"twitter:data2\" content=\"4 minutos\" \/>\n<script type=\"application\/ld+json\" class=\"yoast-schema-graph\">{\"@context\":\"https:\/\/schema.org\",\"@graph\":[{\"@type\":\"Article\",\"@id\":\"https:\/\/sanluisinforma.com\/?p=12796#article\",\"isPartOf\":{\"@id\":\"https:\/\/sanluisinforma.com\/?p=12796\"},\"author\":{\"name\":\"sanluisinforma.com\",\"@id\":\"https:\/\/sanluisinforma.com\/#\/schema\/person\/c30648f71476be533b6f59d092905c8b\"},\"headline\":\"M\u00e9xico decidi\u00f3 como quiere su Sistema de Justicia; La OEA no puede opinar sobre la Soberan\u00eda: Presidenta Claudia Sheinbaum\",\"datePublished\":\"2025-06-08T06:35:00+00:00\",\"dateModified\":\"2025-06-08T03:16:30+00:00\",\"mainEntityOfPage\":{\"@id\":\"https:\/\/sanluisinforma.com\/?p=12796\"},\"wordCount\":823,\"publisher\":{\"@id\":\"https:\/\/sanluisinforma.com\/#organization\"},\"image\":{\"@id\":\"https:\/\/sanluisinforma.com\/?p=12796#primaryimage\"},\"thumbnailUrl\":\"https:\/\/sanluisinforma.com\/wp-content\/uploads\/2025\/06\/dffdfb94-d8e7-4c08-ac7b-ddbbbba1a1f9.jpg\",\"articleSection\":[\"Nacional\"],\"inLanguage\":\"es\"},{\"@type\":\"WebPage\",\"@id\":\"https:\/\/sanluisinforma.com\/?p=12796\",\"url\":\"https:\/\/sanluisinforma.com\/?p=12796\",\"name\":\"M\u00e9xico decidi\u00f3 como quiere su Sistema de Justicia; La OEA no puede opinar sobre la Soberan\u00eda: Presidenta Claudia Sheinbaum - sanluisinforma.com\",\"isPartOf\":{\"@id\":\"https:\/\/sanluisinforma.com\/#website\"},\"primaryImageOfPage\":{\"@id\":\"https:\/\/sanluisinforma.com\/?p=12796#primaryimage\"},\"image\":{\"@id\":\"https:\/\/sanluisinforma.com\/?p=12796#primaryimage\"},\"thumbnailUrl\":\"https:\/\/sanluisinforma.com\/wp-content\/uploads\/2025\/06\/dffdfb94-d8e7-4c08-ac7b-ddbbbba1a1f9.jpg\",\"datePublished\":\"2025-06-08T06:35:00+00:00\",\"dateModified\":\"2025-06-08T03:16:30+00:00\",\"breadcrumb\":{\"@id\":\"https:\/\/sanluisinforma.com\/?p=12796#breadcrumb\"},\"inLanguage\":\"es\",\"potentialAction\":[{\"@type\":\"ReadAction\",\"target\":[\"https:\/\/sanluisinforma.com\/?p=12796\"]}]},{\"@type\":\"ImageObject\",\"inLanguage\":\"es\",\"@id\":\"https:\/\/sanluisinforma.com\/?p=12796#primaryimage\",\"url\":\"https:\/\/sanluisinforma.com\/wp-content\/uploads\/2025\/06\/dffdfb94-d8e7-4c08-ac7b-ddbbbba1a1f9.jpg\",\"contentUrl\":\"https:\/\/sanluisinforma.com\/wp-content\/uploads\/2025\/06\/dffdfb94-d8e7-4c08-ac7b-ddbbbba1a1f9.jpg\",\"width\":400,\"height\":266},{\"@type\":\"BreadcrumbList\",\"@id\":\"https:\/\/sanluisinforma.com\/?p=12796#breadcrumb\",\"itemListElement\":[{\"@type\":\"ListItem\",\"position\":1,\"name\":\"Inicio\",\"item\":\"https:\/\/sanluisinforma.com\/\"},{\"@type\":\"ListItem\",\"position\":2,\"name\":\"M\u00e9xico decidi\u00f3 como quiere su Sistema de Justicia; La OEA no puede opinar sobre la Soberan\u00eda: Presidenta Claudia Sheinbaum\"}]},{\"@type\":\"WebSite\",\"@id\":\"https:\/\/sanluisinforma.com\/#website\",\"url\":\"https:\/\/sanluisinforma.com\/\",\"name\":\"sanluisinforma.com\",\"description\":\"Periodico San Luis Informa\",\"publisher\":{\"@id\":\"https:\/\/sanluisinforma.com\/#organization\"},\"potentialAction\":[{\"@type\":\"SearchAction\",\"target\":{\"@type\":\"EntryPoint\",\"urlTemplate\":\"https:\/\/sanluisinforma.com\/?s={search_term_string}\"},\"query-input\":{\"@type\":\"PropertyValueSpecification\",\"valueRequired\":true,\"valueName\":\"search_term_string\"}}],\"inLanguage\":\"es\"},{\"@type\":\"Organization\",\"@id\":\"https:\/\/sanluisinforma.com\/#organization\",\"name\":\"sanluisinforma.com\",\"url\":\"https:\/\/sanluisinforma.com\/\",\"logo\":{\"@type\":\"ImageObject\",\"inLanguage\":\"es\",\"@id\":\"https:\/\/sanluisinforma.com\/#\/schema\/logo\/image\/\",\"url\":\"https:\/\/sanluisinforma.com\/wp-content\/uploads\/2026\/03\/sanluisinforma-V.jpg\",\"contentUrl\":\"https:\/\/sanluisinforma.com\/wp-content\/uploads\/2026\/03\/sanluisinforma-V.jpg\",\"width\":500,\"height\":156,\"caption\":\"sanluisinforma.com\"},\"image\":{\"@id\":\"https:\/\/sanluisinforma.com\/#\/schema\/logo\/image\/\"}},{\"@type\":\"Person\",\"@id\":\"https:\/\/sanluisinforma.com\/#\/schema\/person\/c30648f71476be533b6f59d092905c8b\",\"name\":\"sanluisinforma.com\",\"image\":{\"@type\":\"ImageObject\",\"inLanguage\":\"es\",\"@id\":\"https:\/\/sanluisinforma.com\/#\/schema\/person\/image\/\",\"url\":\"https:\/\/secure.gravatar.com\/avatar\/86e3114e34a1eecefb963e0a02f0093f93b092dddb2fe1517596343751081a87?s=96&d=mm&r=g\",\"contentUrl\":\"https:\/\/secure.gravatar.com\/avatar\/86e3114e34a1eecefb963e0a02f0093f93b092dddb2fe1517596343751081a87?s=96&d=mm&r=g\",\"caption\":\"sanluisinforma.com\"},\"url\":\"https:\/\/sanluisinforma.com\/?author=2\"}]}<\/script>\n<!-- \/ Yoast SEO plugin. -->","yoast_head_json":{"title":"M\u00e9xico decidi\u00f3 como quiere su Sistema de Justicia; La OEA no puede opinar sobre la Soberan\u00eda: Presidenta Claudia Sheinbaum - sanluisinforma.com","robots":{"index":"index","follow":"follow","max-snippet":"max-snippet:-1","max-image-preview":"max-image-preview:large","max-video-preview":"max-video-preview:-1"},"canonical":"https:\/\/sanluisinforma.com\/?p=12796","og_locale":"es_MX","og_type":"article","og_title":"M\u00e9xico decidi\u00f3 como quiere su Sistema de Justicia; La OEA no puede opinar sobre la Soberan\u00eda: Presidenta Claudia Sheinbaum - sanluisinforma.com","og_description":"* \u201cNo puedo dejar de mencionar la profunda transformaci\u00f3n que significa que despu\u00e9s de Benito Ju\u00e1rez, el primer presidente de","og_url":"https:\/\/sanluisinforma.com\/?p=12796","og_site_name":"sanluisinforma.com","article_published_time":"2025-06-08T06:35:00+00:00","article_modified_time":"2025-06-08T03:16:30+00:00","og_image":[{"width":400,"height":266,"url":"https:\/\/sanluisinforma.com\/wp-content\/uploads\/2025\/06\/dffdfb94-d8e7-4c08-ac7b-ddbbbba1a1f9.jpg","type":"image\/jpeg"}],"author":"sanluisinforma.com","twitter_card":"summary_large_image","twitter_misc":{"Escrito por":"sanluisinforma.com","Tiempo de lectura":"4 minutos"},"schema":{"@context":"https:\/\/schema.org","@graph":[{"@type":"Article","@id":"https:\/\/sanluisinforma.com\/?p=12796#article","isPartOf":{"@id":"https:\/\/sanluisinforma.com\/?p=12796"},"author":{"name":"sanluisinforma.com","@id":"https:\/\/sanluisinforma.com\/#\/schema\/person\/c30648f71476be533b6f59d092905c8b"},"headline":"M\u00e9xico decidi\u00f3 como quiere su Sistema de Justicia; La OEA no puede opinar sobre la Soberan\u00eda: Presidenta Claudia Sheinbaum","datePublished":"2025-06-08T06:35:00+00:00","dateModified":"2025-06-08T03:16:30+00:00","mainEntityOfPage":{"@id":"https:\/\/sanluisinforma.com\/?p=12796"},"wordCount":823,"publisher":{"@id":"https:\/\/sanluisinforma.com\/#organization"},"image":{"@id":"https:\/\/sanluisinforma.com\/?p=12796#primaryimage"},"thumbnailUrl":"https:\/\/sanluisinforma.com\/wp-content\/uploads\/2025\/06\/dffdfb94-d8e7-4c08-ac7b-ddbbbba1a1f9.jpg","articleSection":["Nacional"],"inLanguage":"es"},{"@type":"WebPage","@id":"https:\/\/sanluisinforma.com\/?p=12796","url":"https:\/\/sanluisinforma.com\/?p=12796","name":"M\u00e9xico decidi\u00f3 como quiere su Sistema de Justicia; La OEA no puede opinar sobre la Soberan\u00eda: Presidenta Claudia Sheinbaum - sanluisinforma.com","isPartOf":{"@id":"https:\/\/sanluisinforma.com\/#website"},"primaryImageOfPage":{"@id":"https:\/\/sanluisinforma.com\/?p=12796#primaryimage"},"image":{"@id":"https:\/\/sanluisinforma.com\/?p=12796#primaryimage"},"thumbnailUrl":"https:\/\/sanluisinforma.com\/wp-content\/uploads\/2025\/06\/dffdfb94-d8e7-4c08-ac7b-ddbbbba1a1f9.jpg","datePublished":"2025-06-08T06:35:00+00:00","dateModified":"2025-06-08T03:16:30+00:00","breadcrumb":{"@id":"https:\/\/sanluisinforma.com\/?p=12796#breadcrumb"},"inLanguage":"es","potentialAction":[{"@type":"ReadAction","target":["https:\/\/sanluisinforma.com\/?p=12796"]}]},{"@type":"ImageObject","inLanguage":"es","@id":"https:\/\/sanluisinforma.com\/?p=12796#primaryimage","url":"https:\/\/sanluisinforma.com\/wp-content\/uploads\/2025\/06\/dffdfb94-d8e7-4c08-ac7b-ddbbbba1a1f9.jpg","contentUrl":"https:\/\/sanluisinforma.com\/wp-content\/uploads\/2025\/06\/dffdfb94-d8e7-4c08-ac7b-ddbbbba1a1f9.jpg","width":400,"height":266},{"@type":"BreadcrumbList","@id":"https:\/\/sanluisinforma.com\/?p=12796#breadcrumb","itemListElement":[{"@type":"ListItem","position":1,"name":"Inicio","item":"https:\/\/sanluisinforma.com\/"},{"@type":"ListItem","position":2,"name":"M\u00e9xico decidi\u00f3 como quiere su Sistema de Justicia; La OEA no puede opinar sobre la Soberan\u00eda: Presidenta Claudia Sheinbaum"}]},{"@type":"WebSite","@id":"https:\/\/sanluisinforma.com\/#website","url":"https:\/\/sanluisinforma.com\/","name":"sanluisinforma.com","description":"Periodico San Luis Informa","publisher":{"@id":"https:\/\/sanluisinforma.com\/#organization"},"potentialAction":[{"@type":"SearchAction","target":{"@type":"EntryPoint","urlTemplate":"https:\/\/sanluisinforma.com\/?s={search_term_string}"},"query-input":{"@type":"PropertyValueSpecification","valueRequired":true,"valueName":"search_term_string"}}],"inLanguage":"es"},{"@type":"Organization","@id":"https:\/\/sanluisinforma.com\/#organization","name":"sanluisinforma.com","url":"https:\/\/sanluisinforma.com\/","logo":{"@type":"ImageObject","inLanguage":"es","@id":"https:\/\/sanluisinforma.com\/#\/schema\/logo\/image\/","url":"https:\/\/sanluisinforma.com\/wp-content\/uploads\/2026\/03\/sanluisinforma-V.jpg","contentUrl":"https:\/\/sanluisinforma.com\/wp-content\/uploads\/2026\/03\/sanluisinforma-V.jpg","width":500,"height":156,"caption":"sanluisinforma.com"},"image":{"@id":"https:\/\/sanluisinforma.com\/#\/schema\/logo\/image\/"}},{"@type":"Person","@id":"https:\/\/sanluisinforma.com\/#\/schema\/person\/c30648f71476be533b6f59d092905c8b","name":"sanluisinforma.com","image":{"@type":"ImageObject","inLanguage":"es","@id":"https:\/\/sanluisinforma.com\/#\/schema\/person\/image\/","url":"https:\/\/secure.gravatar.com\/avatar\/86e3114e34a1eecefb963e0a02f0093f93b092dddb2fe1517596343751081a87?s=96&d=mm&r=g","contentUrl":"https:\/\/secure.gravatar.com\/avatar\/86e3114e34a1eecefb963e0a02f0093f93b092dddb2fe1517596343751081a87?s=96&d=mm&r=g","caption":"sanluisinforma.com"},"url":"https:\/\/sanluisinforma.com\/?author=2"}]}},"_links":{"self":[{"href":"https:\/\/sanluisinforma.com\/index.php?rest_route=\/wp\/v2\/posts\/12796","targetHints":{"allow":["GET"]}}],"collection":[{"href":"https:\/\/sanluisinforma.com\/index.php?rest_route=\/wp\/v2\/posts"}],"about":[{"href":"https:\/\/sanluisinforma.com\/index.php?rest_route=\/wp\/v2\/types\/post"}],"author":[{"embeddable":true,"href":"https:\/\/sanluisinforma.com\/index.php?rest_route=\/wp\/v2\/users\/2"}],"replies":[{"embeddable":true,"href":"https:\/\/sanluisinforma.com\/index.php?rest_route=%2Fwp%2Fv2%2Fcomments&post=12796"}],"version-history":[{"count":1,"href":"https:\/\/sanluisinforma.com\/index.php?rest_route=\/wp\/v2\/posts\/12796\/revisions"}],"predecessor-version":[{"id":12798,"href":"https:\/\/sanluisinforma.com\/index.php?rest_route=\/wp\/v2\/posts\/12796\/revisions\/12798"}],"wp:featuredmedia":[{"embeddable":true,"href":"https:\/\/sanluisinforma.com\/index.php?rest_route=\/wp\/v2\/media\/12797"}],"wp:attachment":[{"href":"https:\/\/sanluisinforma.com\/index.php?rest_route=%2Fwp%2Fv2%2Fmedia&parent=12796"}],"wp:term":[{"taxonomy":"category","embeddable":true,"href":"https:\/\/sanluisinforma.com\/index.php?rest_route=%2Fwp%2Fv2%2Fcategories&post=12796"},{"taxonomy":"post_tag","embeddable":true,"href":"https:\/\/sanluisinforma.com\/index.php?rest_route=%2Fwp%2Fv2%2Ftags&post=12796"}],"curies":[{"name":"wp","href":"https:\/\/api.w.org\/{rel}","templated":true}]}}