{"id":12808,"date":"2025-06-09T00:50:32","date_gmt":"2025-06-09T06:50:32","guid":{"rendered":"https:\/\/sanluisinforma.com\/?p=12808"},"modified":"2025-06-08T22:04:19","modified_gmt":"2025-06-09T04:04:19","slug":"enrique-galindo-refuerza-proteccion-del-camino-a-la-presa-con-reforestacion-masiva-y-nuevo-acuerdo-ambiental","status":"publish","type":"post","link":"https:\/\/sanluisinforma.com\/?p=12808","title":{"rendered":"Enrique Galindo refuerza protecci\u00f3n del Camino a la Presa con reforestaci\u00f3n masiva y nuevo acuerdo ambiental"},"content":{"rendered":"\n<p>El Alcalde de la Capital firm\u00f3 un convenio con la Asociaci\u00f3n Civil Proforestal y encabez\u00f3 la plantaci\u00f3n de 250 \u00e1rboles en el Paseo de la Presa San Jos\u00e9, como parte del cierre de la Semana Municipal del Medio Ambiente.<\/p>\n\n\n\n<p><\/p>\n\n\n\n<p>Con una jornada masiva de reforestaci\u00f3n y limpieza en el \u00e1rea natural protegida Paseo de la Presa, el Gobierno de la Capital cerr\u00f3 este domingo la Semana Municipal del Medio Ambiente 2025. En el marco del 180\u00ba Domingo de Pilas y el 257\u00ba Capital al 100, el Alcalde Enrique Galindo encabez\u00f3 estas actividades en las que se plantaron 250 \u00e1rboles donados por la empresa Phinia Componentes M\u00e9xico, con la participaci\u00f3n de sus trabajadores, personal del Ayuntamiento, del colectivo Morras Naturalistas, Senderistas y Aventureras de San Luis Potos\u00ed, as\u00ed como de la asociaci\u00f3n Proforestal.<\/p>\n\n\n\n<p>Durante el evento, el Presidente Municipal Enrique Galindo firm\u00f3 un convenio de colaboraci\u00f3n con la Asociaci\u00f3n Civil Proforestal, para fortalecer la educaci\u00f3n ambiental y ejecutar acciones de conservaci\u00f3n en el Paseo de la Presa, una de las \u00e1reas naturales m\u00e1s importantes del municipio. El convenio establece mecanismos de colaboraci\u00f3n permanente entre sociedad civil y gobierno para el cuidado del entorno ecol\u00f3gico.<\/p>\n\n\n\n<p>El Alcalde agradeci\u00f3 la participaci\u00f3n ciudadana y llam\u00f3 a que m\u00e1s personas se sumen a estas labores: \u201cEl cuidado del medio ambiente no es trabajo de un d\u00eda; debe ser permanente. Por eso estos esfuerzos tienen tanto valor, porque demuestran que hay una ciudadan\u00eda comprometida con San Luis Potos\u00ed\u201d, expres\u00f3. Tambi\u00e9n destac\u00f3 que gracias a estas acciones, la ciudad ha sido nuevamente reconocida por la UNESCO como Ciudad \u00c1rbol del Mundo.<\/p>\n\n\n\n<p>Con este cierre, el Ayuntamiento concluye una semana de actividades ambientales como talleres, reforestaciones, recorridos guiados y la instalaci\u00f3n del Consejo Consultivo del Medio Ambiente, que ahora fortalecer\u00e1 las pol\u00edticas ecol\u00f3gicas del municipio desde una visi\u00f3n plural e incluyente.<\/p>\n","protected":false},"excerpt":{"rendered":"<p>El Alcalde de la Capital firm\u00f3 un convenio con la Asociaci\u00f3n Civil Proforestal y encabez\u00f3 la plantaci\u00f3n de 250 \u00e1rboles<\/p>\n","protected":false},"author":2,"featured_media":12809,"comment_status":"closed","ping_status":"closed","sticky":false,"template":"","format":"standard","meta":{"footnotes":""},"categories":[25,30],"tags":[],"class_list":["post-12808","post","type-post","status-publish","format-standard","has-post-thumbnail","hentry","category-local","category-portada"],"yoast_head":"<!-- This site is optimized with the Yoast SEO plugin v24.1 - https:\/\/yoast.com\/wordpress\/plugins\/seo\/ -->\n<title>Enrique Galindo refuerza protecci\u00f3n del Camino a la Presa con reforestaci\u00f3n masiva y nuevo acuerdo ambiental - sanluisinforma.com<\/title>\n<meta name=\"robots\" content=\"index, follow, max-snippet:-1, max-image-preview:large, max-video-preview:-1\" \/>\n<link rel=\"canonical\" href=\"https:\/\/sanluisinforma.com\/?p=12808\" \/>\n<meta property=\"og:locale\" content=\"es_MX\" \/>\n<meta property=\"og:type\" content=\"article\" \/>\n<meta property=\"og:title\" content=\"Enrique Galindo refuerza protecci\u00f3n del Camino a la Presa con reforestaci\u00f3n masiva y nuevo acuerdo ambiental - sanluisinforma.com\" \/>\n<meta property=\"og:description\" content=\"El Alcalde de la Capital firm\u00f3 un convenio con la Asociaci\u00f3n Civil Proforestal y encabez\u00f3 la plantaci\u00f3n de 250 \u00e1rboles\" \/>\n<meta property=\"og:url\" content=\"https:\/\/sanluisinforma.com\/?p=12808\" \/>\n<meta property=\"og:site_name\" content=\"sanluisinforma.com\" \/>\n<meta property=\"article:published_time\" content=\"2025-06-09T06:50:32+00:00\" \/>\n<meta property=\"article:modified_time\" content=\"2025-06-09T04:04:19+00:00\" \/>\n<meta property=\"og:image\" content=\"https:\/\/sanluisinforma.com\/wp-content\/uploads\/2025\/06\/6a9ea45f-c77e-4903-a8fa-6b25e577accb.jpg\" \/>\n\t<meta property=\"og:image:width\" content=\"400\" \/>\n\t<meta property=\"og:image:height\" content=\"299\" \/>\n\t<meta property=\"og:image:type\" content=\"image\/jpeg\" \/>\n<meta name=\"author\" content=\"sanluisinforma.com\" \/>\n<meta name=\"twitter:card\" content=\"summary_large_image\" \/>\n<meta name=\"twitter:label1\" content=\"Escrito por\" \/>\n\t<meta name=\"twitter:data1\" content=\"sanluisinforma.com\" \/>\n\t<meta name=\"twitter:label2\" content=\"Tiempo de lectura\" \/>\n\t<meta name=\"twitter:data2\" content=\"2 minutos\" \/>\n<script type=\"application\/ld+json\" class=\"yoast-schema-graph\">{\"@context\":\"https:\/\/schema.org\",\"@graph\":[{\"@type\":\"Article\",\"@id\":\"https:\/\/sanluisinforma.com\/?p=12808#article\",\"isPartOf\":{\"@id\":\"https:\/\/sanluisinforma.com\/?p=12808\"},\"author\":{\"name\":\"sanluisinforma.com\",\"@id\":\"https:\/\/sanluisinforma.com\/#\/schema\/person\/c30648f71476be533b6f59d092905c8b\"},\"headline\":\"Enrique Galindo refuerza protecci\u00f3n del Camino a la Presa con reforestaci\u00f3n masiva y nuevo acuerdo ambiental\",\"datePublished\":\"2025-06-09T06:50:32+00:00\",\"dateModified\":\"2025-06-09T04:04:19+00:00\",\"mainEntityOfPage\":{\"@id\":\"https:\/\/sanluisinforma.com\/?p=12808\"},\"wordCount\":337,\"publisher\":{\"@id\":\"https:\/\/sanluisinforma.com\/#organization\"},\"image\":{\"@id\":\"https:\/\/sanluisinforma.com\/?p=12808#primaryimage\"},\"thumbnailUrl\":\"https:\/\/sanluisinforma.com\/wp-content\/uploads\/2025\/06\/6a9ea45f-c77e-4903-a8fa-6b25e577accb.jpg\",\"articleSection\":[\"Local\",\"Portada\"],\"inLanguage\":\"es\"},{\"@type\":\"WebPage\",\"@id\":\"https:\/\/sanluisinforma.com\/?p=12808\",\"url\":\"https:\/\/sanluisinforma.com\/?p=12808\",\"name\":\"Enrique Galindo refuerza protecci\u00f3n del Camino a la Presa con reforestaci\u00f3n masiva y nuevo acuerdo ambiental - sanluisinforma.com\",\"isPartOf\":{\"@id\":\"https:\/\/sanluisinforma.com\/#website\"},\"primaryImageOfPage\":{\"@id\":\"https:\/\/sanluisinforma.com\/?p=12808#primaryimage\"},\"image\":{\"@id\":\"https:\/\/sanluisinforma.com\/?p=12808#primaryimage\"},\"thumbnailUrl\":\"https:\/\/sanluisinforma.com\/wp-content\/uploads\/2025\/06\/6a9ea45f-c77e-4903-a8fa-6b25e577accb.jpg\",\"datePublished\":\"2025-06-09T06:50:32+00:00\",\"dateModified\":\"2025-06-09T04:04:19+00:00\",\"breadcrumb\":{\"@id\":\"https:\/\/sanluisinforma.com\/?p=12808#breadcrumb\"},\"inLanguage\":\"es\",\"potentialAction\":[{\"@type\":\"ReadAction\",\"target\":[\"https:\/\/sanluisinforma.com\/?p=12808\"]}]},{\"@type\":\"ImageObject\",\"inLanguage\":\"es\",\"@id\":\"https:\/\/sanluisinforma.com\/?p=12808#primaryimage\",\"url\":\"https:\/\/sanluisinforma.com\/wp-content\/uploads\/2025\/06\/6a9ea45f-c77e-4903-a8fa-6b25e577accb.jpg\",\"contentUrl\":\"https:\/\/sanluisinforma.com\/wp-content\/uploads\/2025\/06\/6a9ea45f-c77e-4903-a8fa-6b25e577accb.jpg\",\"width\":400,\"height\":299},{\"@type\":\"BreadcrumbList\",\"@id\":\"https:\/\/sanluisinforma.com\/?p=12808#breadcrumb\",\"itemListElement\":[{\"@type\":\"ListItem\",\"position\":1,\"name\":\"Inicio\",\"item\":\"https:\/\/sanluisinforma.com\/\"},{\"@type\":\"ListItem\",\"position\":2,\"name\":\"Enrique Galindo refuerza protecci\u00f3n del Camino a la Presa con reforestaci\u00f3n masiva y nuevo acuerdo ambiental\"}]},{\"@type\":\"WebSite\",\"@id\":\"https:\/\/sanluisinforma.com\/#website\",\"url\":\"https:\/\/sanluisinforma.com\/\",\"name\":\"sanluisinforma.com\",\"description\":\"Periodico San Luis Informa\",\"publisher\":{\"@id\":\"https:\/\/sanluisinforma.com\/#organization\"},\"potentialAction\":[{\"@type\":\"SearchAction\",\"target\":{\"@type\":\"EntryPoint\",\"urlTemplate\":\"https:\/\/sanluisinforma.com\/?s={search_term_string}\"},\"query-input\":{\"@type\":\"PropertyValueSpecification\",\"valueRequired\":true,\"valueName\":\"search_term_string\"}}],\"inLanguage\":\"es\"},{\"@type\":\"Organization\",\"@id\":\"https:\/\/sanluisinforma.com\/#organization\",\"name\":\"sanluisinforma.com\",\"url\":\"https:\/\/sanluisinforma.com\/\",\"logo\":{\"@type\":\"ImageObject\",\"inLanguage\":\"es\",\"@id\":\"https:\/\/sanluisinforma.com\/#\/schema\/logo\/image\/\",\"url\":\"https:\/\/sanluisinforma.com\/wp-content\/uploads\/2026\/03\/sanluisinforma-V.jpg\",\"contentUrl\":\"https:\/\/sanluisinforma.com\/wp-content\/uploads\/2026\/03\/sanluisinforma-V.jpg\",\"width\":500,\"height\":156,\"caption\":\"sanluisinforma.com\"},\"image\":{\"@id\":\"https:\/\/sanluisinforma.com\/#\/schema\/logo\/image\/\"}},{\"@type\":\"Person\",\"@id\":\"https:\/\/sanluisinforma.com\/#\/schema\/person\/c30648f71476be533b6f59d092905c8b\",\"name\":\"sanluisinforma.com\",\"image\":{\"@type\":\"ImageObject\",\"inLanguage\":\"es\",\"@id\":\"https:\/\/sanluisinforma.com\/#\/schema\/person\/image\/\",\"url\":\"https:\/\/secure.gravatar.com\/avatar\/86e3114e34a1eecefb963e0a02f0093f93b092dddb2fe1517596343751081a87?s=96&d=mm&r=g\",\"contentUrl\":\"https:\/\/secure.gravatar.com\/avatar\/86e3114e34a1eecefb963e0a02f0093f93b092dddb2fe1517596343751081a87?s=96&d=mm&r=g\",\"caption\":\"sanluisinforma.com\"},\"url\":\"https:\/\/sanluisinforma.com\/?author=2\"}]}<\/script>\n<!-- \/ Yoast SEO plugin. -->","yoast_head_json":{"title":"Enrique Galindo refuerza protecci\u00f3n del Camino a la Presa con reforestaci\u00f3n masiva y nuevo acuerdo ambiental - sanluisinforma.com","robots":{"index":"index","follow":"follow","max-snippet":"max-snippet:-1","max-image-preview":"max-image-preview:large","max-video-preview":"max-video-preview:-1"},"canonical":"https:\/\/sanluisinforma.com\/?p=12808","og_locale":"es_MX","og_type":"article","og_title":"Enrique Galindo refuerza protecci\u00f3n del Camino a la Presa con reforestaci\u00f3n masiva y nuevo acuerdo ambiental - sanluisinforma.com","og_description":"El Alcalde de la Capital firm\u00f3 un convenio con la Asociaci\u00f3n Civil Proforestal y encabez\u00f3 la plantaci\u00f3n de 250 \u00e1rboles","og_url":"https:\/\/sanluisinforma.com\/?p=12808","og_site_name":"sanluisinforma.com","article_published_time":"2025-06-09T06:50:32+00:00","article_modified_time":"2025-06-09T04:04:19+00:00","og_image":[{"width":400,"height":299,"url":"https:\/\/sanluisinforma.com\/wp-content\/uploads\/2025\/06\/6a9ea45f-c77e-4903-a8fa-6b25e577accb.jpg","type":"image\/jpeg"}],"author":"sanluisinforma.com","twitter_card":"summary_large_image","twitter_misc":{"Escrito por":"sanluisinforma.com","Tiempo de lectura":"2 minutos"},"schema":{"@context":"https:\/\/schema.org","@graph":[{"@type":"Article","@id":"https:\/\/sanluisinforma.com\/?p=12808#article","isPartOf":{"@id":"https:\/\/sanluisinforma.com\/?p=12808"},"author":{"name":"sanluisinforma.com","@id":"https:\/\/sanluisinforma.com\/#\/schema\/person\/c30648f71476be533b6f59d092905c8b"},"headline":"Enrique Galindo refuerza protecci\u00f3n del Camino a la Presa con reforestaci\u00f3n masiva y nuevo acuerdo ambiental","datePublished":"2025-06-09T06:50:32+00:00","dateModified":"2025-06-09T04:04:19+00:00","mainEntityOfPage":{"@id":"https:\/\/sanluisinforma.com\/?p=12808"},"wordCount":337,"publisher":{"@id":"https:\/\/sanluisinforma.com\/#organization"},"image":{"@id":"https:\/\/sanluisinforma.com\/?p=12808#primaryimage"},"thumbnailUrl":"https:\/\/sanluisinforma.com\/wp-content\/uploads\/2025\/06\/6a9ea45f-c77e-4903-a8fa-6b25e577accb.jpg","articleSection":["Local","Portada"],"inLanguage":"es"},{"@type":"WebPage","@id":"https:\/\/sanluisinforma.com\/?p=12808","url":"https:\/\/sanluisinforma.com\/?p=12808","name":"Enrique Galindo refuerza protecci\u00f3n del Camino a la Presa con reforestaci\u00f3n masiva y nuevo acuerdo ambiental - sanluisinforma.com","isPartOf":{"@id":"https:\/\/sanluisinforma.com\/#website"},"primaryImageOfPage":{"@id":"https:\/\/sanluisinforma.com\/?p=12808#primaryimage"},"image":{"@id":"https:\/\/sanluisinforma.com\/?p=12808#primaryimage"},"thumbnailUrl":"https:\/\/sanluisinforma.com\/wp-content\/uploads\/2025\/06\/6a9ea45f-c77e-4903-a8fa-6b25e577accb.jpg","datePublished":"2025-06-09T06:50:32+00:00","dateModified":"2025-06-09T04:04:19+00:00","breadcrumb":{"@id":"https:\/\/sanluisinforma.com\/?p=12808#breadcrumb"},"inLanguage":"es","potentialAction":[{"@type":"ReadAction","target":["https:\/\/sanluisinforma.com\/?p=12808"]}]},{"@type":"ImageObject","inLanguage":"es","@id":"https:\/\/sanluisinforma.com\/?p=12808#primaryimage","url":"https:\/\/sanluisinforma.com\/wp-content\/uploads\/2025\/06\/6a9ea45f-c77e-4903-a8fa-6b25e577accb.jpg","contentUrl":"https:\/\/sanluisinforma.com\/wp-content\/uploads\/2025\/06\/6a9ea45f-c77e-4903-a8fa-6b25e577accb.jpg","width":400,"height":299},{"@type":"BreadcrumbList","@id":"https:\/\/sanluisinforma.com\/?p=12808#breadcrumb","itemListElement":[{"@type":"ListItem","position":1,"name":"Inicio","item":"https:\/\/sanluisinforma.com\/"},{"@type":"ListItem","position":2,"name":"Enrique Galindo refuerza protecci\u00f3n del Camino a la Presa con reforestaci\u00f3n masiva y nuevo acuerdo ambiental"}]},{"@type":"WebSite","@id":"https:\/\/sanluisinforma.com\/#website","url":"https:\/\/sanluisinforma.com\/","name":"sanluisinforma.com","description":"Periodico San Luis Informa","publisher":{"@id":"https:\/\/sanluisinforma.com\/#organization"},"potentialAction":[{"@type":"SearchAction","target":{"@type":"EntryPoint","urlTemplate":"https:\/\/sanluisinforma.com\/?s={search_term_string}"},"query-input":{"@type":"PropertyValueSpecification","valueRequired":true,"valueName":"search_term_string"}}],"inLanguage":"es"},{"@type":"Organization","@id":"https:\/\/sanluisinforma.com\/#organization","name":"sanluisinforma.com","url":"https:\/\/sanluisinforma.com\/","logo":{"@type":"ImageObject","inLanguage":"es","@id":"https:\/\/sanluisinforma.com\/#\/schema\/logo\/image\/","url":"https:\/\/sanluisinforma.com\/wp-content\/uploads\/2026\/03\/sanluisinforma-V.jpg","contentUrl":"https:\/\/sanluisinforma.com\/wp-content\/uploads\/2026\/03\/sanluisinforma-V.jpg","width":500,"height":156,"caption":"sanluisinforma.com"},"image":{"@id":"https:\/\/sanluisinforma.com\/#\/schema\/logo\/image\/"}},{"@type":"Person","@id":"https:\/\/sanluisinforma.com\/#\/schema\/person\/c30648f71476be533b6f59d092905c8b","name":"sanluisinforma.com","image":{"@type":"ImageObject","inLanguage":"es","@id":"https:\/\/sanluisinforma.com\/#\/schema\/person\/image\/","url":"https:\/\/secure.gravatar.com\/avatar\/86e3114e34a1eecefb963e0a02f0093f93b092dddb2fe1517596343751081a87?s=96&d=mm&r=g","contentUrl":"https:\/\/secure.gravatar.com\/avatar\/86e3114e34a1eecefb963e0a02f0093f93b092dddb2fe1517596343751081a87?s=96&d=mm&r=g","caption":"sanluisinforma.com"},"url":"https:\/\/sanluisinforma.com\/?author=2"}]}},"_links":{"self":[{"href":"https:\/\/sanluisinforma.com\/index.php?rest_route=\/wp\/v2\/posts\/12808","targetHints":{"allow":["GET"]}}],"collection":[{"href":"https:\/\/sanluisinforma.com\/index.php?rest_route=\/wp\/v2\/posts"}],"about":[{"href":"https:\/\/sanluisinforma.com\/index.php?rest_route=\/wp\/v2\/types\/post"}],"author":[{"embeddable":true,"href":"https:\/\/sanluisinforma.com\/index.php?rest_route=\/wp\/v2\/users\/2"}],"replies":[{"embeddable":true,"href":"https:\/\/sanluisinforma.com\/index.php?rest_route=%2Fwp%2Fv2%2Fcomments&post=12808"}],"version-history":[{"count":1,"href":"https:\/\/sanluisinforma.com\/index.php?rest_route=\/wp\/v2\/posts\/12808\/revisions"}],"predecessor-version":[{"id":12810,"href":"https:\/\/sanluisinforma.com\/index.php?rest_route=\/wp\/v2\/posts\/12808\/revisions\/12810"}],"wp:featuredmedia":[{"embeddable":true,"href":"https:\/\/sanluisinforma.com\/index.php?rest_route=\/wp\/v2\/media\/12809"}],"wp:attachment":[{"href":"https:\/\/sanluisinforma.com\/index.php?rest_route=%2Fwp%2Fv2%2Fmedia&parent=12808"}],"wp:term":[{"taxonomy":"category","embeddable":true,"href":"https:\/\/sanluisinforma.com\/index.php?rest_route=%2Fwp%2Fv2%2Fcategories&post=12808"},{"taxonomy":"post_tag","embeddable":true,"href":"https:\/\/sanluisinforma.com\/index.php?rest_route=%2Fwp%2Fv2%2Ftags&post=12808"}],"curies":[{"name":"wp","href":"https:\/\/api.w.org\/{rel}","templated":true}]}}