{"id":12824,"date":"2025-06-10T00:50:00","date_gmt":"2025-06-10T06:50:00","guid":{"rendered":"https:\/\/sanluisinforma.com\/?p=12824"},"modified":"2025-06-09T22:16:37","modified_gmt":"2025-06-10T04:16:37","slug":"enrique-galindo-transforma-la-zona-norte-anuncia-rehabilitacion-de-avenida-granjas","status":"publish","type":"post","link":"https:\/\/sanluisinforma.com\/?p=12824","title":{"rendered":"Enrique Galindo transforma la zona norte: anuncia rehabilitaci\u00f3n de avenida Granjas"},"content":{"rendered":"\n<ul class=\"wp-block-list\">\n<li>Con una inversi\u00f3n estrat\u00e9gica, el Alcalde Capitalino anunci\u00f3 el arranque de una obra clave que mejorar\u00e1 la movilidad, seguridad y calidad de vida en uno de los principales accesos del norte de la ciudad.<\/li>\n<\/ul>\n\n\n\n<p><\/p>\n\n\n\n<p>En el marco del programa \u201cCapital al 100\u201d, el Presidente Municipal Enrique Galindo Ceballos anunci\u00f3 el inicio de la rehabilitaci\u00f3n de la avenida Granjas, en el tramo que va de las calles Rosas a Vasco de Quiroga. La intervenci\u00f3n abarcar\u00e1 cerca de 9,400 metros cuadrados de pavimentaci\u00f3n, lo que beneficiar\u00e1 directamente a miles de habitantes de la zona norte y de las colonias aleda\u00f1as a esta importante vialidad.<\/p>\n\n\n\n<p>El Alcalde inform\u00f3 que los trabajos tendr\u00e1n una duraci\u00f3n aproximada de cuatro meses y pidi\u00f3 comprensi\u00f3n a la ciudadan\u00eda por las molestias temporales que pudieran generarse. \u201cVamos a seguir trabajando todos los d\u00edas para transformar la ciudad. Este tipo de obras no s\u00f3lo mejoran la movilidad, tambi\u00e9n impulsan el bienestar y la seguridad de nuestras familias\u201d, enfatiz\u00f3 Galindo Ceballos.<\/p>\n\n\n\n<p>La edici\u00f3n n\u00famero 258 del programa \u201cCapital al 100\u201d se llev\u00f3 a cabo en el fraccionamiento Torres de M\u00e9xico, donde cuadrillas del Ayuntamiento realizaron labores de limpieza, poda y rehabilitaci\u00f3n del alumbrado p\u00fablico, como parte del esfuerzo constante por mejorar la imagen urbana y la seguridad en la zona sur de la capital.<\/p>\n\n\n\n<p>Durante la jornada, el Director de Servicios Municipales, Christian Azuara, subray\u00f3 la importancia de mantener en buenas condiciones los espacios p\u00fablicos, especialmente en \u00e1reas que han sido desatendidas. Vecinos del fraccionamiento agradecieron la presencia del programa y reconocieron el compromiso del Gobierno Municipal por atender sus necesidades con resultados visibles.<\/p>\n","protected":false},"excerpt":{"rendered":"<p>En el marco del programa \u201cCapital al 100\u201d, el Presidente Municipal Enrique Galindo Ceballos anunci\u00f3 el inicio de la rehabilitaci\u00f3n<\/p>\n","protected":false},"author":2,"featured_media":12825,"comment_status":"closed","ping_status":"closed","sticky":false,"template":"","format":"standard","meta":{"footnotes":""},"categories":[25,30],"tags":[],"class_list":["post-12824","post","type-post","status-publish","format-standard","has-post-thumbnail","hentry","category-local","category-portada"],"yoast_head":"<!-- This site is optimized with the Yoast SEO plugin v24.1 - https:\/\/yoast.com\/wordpress\/plugins\/seo\/ -->\n<title>Enrique Galindo transforma la zona norte: anuncia rehabilitaci\u00f3n de avenida Granjas - sanluisinforma.com<\/title>\n<meta name=\"robots\" content=\"index, follow, max-snippet:-1, max-image-preview:large, max-video-preview:-1\" \/>\n<link rel=\"canonical\" href=\"https:\/\/sanluisinforma.com\/?p=12824\" \/>\n<meta property=\"og:locale\" content=\"es_MX\" \/>\n<meta property=\"og:type\" content=\"article\" \/>\n<meta property=\"og:title\" content=\"Enrique Galindo transforma la zona norte: anuncia rehabilitaci\u00f3n de avenida Granjas - sanluisinforma.com\" \/>\n<meta property=\"og:description\" content=\"En el marco del programa \u201cCapital al 100\u201d, el Presidente Municipal Enrique Galindo Ceballos anunci\u00f3 el inicio de la rehabilitaci\u00f3n\" \/>\n<meta property=\"og:url\" content=\"https:\/\/sanluisinforma.com\/?p=12824\" \/>\n<meta property=\"og:site_name\" content=\"sanluisinforma.com\" \/>\n<meta property=\"article:published_time\" content=\"2025-06-10T06:50:00+00:00\" \/>\n<meta property=\"article:modified_time\" content=\"2025-06-10T04:16:37+00:00\" \/>\n<meta property=\"og:image\" content=\"https:\/\/sanluisinforma.com\/wp-content\/uploads\/2025\/06\/7336f6d8-e770-4dbe-91c0-907a08f24f56.jpg\" \/>\n\t<meta property=\"og:image:width\" content=\"1280\" \/>\n\t<meta property=\"og:image:height\" content=\"960\" \/>\n\t<meta property=\"og:image:type\" content=\"image\/jpeg\" \/>\n<meta name=\"author\" content=\"sanluisinforma.com\" \/>\n<meta name=\"twitter:card\" content=\"summary_large_image\" \/>\n<meta name=\"twitter:label1\" content=\"Escrito por\" \/>\n\t<meta name=\"twitter:data1\" content=\"sanluisinforma.com\" \/>\n\t<meta name=\"twitter:label2\" content=\"Tiempo de lectura\" \/>\n\t<meta name=\"twitter:data2\" content=\"2 minutos\" \/>\n<script type=\"application\/ld+json\" class=\"yoast-schema-graph\">{\"@context\":\"https:\/\/schema.org\",\"@graph\":[{\"@type\":\"Article\",\"@id\":\"https:\/\/sanluisinforma.com\/?p=12824#article\",\"isPartOf\":{\"@id\":\"https:\/\/sanluisinforma.com\/?p=12824\"},\"author\":{\"name\":\"sanluisinforma.com\",\"@id\":\"https:\/\/sanluisinforma.com\/#\/schema\/person\/c30648f71476be533b6f59d092905c8b\"},\"headline\":\"Enrique Galindo transforma la zona norte: anuncia rehabilitaci\u00f3n de avenida Granjas\",\"datePublished\":\"2025-06-10T06:50:00+00:00\",\"dateModified\":\"2025-06-10T04:16:37+00:00\",\"mainEntityOfPage\":{\"@id\":\"https:\/\/sanluisinforma.com\/?p=12824\"},\"wordCount\":291,\"publisher\":{\"@id\":\"https:\/\/sanluisinforma.com\/#organization\"},\"image\":{\"@id\":\"https:\/\/sanluisinforma.com\/?p=12824#primaryimage\"},\"thumbnailUrl\":\"https:\/\/sanluisinforma.com\/wp-content\/uploads\/2025\/06\/7336f6d8-e770-4dbe-91c0-907a08f24f56.jpg\",\"articleSection\":[\"Local\",\"Portada\"],\"inLanguage\":\"es\"},{\"@type\":\"WebPage\",\"@id\":\"https:\/\/sanluisinforma.com\/?p=12824\",\"url\":\"https:\/\/sanluisinforma.com\/?p=12824\",\"name\":\"Enrique Galindo transforma la zona norte: anuncia rehabilitaci\u00f3n de avenida Granjas - sanluisinforma.com\",\"isPartOf\":{\"@id\":\"https:\/\/sanluisinforma.com\/#website\"},\"primaryImageOfPage\":{\"@id\":\"https:\/\/sanluisinforma.com\/?p=12824#primaryimage\"},\"image\":{\"@id\":\"https:\/\/sanluisinforma.com\/?p=12824#primaryimage\"},\"thumbnailUrl\":\"https:\/\/sanluisinforma.com\/wp-content\/uploads\/2025\/06\/7336f6d8-e770-4dbe-91c0-907a08f24f56.jpg\",\"datePublished\":\"2025-06-10T06:50:00+00:00\",\"dateModified\":\"2025-06-10T04:16:37+00:00\",\"breadcrumb\":{\"@id\":\"https:\/\/sanluisinforma.com\/?p=12824#breadcrumb\"},\"inLanguage\":\"es\",\"potentialAction\":[{\"@type\":\"ReadAction\",\"target\":[\"https:\/\/sanluisinforma.com\/?p=12824\"]}]},{\"@type\":\"ImageObject\",\"inLanguage\":\"es\",\"@id\":\"https:\/\/sanluisinforma.com\/?p=12824#primaryimage\",\"url\":\"https:\/\/sanluisinforma.com\/wp-content\/uploads\/2025\/06\/7336f6d8-e770-4dbe-91c0-907a08f24f56.jpg\",\"contentUrl\":\"https:\/\/sanluisinforma.com\/wp-content\/uploads\/2025\/06\/7336f6d8-e770-4dbe-91c0-907a08f24f56.jpg\",\"width\":1280,\"height\":960},{\"@type\":\"BreadcrumbList\",\"@id\":\"https:\/\/sanluisinforma.com\/?p=12824#breadcrumb\",\"itemListElement\":[{\"@type\":\"ListItem\",\"position\":1,\"name\":\"Inicio\",\"item\":\"https:\/\/sanluisinforma.com\/\"},{\"@type\":\"ListItem\",\"position\":2,\"name\":\"Enrique Galindo transforma la zona norte: anuncia rehabilitaci\u00f3n de avenida Granjas\"}]},{\"@type\":\"WebSite\",\"@id\":\"https:\/\/sanluisinforma.com\/#website\",\"url\":\"https:\/\/sanluisinforma.com\/\",\"name\":\"sanluisinforma.com\",\"description\":\"Periodico San Luis Informa\",\"publisher\":{\"@id\":\"https:\/\/sanluisinforma.com\/#organization\"},\"potentialAction\":[{\"@type\":\"SearchAction\",\"target\":{\"@type\":\"EntryPoint\",\"urlTemplate\":\"https:\/\/sanluisinforma.com\/?s={search_term_string}\"},\"query-input\":{\"@type\":\"PropertyValueSpecification\",\"valueRequired\":true,\"valueName\":\"search_term_string\"}}],\"inLanguage\":\"es\"},{\"@type\":\"Organization\",\"@id\":\"https:\/\/sanluisinforma.com\/#organization\",\"name\":\"sanluisinforma.com\",\"url\":\"https:\/\/sanluisinforma.com\/\",\"logo\":{\"@type\":\"ImageObject\",\"inLanguage\":\"es\",\"@id\":\"https:\/\/sanluisinforma.com\/#\/schema\/logo\/image\/\",\"url\":\"https:\/\/sanluisinforma.com\/wp-content\/uploads\/2026\/03\/sanluisinforma-V.jpg\",\"contentUrl\":\"https:\/\/sanluisinforma.com\/wp-content\/uploads\/2026\/03\/sanluisinforma-V.jpg\",\"width\":500,\"height\":156,\"caption\":\"sanluisinforma.com\"},\"image\":{\"@id\":\"https:\/\/sanluisinforma.com\/#\/schema\/logo\/image\/\"}},{\"@type\":\"Person\",\"@id\":\"https:\/\/sanluisinforma.com\/#\/schema\/person\/c30648f71476be533b6f59d092905c8b\",\"name\":\"sanluisinforma.com\",\"image\":{\"@type\":\"ImageObject\",\"inLanguage\":\"es\",\"@id\":\"https:\/\/sanluisinforma.com\/#\/schema\/person\/image\/\",\"url\":\"https:\/\/secure.gravatar.com\/avatar\/86e3114e34a1eecefb963e0a02f0093f93b092dddb2fe1517596343751081a87?s=96&d=mm&r=g\",\"contentUrl\":\"https:\/\/secure.gravatar.com\/avatar\/86e3114e34a1eecefb963e0a02f0093f93b092dddb2fe1517596343751081a87?s=96&d=mm&r=g\",\"caption\":\"sanluisinforma.com\"},\"url\":\"https:\/\/sanluisinforma.com\/?author=2\"}]}<\/script>\n<!-- \/ Yoast SEO plugin. -->","yoast_head_json":{"title":"Enrique Galindo transforma la zona norte: anuncia rehabilitaci\u00f3n de avenida Granjas - sanluisinforma.com","robots":{"index":"index","follow":"follow","max-snippet":"max-snippet:-1","max-image-preview":"max-image-preview:large","max-video-preview":"max-video-preview:-1"},"canonical":"https:\/\/sanluisinforma.com\/?p=12824","og_locale":"es_MX","og_type":"article","og_title":"Enrique Galindo transforma la zona norte: anuncia rehabilitaci\u00f3n de avenida Granjas - sanluisinforma.com","og_description":"En el marco del programa \u201cCapital al 100\u201d, el Presidente Municipal Enrique Galindo Ceballos anunci\u00f3 el inicio de la rehabilitaci\u00f3n","og_url":"https:\/\/sanluisinforma.com\/?p=12824","og_site_name":"sanluisinforma.com","article_published_time":"2025-06-10T06:50:00+00:00","article_modified_time":"2025-06-10T04:16:37+00:00","og_image":[{"width":1280,"height":960,"url":"https:\/\/sanluisinforma.com\/wp-content\/uploads\/2025\/06\/7336f6d8-e770-4dbe-91c0-907a08f24f56.jpg","type":"image\/jpeg"}],"author":"sanluisinforma.com","twitter_card":"summary_large_image","twitter_misc":{"Escrito por":"sanluisinforma.com","Tiempo de lectura":"2 minutos"},"schema":{"@context":"https:\/\/schema.org","@graph":[{"@type":"Article","@id":"https:\/\/sanluisinforma.com\/?p=12824#article","isPartOf":{"@id":"https:\/\/sanluisinforma.com\/?p=12824"},"author":{"name":"sanluisinforma.com","@id":"https:\/\/sanluisinforma.com\/#\/schema\/person\/c30648f71476be533b6f59d092905c8b"},"headline":"Enrique Galindo transforma la zona norte: anuncia rehabilitaci\u00f3n de avenida Granjas","datePublished":"2025-06-10T06:50:00+00:00","dateModified":"2025-06-10T04:16:37+00:00","mainEntityOfPage":{"@id":"https:\/\/sanluisinforma.com\/?p=12824"},"wordCount":291,"publisher":{"@id":"https:\/\/sanluisinforma.com\/#organization"},"image":{"@id":"https:\/\/sanluisinforma.com\/?p=12824#primaryimage"},"thumbnailUrl":"https:\/\/sanluisinforma.com\/wp-content\/uploads\/2025\/06\/7336f6d8-e770-4dbe-91c0-907a08f24f56.jpg","articleSection":["Local","Portada"],"inLanguage":"es"},{"@type":"WebPage","@id":"https:\/\/sanluisinforma.com\/?p=12824","url":"https:\/\/sanluisinforma.com\/?p=12824","name":"Enrique Galindo transforma la zona norte: anuncia rehabilitaci\u00f3n de avenida Granjas - sanluisinforma.com","isPartOf":{"@id":"https:\/\/sanluisinforma.com\/#website"},"primaryImageOfPage":{"@id":"https:\/\/sanluisinforma.com\/?p=12824#primaryimage"},"image":{"@id":"https:\/\/sanluisinforma.com\/?p=12824#primaryimage"},"thumbnailUrl":"https:\/\/sanluisinforma.com\/wp-content\/uploads\/2025\/06\/7336f6d8-e770-4dbe-91c0-907a08f24f56.jpg","datePublished":"2025-06-10T06:50:00+00:00","dateModified":"2025-06-10T04:16:37+00:00","breadcrumb":{"@id":"https:\/\/sanluisinforma.com\/?p=12824#breadcrumb"},"inLanguage":"es","potentialAction":[{"@type":"ReadAction","target":["https:\/\/sanluisinforma.com\/?p=12824"]}]},{"@type":"ImageObject","inLanguage":"es","@id":"https:\/\/sanluisinforma.com\/?p=12824#primaryimage","url":"https:\/\/sanluisinforma.com\/wp-content\/uploads\/2025\/06\/7336f6d8-e770-4dbe-91c0-907a08f24f56.jpg","contentUrl":"https:\/\/sanluisinforma.com\/wp-content\/uploads\/2025\/06\/7336f6d8-e770-4dbe-91c0-907a08f24f56.jpg","width":1280,"height":960},{"@type":"BreadcrumbList","@id":"https:\/\/sanluisinforma.com\/?p=12824#breadcrumb","itemListElement":[{"@type":"ListItem","position":1,"name":"Inicio","item":"https:\/\/sanluisinforma.com\/"},{"@type":"ListItem","position":2,"name":"Enrique Galindo transforma la zona norte: anuncia rehabilitaci\u00f3n de avenida Granjas"}]},{"@type":"WebSite","@id":"https:\/\/sanluisinforma.com\/#website","url":"https:\/\/sanluisinforma.com\/","name":"sanluisinforma.com","description":"Periodico San Luis Informa","publisher":{"@id":"https:\/\/sanluisinforma.com\/#organization"},"potentialAction":[{"@type":"SearchAction","target":{"@type":"EntryPoint","urlTemplate":"https:\/\/sanluisinforma.com\/?s={search_term_string}"},"query-input":{"@type":"PropertyValueSpecification","valueRequired":true,"valueName":"search_term_string"}}],"inLanguage":"es"},{"@type":"Organization","@id":"https:\/\/sanluisinforma.com\/#organization","name":"sanluisinforma.com","url":"https:\/\/sanluisinforma.com\/","logo":{"@type":"ImageObject","inLanguage":"es","@id":"https:\/\/sanluisinforma.com\/#\/schema\/logo\/image\/","url":"https:\/\/sanluisinforma.com\/wp-content\/uploads\/2026\/03\/sanluisinforma-V.jpg","contentUrl":"https:\/\/sanluisinforma.com\/wp-content\/uploads\/2026\/03\/sanluisinforma-V.jpg","width":500,"height":156,"caption":"sanluisinforma.com"},"image":{"@id":"https:\/\/sanluisinforma.com\/#\/schema\/logo\/image\/"}},{"@type":"Person","@id":"https:\/\/sanluisinforma.com\/#\/schema\/person\/c30648f71476be533b6f59d092905c8b","name":"sanluisinforma.com","image":{"@type":"ImageObject","inLanguage":"es","@id":"https:\/\/sanluisinforma.com\/#\/schema\/person\/image\/","url":"https:\/\/secure.gravatar.com\/avatar\/86e3114e34a1eecefb963e0a02f0093f93b092dddb2fe1517596343751081a87?s=96&d=mm&r=g","contentUrl":"https:\/\/secure.gravatar.com\/avatar\/86e3114e34a1eecefb963e0a02f0093f93b092dddb2fe1517596343751081a87?s=96&d=mm&r=g","caption":"sanluisinforma.com"},"url":"https:\/\/sanluisinforma.com\/?author=2"}]}},"_links":{"self":[{"href":"https:\/\/sanluisinforma.com\/index.php?rest_route=\/wp\/v2\/posts\/12824","targetHints":{"allow":["GET"]}}],"collection":[{"href":"https:\/\/sanluisinforma.com\/index.php?rest_route=\/wp\/v2\/posts"}],"about":[{"href":"https:\/\/sanluisinforma.com\/index.php?rest_route=\/wp\/v2\/types\/post"}],"author":[{"embeddable":true,"href":"https:\/\/sanluisinforma.com\/index.php?rest_route=\/wp\/v2\/users\/2"}],"replies":[{"embeddable":true,"href":"https:\/\/sanluisinforma.com\/index.php?rest_route=%2Fwp%2Fv2%2Fcomments&post=12824"}],"version-history":[{"count":1,"href":"https:\/\/sanluisinforma.com\/index.php?rest_route=\/wp\/v2\/posts\/12824\/revisions"}],"predecessor-version":[{"id":12826,"href":"https:\/\/sanluisinforma.com\/index.php?rest_route=\/wp\/v2\/posts\/12824\/revisions\/12826"}],"wp:featuredmedia":[{"embeddable":true,"href":"https:\/\/sanluisinforma.com\/index.php?rest_route=\/wp\/v2\/media\/12825"}],"wp:attachment":[{"href":"https:\/\/sanluisinforma.com\/index.php?rest_route=%2Fwp%2Fv2%2Fmedia&parent=12824"}],"wp:term":[{"taxonomy":"category","embeddable":true,"href":"https:\/\/sanluisinforma.com\/index.php?rest_route=%2Fwp%2Fv2%2Fcategories&post=12824"},{"taxonomy":"post_tag","embeddable":true,"href":"https:\/\/sanluisinforma.com\/index.php?rest_route=%2Fwp%2Fv2%2Ftags&post=12824"}],"curies":[{"name":"wp","href":"https:\/\/api.w.org\/{rel}","templated":true}]}}