{"id":12827,"date":"2025-06-10T00:45:00","date_gmt":"2025-06-10T06:45:00","guid":{"rendered":"https:\/\/sanluisinforma.com\/?p=12827"},"modified":"2025-06-09T22:49:40","modified_gmt":"2025-06-10T04:49:40","slug":"clausura-comercio-municipal-tarimeras-con-irregularidades-en-la-delegacion-la-pila","status":"publish","type":"post","link":"https:\/\/sanluisinforma.com\/?p=12827","title":{"rendered":"Clausura Comercio Municipal tarimeras con irregularidades en la Delegaci\u00f3n La Pila"},"content":{"rendered":"\n<ul class=\"wp-block-list\">\n<li>Como parte de las acciones para proteger la integridad de trabajadores y vecinos, Comercio Municipal intensifica operativos en zonas donde operan negocios sin controles de seguridad ni permisos, clausurando aquellos que representen un riesgo.<\/li>\n<\/ul>\n\n\n\n<p><\/p>\n\n\n\n<p>La tarde de este lunes, la Direcci\u00f3n de Comercio Municipal llev\u00f3 a cabo un operativo en la Delegaci\u00f3n La Pila, como parte de las acciones permanentes de supervisi\u00f3n para asegurar el cumplimiento del reglamento en los establecimientos comerciales.<\/p>\n\n\n\n<p>Durante el recorrido, se realizaron dos clausuras en diferentes tarimeras, as\u00ed como el levantamiento de un acta administrativa, al detectarse diversas irregularidades en su operaci\u00f3n y en medidas de seguridad.<\/p>\n\n\n\n<p>Este tipo de establecimientos, al operar sin licencia y fuera de norma, representan un riesgo para la seguridad de trabajadores, clientes y vecinos, al no contar con controles adecuados ni medidas m\u00ednimas de prevenci\u00f3n.<\/p>\n\n\n\n<p>Desde la Direcci\u00f3n de Comercio reiteramos que seguiremos localizando y sancionando a negocios que trabajen con irregularidades, ya que adem\u00e1s de incumplir la ley, pueden poner en peligro a quienes los rodean.<\/p>\n\n\n\n<p>La Direcci\u00f3n de Comercio del Gobierno de la Capital reafirma su compromiso con el orden, la legalidad y la seguridad en todo el municipio, incluyendo sus delegaciones.<\/p>\n","protected":false},"excerpt":{"rendered":"<p>La tarde de este lunes, la Direcci\u00f3n de Comercio Municipal llev\u00f3 a cabo un operativo en la Delegaci\u00f3n La Pila,<\/p>\n","protected":false},"author":2,"featured_media":12828,"comment_status":"closed","ping_status":"closed","sticky":false,"template":"","format":"standard","meta":{"footnotes":""},"categories":[25,26],"tags":[],"class_list":["post-12827","post","type-post","status-publish","format-standard","has-post-thumbnail","hentry","category-local","category-nacional"],"yoast_head":"<!-- This site is optimized with the Yoast SEO plugin v24.1 - https:\/\/yoast.com\/wordpress\/plugins\/seo\/ -->\n<title>Clausura Comercio Municipal tarimeras con irregularidades en la Delegaci\u00f3n La Pila - sanluisinforma.com<\/title>\n<meta name=\"robots\" content=\"index, follow, max-snippet:-1, max-image-preview:large, max-video-preview:-1\" \/>\n<link rel=\"canonical\" href=\"https:\/\/sanluisinforma.com\/?p=12827\" \/>\n<meta property=\"og:locale\" content=\"es_MX\" \/>\n<meta property=\"og:type\" content=\"article\" \/>\n<meta property=\"og:title\" content=\"Clausura Comercio Municipal tarimeras con irregularidades en la Delegaci\u00f3n La Pila - sanluisinforma.com\" \/>\n<meta property=\"og:description\" content=\"La tarde de este lunes, la Direcci\u00f3n de Comercio Municipal llev\u00f3 a cabo un operativo en la Delegaci\u00f3n La Pila,\" \/>\n<meta property=\"og:url\" content=\"https:\/\/sanluisinforma.com\/?p=12827\" \/>\n<meta property=\"og:site_name\" content=\"sanluisinforma.com\" \/>\n<meta property=\"article:published_time\" content=\"2025-06-10T06:45:00+00:00\" \/>\n<meta property=\"article:modified_time\" content=\"2025-06-10T04:49:40+00:00\" \/>\n<meta property=\"og:image\" content=\"https:\/\/sanluisinforma.com\/wp-content\/uploads\/2025\/06\/40edd87e-22c9-4807-9ef2-e03043d1cb1b.jpg\" \/>\n\t<meta property=\"og:image:width\" content=\"400\" \/>\n\t<meta property=\"og:image:height\" content=\"400\" \/>\n\t<meta property=\"og:image:type\" content=\"image\/jpeg\" \/>\n<meta name=\"author\" content=\"sanluisinforma.com\" \/>\n<meta name=\"twitter:card\" content=\"summary_large_image\" \/>\n<meta name=\"twitter:label1\" content=\"Escrito por\" \/>\n\t<meta name=\"twitter:data1\" content=\"sanluisinforma.com\" \/>\n\t<meta name=\"twitter:label2\" content=\"Tiempo de lectura\" \/>\n\t<meta name=\"twitter:data2\" content=\"2 minutos\" \/>\n<script type=\"application\/ld+json\" class=\"yoast-schema-graph\">{\"@context\":\"https:\/\/schema.org\",\"@graph\":[{\"@type\":\"Article\",\"@id\":\"https:\/\/sanluisinforma.com\/?p=12827#article\",\"isPartOf\":{\"@id\":\"https:\/\/sanluisinforma.com\/?p=12827\"},\"author\":{\"name\":\"sanluisinforma.com\",\"@id\":\"https:\/\/sanluisinforma.com\/#\/schema\/person\/c30648f71476be533b6f59d092905c8b\"},\"headline\":\"Clausura Comercio Municipal tarimeras con irregularidades en la Delegaci\u00f3n La Pila\",\"datePublished\":\"2025-06-10T06:45:00+00:00\",\"dateModified\":\"2025-06-10T04:49:40+00:00\",\"mainEntityOfPage\":{\"@id\":\"https:\/\/sanluisinforma.com\/?p=12827\"},\"wordCount\":216,\"publisher\":{\"@id\":\"https:\/\/sanluisinforma.com\/#organization\"},\"image\":{\"@id\":\"https:\/\/sanluisinforma.com\/?p=12827#primaryimage\"},\"thumbnailUrl\":\"https:\/\/sanluisinforma.com\/wp-content\/uploads\/2025\/06\/40edd87e-22c9-4807-9ef2-e03043d1cb1b.jpg\",\"articleSection\":[\"Local\",\"Nacional\"],\"inLanguage\":\"es\"},{\"@type\":\"WebPage\",\"@id\":\"https:\/\/sanluisinforma.com\/?p=12827\",\"url\":\"https:\/\/sanluisinforma.com\/?p=12827\",\"name\":\"Clausura Comercio Municipal tarimeras con irregularidades en la Delegaci\u00f3n La Pila - sanluisinforma.com\",\"isPartOf\":{\"@id\":\"https:\/\/sanluisinforma.com\/#website\"},\"primaryImageOfPage\":{\"@id\":\"https:\/\/sanluisinforma.com\/?p=12827#primaryimage\"},\"image\":{\"@id\":\"https:\/\/sanluisinforma.com\/?p=12827#primaryimage\"},\"thumbnailUrl\":\"https:\/\/sanluisinforma.com\/wp-content\/uploads\/2025\/06\/40edd87e-22c9-4807-9ef2-e03043d1cb1b.jpg\",\"datePublished\":\"2025-06-10T06:45:00+00:00\",\"dateModified\":\"2025-06-10T04:49:40+00:00\",\"breadcrumb\":{\"@id\":\"https:\/\/sanluisinforma.com\/?p=12827#breadcrumb\"},\"inLanguage\":\"es\",\"potentialAction\":[{\"@type\":\"ReadAction\",\"target\":[\"https:\/\/sanluisinforma.com\/?p=12827\"]}]},{\"@type\":\"ImageObject\",\"inLanguage\":\"es\",\"@id\":\"https:\/\/sanluisinforma.com\/?p=12827#primaryimage\",\"url\":\"https:\/\/sanluisinforma.com\/wp-content\/uploads\/2025\/06\/40edd87e-22c9-4807-9ef2-e03043d1cb1b.jpg\",\"contentUrl\":\"https:\/\/sanluisinforma.com\/wp-content\/uploads\/2025\/06\/40edd87e-22c9-4807-9ef2-e03043d1cb1b.jpg\",\"width\":400,\"height\":400},{\"@type\":\"BreadcrumbList\",\"@id\":\"https:\/\/sanluisinforma.com\/?p=12827#breadcrumb\",\"itemListElement\":[{\"@type\":\"ListItem\",\"position\":1,\"name\":\"Inicio\",\"item\":\"https:\/\/sanluisinforma.com\/\"},{\"@type\":\"ListItem\",\"position\":2,\"name\":\"Clausura Comercio Municipal tarimeras con irregularidades en la Delegaci\u00f3n La Pila\"}]},{\"@type\":\"WebSite\",\"@id\":\"https:\/\/sanluisinforma.com\/#website\",\"url\":\"https:\/\/sanluisinforma.com\/\",\"name\":\"sanluisinforma.com\",\"description\":\"Periodico San Luis Informa\",\"publisher\":{\"@id\":\"https:\/\/sanluisinforma.com\/#organization\"},\"potentialAction\":[{\"@type\":\"SearchAction\",\"target\":{\"@type\":\"EntryPoint\",\"urlTemplate\":\"https:\/\/sanluisinforma.com\/?s={search_term_string}\"},\"query-input\":{\"@type\":\"PropertyValueSpecification\",\"valueRequired\":true,\"valueName\":\"search_term_string\"}}],\"inLanguage\":\"es\"},{\"@type\":\"Organization\",\"@id\":\"https:\/\/sanluisinforma.com\/#organization\",\"name\":\"sanluisinforma.com\",\"url\":\"https:\/\/sanluisinforma.com\/\",\"logo\":{\"@type\":\"ImageObject\",\"inLanguage\":\"es\",\"@id\":\"https:\/\/sanluisinforma.com\/#\/schema\/logo\/image\/\",\"url\":\"https:\/\/sanluisinforma.com\/wp-content\/uploads\/2026\/03\/sanluisinforma-V.jpg\",\"contentUrl\":\"https:\/\/sanluisinforma.com\/wp-content\/uploads\/2026\/03\/sanluisinforma-V.jpg\",\"width\":500,\"height\":156,\"caption\":\"sanluisinforma.com\"},\"image\":{\"@id\":\"https:\/\/sanluisinforma.com\/#\/schema\/logo\/image\/\"}},{\"@type\":\"Person\",\"@id\":\"https:\/\/sanluisinforma.com\/#\/schema\/person\/c30648f71476be533b6f59d092905c8b\",\"name\":\"sanluisinforma.com\",\"image\":{\"@type\":\"ImageObject\",\"inLanguage\":\"es\",\"@id\":\"https:\/\/sanluisinforma.com\/#\/schema\/person\/image\/\",\"url\":\"https:\/\/secure.gravatar.com\/avatar\/86e3114e34a1eecefb963e0a02f0093f93b092dddb2fe1517596343751081a87?s=96&d=mm&r=g\",\"contentUrl\":\"https:\/\/secure.gravatar.com\/avatar\/86e3114e34a1eecefb963e0a02f0093f93b092dddb2fe1517596343751081a87?s=96&d=mm&r=g\",\"caption\":\"sanluisinforma.com\"},\"url\":\"https:\/\/sanluisinforma.com\/?author=2\"}]}<\/script>\n<!-- \/ Yoast SEO plugin. -->","yoast_head_json":{"title":"Clausura Comercio Municipal tarimeras con irregularidades en la Delegaci\u00f3n La Pila - sanluisinforma.com","robots":{"index":"index","follow":"follow","max-snippet":"max-snippet:-1","max-image-preview":"max-image-preview:large","max-video-preview":"max-video-preview:-1"},"canonical":"https:\/\/sanluisinforma.com\/?p=12827","og_locale":"es_MX","og_type":"article","og_title":"Clausura Comercio Municipal tarimeras con irregularidades en la Delegaci\u00f3n La Pila - sanluisinforma.com","og_description":"La tarde de este lunes, la Direcci\u00f3n de Comercio Municipal llev\u00f3 a cabo un operativo en la Delegaci\u00f3n La Pila,","og_url":"https:\/\/sanluisinforma.com\/?p=12827","og_site_name":"sanluisinforma.com","article_published_time":"2025-06-10T06:45:00+00:00","article_modified_time":"2025-06-10T04:49:40+00:00","og_image":[{"width":400,"height":400,"url":"https:\/\/sanluisinforma.com\/wp-content\/uploads\/2025\/06\/40edd87e-22c9-4807-9ef2-e03043d1cb1b.jpg","type":"image\/jpeg"}],"author":"sanluisinforma.com","twitter_card":"summary_large_image","twitter_misc":{"Escrito por":"sanluisinforma.com","Tiempo de lectura":"2 minutos"},"schema":{"@context":"https:\/\/schema.org","@graph":[{"@type":"Article","@id":"https:\/\/sanluisinforma.com\/?p=12827#article","isPartOf":{"@id":"https:\/\/sanluisinforma.com\/?p=12827"},"author":{"name":"sanluisinforma.com","@id":"https:\/\/sanluisinforma.com\/#\/schema\/person\/c30648f71476be533b6f59d092905c8b"},"headline":"Clausura Comercio Municipal tarimeras con irregularidades en la Delegaci\u00f3n La Pila","datePublished":"2025-06-10T06:45:00+00:00","dateModified":"2025-06-10T04:49:40+00:00","mainEntityOfPage":{"@id":"https:\/\/sanluisinforma.com\/?p=12827"},"wordCount":216,"publisher":{"@id":"https:\/\/sanluisinforma.com\/#organization"},"image":{"@id":"https:\/\/sanluisinforma.com\/?p=12827#primaryimage"},"thumbnailUrl":"https:\/\/sanluisinforma.com\/wp-content\/uploads\/2025\/06\/40edd87e-22c9-4807-9ef2-e03043d1cb1b.jpg","articleSection":["Local","Nacional"],"inLanguage":"es"},{"@type":"WebPage","@id":"https:\/\/sanluisinforma.com\/?p=12827","url":"https:\/\/sanluisinforma.com\/?p=12827","name":"Clausura Comercio Municipal tarimeras con irregularidades en la Delegaci\u00f3n La Pila - sanluisinforma.com","isPartOf":{"@id":"https:\/\/sanluisinforma.com\/#website"},"primaryImageOfPage":{"@id":"https:\/\/sanluisinforma.com\/?p=12827#primaryimage"},"image":{"@id":"https:\/\/sanluisinforma.com\/?p=12827#primaryimage"},"thumbnailUrl":"https:\/\/sanluisinforma.com\/wp-content\/uploads\/2025\/06\/40edd87e-22c9-4807-9ef2-e03043d1cb1b.jpg","datePublished":"2025-06-10T06:45:00+00:00","dateModified":"2025-06-10T04:49:40+00:00","breadcrumb":{"@id":"https:\/\/sanluisinforma.com\/?p=12827#breadcrumb"},"inLanguage":"es","potentialAction":[{"@type":"ReadAction","target":["https:\/\/sanluisinforma.com\/?p=12827"]}]},{"@type":"ImageObject","inLanguage":"es","@id":"https:\/\/sanluisinforma.com\/?p=12827#primaryimage","url":"https:\/\/sanluisinforma.com\/wp-content\/uploads\/2025\/06\/40edd87e-22c9-4807-9ef2-e03043d1cb1b.jpg","contentUrl":"https:\/\/sanluisinforma.com\/wp-content\/uploads\/2025\/06\/40edd87e-22c9-4807-9ef2-e03043d1cb1b.jpg","width":400,"height":400},{"@type":"BreadcrumbList","@id":"https:\/\/sanluisinforma.com\/?p=12827#breadcrumb","itemListElement":[{"@type":"ListItem","position":1,"name":"Inicio","item":"https:\/\/sanluisinforma.com\/"},{"@type":"ListItem","position":2,"name":"Clausura Comercio Municipal tarimeras con irregularidades en la Delegaci\u00f3n La Pila"}]},{"@type":"WebSite","@id":"https:\/\/sanluisinforma.com\/#website","url":"https:\/\/sanluisinforma.com\/","name":"sanluisinforma.com","description":"Periodico San Luis Informa","publisher":{"@id":"https:\/\/sanluisinforma.com\/#organization"},"potentialAction":[{"@type":"SearchAction","target":{"@type":"EntryPoint","urlTemplate":"https:\/\/sanluisinforma.com\/?s={search_term_string}"},"query-input":{"@type":"PropertyValueSpecification","valueRequired":true,"valueName":"search_term_string"}}],"inLanguage":"es"},{"@type":"Organization","@id":"https:\/\/sanluisinforma.com\/#organization","name":"sanluisinforma.com","url":"https:\/\/sanluisinforma.com\/","logo":{"@type":"ImageObject","inLanguage":"es","@id":"https:\/\/sanluisinforma.com\/#\/schema\/logo\/image\/","url":"https:\/\/sanluisinforma.com\/wp-content\/uploads\/2026\/03\/sanluisinforma-V.jpg","contentUrl":"https:\/\/sanluisinforma.com\/wp-content\/uploads\/2026\/03\/sanluisinforma-V.jpg","width":500,"height":156,"caption":"sanluisinforma.com"},"image":{"@id":"https:\/\/sanluisinforma.com\/#\/schema\/logo\/image\/"}},{"@type":"Person","@id":"https:\/\/sanluisinforma.com\/#\/schema\/person\/c30648f71476be533b6f59d092905c8b","name":"sanluisinforma.com","image":{"@type":"ImageObject","inLanguage":"es","@id":"https:\/\/sanluisinforma.com\/#\/schema\/person\/image\/","url":"https:\/\/secure.gravatar.com\/avatar\/86e3114e34a1eecefb963e0a02f0093f93b092dddb2fe1517596343751081a87?s=96&d=mm&r=g","contentUrl":"https:\/\/secure.gravatar.com\/avatar\/86e3114e34a1eecefb963e0a02f0093f93b092dddb2fe1517596343751081a87?s=96&d=mm&r=g","caption":"sanluisinforma.com"},"url":"https:\/\/sanluisinforma.com\/?author=2"}]}},"_links":{"self":[{"href":"https:\/\/sanluisinforma.com\/index.php?rest_route=\/wp\/v2\/posts\/12827","targetHints":{"allow":["GET"]}}],"collection":[{"href":"https:\/\/sanluisinforma.com\/index.php?rest_route=\/wp\/v2\/posts"}],"about":[{"href":"https:\/\/sanluisinforma.com\/index.php?rest_route=\/wp\/v2\/types\/post"}],"author":[{"embeddable":true,"href":"https:\/\/sanluisinforma.com\/index.php?rest_route=\/wp\/v2\/users\/2"}],"replies":[{"embeddable":true,"href":"https:\/\/sanluisinforma.com\/index.php?rest_route=%2Fwp%2Fv2%2Fcomments&post=12827"}],"version-history":[{"count":1,"href":"https:\/\/sanluisinforma.com\/index.php?rest_route=\/wp\/v2\/posts\/12827\/revisions"}],"predecessor-version":[{"id":12829,"href":"https:\/\/sanluisinforma.com\/index.php?rest_route=\/wp\/v2\/posts\/12827\/revisions\/12829"}],"wp:featuredmedia":[{"embeddable":true,"href":"https:\/\/sanluisinforma.com\/index.php?rest_route=\/wp\/v2\/media\/12828"}],"wp:attachment":[{"href":"https:\/\/sanluisinforma.com\/index.php?rest_route=%2Fwp%2Fv2%2Fmedia&parent=12827"}],"wp:term":[{"taxonomy":"category","embeddable":true,"href":"https:\/\/sanluisinforma.com\/index.php?rest_route=%2Fwp%2Fv2%2Fcategories&post=12827"},{"taxonomy":"post_tag","embeddable":true,"href":"https:\/\/sanluisinforma.com\/index.php?rest_route=%2Fwp%2Fv2%2Ftags&post=12827"}],"curies":[{"name":"wp","href":"https:\/\/api.w.org\/{rel}","templated":true}]}}