{"id":12849,"date":"2025-06-11T00:55:00","date_gmt":"2025-06-11T06:55:00","guid":{"rendered":"https:\/\/sanluisinforma.com\/?p=12849"},"modified":"2025-06-10T23:40:50","modified_gmt":"2025-06-11T05:40:50","slug":"ricardo-gallardo-pavimenta-mas-calles-en-la-region-media","status":"publish","type":"post","link":"https:\/\/sanluisinforma.com\/?p=12849","title":{"rendered":"Ricardo Gallardo pavimenta m\u00e1s calles en la Regi\u00f3n Media"},"content":{"rendered":"\n<p>En gira de trabajo, el Gobernador de San Luis Potos\u00ed puso en operaci\u00f3n un pozo de agua, brind\u00f3 apoyos alimentarios y comenz\u00f3 obras viales.<\/p>\n\n\n\n<p>El Gobernador de San Luis Potos\u00ed Ricardo Gallardo Cardona inaugur\u00f3 y dio el banderazo de arranque a obras de agua potable, modernizaci\u00f3n de calles y el programa de seguridad alimentaria durante una incansable gira de trabajo por la regi\u00f3n Media en los municipios de San Ciro de Acosta, Rioverde y Ciudad Fern\u00e1ndez.<\/p>\n\n\n\n<p>Desde temprana hora, con la calidez de la gente y el agradecimiento de las familias de San Ciro de Acosta, Ricardo Gallardo arranc\u00f3 la pavimentaci\u00f3n de las calles Laureles y P\u00edpila hacia el Cristo en la colonia Guadalupe, que brindar\u00e1 plusval\u00eda y apoyo sin l\u00edmites al turismo de la regi\u00f3n y entreg\u00f3 paquetes alimentarios.<\/p>\n\n\n\n<p>Posteriormente, bajo el sol del mediod\u00eda, el Gobernador inaugur\u00f3 la c\u00e9ntrica calle Morelos en el municipio de Rioverde d\u00f3nde destac\u00f3 que est\u00e1 obra genera beneficios al comercio y el desarrollo econ\u00f3mico de la ciudad y en el mismo municipio dio el banderazo de arranque de la calle Porfirio D\u00edaz, en beneficio de m\u00e1s de 50 mil habitantes.<\/p>\n\n\n\n<p>Finalmente, en Ciudad Fern\u00e1ndez Gallardo Cardona abri\u00f3 la v\u00e1lvula del nuevo pozo profundo n\u00famero dos, que brindara certeza a las familias de la regi\u00f3n media, con un servicio vital de agua en sus hogares, mientras que las madres de familia y personas de todas las edades agradecieron por esta importante obra.<\/p>\n","protected":false},"excerpt":{"rendered":"<p>En gira de trabajo, el Gobernador de San Luis Potos\u00ed puso en operaci\u00f3n un pozo de agua, brind\u00f3 apoyos alimentarios<\/p>\n","protected":false},"author":2,"featured_media":12850,"comment_status":"closed","ping_status":"closed","sticky":false,"template":"","format":"standard","meta":{"footnotes":""},"categories":[25,30],"tags":[],"class_list":["post-12849","post","type-post","status-publish","format-standard","has-post-thumbnail","hentry","category-local","category-portada"],"yoast_head":"<!-- This site is optimized with the Yoast SEO plugin v24.1 - https:\/\/yoast.com\/wordpress\/plugins\/seo\/ -->\n<title>Ricardo Gallardo pavimenta m\u00e1s calles en la Regi\u00f3n Media - sanluisinforma.com<\/title>\n<meta name=\"robots\" content=\"index, follow, max-snippet:-1, max-image-preview:large, max-video-preview:-1\" \/>\n<link rel=\"canonical\" href=\"https:\/\/sanluisinforma.com\/?p=12849\" \/>\n<meta property=\"og:locale\" content=\"es_MX\" \/>\n<meta property=\"og:type\" content=\"article\" \/>\n<meta property=\"og:title\" content=\"Ricardo Gallardo pavimenta m\u00e1s calles en la Regi\u00f3n Media - sanluisinforma.com\" \/>\n<meta property=\"og:description\" content=\"En gira de trabajo, el Gobernador de San Luis Potos\u00ed puso en operaci\u00f3n un pozo de agua, brind\u00f3 apoyos alimentarios\" \/>\n<meta property=\"og:url\" content=\"https:\/\/sanluisinforma.com\/?p=12849\" \/>\n<meta property=\"og:site_name\" content=\"sanluisinforma.com\" \/>\n<meta property=\"article:published_time\" content=\"2025-06-11T06:55:00+00:00\" \/>\n<meta property=\"article:modified_time\" content=\"2025-06-11T05:40:50+00:00\" \/>\n<meta property=\"og:image\" content=\"https:\/\/sanluisinforma.com\/wp-content\/uploads\/2025\/06\/46393752-44e5-446e-b6af-67873ce03eac.jpg\" \/>\n\t<meta property=\"og:image:width\" content=\"400\" \/>\n\t<meta property=\"og:image:height\" content=\"266\" \/>\n\t<meta property=\"og:image:type\" content=\"image\/jpeg\" \/>\n<meta name=\"author\" content=\"sanluisinforma.com\" \/>\n<meta name=\"twitter:card\" content=\"summary_large_image\" \/>\n<meta name=\"twitter:label1\" content=\"Escrito por\" \/>\n\t<meta name=\"twitter:data1\" content=\"sanluisinforma.com\" \/>\n\t<meta name=\"twitter:label2\" content=\"Tiempo de lectura\" \/>\n\t<meta name=\"twitter:data2\" content=\"2 minutos\" \/>\n<script type=\"application\/ld+json\" class=\"yoast-schema-graph\">{\"@context\":\"https:\/\/schema.org\",\"@graph\":[{\"@type\":\"Article\",\"@id\":\"https:\/\/sanluisinforma.com\/?p=12849#article\",\"isPartOf\":{\"@id\":\"https:\/\/sanluisinforma.com\/?p=12849\"},\"author\":{\"name\":\"sanluisinforma.com\",\"@id\":\"https:\/\/sanluisinforma.com\/#\/schema\/person\/c30648f71476be533b6f59d092905c8b\"},\"headline\":\"Ricardo Gallardo pavimenta m\u00e1s calles en la Regi\u00f3n Media\",\"datePublished\":\"2025-06-11T06:55:00+00:00\",\"dateModified\":\"2025-06-11T05:40:50+00:00\",\"mainEntityOfPage\":{\"@id\":\"https:\/\/sanluisinforma.com\/?p=12849\"},\"wordCount\":267,\"publisher\":{\"@id\":\"https:\/\/sanluisinforma.com\/#organization\"},\"image\":{\"@id\":\"https:\/\/sanluisinforma.com\/?p=12849#primaryimage\"},\"thumbnailUrl\":\"https:\/\/sanluisinforma.com\/wp-content\/uploads\/2025\/06\/46393752-44e5-446e-b6af-67873ce03eac.jpg\",\"articleSection\":[\"Local\",\"Portada\"],\"inLanguage\":\"es\"},{\"@type\":\"WebPage\",\"@id\":\"https:\/\/sanluisinforma.com\/?p=12849\",\"url\":\"https:\/\/sanluisinforma.com\/?p=12849\",\"name\":\"Ricardo Gallardo pavimenta m\u00e1s calles en la Regi\u00f3n Media - sanluisinforma.com\",\"isPartOf\":{\"@id\":\"https:\/\/sanluisinforma.com\/#website\"},\"primaryImageOfPage\":{\"@id\":\"https:\/\/sanluisinforma.com\/?p=12849#primaryimage\"},\"image\":{\"@id\":\"https:\/\/sanluisinforma.com\/?p=12849#primaryimage\"},\"thumbnailUrl\":\"https:\/\/sanluisinforma.com\/wp-content\/uploads\/2025\/06\/46393752-44e5-446e-b6af-67873ce03eac.jpg\",\"datePublished\":\"2025-06-11T06:55:00+00:00\",\"dateModified\":\"2025-06-11T05:40:50+00:00\",\"breadcrumb\":{\"@id\":\"https:\/\/sanluisinforma.com\/?p=12849#breadcrumb\"},\"inLanguage\":\"es\",\"potentialAction\":[{\"@type\":\"ReadAction\",\"target\":[\"https:\/\/sanluisinforma.com\/?p=12849\"]}]},{\"@type\":\"ImageObject\",\"inLanguage\":\"es\",\"@id\":\"https:\/\/sanluisinforma.com\/?p=12849#primaryimage\",\"url\":\"https:\/\/sanluisinforma.com\/wp-content\/uploads\/2025\/06\/46393752-44e5-446e-b6af-67873ce03eac.jpg\",\"contentUrl\":\"https:\/\/sanluisinforma.com\/wp-content\/uploads\/2025\/06\/46393752-44e5-446e-b6af-67873ce03eac.jpg\",\"width\":400,\"height\":266},{\"@type\":\"BreadcrumbList\",\"@id\":\"https:\/\/sanluisinforma.com\/?p=12849#breadcrumb\",\"itemListElement\":[{\"@type\":\"ListItem\",\"position\":1,\"name\":\"Inicio\",\"item\":\"https:\/\/sanluisinforma.com\/\"},{\"@type\":\"ListItem\",\"position\":2,\"name\":\"Ricardo Gallardo pavimenta m\u00e1s calles en la Regi\u00f3n Media\"}]},{\"@type\":\"WebSite\",\"@id\":\"https:\/\/sanluisinforma.com\/#website\",\"url\":\"https:\/\/sanluisinforma.com\/\",\"name\":\"sanluisinforma.com\",\"description\":\"Periodico San Luis Informa\",\"publisher\":{\"@id\":\"https:\/\/sanluisinforma.com\/#organization\"},\"potentialAction\":[{\"@type\":\"SearchAction\",\"target\":{\"@type\":\"EntryPoint\",\"urlTemplate\":\"https:\/\/sanluisinforma.com\/?s={search_term_string}\"},\"query-input\":{\"@type\":\"PropertyValueSpecification\",\"valueRequired\":true,\"valueName\":\"search_term_string\"}}],\"inLanguage\":\"es\"},{\"@type\":\"Organization\",\"@id\":\"https:\/\/sanluisinforma.com\/#organization\",\"name\":\"sanluisinforma.com\",\"url\":\"https:\/\/sanluisinforma.com\/\",\"logo\":{\"@type\":\"ImageObject\",\"inLanguage\":\"es\",\"@id\":\"https:\/\/sanluisinforma.com\/#\/schema\/logo\/image\/\",\"url\":\"https:\/\/sanluisinforma.com\/wp-content\/uploads\/2026\/03\/sanluisinforma-V.jpg\",\"contentUrl\":\"https:\/\/sanluisinforma.com\/wp-content\/uploads\/2026\/03\/sanluisinforma-V.jpg\",\"width\":500,\"height\":156,\"caption\":\"sanluisinforma.com\"},\"image\":{\"@id\":\"https:\/\/sanluisinforma.com\/#\/schema\/logo\/image\/\"}},{\"@type\":\"Person\",\"@id\":\"https:\/\/sanluisinforma.com\/#\/schema\/person\/c30648f71476be533b6f59d092905c8b\",\"name\":\"sanluisinforma.com\",\"image\":{\"@type\":\"ImageObject\",\"inLanguage\":\"es\",\"@id\":\"https:\/\/sanluisinforma.com\/#\/schema\/person\/image\/\",\"url\":\"https:\/\/secure.gravatar.com\/avatar\/86e3114e34a1eecefb963e0a02f0093f93b092dddb2fe1517596343751081a87?s=96&d=mm&r=g\",\"contentUrl\":\"https:\/\/secure.gravatar.com\/avatar\/86e3114e34a1eecefb963e0a02f0093f93b092dddb2fe1517596343751081a87?s=96&d=mm&r=g\",\"caption\":\"sanluisinforma.com\"},\"url\":\"https:\/\/sanluisinforma.com\/?author=2\"}]}<\/script>\n<!-- \/ Yoast SEO plugin. -->","yoast_head_json":{"title":"Ricardo Gallardo pavimenta m\u00e1s calles en la Regi\u00f3n Media - sanluisinforma.com","robots":{"index":"index","follow":"follow","max-snippet":"max-snippet:-1","max-image-preview":"max-image-preview:large","max-video-preview":"max-video-preview:-1"},"canonical":"https:\/\/sanluisinforma.com\/?p=12849","og_locale":"es_MX","og_type":"article","og_title":"Ricardo Gallardo pavimenta m\u00e1s calles en la Regi\u00f3n Media - sanluisinforma.com","og_description":"En gira de trabajo, el Gobernador de San Luis Potos\u00ed puso en operaci\u00f3n un pozo de agua, brind\u00f3 apoyos alimentarios","og_url":"https:\/\/sanluisinforma.com\/?p=12849","og_site_name":"sanluisinforma.com","article_published_time":"2025-06-11T06:55:00+00:00","article_modified_time":"2025-06-11T05:40:50+00:00","og_image":[{"width":400,"height":266,"url":"https:\/\/sanluisinforma.com\/wp-content\/uploads\/2025\/06\/46393752-44e5-446e-b6af-67873ce03eac.jpg","type":"image\/jpeg"}],"author":"sanluisinforma.com","twitter_card":"summary_large_image","twitter_misc":{"Escrito por":"sanluisinforma.com","Tiempo de lectura":"2 minutos"},"schema":{"@context":"https:\/\/schema.org","@graph":[{"@type":"Article","@id":"https:\/\/sanluisinforma.com\/?p=12849#article","isPartOf":{"@id":"https:\/\/sanluisinforma.com\/?p=12849"},"author":{"name":"sanluisinforma.com","@id":"https:\/\/sanluisinforma.com\/#\/schema\/person\/c30648f71476be533b6f59d092905c8b"},"headline":"Ricardo Gallardo pavimenta m\u00e1s calles en la Regi\u00f3n Media","datePublished":"2025-06-11T06:55:00+00:00","dateModified":"2025-06-11T05:40:50+00:00","mainEntityOfPage":{"@id":"https:\/\/sanluisinforma.com\/?p=12849"},"wordCount":267,"publisher":{"@id":"https:\/\/sanluisinforma.com\/#organization"},"image":{"@id":"https:\/\/sanluisinforma.com\/?p=12849#primaryimage"},"thumbnailUrl":"https:\/\/sanluisinforma.com\/wp-content\/uploads\/2025\/06\/46393752-44e5-446e-b6af-67873ce03eac.jpg","articleSection":["Local","Portada"],"inLanguage":"es"},{"@type":"WebPage","@id":"https:\/\/sanluisinforma.com\/?p=12849","url":"https:\/\/sanluisinforma.com\/?p=12849","name":"Ricardo Gallardo pavimenta m\u00e1s calles en la Regi\u00f3n Media - sanluisinforma.com","isPartOf":{"@id":"https:\/\/sanluisinforma.com\/#website"},"primaryImageOfPage":{"@id":"https:\/\/sanluisinforma.com\/?p=12849#primaryimage"},"image":{"@id":"https:\/\/sanluisinforma.com\/?p=12849#primaryimage"},"thumbnailUrl":"https:\/\/sanluisinforma.com\/wp-content\/uploads\/2025\/06\/46393752-44e5-446e-b6af-67873ce03eac.jpg","datePublished":"2025-06-11T06:55:00+00:00","dateModified":"2025-06-11T05:40:50+00:00","breadcrumb":{"@id":"https:\/\/sanluisinforma.com\/?p=12849#breadcrumb"},"inLanguage":"es","potentialAction":[{"@type":"ReadAction","target":["https:\/\/sanluisinforma.com\/?p=12849"]}]},{"@type":"ImageObject","inLanguage":"es","@id":"https:\/\/sanluisinforma.com\/?p=12849#primaryimage","url":"https:\/\/sanluisinforma.com\/wp-content\/uploads\/2025\/06\/46393752-44e5-446e-b6af-67873ce03eac.jpg","contentUrl":"https:\/\/sanluisinforma.com\/wp-content\/uploads\/2025\/06\/46393752-44e5-446e-b6af-67873ce03eac.jpg","width":400,"height":266},{"@type":"BreadcrumbList","@id":"https:\/\/sanluisinforma.com\/?p=12849#breadcrumb","itemListElement":[{"@type":"ListItem","position":1,"name":"Inicio","item":"https:\/\/sanluisinforma.com\/"},{"@type":"ListItem","position":2,"name":"Ricardo Gallardo pavimenta m\u00e1s calles en la Regi\u00f3n Media"}]},{"@type":"WebSite","@id":"https:\/\/sanluisinforma.com\/#website","url":"https:\/\/sanluisinforma.com\/","name":"sanluisinforma.com","description":"Periodico San Luis Informa","publisher":{"@id":"https:\/\/sanluisinforma.com\/#organization"},"potentialAction":[{"@type":"SearchAction","target":{"@type":"EntryPoint","urlTemplate":"https:\/\/sanluisinforma.com\/?s={search_term_string}"},"query-input":{"@type":"PropertyValueSpecification","valueRequired":true,"valueName":"search_term_string"}}],"inLanguage":"es"},{"@type":"Organization","@id":"https:\/\/sanluisinforma.com\/#organization","name":"sanluisinforma.com","url":"https:\/\/sanluisinforma.com\/","logo":{"@type":"ImageObject","inLanguage":"es","@id":"https:\/\/sanluisinforma.com\/#\/schema\/logo\/image\/","url":"https:\/\/sanluisinforma.com\/wp-content\/uploads\/2026\/03\/sanluisinforma-V.jpg","contentUrl":"https:\/\/sanluisinforma.com\/wp-content\/uploads\/2026\/03\/sanluisinforma-V.jpg","width":500,"height":156,"caption":"sanluisinforma.com"},"image":{"@id":"https:\/\/sanluisinforma.com\/#\/schema\/logo\/image\/"}},{"@type":"Person","@id":"https:\/\/sanluisinforma.com\/#\/schema\/person\/c30648f71476be533b6f59d092905c8b","name":"sanluisinforma.com","image":{"@type":"ImageObject","inLanguage":"es","@id":"https:\/\/sanluisinforma.com\/#\/schema\/person\/image\/","url":"https:\/\/secure.gravatar.com\/avatar\/86e3114e34a1eecefb963e0a02f0093f93b092dddb2fe1517596343751081a87?s=96&d=mm&r=g","contentUrl":"https:\/\/secure.gravatar.com\/avatar\/86e3114e34a1eecefb963e0a02f0093f93b092dddb2fe1517596343751081a87?s=96&d=mm&r=g","caption":"sanluisinforma.com"},"url":"https:\/\/sanluisinforma.com\/?author=2"}]}},"_links":{"self":[{"href":"https:\/\/sanluisinforma.com\/index.php?rest_route=\/wp\/v2\/posts\/12849","targetHints":{"allow":["GET"]}}],"collection":[{"href":"https:\/\/sanluisinforma.com\/index.php?rest_route=\/wp\/v2\/posts"}],"about":[{"href":"https:\/\/sanluisinforma.com\/index.php?rest_route=\/wp\/v2\/types\/post"}],"author":[{"embeddable":true,"href":"https:\/\/sanluisinforma.com\/index.php?rest_route=\/wp\/v2\/users\/2"}],"replies":[{"embeddable":true,"href":"https:\/\/sanluisinforma.com\/index.php?rest_route=%2Fwp%2Fv2%2Fcomments&post=12849"}],"version-history":[{"count":1,"href":"https:\/\/sanluisinforma.com\/index.php?rest_route=\/wp\/v2\/posts\/12849\/revisions"}],"predecessor-version":[{"id":12851,"href":"https:\/\/sanluisinforma.com\/index.php?rest_route=\/wp\/v2\/posts\/12849\/revisions\/12851"}],"wp:featuredmedia":[{"embeddable":true,"href":"https:\/\/sanluisinforma.com\/index.php?rest_route=\/wp\/v2\/media\/12850"}],"wp:attachment":[{"href":"https:\/\/sanluisinforma.com\/index.php?rest_route=%2Fwp%2Fv2%2Fmedia&parent=12849"}],"wp:term":[{"taxonomy":"category","embeddable":true,"href":"https:\/\/sanluisinforma.com\/index.php?rest_route=%2Fwp%2Fv2%2Fcategories&post=12849"},{"taxonomy":"post_tag","embeddable":true,"href":"https:\/\/sanluisinforma.com\/index.php?rest_route=%2Fwp%2Fv2%2Ftags&post=12849"}],"curies":[{"name":"wp","href":"https:\/\/api.w.org\/{rel}","templated":true}]}}