{"id":1286,"date":"2022-04-28T09:18:09","date_gmt":"2022-04-28T14:18:09","guid":{"rendered":"https:\/\/sanluisinforma.com\/?p=65906"},"modified":"2022-04-28T09:18:09","modified_gmt":"2022-04-28T14:18:09","slug":"anuncia-ricardo-gallardo-caravana-del-dia-del-nino","status":"publish","type":"post","link":"https:\/\/sanluisinforma.com\/?p=1286","title":{"rendered":"Anuncia Ricardo Gallardo caravana del D\u00eda del Ni\u00f1o"},"content":{"rendered":"\n<div class=\"wp-block-image\"><figure class=\"aligncenter size-full is-resized\"><a href=\"https:\/\/sanluisinforma.com\/wp-content\/uploads\/2022\/04\/Dia-del-nino.jpg\"><img loading=\"lazy\" decoding=\"async\" src=\"https:\/\/sanluisinforma.com\/wp-content\/uploads\/2022\/04\/Dia-del-nino.jpg\" alt=\"\" class=\"wp-image-65895\" width=\"602\" height=\"288\"\/><\/a><\/figure><\/div>\n\n\n\n<p><strong>Carros aleg\u00f3ricos visitar\u00e1n colonias y comunidades de la capital, Soledad de Graciano S\u00e1nchez y la zona Huasteca, regalando juguetes, dulces y otras sorpresas a las y los menores de edad.<\/strong><\/p>\n\n\n\n<p>San Luis Potos\u00ed, SLP.- Para llevar felicidad y alegr\u00eda a las y los ni\u00f1os potosinos en el marco de la celebraci\u00f3n del D\u00eda del Ni\u00f1o y la Ni\u00f1a, el Gobernador del Estado, Ricardo Gallardo Cardona anunci\u00f3 el recorrido de una mega caravana con carros aleg\u00f3ricos, botargas, dulces y juguetes en todas las colonias y comunidades de San Luis Potos\u00ed, Soledad de Graciano S\u00e1nchez y municipios de la regi\u00f3n Huasteca, esta misma semana.<\/p>\n\n\n\n<p>El Mandatario potosino dijo que en el trabajo de construir una sociedad m\u00e1s justa, con igualdad y donde se respeten los derechos fundamentales de todas y de todos, es de gran relevancia atender y reconocer el valor de \u201cnuestras ni\u00f1as y ni\u00f1os que forman parte del nuevo San Luis Potos\u00ed y su transformaci\u00f3n, donde se les brinden mejores oportunidades para su sano desarrollo y esparcimiento\u201d.<\/p>\n\n\n\n<p>Expuso que como a otros sectores de la poblaci\u00f3n, los anteriores gobiernos hab\u00edan ignorado a la ni\u00f1ez potosina que es s\u00edmbolo de esperanza de una mejor naci\u00f3n, por lo que se dise\u00f1\u00f3 una estrategia para llevarles regalos y sorpresas hasta sus hogares en la zona metropolitana y Huasteca antes del 30 de abril.<\/p>\n\n\n\n<p>La gira de la caravana D\u00eda del Ni\u00f1o y la Ni\u00f1a se llevar\u00e1 a cabo por las tardes y se anunciar\u00e1 con anticipaci\u00f3n las comunidades y colonias, d\u00edas y horarios que visitar\u00e1: \u201ces importante que est\u00e9n atentos y nos esperen porque vamos a llevarles muchas sorpresas, dentro del Gobierno del cambio, pues necesitamos impulsar igualdad, sana convivencia y combatir la violencia desde este periodo que es la infancia\u201d, coment\u00f3.<\/p>\n\n\n\n<p>Gallardo Cardona hizo un reconocimiento a las madres y padres de familia que con su trabajo y dedicaci\u00f3n est\u00e1n construyendo las bases del desarrollo integral de sus hijos, y pidi\u00f3 sumar al fortalecimiento de sus valores c\u00edvicos e impulsar su educaci\u00f3n escolar por medio de las escuelas, programas y sistema acad\u00e9mico que brinda del Estado.<\/p>\n","protected":false},"excerpt":{"rendered":"<p>Carros aleg\u00f3ricos visitar\u00e1n colonias y comunidades de la capital, Soledad de Graciano S\u00e1nchez y la zona Huasteca, regalando juguetes, dulces<\/p>\n","protected":false},"author":1,"featured_media":1287,"comment_status":"open","ping_status":"open","sticky":false,"template":"","format":"standard","meta":{"footnotes":""},"categories":[25],"tags":[],"class_list":["post-1286","post","type-post","status-publish","format-standard","has-post-thumbnail","hentry","category-local"],"yoast_head":"<!-- This site is optimized with the Yoast SEO plugin v24.1 - https:\/\/yoast.com\/wordpress\/plugins\/seo\/ -->\n<title>Anuncia Ricardo Gallardo caravana del D\u00eda del Ni\u00f1o - sanluisinforma.com<\/title>\n<meta name=\"robots\" content=\"index, follow, max-snippet:-1, max-image-preview:large, max-video-preview:-1\" \/>\n<link rel=\"canonical\" href=\"https:\/\/sanluisinforma.com\/?p=1286\" \/>\n<meta property=\"og:locale\" content=\"es_MX\" \/>\n<meta property=\"og:type\" content=\"article\" \/>\n<meta property=\"og:title\" content=\"Anuncia Ricardo Gallardo caravana del D\u00eda del Ni\u00f1o - sanluisinforma.com\" \/>\n<meta property=\"og:description\" content=\"Carros aleg\u00f3ricos visitar\u00e1n colonias y comunidades de la capital, Soledad de Graciano S\u00e1nchez y la zona Huasteca, regalando juguetes, dulces\" \/>\n<meta property=\"og:url\" content=\"https:\/\/sanluisinforma.com\/?p=1286\" \/>\n<meta property=\"og:site_name\" content=\"sanluisinforma.com\" \/>\n<meta property=\"article:published_time\" content=\"2022-04-28T14:18:09+00:00\" \/>\n<meta property=\"og:image\" content=\"https:\/\/sanluisinforma.com\/wp-content\/uploads\/2022\/04\/Dia-del-nino.jpg\" \/>\n\t<meta property=\"og:image:width\" content=\"500\" \/>\n\t<meta property=\"og:image:height\" content=\"239\" \/>\n\t<meta property=\"og:image:type\" content=\"image\/jpeg\" \/>\n<meta name=\"author\" content=\"m3rsync\" \/>\n<meta name=\"twitter:card\" content=\"summary_large_image\" \/>\n<meta name=\"twitter:label1\" content=\"Escrito por\" \/>\n\t<meta name=\"twitter:data1\" content=\"m3rsync\" \/>\n\t<meta name=\"twitter:label2\" content=\"Tiempo de lectura\" \/>\n\t<meta name=\"twitter:data2\" content=\"2 minutos\" \/>\n<script type=\"application\/ld+json\" class=\"yoast-schema-graph\">{\"@context\":\"https:\/\/schema.org\",\"@graph\":[{\"@type\":\"Article\",\"@id\":\"https:\/\/sanluisinforma.com\/?p=1286#article\",\"isPartOf\":{\"@id\":\"https:\/\/sanluisinforma.com\/?p=1286\"},\"author\":{\"name\":\"m3rsync\",\"@id\":\"https:\/\/sanluisinforma.com\/#\/schema\/person\/49ff81046c3481e1b5440b65c424cc17\"},\"headline\":\"Anuncia Ricardo Gallardo caravana del D\u00eda del Ni\u00f1o\",\"datePublished\":\"2022-04-28T14:18:09+00:00\",\"dateModified\":\"2022-04-28T14:18:09+00:00\",\"mainEntityOfPage\":{\"@id\":\"https:\/\/sanluisinforma.com\/?p=1286\"},\"wordCount\":386,\"commentCount\":0,\"publisher\":{\"@id\":\"https:\/\/sanluisinforma.com\/#organization\"},\"image\":{\"@id\":\"https:\/\/sanluisinforma.com\/?p=1286#primaryimage\"},\"thumbnailUrl\":\"https:\/\/sanluisinforma.com\/wp-content\/uploads\/2022\/04\/Dia-del-nino.jpg\",\"articleSection\":[\"Local\"],\"inLanguage\":\"es\",\"potentialAction\":[{\"@type\":\"CommentAction\",\"name\":\"Comment\",\"target\":[\"https:\/\/sanluisinforma.com\/?p=1286#respond\"]}]},{\"@type\":\"WebPage\",\"@id\":\"https:\/\/sanluisinforma.com\/?p=1286\",\"url\":\"https:\/\/sanluisinforma.com\/?p=1286\",\"name\":\"Anuncia Ricardo Gallardo caravana del D\u00eda del Ni\u00f1o - sanluisinforma.com\",\"isPartOf\":{\"@id\":\"https:\/\/sanluisinforma.com\/#website\"},\"primaryImageOfPage\":{\"@id\":\"https:\/\/sanluisinforma.com\/?p=1286#primaryimage\"},\"image\":{\"@id\":\"https:\/\/sanluisinforma.com\/?p=1286#primaryimage\"},\"thumbnailUrl\":\"https:\/\/sanluisinforma.com\/wp-content\/uploads\/2022\/04\/Dia-del-nino.jpg\",\"datePublished\":\"2022-04-28T14:18:09+00:00\",\"dateModified\":\"2022-04-28T14:18:09+00:00\",\"breadcrumb\":{\"@id\":\"https:\/\/sanluisinforma.com\/?p=1286#breadcrumb\"},\"inLanguage\":\"es\",\"potentialAction\":[{\"@type\":\"ReadAction\",\"target\":[\"https:\/\/sanluisinforma.com\/?p=1286\"]}]},{\"@type\":\"ImageObject\",\"inLanguage\":\"es\",\"@id\":\"https:\/\/sanluisinforma.com\/?p=1286#primaryimage\",\"url\":\"https:\/\/sanluisinforma.com\/wp-content\/uploads\/2022\/04\/Dia-del-nino.jpg\",\"contentUrl\":\"https:\/\/sanluisinforma.com\/wp-content\/uploads\/2022\/04\/Dia-del-nino.jpg\",\"width\":500,\"height\":239},{\"@type\":\"BreadcrumbList\",\"@id\":\"https:\/\/sanluisinforma.com\/?p=1286#breadcrumb\",\"itemListElement\":[{\"@type\":\"ListItem\",\"position\":1,\"name\":\"Inicio\",\"item\":\"https:\/\/sanluisinforma.com\/\"},{\"@type\":\"ListItem\",\"position\":2,\"name\":\"Anuncia Ricardo Gallardo caravana del D\u00eda del Ni\u00f1o\"}]},{\"@type\":\"WebSite\",\"@id\":\"https:\/\/sanluisinforma.com\/#website\",\"url\":\"https:\/\/sanluisinforma.com\/\",\"name\":\"sanluisinforma.com\",\"description\":\"Periodico San Luis Informa\",\"publisher\":{\"@id\":\"https:\/\/sanluisinforma.com\/#organization\"},\"potentialAction\":[{\"@type\":\"SearchAction\",\"target\":{\"@type\":\"EntryPoint\",\"urlTemplate\":\"https:\/\/sanluisinforma.com\/?s={search_term_string}\"},\"query-input\":{\"@type\":\"PropertyValueSpecification\",\"valueRequired\":true,\"valueName\":\"search_term_string\"}}],\"inLanguage\":\"es\"},{\"@type\":\"Organization\",\"@id\":\"https:\/\/sanluisinforma.com\/#organization\",\"name\":\"sanluisinforma.com\",\"url\":\"https:\/\/sanluisinforma.com\/\",\"logo\":{\"@type\":\"ImageObject\",\"inLanguage\":\"es\",\"@id\":\"https:\/\/sanluisinforma.com\/#\/schema\/logo\/image\/\",\"url\":\"https:\/\/sanluisinforma.com\/wp-content\/uploads\/2026\/03\/sanluisinforma-V.jpg\",\"contentUrl\":\"https:\/\/sanluisinforma.com\/wp-content\/uploads\/2026\/03\/sanluisinforma-V.jpg\",\"width\":500,\"height\":156,\"caption\":\"sanluisinforma.com\"},\"image\":{\"@id\":\"https:\/\/sanluisinforma.com\/#\/schema\/logo\/image\/\"}},{\"@type\":\"Person\",\"@id\":\"https:\/\/sanluisinforma.com\/#\/schema\/person\/49ff81046c3481e1b5440b65c424cc17\",\"name\":\"m3rsync\",\"image\":{\"@type\":\"ImageObject\",\"inLanguage\":\"es\",\"@id\":\"https:\/\/sanluisinforma.com\/#\/schema\/person\/image\/\",\"url\":\"https:\/\/secure.gravatar.com\/avatar\/a680509951ac8a465dc670dcf485535c45f0448b55f320b47fd5b6339aed90e2?s=96&d=mm&r=g\",\"contentUrl\":\"https:\/\/secure.gravatar.com\/avatar\/a680509951ac8a465dc670dcf485535c45f0448b55f320b47fd5b6339aed90e2?s=96&d=mm&r=g\",\"caption\":\"m3rsync\"},\"sameAs\":[\"https:\/\/sanluisinforma.com\"],\"url\":\"https:\/\/sanluisinforma.com\/?author=1\"}]}<\/script>\n<!-- \/ Yoast SEO plugin. -->","yoast_head_json":{"title":"Anuncia Ricardo Gallardo caravana del D\u00eda del Ni\u00f1o - sanluisinforma.com","robots":{"index":"index","follow":"follow","max-snippet":"max-snippet:-1","max-image-preview":"max-image-preview:large","max-video-preview":"max-video-preview:-1"},"canonical":"https:\/\/sanluisinforma.com\/?p=1286","og_locale":"es_MX","og_type":"article","og_title":"Anuncia Ricardo Gallardo caravana del D\u00eda del Ni\u00f1o - sanluisinforma.com","og_description":"Carros aleg\u00f3ricos visitar\u00e1n colonias y comunidades de la capital, Soledad de Graciano S\u00e1nchez y la zona Huasteca, regalando juguetes, dulces","og_url":"https:\/\/sanluisinforma.com\/?p=1286","og_site_name":"sanluisinforma.com","article_published_time":"2022-04-28T14:18:09+00:00","og_image":[{"width":500,"height":239,"url":"https:\/\/sanluisinforma.com\/wp-content\/uploads\/2022\/04\/Dia-del-nino.jpg","type":"image\/jpeg"}],"author":"m3rsync","twitter_card":"summary_large_image","twitter_misc":{"Escrito por":"m3rsync","Tiempo de lectura":"2 minutos"},"schema":{"@context":"https:\/\/schema.org","@graph":[{"@type":"Article","@id":"https:\/\/sanluisinforma.com\/?p=1286#article","isPartOf":{"@id":"https:\/\/sanluisinforma.com\/?p=1286"},"author":{"name":"m3rsync","@id":"https:\/\/sanluisinforma.com\/#\/schema\/person\/49ff81046c3481e1b5440b65c424cc17"},"headline":"Anuncia Ricardo Gallardo caravana del D\u00eda del Ni\u00f1o","datePublished":"2022-04-28T14:18:09+00:00","dateModified":"2022-04-28T14:18:09+00:00","mainEntityOfPage":{"@id":"https:\/\/sanluisinforma.com\/?p=1286"},"wordCount":386,"commentCount":0,"publisher":{"@id":"https:\/\/sanluisinforma.com\/#organization"},"image":{"@id":"https:\/\/sanluisinforma.com\/?p=1286#primaryimage"},"thumbnailUrl":"https:\/\/sanluisinforma.com\/wp-content\/uploads\/2022\/04\/Dia-del-nino.jpg","articleSection":["Local"],"inLanguage":"es","potentialAction":[{"@type":"CommentAction","name":"Comment","target":["https:\/\/sanluisinforma.com\/?p=1286#respond"]}]},{"@type":"WebPage","@id":"https:\/\/sanluisinforma.com\/?p=1286","url":"https:\/\/sanluisinforma.com\/?p=1286","name":"Anuncia Ricardo Gallardo caravana del D\u00eda del Ni\u00f1o - sanluisinforma.com","isPartOf":{"@id":"https:\/\/sanluisinforma.com\/#website"},"primaryImageOfPage":{"@id":"https:\/\/sanluisinforma.com\/?p=1286#primaryimage"},"image":{"@id":"https:\/\/sanluisinforma.com\/?p=1286#primaryimage"},"thumbnailUrl":"https:\/\/sanluisinforma.com\/wp-content\/uploads\/2022\/04\/Dia-del-nino.jpg","datePublished":"2022-04-28T14:18:09+00:00","dateModified":"2022-04-28T14:18:09+00:00","breadcrumb":{"@id":"https:\/\/sanluisinforma.com\/?p=1286#breadcrumb"},"inLanguage":"es","potentialAction":[{"@type":"ReadAction","target":["https:\/\/sanluisinforma.com\/?p=1286"]}]},{"@type":"ImageObject","inLanguage":"es","@id":"https:\/\/sanluisinforma.com\/?p=1286#primaryimage","url":"https:\/\/sanluisinforma.com\/wp-content\/uploads\/2022\/04\/Dia-del-nino.jpg","contentUrl":"https:\/\/sanluisinforma.com\/wp-content\/uploads\/2022\/04\/Dia-del-nino.jpg","width":500,"height":239},{"@type":"BreadcrumbList","@id":"https:\/\/sanluisinforma.com\/?p=1286#breadcrumb","itemListElement":[{"@type":"ListItem","position":1,"name":"Inicio","item":"https:\/\/sanluisinforma.com\/"},{"@type":"ListItem","position":2,"name":"Anuncia Ricardo Gallardo caravana del D\u00eda del Ni\u00f1o"}]},{"@type":"WebSite","@id":"https:\/\/sanluisinforma.com\/#website","url":"https:\/\/sanluisinforma.com\/","name":"sanluisinforma.com","description":"Periodico San Luis Informa","publisher":{"@id":"https:\/\/sanluisinforma.com\/#organization"},"potentialAction":[{"@type":"SearchAction","target":{"@type":"EntryPoint","urlTemplate":"https:\/\/sanluisinforma.com\/?s={search_term_string}"},"query-input":{"@type":"PropertyValueSpecification","valueRequired":true,"valueName":"search_term_string"}}],"inLanguage":"es"},{"@type":"Organization","@id":"https:\/\/sanluisinforma.com\/#organization","name":"sanluisinforma.com","url":"https:\/\/sanluisinforma.com\/","logo":{"@type":"ImageObject","inLanguage":"es","@id":"https:\/\/sanluisinforma.com\/#\/schema\/logo\/image\/","url":"https:\/\/sanluisinforma.com\/wp-content\/uploads\/2026\/03\/sanluisinforma-V.jpg","contentUrl":"https:\/\/sanluisinforma.com\/wp-content\/uploads\/2026\/03\/sanluisinforma-V.jpg","width":500,"height":156,"caption":"sanluisinforma.com"},"image":{"@id":"https:\/\/sanluisinforma.com\/#\/schema\/logo\/image\/"}},{"@type":"Person","@id":"https:\/\/sanluisinforma.com\/#\/schema\/person\/49ff81046c3481e1b5440b65c424cc17","name":"m3rsync","image":{"@type":"ImageObject","inLanguage":"es","@id":"https:\/\/sanluisinforma.com\/#\/schema\/person\/image\/","url":"https:\/\/secure.gravatar.com\/avatar\/a680509951ac8a465dc670dcf485535c45f0448b55f320b47fd5b6339aed90e2?s=96&d=mm&r=g","contentUrl":"https:\/\/secure.gravatar.com\/avatar\/a680509951ac8a465dc670dcf485535c45f0448b55f320b47fd5b6339aed90e2?s=96&d=mm&r=g","caption":"m3rsync"},"sameAs":["https:\/\/sanluisinforma.com"],"url":"https:\/\/sanluisinforma.com\/?author=1"}]}},"_links":{"self":[{"href":"https:\/\/sanluisinforma.com\/index.php?rest_route=\/wp\/v2\/posts\/1286","targetHints":{"allow":["GET"]}}],"collection":[{"href":"https:\/\/sanluisinforma.com\/index.php?rest_route=\/wp\/v2\/posts"}],"about":[{"href":"https:\/\/sanluisinforma.com\/index.php?rest_route=\/wp\/v2\/types\/post"}],"author":[{"embeddable":true,"href":"https:\/\/sanluisinforma.com\/index.php?rest_route=\/wp\/v2\/users\/1"}],"replies":[{"embeddable":true,"href":"https:\/\/sanluisinforma.com\/index.php?rest_route=%2Fwp%2Fv2%2Fcomments&post=1286"}],"version-history":[{"count":0,"href":"https:\/\/sanluisinforma.com\/index.php?rest_route=\/wp\/v2\/posts\/1286\/revisions"}],"wp:featuredmedia":[{"embeddable":true,"href":"https:\/\/sanluisinforma.com\/index.php?rest_route=\/wp\/v2\/media\/1287"}],"wp:attachment":[{"href":"https:\/\/sanluisinforma.com\/index.php?rest_route=%2Fwp%2Fv2%2Fmedia&parent=1286"}],"wp:term":[{"taxonomy":"category","embeddable":true,"href":"https:\/\/sanluisinforma.com\/index.php?rest_route=%2Fwp%2Fv2%2Fcategories&post=1286"},{"taxonomy":"post_tag","embeddable":true,"href":"https:\/\/sanluisinforma.com\/index.php?rest_route=%2Fwp%2Fv2%2Ftags&post=1286"}],"curies":[{"name":"wp","href":"https:\/\/api.w.org\/{rel}","templated":true}]}}