{"id":12860,"date":"2025-06-12T00:50:00","date_gmt":"2025-06-12T06:50:00","guid":{"rendered":"https:\/\/sanluisinforma.com\/?p=12860"},"modified":"2025-06-11T22:38:13","modified_gmt":"2025-06-12T04:38:13","slug":"reaccion-inmediata-del-gobierno-de-la-capital-para-restablecer-la-movilidad-de-la-ciudad","status":"publish","type":"post","link":"https:\/\/sanluisinforma.com\/?p=12860","title":{"rendered":"Reacci\u00f3n inmediata del Gobierno de la Capital para restablecer la movilidad de la ciudad"},"content":{"rendered":"\n<ul class=\"wp-block-list\">\n<li>El Alcalde Enrique Galindo supervis\u00f3 personalmente los trabajos para la regeneraci\u00f3n de las vialidades, en pasos a desnivel de la ciudad que tradicionalmente padecen de inundaciones, donde hoy, gracias a la eficiencia de los trabajos de las \u00e1reas del Ayuntamiento de San Luis Potos\u00ed, se recupera la movilidad con rapidez; a pocas horas de las precipitaciones, fue reabierta la glorieta de la salida a Guadalajara.<\/li>\n<\/ul>\n\n\n\n<p><\/p>\n\n\n\n<p>El Presidente Municipal de San Luis Potos\u00ed, Enrique Galindo Ceballos, acudi\u00f3 este mi\u00e9rcoles a la glorieta de la salida a Guadalajara para supervisar los trabajos de limpieza realizados tras las lluvias extraordinarias registradas durante la ma\u00f1ana y mediod\u00eda de hoy. Gracias a la activaci\u00f3n inmediata de los protocolos de atenci\u00f3n a contingencias, la vialidad fue completamente despejada y reabierta a la circulaci\u00f3n.<\/p>\n\n\n\n<p>El Alcalde Enrique Galindo destac\u00f3 que la pronta recuperaci\u00f3n de esta zona es resultado del trabajo coordinado entre distintas \u00e1reas del Gobierno de la Capital, como Protecci\u00f3n Civil, Polic\u00eda Vial, Servicios Municipales e Interapas, quienes actuaron con rapidez para retirar el agua acumulada y los residuos que imped\u00edan el tr\u00e1nsito seguro. \u201cEsta es la forma en que respondemos: con trabajo en las calles, en equipo y sin demora\u201d, expres\u00f3.<\/p>\n\n\n\n<p>No obstante, el Presidente Municipal pidi\u00f3 a la ciudadan\u00eda mantenerse informada a trav\u00e9s de los canales oficiales, ya que se mantienen cierres parciales en vialidades como el R\u00edo Santiago, en el tramo de Sierra Leona a 20 de Noviembre, debido a que se trata de un cauce natural que representa riesgo cuando se registran precipitaciones intensas.<\/p>\n\n\n\n<p>Finalmente, Enrique Galindo reiter\u00f3 que el Gobierno de la Capital se encuentra en alerta permanente ante la temporada de lluvias, con reuniones diarias del Gabinete de Servicios y una estrategia preventiva que incluye monitoreo constante, desazolves, se\u00f1alizaci\u00f3n de riesgos y atenci\u00f3n a reportes ciudadanos. \u201cVamos a seguir trabajando con responsabilidad y cercan\u00eda para proteger a San Luis y a su gente\u201d, concluy\u00f3.<\/p>\n","protected":false},"excerpt":{"rendered":"<p>El Presidente Municipal de San Luis Potos\u00ed, Enrique Galindo Ceballos, acudi\u00f3 este mi\u00e9rcoles a la glorieta de la salida a<\/p>\n","protected":false},"author":2,"featured_media":12861,"comment_status":"closed","ping_status":"closed","sticky":false,"template":"","format":"standard","meta":{"footnotes":""},"categories":[25,30],"tags":[],"class_list":["post-12860","post","type-post","status-publish","format-standard","has-post-thumbnail","hentry","category-local","category-portada"],"yoast_head":"<!-- This site is optimized with the Yoast SEO plugin v24.1 - https:\/\/yoast.com\/wordpress\/plugins\/seo\/ -->\n<title>Reacci\u00f3n inmediata del Gobierno de la Capital para restablecer la movilidad de la ciudad - sanluisinforma.com<\/title>\n<meta name=\"robots\" content=\"index, follow, max-snippet:-1, max-image-preview:large, max-video-preview:-1\" \/>\n<link rel=\"canonical\" href=\"https:\/\/sanluisinforma.com\/?p=12860\" \/>\n<meta property=\"og:locale\" content=\"es_MX\" \/>\n<meta property=\"og:type\" content=\"article\" \/>\n<meta property=\"og:title\" content=\"Reacci\u00f3n inmediata del Gobierno de la Capital para restablecer la movilidad de la ciudad - sanluisinforma.com\" \/>\n<meta property=\"og:description\" content=\"El Presidente Municipal de San Luis Potos\u00ed, Enrique Galindo Ceballos, acudi\u00f3 este mi\u00e9rcoles a la glorieta de la salida a\" \/>\n<meta property=\"og:url\" content=\"https:\/\/sanluisinforma.com\/?p=12860\" \/>\n<meta property=\"og:site_name\" content=\"sanluisinforma.com\" \/>\n<meta property=\"article:published_time\" content=\"2025-06-12T06:50:00+00:00\" \/>\n<meta property=\"article:modified_time\" content=\"2025-06-12T04:38:13+00:00\" \/>\n<meta property=\"og:image\" content=\"https:\/\/sanluisinforma.com\/wp-content\/uploads\/2025\/06\/1622c08a-a4d8-4ebd-aaf1-0130760734d8.jpg\" \/>\n\t<meta property=\"og:image:width\" content=\"400\" \/>\n\t<meta property=\"og:image:height\" content=\"266\" \/>\n\t<meta property=\"og:image:type\" content=\"image\/jpeg\" \/>\n<meta name=\"author\" content=\"sanluisinforma.com\" \/>\n<meta name=\"twitter:card\" content=\"summary_large_image\" \/>\n<meta name=\"twitter:label1\" content=\"Escrito por\" \/>\n\t<meta name=\"twitter:data1\" content=\"sanluisinforma.com\" \/>\n\t<meta name=\"twitter:label2\" content=\"Tiempo de lectura\" \/>\n\t<meta name=\"twitter:data2\" content=\"2 minutos\" \/>\n<script type=\"application\/ld+json\" class=\"yoast-schema-graph\">{\"@context\":\"https:\/\/schema.org\",\"@graph\":[{\"@type\":\"Article\",\"@id\":\"https:\/\/sanluisinforma.com\/?p=12860#article\",\"isPartOf\":{\"@id\":\"https:\/\/sanluisinforma.com\/?p=12860\"},\"author\":{\"name\":\"sanluisinforma.com\",\"@id\":\"https:\/\/sanluisinforma.com\/#\/schema\/person\/c30648f71476be533b6f59d092905c8b\"},\"headline\":\"Reacci\u00f3n inmediata del Gobierno de la Capital para restablecer la movilidad de la ciudad\",\"datePublished\":\"2025-06-12T06:50:00+00:00\",\"dateModified\":\"2025-06-12T04:38:13+00:00\",\"mainEntityOfPage\":{\"@id\":\"https:\/\/sanluisinforma.com\/?p=12860\"},\"wordCount\":347,\"publisher\":{\"@id\":\"https:\/\/sanluisinforma.com\/#organization\"},\"image\":{\"@id\":\"https:\/\/sanluisinforma.com\/?p=12860#primaryimage\"},\"thumbnailUrl\":\"https:\/\/sanluisinforma.com\/wp-content\/uploads\/2025\/06\/1622c08a-a4d8-4ebd-aaf1-0130760734d8.jpg\",\"articleSection\":[\"Local\",\"Portada\"],\"inLanguage\":\"es\"},{\"@type\":\"WebPage\",\"@id\":\"https:\/\/sanluisinforma.com\/?p=12860\",\"url\":\"https:\/\/sanluisinforma.com\/?p=12860\",\"name\":\"Reacci\u00f3n inmediata del Gobierno de la Capital para restablecer la movilidad de la ciudad - sanluisinforma.com\",\"isPartOf\":{\"@id\":\"https:\/\/sanluisinforma.com\/#website\"},\"primaryImageOfPage\":{\"@id\":\"https:\/\/sanluisinforma.com\/?p=12860#primaryimage\"},\"image\":{\"@id\":\"https:\/\/sanluisinforma.com\/?p=12860#primaryimage\"},\"thumbnailUrl\":\"https:\/\/sanluisinforma.com\/wp-content\/uploads\/2025\/06\/1622c08a-a4d8-4ebd-aaf1-0130760734d8.jpg\",\"datePublished\":\"2025-06-12T06:50:00+00:00\",\"dateModified\":\"2025-06-12T04:38:13+00:00\",\"breadcrumb\":{\"@id\":\"https:\/\/sanluisinforma.com\/?p=12860#breadcrumb\"},\"inLanguage\":\"es\",\"potentialAction\":[{\"@type\":\"ReadAction\",\"target\":[\"https:\/\/sanluisinforma.com\/?p=12860\"]}]},{\"@type\":\"ImageObject\",\"inLanguage\":\"es\",\"@id\":\"https:\/\/sanluisinforma.com\/?p=12860#primaryimage\",\"url\":\"https:\/\/sanluisinforma.com\/wp-content\/uploads\/2025\/06\/1622c08a-a4d8-4ebd-aaf1-0130760734d8.jpg\",\"contentUrl\":\"https:\/\/sanluisinforma.com\/wp-content\/uploads\/2025\/06\/1622c08a-a4d8-4ebd-aaf1-0130760734d8.jpg\",\"width\":400,\"height\":266},{\"@type\":\"BreadcrumbList\",\"@id\":\"https:\/\/sanluisinforma.com\/?p=12860#breadcrumb\",\"itemListElement\":[{\"@type\":\"ListItem\",\"position\":1,\"name\":\"Inicio\",\"item\":\"https:\/\/sanluisinforma.com\/\"},{\"@type\":\"ListItem\",\"position\":2,\"name\":\"Reacci\u00f3n inmediata del Gobierno de la Capital para restablecer la movilidad de la ciudad\"}]},{\"@type\":\"WebSite\",\"@id\":\"https:\/\/sanluisinforma.com\/#website\",\"url\":\"https:\/\/sanluisinforma.com\/\",\"name\":\"sanluisinforma.com\",\"description\":\"Periodico San Luis Informa\",\"publisher\":{\"@id\":\"https:\/\/sanluisinforma.com\/#organization\"},\"potentialAction\":[{\"@type\":\"SearchAction\",\"target\":{\"@type\":\"EntryPoint\",\"urlTemplate\":\"https:\/\/sanluisinforma.com\/?s={search_term_string}\"},\"query-input\":{\"@type\":\"PropertyValueSpecification\",\"valueRequired\":true,\"valueName\":\"search_term_string\"}}],\"inLanguage\":\"es\"},{\"@type\":\"Organization\",\"@id\":\"https:\/\/sanluisinforma.com\/#organization\",\"name\":\"sanluisinforma.com\",\"url\":\"https:\/\/sanluisinforma.com\/\",\"logo\":{\"@type\":\"ImageObject\",\"inLanguage\":\"es\",\"@id\":\"https:\/\/sanluisinforma.com\/#\/schema\/logo\/image\/\",\"url\":\"https:\/\/sanluisinforma.com\/wp-content\/uploads\/2026\/03\/sanluisinforma-V.jpg\",\"contentUrl\":\"https:\/\/sanluisinforma.com\/wp-content\/uploads\/2026\/03\/sanluisinforma-V.jpg\",\"width\":500,\"height\":156,\"caption\":\"sanluisinforma.com\"},\"image\":{\"@id\":\"https:\/\/sanluisinforma.com\/#\/schema\/logo\/image\/\"}},{\"@type\":\"Person\",\"@id\":\"https:\/\/sanluisinforma.com\/#\/schema\/person\/c30648f71476be533b6f59d092905c8b\",\"name\":\"sanluisinforma.com\",\"image\":{\"@type\":\"ImageObject\",\"inLanguage\":\"es\",\"@id\":\"https:\/\/sanluisinforma.com\/#\/schema\/person\/image\/\",\"url\":\"https:\/\/secure.gravatar.com\/avatar\/86e3114e34a1eecefb963e0a02f0093f93b092dddb2fe1517596343751081a87?s=96&d=mm&r=g\",\"contentUrl\":\"https:\/\/secure.gravatar.com\/avatar\/86e3114e34a1eecefb963e0a02f0093f93b092dddb2fe1517596343751081a87?s=96&d=mm&r=g\",\"caption\":\"sanluisinforma.com\"},\"url\":\"https:\/\/sanluisinforma.com\/?author=2\"}]}<\/script>\n<!-- \/ Yoast SEO plugin. -->","yoast_head_json":{"title":"Reacci\u00f3n inmediata del Gobierno de la Capital para restablecer la movilidad de la ciudad - sanluisinforma.com","robots":{"index":"index","follow":"follow","max-snippet":"max-snippet:-1","max-image-preview":"max-image-preview:large","max-video-preview":"max-video-preview:-1"},"canonical":"https:\/\/sanluisinforma.com\/?p=12860","og_locale":"es_MX","og_type":"article","og_title":"Reacci\u00f3n inmediata del Gobierno de la Capital para restablecer la movilidad de la ciudad - sanluisinforma.com","og_description":"El Presidente Municipal de San Luis Potos\u00ed, Enrique Galindo Ceballos, acudi\u00f3 este mi\u00e9rcoles a la glorieta de la salida a","og_url":"https:\/\/sanluisinforma.com\/?p=12860","og_site_name":"sanluisinforma.com","article_published_time":"2025-06-12T06:50:00+00:00","article_modified_time":"2025-06-12T04:38:13+00:00","og_image":[{"width":400,"height":266,"url":"https:\/\/sanluisinforma.com\/wp-content\/uploads\/2025\/06\/1622c08a-a4d8-4ebd-aaf1-0130760734d8.jpg","type":"image\/jpeg"}],"author":"sanluisinforma.com","twitter_card":"summary_large_image","twitter_misc":{"Escrito por":"sanluisinforma.com","Tiempo de lectura":"2 minutos"},"schema":{"@context":"https:\/\/schema.org","@graph":[{"@type":"Article","@id":"https:\/\/sanluisinforma.com\/?p=12860#article","isPartOf":{"@id":"https:\/\/sanluisinforma.com\/?p=12860"},"author":{"name":"sanluisinforma.com","@id":"https:\/\/sanluisinforma.com\/#\/schema\/person\/c30648f71476be533b6f59d092905c8b"},"headline":"Reacci\u00f3n inmediata del Gobierno de la Capital para restablecer la movilidad de la ciudad","datePublished":"2025-06-12T06:50:00+00:00","dateModified":"2025-06-12T04:38:13+00:00","mainEntityOfPage":{"@id":"https:\/\/sanluisinforma.com\/?p=12860"},"wordCount":347,"publisher":{"@id":"https:\/\/sanluisinforma.com\/#organization"},"image":{"@id":"https:\/\/sanluisinforma.com\/?p=12860#primaryimage"},"thumbnailUrl":"https:\/\/sanluisinforma.com\/wp-content\/uploads\/2025\/06\/1622c08a-a4d8-4ebd-aaf1-0130760734d8.jpg","articleSection":["Local","Portada"],"inLanguage":"es"},{"@type":"WebPage","@id":"https:\/\/sanluisinforma.com\/?p=12860","url":"https:\/\/sanluisinforma.com\/?p=12860","name":"Reacci\u00f3n inmediata del Gobierno de la Capital para restablecer la movilidad de la ciudad - sanluisinforma.com","isPartOf":{"@id":"https:\/\/sanluisinforma.com\/#website"},"primaryImageOfPage":{"@id":"https:\/\/sanluisinforma.com\/?p=12860#primaryimage"},"image":{"@id":"https:\/\/sanluisinforma.com\/?p=12860#primaryimage"},"thumbnailUrl":"https:\/\/sanluisinforma.com\/wp-content\/uploads\/2025\/06\/1622c08a-a4d8-4ebd-aaf1-0130760734d8.jpg","datePublished":"2025-06-12T06:50:00+00:00","dateModified":"2025-06-12T04:38:13+00:00","breadcrumb":{"@id":"https:\/\/sanluisinforma.com\/?p=12860#breadcrumb"},"inLanguage":"es","potentialAction":[{"@type":"ReadAction","target":["https:\/\/sanluisinforma.com\/?p=12860"]}]},{"@type":"ImageObject","inLanguage":"es","@id":"https:\/\/sanluisinforma.com\/?p=12860#primaryimage","url":"https:\/\/sanluisinforma.com\/wp-content\/uploads\/2025\/06\/1622c08a-a4d8-4ebd-aaf1-0130760734d8.jpg","contentUrl":"https:\/\/sanluisinforma.com\/wp-content\/uploads\/2025\/06\/1622c08a-a4d8-4ebd-aaf1-0130760734d8.jpg","width":400,"height":266},{"@type":"BreadcrumbList","@id":"https:\/\/sanluisinforma.com\/?p=12860#breadcrumb","itemListElement":[{"@type":"ListItem","position":1,"name":"Inicio","item":"https:\/\/sanluisinforma.com\/"},{"@type":"ListItem","position":2,"name":"Reacci\u00f3n inmediata del Gobierno de la Capital para restablecer la movilidad de la ciudad"}]},{"@type":"WebSite","@id":"https:\/\/sanluisinforma.com\/#website","url":"https:\/\/sanluisinforma.com\/","name":"sanluisinforma.com","description":"Periodico San Luis Informa","publisher":{"@id":"https:\/\/sanluisinforma.com\/#organization"},"potentialAction":[{"@type":"SearchAction","target":{"@type":"EntryPoint","urlTemplate":"https:\/\/sanluisinforma.com\/?s={search_term_string}"},"query-input":{"@type":"PropertyValueSpecification","valueRequired":true,"valueName":"search_term_string"}}],"inLanguage":"es"},{"@type":"Organization","@id":"https:\/\/sanluisinforma.com\/#organization","name":"sanluisinforma.com","url":"https:\/\/sanluisinforma.com\/","logo":{"@type":"ImageObject","inLanguage":"es","@id":"https:\/\/sanluisinforma.com\/#\/schema\/logo\/image\/","url":"https:\/\/sanluisinforma.com\/wp-content\/uploads\/2026\/03\/sanluisinforma-V.jpg","contentUrl":"https:\/\/sanluisinforma.com\/wp-content\/uploads\/2026\/03\/sanluisinforma-V.jpg","width":500,"height":156,"caption":"sanluisinforma.com"},"image":{"@id":"https:\/\/sanluisinforma.com\/#\/schema\/logo\/image\/"}},{"@type":"Person","@id":"https:\/\/sanluisinforma.com\/#\/schema\/person\/c30648f71476be533b6f59d092905c8b","name":"sanluisinforma.com","image":{"@type":"ImageObject","inLanguage":"es","@id":"https:\/\/sanluisinforma.com\/#\/schema\/person\/image\/","url":"https:\/\/secure.gravatar.com\/avatar\/86e3114e34a1eecefb963e0a02f0093f93b092dddb2fe1517596343751081a87?s=96&d=mm&r=g","contentUrl":"https:\/\/secure.gravatar.com\/avatar\/86e3114e34a1eecefb963e0a02f0093f93b092dddb2fe1517596343751081a87?s=96&d=mm&r=g","caption":"sanluisinforma.com"},"url":"https:\/\/sanluisinforma.com\/?author=2"}]}},"_links":{"self":[{"href":"https:\/\/sanluisinforma.com\/index.php?rest_route=\/wp\/v2\/posts\/12860","targetHints":{"allow":["GET"]}}],"collection":[{"href":"https:\/\/sanluisinforma.com\/index.php?rest_route=\/wp\/v2\/posts"}],"about":[{"href":"https:\/\/sanluisinforma.com\/index.php?rest_route=\/wp\/v2\/types\/post"}],"author":[{"embeddable":true,"href":"https:\/\/sanluisinforma.com\/index.php?rest_route=\/wp\/v2\/users\/2"}],"replies":[{"embeddable":true,"href":"https:\/\/sanluisinforma.com\/index.php?rest_route=%2Fwp%2Fv2%2Fcomments&post=12860"}],"version-history":[{"count":2,"href":"https:\/\/sanluisinforma.com\/index.php?rest_route=\/wp\/v2\/posts\/12860\/revisions"}],"predecessor-version":[{"id":12864,"href":"https:\/\/sanluisinforma.com\/index.php?rest_route=\/wp\/v2\/posts\/12860\/revisions\/12864"}],"wp:featuredmedia":[{"embeddable":true,"href":"https:\/\/sanluisinforma.com\/index.php?rest_route=\/wp\/v2\/media\/12861"}],"wp:attachment":[{"href":"https:\/\/sanluisinforma.com\/index.php?rest_route=%2Fwp%2Fv2%2Fmedia&parent=12860"}],"wp:term":[{"taxonomy":"category","embeddable":true,"href":"https:\/\/sanluisinforma.com\/index.php?rest_route=%2Fwp%2Fv2%2Fcategories&post=12860"},{"taxonomy":"post_tag","embeddable":true,"href":"https:\/\/sanluisinforma.com\/index.php?rest_route=%2Fwp%2Fv2%2Ftags&post=12860"}],"curies":[{"name":"wp","href":"https:\/\/api.w.org\/{rel}","templated":true}]}}