{"id":12865,"date":"2025-06-12T00:45:00","date_gmt":"2025-06-12T06:45:00","guid":{"rendered":"https:\/\/sanluisinforma.com\/?p=12865"},"modified":"2025-06-11T22:37:41","modified_gmt":"2025-06-12T04:37:41","slug":"muestra-de-danzon-afianza-liderazgo-cultural-de-san-luis-capital","status":"publish","type":"post","link":"https:\/\/sanluisinforma.com\/?p=12865","title":{"rendered":"Muestra de Danz\u00f3n afianza liderazgo cultural de San Luis Capital"},"content":{"rendered":"\n<ul class=\"wp-block-list\">\n<li>El Alcalde Enrique Galindo present\u00f3 la agenda de junio como Capital Americana de la Cultura y la Tercera Muestra Nacional de Danz\u00f3n, con actividades que proyectan a la ciudad ante el mundo.<\/li>\n<\/ul>\n\n\n\n<p><\/p>\n\n\n\n<p>El Alcalde Enrique Galindo Ceballos present\u00f3 las actividades de junio en el marco de San Luis Potos\u00ed: Capital Americana de la Cultura y de la Tercera Muestra Nacional de Danz\u00f3n, con una agenda amplia que consolida a la ciudad como referente cultural del pa\u00eds y con presencia internacional en m\u00e1s de 30 pa\u00edses: \u201cNuestro compromiso es que San Luis siga brillando en el mundo por su riqueza cultural, por su tradici\u00f3n y por su apertura a expresiones populares como el danz\u00f3n, que aqu\u00ed ya es una tradici\u00f3n nacional\u201d, declar\u00f3 el Edil Capitalino.<\/p>\n\n\n\n<p>El Presidente Municipal Enrique Galindo destac\u00f3 la relevancia del danz\u00f3n no solo como baile, sino como expresi\u00f3n de convivencia y orgullo popular, que ha posicionado a San Luis Potos\u00ed como sede nacional del g\u00e9nero. En esta edici\u00f3n, se fortalecer\u00e1 adem\u00e1s el v\u00ednculo con Cuba, pa\u00eds invitado, mediante conciertos, talleres, exposiciones y otras actividades que se realizar\u00e1n en espacios p\u00fablicos y tur\u00edsticos de la Capital. El Alcalde tambi\u00e9n llam\u00f3 a la ciudadan\u00eda a participar en las convocatorias abiertas y a disfrutar de los eventos gratuitos.<\/p>\n\n\n\n<p>El titular de Cultura Municipal, Ulises Tello Balderas, detall\u00f3 que del 18 al 21 de junio se celebrar\u00e1 una Muestra Artesanal en Palacio Municipal, entre las actividades de la Capital Americana de la Cultura 2025, con la participaci\u00f3n de artistas, m\u00fasicos y agrupaciones cubanas. La Muestra Nacional de Danz\u00f3n se realizar\u00e1 del 20 al 22 de junio, con la presencia de m\u00e1s de 500 invitados provenientes de 20 ciudades, as\u00ed como 35 escuelas que ofrecer\u00e1n talleres, exhibiciones y rutinas masivas abiertas al p\u00fablico.<\/p>\n\n\n\n<p>Claudia Peralta Antiga, Directora de Turismo Municipal, resalt\u00f3 que la edici\u00f3n anterior del evento gener\u00f3 una derrama econ\u00f3mica de 10 millones de pesos y que se espera superar esa cifra este a\u00f1o. \u201cEstos eventos no solo impulsan nuestra imagen cultural, tambi\u00e9n fortalecen el turismo y la econom\u00eda local\u201d, indic\u00f3. La presentaci\u00f3n concluy\u00f3 con una exhibici\u00f3n de danz\u00f3n a cargo del Consejo de Danz\u00f3n y autoridades municipales, quienes refrendaron su compromiso con la promoci\u00f3n de San Luis como destino cultural de excelencia.<\/p>\n","protected":false},"excerpt":{"rendered":"<p>El Alcalde Enrique Galindo Ceballos present\u00f3 las actividades de junio en el marco de San Luis Potos\u00ed: Capital Americana de<\/p>\n","protected":false},"author":2,"featured_media":12866,"comment_status":"closed","ping_status":"closed","sticky":false,"template":"","format":"standard","meta":{"footnotes":""},"categories":[25,30],"tags":[],"class_list":["post-12865","post","type-post","status-publish","format-standard","has-post-thumbnail","hentry","category-local","category-portada"],"yoast_head":"<!-- This site is optimized with the Yoast SEO plugin v24.1 - https:\/\/yoast.com\/wordpress\/plugins\/seo\/ -->\n<title>Muestra de Danz\u00f3n afianza liderazgo cultural de San Luis Capital - sanluisinforma.com<\/title>\n<meta name=\"robots\" content=\"index, follow, max-snippet:-1, max-image-preview:large, max-video-preview:-1\" \/>\n<link rel=\"canonical\" href=\"https:\/\/sanluisinforma.com\/?p=12865\" \/>\n<meta property=\"og:locale\" content=\"es_MX\" \/>\n<meta property=\"og:type\" content=\"article\" \/>\n<meta property=\"og:title\" content=\"Muestra de Danz\u00f3n afianza liderazgo cultural de San Luis Capital - sanluisinforma.com\" \/>\n<meta property=\"og:description\" content=\"El Alcalde Enrique Galindo Ceballos present\u00f3 las actividades de junio en el marco de San Luis Potos\u00ed: Capital Americana de\" \/>\n<meta property=\"og:url\" content=\"https:\/\/sanluisinforma.com\/?p=12865\" \/>\n<meta property=\"og:site_name\" content=\"sanluisinforma.com\" \/>\n<meta property=\"article:published_time\" content=\"2025-06-12T06:45:00+00:00\" \/>\n<meta property=\"article:modified_time\" content=\"2025-06-12T04:37:41+00:00\" \/>\n<meta property=\"og:image\" content=\"https:\/\/sanluisinforma.com\/wp-content\/uploads\/2025\/06\/42ef97fe-f39d-4649-aca3-afd4d287abc0.jpg\" \/>\n\t<meta property=\"og:image:width\" content=\"400\" \/>\n\t<meta property=\"og:image:height\" content=\"299\" \/>\n\t<meta property=\"og:image:type\" content=\"image\/jpeg\" \/>\n<meta name=\"author\" content=\"sanluisinforma.com\" \/>\n<meta name=\"twitter:card\" content=\"summary_large_image\" \/>\n<meta name=\"twitter:label1\" content=\"Escrito por\" \/>\n\t<meta name=\"twitter:data1\" content=\"sanluisinforma.com\" \/>\n\t<meta name=\"twitter:label2\" content=\"Tiempo de lectura\" \/>\n\t<meta name=\"twitter:data2\" content=\"2 minutos\" \/>\n<script type=\"application\/ld+json\" class=\"yoast-schema-graph\">{\"@context\":\"https:\/\/schema.org\",\"@graph\":[{\"@type\":\"Article\",\"@id\":\"https:\/\/sanluisinforma.com\/?p=12865#article\",\"isPartOf\":{\"@id\":\"https:\/\/sanluisinforma.com\/?p=12865\"},\"author\":{\"name\":\"sanluisinforma.com\",\"@id\":\"https:\/\/sanluisinforma.com\/#\/schema\/person\/c30648f71476be533b6f59d092905c8b\"},\"headline\":\"Muestra de Danz\u00f3n afianza liderazgo cultural de San Luis Capital\",\"datePublished\":\"2025-06-12T06:45:00+00:00\",\"dateModified\":\"2025-06-12T04:37:41+00:00\",\"mainEntityOfPage\":{\"@id\":\"https:\/\/sanluisinforma.com\/?p=12865\"},\"wordCount\":409,\"publisher\":{\"@id\":\"https:\/\/sanluisinforma.com\/#organization\"},\"image\":{\"@id\":\"https:\/\/sanluisinforma.com\/?p=12865#primaryimage\"},\"thumbnailUrl\":\"https:\/\/sanluisinforma.com\/wp-content\/uploads\/2025\/06\/42ef97fe-f39d-4649-aca3-afd4d287abc0.jpg\",\"articleSection\":[\"Local\",\"Portada\"],\"inLanguage\":\"es\"},{\"@type\":\"WebPage\",\"@id\":\"https:\/\/sanluisinforma.com\/?p=12865\",\"url\":\"https:\/\/sanluisinforma.com\/?p=12865\",\"name\":\"Muestra de Danz\u00f3n afianza liderazgo cultural de San Luis Capital - sanluisinforma.com\",\"isPartOf\":{\"@id\":\"https:\/\/sanluisinforma.com\/#website\"},\"primaryImageOfPage\":{\"@id\":\"https:\/\/sanluisinforma.com\/?p=12865#primaryimage\"},\"image\":{\"@id\":\"https:\/\/sanluisinforma.com\/?p=12865#primaryimage\"},\"thumbnailUrl\":\"https:\/\/sanluisinforma.com\/wp-content\/uploads\/2025\/06\/42ef97fe-f39d-4649-aca3-afd4d287abc0.jpg\",\"datePublished\":\"2025-06-12T06:45:00+00:00\",\"dateModified\":\"2025-06-12T04:37:41+00:00\",\"breadcrumb\":{\"@id\":\"https:\/\/sanluisinforma.com\/?p=12865#breadcrumb\"},\"inLanguage\":\"es\",\"potentialAction\":[{\"@type\":\"ReadAction\",\"target\":[\"https:\/\/sanluisinforma.com\/?p=12865\"]}]},{\"@type\":\"ImageObject\",\"inLanguage\":\"es\",\"@id\":\"https:\/\/sanluisinforma.com\/?p=12865#primaryimage\",\"url\":\"https:\/\/sanluisinforma.com\/wp-content\/uploads\/2025\/06\/42ef97fe-f39d-4649-aca3-afd4d287abc0.jpg\",\"contentUrl\":\"https:\/\/sanluisinforma.com\/wp-content\/uploads\/2025\/06\/42ef97fe-f39d-4649-aca3-afd4d287abc0.jpg\",\"width\":400,\"height\":299},{\"@type\":\"BreadcrumbList\",\"@id\":\"https:\/\/sanluisinforma.com\/?p=12865#breadcrumb\",\"itemListElement\":[{\"@type\":\"ListItem\",\"position\":1,\"name\":\"Inicio\",\"item\":\"https:\/\/sanluisinforma.com\/\"},{\"@type\":\"ListItem\",\"position\":2,\"name\":\"Muestra de Danz\u00f3n afianza liderazgo cultural de San Luis Capital\"}]},{\"@type\":\"WebSite\",\"@id\":\"https:\/\/sanluisinforma.com\/#website\",\"url\":\"https:\/\/sanluisinforma.com\/\",\"name\":\"sanluisinforma.com\",\"description\":\"Periodico San Luis Informa\",\"publisher\":{\"@id\":\"https:\/\/sanluisinforma.com\/#organization\"},\"potentialAction\":[{\"@type\":\"SearchAction\",\"target\":{\"@type\":\"EntryPoint\",\"urlTemplate\":\"https:\/\/sanluisinforma.com\/?s={search_term_string}\"},\"query-input\":{\"@type\":\"PropertyValueSpecification\",\"valueRequired\":true,\"valueName\":\"search_term_string\"}}],\"inLanguage\":\"es\"},{\"@type\":\"Organization\",\"@id\":\"https:\/\/sanluisinforma.com\/#organization\",\"name\":\"sanluisinforma.com\",\"url\":\"https:\/\/sanluisinforma.com\/\",\"logo\":{\"@type\":\"ImageObject\",\"inLanguage\":\"es\",\"@id\":\"https:\/\/sanluisinforma.com\/#\/schema\/logo\/image\/\",\"url\":\"https:\/\/sanluisinforma.com\/wp-content\/uploads\/2026\/03\/sanluisinforma-V.jpg\",\"contentUrl\":\"https:\/\/sanluisinforma.com\/wp-content\/uploads\/2026\/03\/sanluisinforma-V.jpg\",\"width\":500,\"height\":156,\"caption\":\"sanluisinforma.com\"},\"image\":{\"@id\":\"https:\/\/sanluisinforma.com\/#\/schema\/logo\/image\/\"}},{\"@type\":\"Person\",\"@id\":\"https:\/\/sanluisinforma.com\/#\/schema\/person\/c30648f71476be533b6f59d092905c8b\",\"name\":\"sanluisinforma.com\",\"image\":{\"@type\":\"ImageObject\",\"inLanguage\":\"es\",\"@id\":\"https:\/\/sanluisinforma.com\/#\/schema\/person\/image\/\",\"url\":\"https:\/\/secure.gravatar.com\/avatar\/86e3114e34a1eecefb963e0a02f0093f93b092dddb2fe1517596343751081a87?s=96&d=mm&r=g\",\"contentUrl\":\"https:\/\/secure.gravatar.com\/avatar\/86e3114e34a1eecefb963e0a02f0093f93b092dddb2fe1517596343751081a87?s=96&d=mm&r=g\",\"caption\":\"sanluisinforma.com\"},\"url\":\"https:\/\/sanluisinforma.com\/?author=2\"}]}<\/script>\n<!-- \/ Yoast SEO plugin. -->","yoast_head_json":{"title":"Muestra de Danz\u00f3n afianza liderazgo cultural de San Luis Capital - sanluisinforma.com","robots":{"index":"index","follow":"follow","max-snippet":"max-snippet:-1","max-image-preview":"max-image-preview:large","max-video-preview":"max-video-preview:-1"},"canonical":"https:\/\/sanluisinforma.com\/?p=12865","og_locale":"es_MX","og_type":"article","og_title":"Muestra de Danz\u00f3n afianza liderazgo cultural de San Luis Capital - sanluisinforma.com","og_description":"El Alcalde Enrique Galindo Ceballos present\u00f3 las actividades de junio en el marco de San Luis Potos\u00ed: Capital Americana de","og_url":"https:\/\/sanluisinforma.com\/?p=12865","og_site_name":"sanluisinforma.com","article_published_time":"2025-06-12T06:45:00+00:00","article_modified_time":"2025-06-12T04:37:41+00:00","og_image":[{"width":400,"height":299,"url":"https:\/\/sanluisinforma.com\/wp-content\/uploads\/2025\/06\/42ef97fe-f39d-4649-aca3-afd4d287abc0.jpg","type":"image\/jpeg"}],"author":"sanluisinforma.com","twitter_card":"summary_large_image","twitter_misc":{"Escrito por":"sanluisinforma.com","Tiempo de lectura":"2 minutos"},"schema":{"@context":"https:\/\/schema.org","@graph":[{"@type":"Article","@id":"https:\/\/sanluisinforma.com\/?p=12865#article","isPartOf":{"@id":"https:\/\/sanluisinforma.com\/?p=12865"},"author":{"name":"sanluisinforma.com","@id":"https:\/\/sanluisinforma.com\/#\/schema\/person\/c30648f71476be533b6f59d092905c8b"},"headline":"Muestra de Danz\u00f3n afianza liderazgo cultural de San Luis Capital","datePublished":"2025-06-12T06:45:00+00:00","dateModified":"2025-06-12T04:37:41+00:00","mainEntityOfPage":{"@id":"https:\/\/sanluisinforma.com\/?p=12865"},"wordCount":409,"publisher":{"@id":"https:\/\/sanluisinforma.com\/#organization"},"image":{"@id":"https:\/\/sanluisinforma.com\/?p=12865#primaryimage"},"thumbnailUrl":"https:\/\/sanluisinforma.com\/wp-content\/uploads\/2025\/06\/42ef97fe-f39d-4649-aca3-afd4d287abc0.jpg","articleSection":["Local","Portada"],"inLanguage":"es"},{"@type":"WebPage","@id":"https:\/\/sanluisinforma.com\/?p=12865","url":"https:\/\/sanluisinforma.com\/?p=12865","name":"Muestra de Danz\u00f3n afianza liderazgo cultural de San Luis Capital - sanluisinforma.com","isPartOf":{"@id":"https:\/\/sanluisinforma.com\/#website"},"primaryImageOfPage":{"@id":"https:\/\/sanluisinforma.com\/?p=12865#primaryimage"},"image":{"@id":"https:\/\/sanluisinforma.com\/?p=12865#primaryimage"},"thumbnailUrl":"https:\/\/sanluisinforma.com\/wp-content\/uploads\/2025\/06\/42ef97fe-f39d-4649-aca3-afd4d287abc0.jpg","datePublished":"2025-06-12T06:45:00+00:00","dateModified":"2025-06-12T04:37:41+00:00","breadcrumb":{"@id":"https:\/\/sanluisinforma.com\/?p=12865#breadcrumb"},"inLanguage":"es","potentialAction":[{"@type":"ReadAction","target":["https:\/\/sanluisinforma.com\/?p=12865"]}]},{"@type":"ImageObject","inLanguage":"es","@id":"https:\/\/sanluisinforma.com\/?p=12865#primaryimage","url":"https:\/\/sanluisinforma.com\/wp-content\/uploads\/2025\/06\/42ef97fe-f39d-4649-aca3-afd4d287abc0.jpg","contentUrl":"https:\/\/sanluisinforma.com\/wp-content\/uploads\/2025\/06\/42ef97fe-f39d-4649-aca3-afd4d287abc0.jpg","width":400,"height":299},{"@type":"BreadcrumbList","@id":"https:\/\/sanluisinforma.com\/?p=12865#breadcrumb","itemListElement":[{"@type":"ListItem","position":1,"name":"Inicio","item":"https:\/\/sanluisinforma.com\/"},{"@type":"ListItem","position":2,"name":"Muestra de Danz\u00f3n afianza liderazgo cultural de San Luis Capital"}]},{"@type":"WebSite","@id":"https:\/\/sanluisinforma.com\/#website","url":"https:\/\/sanluisinforma.com\/","name":"sanluisinforma.com","description":"Periodico San Luis Informa","publisher":{"@id":"https:\/\/sanluisinforma.com\/#organization"},"potentialAction":[{"@type":"SearchAction","target":{"@type":"EntryPoint","urlTemplate":"https:\/\/sanluisinforma.com\/?s={search_term_string}"},"query-input":{"@type":"PropertyValueSpecification","valueRequired":true,"valueName":"search_term_string"}}],"inLanguage":"es"},{"@type":"Organization","@id":"https:\/\/sanluisinforma.com\/#organization","name":"sanluisinforma.com","url":"https:\/\/sanluisinforma.com\/","logo":{"@type":"ImageObject","inLanguage":"es","@id":"https:\/\/sanluisinforma.com\/#\/schema\/logo\/image\/","url":"https:\/\/sanluisinforma.com\/wp-content\/uploads\/2026\/03\/sanluisinforma-V.jpg","contentUrl":"https:\/\/sanluisinforma.com\/wp-content\/uploads\/2026\/03\/sanluisinforma-V.jpg","width":500,"height":156,"caption":"sanluisinforma.com"},"image":{"@id":"https:\/\/sanluisinforma.com\/#\/schema\/logo\/image\/"}},{"@type":"Person","@id":"https:\/\/sanluisinforma.com\/#\/schema\/person\/c30648f71476be533b6f59d092905c8b","name":"sanluisinforma.com","image":{"@type":"ImageObject","inLanguage":"es","@id":"https:\/\/sanluisinforma.com\/#\/schema\/person\/image\/","url":"https:\/\/secure.gravatar.com\/avatar\/86e3114e34a1eecefb963e0a02f0093f93b092dddb2fe1517596343751081a87?s=96&d=mm&r=g","contentUrl":"https:\/\/secure.gravatar.com\/avatar\/86e3114e34a1eecefb963e0a02f0093f93b092dddb2fe1517596343751081a87?s=96&d=mm&r=g","caption":"sanluisinforma.com"},"url":"https:\/\/sanluisinforma.com\/?author=2"}]}},"_links":{"self":[{"href":"https:\/\/sanluisinforma.com\/index.php?rest_route=\/wp\/v2\/posts\/12865","targetHints":{"allow":["GET"]}}],"collection":[{"href":"https:\/\/sanluisinforma.com\/index.php?rest_route=\/wp\/v2\/posts"}],"about":[{"href":"https:\/\/sanluisinforma.com\/index.php?rest_route=\/wp\/v2\/types\/post"}],"author":[{"embeddable":true,"href":"https:\/\/sanluisinforma.com\/index.php?rest_route=\/wp\/v2\/users\/2"}],"replies":[{"embeddable":true,"href":"https:\/\/sanluisinforma.com\/index.php?rest_route=%2Fwp%2Fv2%2Fcomments&post=12865"}],"version-history":[{"count":1,"href":"https:\/\/sanluisinforma.com\/index.php?rest_route=\/wp\/v2\/posts\/12865\/revisions"}],"predecessor-version":[{"id":12867,"href":"https:\/\/sanluisinforma.com\/index.php?rest_route=\/wp\/v2\/posts\/12865\/revisions\/12867"}],"wp:featuredmedia":[{"embeddable":true,"href":"https:\/\/sanluisinforma.com\/index.php?rest_route=\/wp\/v2\/media\/12866"}],"wp:attachment":[{"href":"https:\/\/sanluisinforma.com\/index.php?rest_route=%2Fwp%2Fv2%2Fmedia&parent=12865"}],"wp:term":[{"taxonomy":"category","embeddable":true,"href":"https:\/\/sanluisinforma.com\/index.php?rest_route=%2Fwp%2Fv2%2Fcategories&post=12865"},{"taxonomy":"post_tag","embeddable":true,"href":"https:\/\/sanluisinforma.com\/index.php?rest_route=%2Fwp%2Fv2%2Ftags&post=12865"}],"curies":[{"name":"wp","href":"https:\/\/api.w.org\/{rel}","templated":true}]}}