{"id":12888,"date":"2025-06-13T00:55:00","date_gmt":"2025-06-13T06:55:00","guid":{"rendered":"https:\/\/sanluisinforma.com\/?p=12888"},"modified":"2025-06-12T22:22:17","modified_gmt":"2025-06-13T04:22:17","slug":"inicia-ricardo-gallardo-nueva-plaza-los-silos-en-pozos","status":"publish","type":"post","link":"https:\/\/sanluisinforma.com\/?p=12888","title":{"rendered":"Inicia Ricardo Gallardo Nueva Plaza \u201cLos Silos\u201d en Pozos"},"content":{"rendered":"\n<p><\/p>\n\n\n\n<p>Con determinaci\u00f3n, el Gobierno del Estado impulsa el rescate del entorno urbano en Villa de Pozos, abandonado a su suerte por la herencia maldita.<\/p>\n\n\n\n<p>Al iniciar los trabajos de modernizaci\u00f3n de la plaza &#8220;Los Silos&#8221; en Villa de Pozos, el Gobernador de San Luis Potos\u00ed, Ricardo Gallardo Cardona dijo que Pozos tendr\u00e1 la misma calidad en servicios e infraestructura que la capital, cuyo anterior gobierno mantuvo a sus habitantes segregados y marginados.<\/p>\n\n\n\n<p>Lo anunciado por el Mandatario Estatal fue bien recibido por m\u00e1s de 2 mil vecinos de diversas colonias que en breve disfrutar\u00e1n de una plaza renovada, con alumbrado p\u00fablico, \u00e1reas de juegos infantiles y talleres, la cual elevar\u00e1 la plusval\u00eda de la zona y mejorar\u00e1 la vida de las y los poce\u00f1os.<\/p>\n\n\n\n<p>El Gobernador dijo que m\u00e1s de 17 mil personas del sector se beneficiar\u00e1n con este nuevo espacio p\u00fablico que representa un punto de encuentro donde las y los habitantes conviven diariamente.<\/p>\n\n\n\n<p>Tambi\u00e9n entreg\u00f3 paquetes alimentarios de 20 kilogramos de productos de alta calidad que llevan nutrici\u00f3n y calidad de vida de las familias.<\/p>\n\n\n\n<p>En su mensaje, Gallardo Cardona expuso que el Gobierno sin l\u00edmites dejar\u00e1 como nueva esta plaza y todo Villa de Pozos para el disfrute de ni\u00f1as, ni\u00f1os, adolescentes y generar\u00e1 condiciones de m\u00e1s seguridad, plusval\u00eda para los hogares y en entorno urbano nuevo.<\/p>\n\n\n\n<p>Acompa\u00f1ado de la Concejal Presidenta del Municipio de Villa de Pozos, Mar\u00eda Teresa de Jes\u00fas Rivera Acevedo, el Jefe de Gobierno Estatal, detall\u00f3 que las obras incluir\u00e1n \u00e1reas deportivas, gimnasio, \u00e1reas verdes, una entrada monumental, en beneficio de m\u00e1s de 17 mil habitantes de la zona, que recuperar\u00e1 un espacio p\u00fablico para la convivencia familiar y comunitaria.<\/p>\n","protected":false},"excerpt":{"rendered":"<p>Con determinaci\u00f3n, el Gobierno del Estado impulsa el rescate del entorno urbano en Villa de Pozos, abandonado a su suerte<\/p>\n","protected":false},"author":2,"featured_media":12889,"comment_status":"closed","ping_status":"closed","sticky":false,"template":"","format":"standard","meta":{"footnotes":""},"categories":[25,30],"tags":[],"class_list":["post-12888","post","type-post","status-publish","format-standard","has-post-thumbnail","hentry","category-local","category-portada"],"yoast_head":"<!-- This site is optimized with the Yoast SEO plugin v24.1 - https:\/\/yoast.com\/wordpress\/plugins\/seo\/ -->\n<title>Inicia Ricardo Gallardo Nueva Plaza \u201cLos Silos\u201d en Pozos - sanluisinforma.com<\/title>\n<meta name=\"robots\" content=\"index, follow, max-snippet:-1, max-image-preview:large, max-video-preview:-1\" \/>\n<link rel=\"canonical\" href=\"https:\/\/sanluisinforma.com\/?p=12888\" \/>\n<meta property=\"og:locale\" content=\"es_MX\" \/>\n<meta property=\"og:type\" content=\"article\" \/>\n<meta property=\"og:title\" content=\"Inicia Ricardo Gallardo Nueva Plaza \u201cLos Silos\u201d en Pozos - sanluisinforma.com\" \/>\n<meta property=\"og:description\" content=\"Con determinaci\u00f3n, el Gobierno del Estado impulsa el rescate del entorno urbano en Villa de Pozos, abandonado a su suerte\" \/>\n<meta property=\"og:url\" content=\"https:\/\/sanluisinforma.com\/?p=12888\" \/>\n<meta property=\"og:site_name\" content=\"sanluisinforma.com\" \/>\n<meta property=\"article:published_time\" content=\"2025-06-13T06:55:00+00:00\" \/>\n<meta property=\"article:modified_time\" content=\"2025-06-13T04:22:17+00:00\" \/>\n<meta property=\"og:image\" content=\"https:\/\/sanluisinforma.com\/wp-content\/uploads\/2025\/06\/2213ce35-3134-471a-9b6d-71a9bd526206.jpg\" \/>\n\t<meta property=\"og:image:width\" content=\"400\" \/>\n\t<meta property=\"og:image:height\" content=\"266\" \/>\n\t<meta property=\"og:image:type\" content=\"image\/jpeg\" \/>\n<meta name=\"author\" content=\"sanluisinforma.com\" \/>\n<meta name=\"twitter:card\" content=\"summary_large_image\" \/>\n<meta name=\"twitter:label1\" content=\"Escrito por\" \/>\n\t<meta name=\"twitter:data1\" content=\"sanluisinforma.com\" \/>\n\t<meta name=\"twitter:label2\" content=\"Tiempo de lectura\" \/>\n\t<meta name=\"twitter:data2\" content=\"1 minuto\" \/>\n<script type=\"application\/ld+json\" class=\"yoast-schema-graph\">{\"@context\":\"https:\/\/schema.org\",\"@graph\":[{\"@type\":\"Article\",\"@id\":\"https:\/\/sanluisinforma.com\/?p=12888#article\",\"isPartOf\":{\"@id\":\"https:\/\/sanluisinforma.com\/?p=12888\"},\"author\":{\"name\":\"sanluisinforma.com\",\"@id\":\"https:\/\/sanluisinforma.com\/#\/schema\/person\/c30648f71476be533b6f59d092905c8b\"},\"headline\":\"Inicia Ricardo Gallardo Nueva Plaza \u201cLos Silos\u201d en Pozos\",\"datePublished\":\"2025-06-13T06:55:00+00:00\",\"dateModified\":\"2025-06-13T04:22:17+00:00\",\"mainEntityOfPage\":{\"@id\":\"https:\/\/sanluisinforma.com\/?p=12888\"},\"wordCount\":305,\"publisher\":{\"@id\":\"https:\/\/sanluisinforma.com\/#organization\"},\"image\":{\"@id\":\"https:\/\/sanluisinforma.com\/?p=12888#primaryimage\"},\"thumbnailUrl\":\"https:\/\/sanluisinforma.com\/wp-content\/uploads\/2025\/06\/2213ce35-3134-471a-9b6d-71a9bd526206.jpg\",\"articleSection\":[\"Local\",\"Portada\"],\"inLanguage\":\"es\"},{\"@type\":\"WebPage\",\"@id\":\"https:\/\/sanluisinforma.com\/?p=12888\",\"url\":\"https:\/\/sanluisinforma.com\/?p=12888\",\"name\":\"Inicia Ricardo Gallardo Nueva Plaza \u201cLos Silos\u201d en Pozos - sanluisinforma.com\",\"isPartOf\":{\"@id\":\"https:\/\/sanluisinforma.com\/#website\"},\"primaryImageOfPage\":{\"@id\":\"https:\/\/sanluisinforma.com\/?p=12888#primaryimage\"},\"image\":{\"@id\":\"https:\/\/sanluisinforma.com\/?p=12888#primaryimage\"},\"thumbnailUrl\":\"https:\/\/sanluisinforma.com\/wp-content\/uploads\/2025\/06\/2213ce35-3134-471a-9b6d-71a9bd526206.jpg\",\"datePublished\":\"2025-06-13T06:55:00+00:00\",\"dateModified\":\"2025-06-13T04:22:17+00:00\",\"breadcrumb\":{\"@id\":\"https:\/\/sanluisinforma.com\/?p=12888#breadcrumb\"},\"inLanguage\":\"es\",\"potentialAction\":[{\"@type\":\"ReadAction\",\"target\":[\"https:\/\/sanluisinforma.com\/?p=12888\"]}]},{\"@type\":\"ImageObject\",\"inLanguage\":\"es\",\"@id\":\"https:\/\/sanluisinforma.com\/?p=12888#primaryimage\",\"url\":\"https:\/\/sanluisinforma.com\/wp-content\/uploads\/2025\/06\/2213ce35-3134-471a-9b6d-71a9bd526206.jpg\",\"contentUrl\":\"https:\/\/sanluisinforma.com\/wp-content\/uploads\/2025\/06\/2213ce35-3134-471a-9b6d-71a9bd526206.jpg\",\"width\":400,\"height\":266},{\"@type\":\"BreadcrumbList\",\"@id\":\"https:\/\/sanluisinforma.com\/?p=12888#breadcrumb\",\"itemListElement\":[{\"@type\":\"ListItem\",\"position\":1,\"name\":\"Inicio\",\"item\":\"https:\/\/sanluisinforma.com\/\"},{\"@type\":\"ListItem\",\"position\":2,\"name\":\"Inicia Ricardo Gallardo Nueva Plaza \u201cLos Silos\u201d en Pozos\"}]},{\"@type\":\"WebSite\",\"@id\":\"https:\/\/sanluisinforma.com\/#website\",\"url\":\"https:\/\/sanluisinforma.com\/\",\"name\":\"sanluisinforma.com\",\"description\":\"Periodico San Luis Informa\",\"publisher\":{\"@id\":\"https:\/\/sanluisinforma.com\/#organization\"},\"potentialAction\":[{\"@type\":\"SearchAction\",\"target\":{\"@type\":\"EntryPoint\",\"urlTemplate\":\"https:\/\/sanluisinforma.com\/?s={search_term_string}\"},\"query-input\":{\"@type\":\"PropertyValueSpecification\",\"valueRequired\":true,\"valueName\":\"search_term_string\"}}],\"inLanguage\":\"es\"},{\"@type\":\"Organization\",\"@id\":\"https:\/\/sanluisinforma.com\/#organization\",\"name\":\"sanluisinforma.com\",\"url\":\"https:\/\/sanluisinforma.com\/\",\"logo\":{\"@type\":\"ImageObject\",\"inLanguage\":\"es\",\"@id\":\"https:\/\/sanluisinforma.com\/#\/schema\/logo\/image\/\",\"url\":\"https:\/\/sanluisinforma.com\/wp-content\/uploads\/2026\/03\/sanluisinforma-V.jpg\",\"contentUrl\":\"https:\/\/sanluisinforma.com\/wp-content\/uploads\/2026\/03\/sanluisinforma-V.jpg\",\"width\":500,\"height\":156,\"caption\":\"sanluisinforma.com\"},\"image\":{\"@id\":\"https:\/\/sanluisinforma.com\/#\/schema\/logo\/image\/\"}},{\"@type\":\"Person\",\"@id\":\"https:\/\/sanluisinforma.com\/#\/schema\/person\/c30648f71476be533b6f59d092905c8b\",\"name\":\"sanluisinforma.com\",\"image\":{\"@type\":\"ImageObject\",\"inLanguage\":\"es\",\"@id\":\"https:\/\/sanluisinforma.com\/#\/schema\/person\/image\/\",\"url\":\"https:\/\/secure.gravatar.com\/avatar\/86e3114e34a1eecefb963e0a02f0093f93b092dddb2fe1517596343751081a87?s=96&d=mm&r=g\",\"contentUrl\":\"https:\/\/secure.gravatar.com\/avatar\/86e3114e34a1eecefb963e0a02f0093f93b092dddb2fe1517596343751081a87?s=96&d=mm&r=g\",\"caption\":\"sanluisinforma.com\"},\"url\":\"https:\/\/sanluisinforma.com\/?author=2\"}]}<\/script>\n<!-- \/ Yoast SEO plugin. -->","yoast_head_json":{"title":"Inicia Ricardo Gallardo Nueva Plaza \u201cLos Silos\u201d en Pozos - sanluisinforma.com","robots":{"index":"index","follow":"follow","max-snippet":"max-snippet:-1","max-image-preview":"max-image-preview:large","max-video-preview":"max-video-preview:-1"},"canonical":"https:\/\/sanluisinforma.com\/?p=12888","og_locale":"es_MX","og_type":"article","og_title":"Inicia Ricardo Gallardo Nueva Plaza \u201cLos Silos\u201d en Pozos - sanluisinforma.com","og_description":"Con determinaci\u00f3n, el Gobierno del Estado impulsa el rescate del entorno urbano en Villa de Pozos, abandonado a su suerte","og_url":"https:\/\/sanluisinforma.com\/?p=12888","og_site_name":"sanluisinforma.com","article_published_time":"2025-06-13T06:55:00+00:00","article_modified_time":"2025-06-13T04:22:17+00:00","og_image":[{"width":400,"height":266,"url":"https:\/\/sanluisinforma.com\/wp-content\/uploads\/2025\/06\/2213ce35-3134-471a-9b6d-71a9bd526206.jpg","type":"image\/jpeg"}],"author":"sanluisinforma.com","twitter_card":"summary_large_image","twitter_misc":{"Escrito por":"sanluisinforma.com","Tiempo de lectura":"1 minuto"},"schema":{"@context":"https:\/\/schema.org","@graph":[{"@type":"Article","@id":"https:\/\/sanluisinforma.com\/?p=12888#article","isPartOf":{"@id":"https:\/\/sanluisinforma.com\/?p=12888"},"author":{"name":"sanluisinforma.com","@id":"https:\/\/sanluisinforma.com\/#\/schema\/person\/c30648f71476be533b6f59d092905c8b"},"headline":"Inicia Ricardo Gallardo Nueva Plaza \u201cLos Silos\u201d en Pozos","datePublished":"2025-06-13T06:55:00+00:00","dateModified":"2025-06-13T04:22:17+00:00","mainEntityOfPage":{"@id":"https:\/\/sanluisinforma.com\/?p=12888"},"wordCount":305,"publisher":{"@id":"https:\/\/sanluisinforma.com\/#organization"},"image":{"@id":"https:\/\/sanluisinforma.com\/?p=12888#primaryimage"},"thumbnailUrl":"https:\/\/sanluisinforma.com\/wp-content\/uploads\/2025\/06\/2213ce35-3134-471a-9b6d-71a9bd526206.jpg","articleSection":["Local","Portada"],"inLanguage":"es"},{"@type":"WebPage","@id":"https:\/\/sanluisinforma.com\/?p=12888","url":"https:\/\/sanluisinforma.com\/?p=12888","name":"Inicia Ricardo Gallardo Nueva Plaza \u201cLos Silos\u201d en Pozos - sanluisinforma.com","isPartOf":{"@id":"https:\/\/sanluisinforma.com\/#website"},"primaryImageOfPage":{"@id":"https:\/\/sanluisinforma.com\/?p=12888#primaryimage"},"image":{"@id":"https:\/\/sanluisinforma.com\/?p=12888#primaryimage"},"thumbnailUrl":"https:\/\/sanluisinforma.com\/wp-content\/uploads\/2025\/06\/2213ce35-3134-471a-9b6d-71a9bd526206.jpg","datePublished":"2025-06-13T06:55:00+00:00","dateModified":"2025-06-13T04:22:17+00:00","breadcrumb":{"@id":"https:\/\/sanluisinforma.com\/?p=12888#breadcrumb"},"inLanguage":"es","potentialAction":[{"@type":"ReadAction","target":["https:\/\/sanluisinforma.com\/?p=12888"]}]},{"@type":"ImageObject","inLanguage":"es","@id":"https:\/\/sanluisinforma.com\/?p=12888#primaryimage","url":"https:\/\/sanluisinforma.com\/wp-content\/uploads\/2025\/06\/2213ce35-3134-471a-9b6d-71a9bd526206.jpg","contentUrl":"https:\/\/sanluisinforma.com\/wp-content\/uploads\/2025\/06\/2213ce35-3134-471a-9b6d-71a9bd526206.jpg","width":400,"height":266},{"@type":"BreadcrumbList","@id":"https:\/\/sanluisinforma.com\/?p=12888#breadcrumb","itemListElement":[{"@type":"ListItem","position":1,"name":"Inicio","item":"https:\/\/sanluisinforma.com\/"},{"@type":"ListItem","position":2,"name":"Inicia Ricardo Gallardo Nueva Plaza \u201cLos Silos\u201d en Pozos"}]},{"@type":"WebSite","@id":"https:\/\/sanluisinforma.com\/#website","url":"https:\/\/sanluisinforma.com\/","name":"sanluisinforma.com","description":"Periodico San Luis Informa","publisher":{"@id":"https:\/\/sanluisinforma.com\/#organization"},"potentialAction":[{"@type":"SearchAction","target":{"@type":"EntryPoint","urlTemplate":"https:\/\/sanluisinforma.com\/?s={search_term_string}"},"query-input":{"@type":"PropertyValueSpecification","valueRequired":true,"valueName":"search_term_string"}}],"inLanguage":"es"},{"@type":"Organization","@id":"https:\/\/sanluisinforma.com\/#organization","name":"sanluisinforma.com","url":"https:\/\/sanluisinforma.com\/","logo":{"@type":"ImageObject","inLanguage":"es","@id":"https:\/\/sanluisinforma.com\/#\/schema\/logo\/image\/","url":"https:\/\/sanluisinforma.com\/wp-content\/uploads\/2026\/03\/sanluisinforma-V.jpg","contentUrl":"https:\/\/sanluisinforma.com\/wp-content\/uploads\/2026\/03\/sanluisinforma-V.jpg","width":500,"height":156,"caption":"sanluisinforma.com"},"image":{"@id":"https:\/\/sanluisinforma.com\/#\/schema\/logo\/image\/"}},{"@type":"Person","@id":"https:\/\/sanluisinforma.com\/#\/schema\/person\/c30648f71476be533b6f59d092905c8b","name":"sanluisinforma.com","image":{"@type":"ImageObject","inLanguage":"es","@id":"https:\/\/sanluisinforma.com\/#\/schema\/person\/image\/","url":"https:\/\/secure.gravatar.com\/avatar\/86e3114e34a1eecefb963e0a02f0093f93b092dddb2fe1517596343751081a87?s=96&d=mm&r=g","contentUrl":"https:\/\/secure.gravatar.com\/avatar\/86e3114e34a1eecefb963e0a02f0093f93b092dddb2fe1517596343751081a87?s=96&d=mm&r=g","caption":"sanluisinforma.com"},"url":"https:\/\/sanluisinforma.com\/?author=2"}]}},"_links":{"self":[{"href":"https:\/\/sanluisinforma.com\/index.php?rest_route=\/wp\/v2\/posts\/12888","targetHints":{"allow":["GET"]}}],"collection":[{"href":"https:\/\/sanluisinforma.com\/index.php?rest_route=\/wp\/v2\/posts"}],"about":[{"href":"https:\/\/sanluisinforma.com\/index.php?rest_route=\/wp\/v2\/types\/post"}],"author":[{"embeddable":true,"href":"https:\/\/sanluisinforma.com\/index.php?rest_route=\/wp\/v2\/users\/2"}],"replies":[{"embeddable":true,"href":"https:\/\/sanluisinforma.com\/index.php?rest_route=%2Fwp%2Fv2%2Fcomments&post=12888"}],"version-history":[{"count":1,"href":"https:\/\/sanluisinforma.com\/index.php?rest_route=\/wp\/v2\/posts\/12888\/revisions"}],"predecessor-version":[{"id":12890,"href":"https:\/\/sanluisinforma.com\/index.php?rest_route=\/wp\/v2\/posts\/12888\/revisions\/12890"}],"wp:featuredmedia":[{"embeddable":true,"href":"https:\/\/sanluisinforma.com\/index.php?rest_route=\/wp\/v2\/media\/12889"}],"wp:attachment":[{"href":"https:\/\/sanluisinforma.com\/index.php?rest_route=%2Fwp%2Fv2%2Fmedia&parent=12888"}],"wp:term":[{"taxonomy":"category","embeddable":true,"href":"https:\/\/sanluisinforma.com\/index.php?rest_route=%2Fwp%2Fv2%2Fcategories&post=12888"},{"taxonomy":"post_tag","embeddable":true,"href":"https:\/\/sanluisinforma.com\/index.php?rest_route=%2Fwp%2Fv2%2Ftags&post=12888"}],"curies":[{"name":"wp","href":"https:\/\/api.w.org\/{rel}","templated":true}]}}