{"id":12891,"date":"2025-06-13T00:40:00","date_gmt":"2025-06-13T06:40:00","guid":{"rendered":"https:\/\/sanluisinforma.com\/?p=12891"},"modified":"2025-06-12T22:29:36","modified_gmt":"2025-06-13T04:29:36","slug":"presidenta-claudia-sheinbaum-encabeza-el-arranque-nacional-del-programa-salud-casa-por-casa","status":"publish","type":"post","link":"https:\/\/sanluisinforma.com\/?p=12891","title":{"rendered":"Presidenta Claudia Sheinbaum encabeza el Arranque Nacional \u00a0del Programa Salud Casa Por Casa"},"content":{"rendered":"\n<p>* \u201cEs cercan\u00eda, es atenci\u00f3n, es amor, es salud, es bienestar y adem\u00e1s prevenci\u00f3n\u201d, asegur\u00f3<\/p>\n\n\n\n<p>* Se desplegar\u00e1n cerca de&nbsp; 20 mil facilitadores de la salud en los 32 estados del pa\u00eds; la segunda etapa del programa iniciar\u00e1 en agosto con la puesta en marcha de las Farmacias del Bienestar donde los adultos mayores y personas con discapacidad podr\u00e1n surtir de manera gratuita sus medicamentos<\/p>\n\n\n\n<p>Desde Palacio Nacional, la Presidenta de M\u00e9xico, Claudia Sheinbaum Pardo, encabez\u00f3 el arranque nacional del programa Salud Casa por Casa que tiene como objetivo atender el bienestar de las personas adultas mayores y con discapacidad de los 32 estados de la Rep\u00fablica.<\/p>\n\n\n\n<p>\u201cEs un programa muy noble, he dicho que se va a convertir en el programa m\u00e1s importante de prevenci\u00f3n en el mundo, son 20 mil profesionales de la salud, enfermeras, enfermeros, m\u00e9dicas, m\u00e9dicos alrededor de 20 mil en todo el pa\u00eds, van a recorrer todas las casas de los adultos mayores y las personas con discapacidad\u201d, destac\u00f3 en la conferencia matutina: \u201cLas ma\u00f1aneras del pueblo\u201d.<\/p>\n\n\n\n<p>Puntualiz\u00f3 que Salud Casa por Casa es cercan\u00eda, atenci\u00f3n, amor, salud, bienestar y prevenci\u00f3n, que adem\u00e1s permitir\u00e1 que se tengan los historiales cl\u00ednicos de todos los adultos y adultas mayores, as\u00ed como de las personas con discapacidad, para que a su llegada a los Centros de Salud se conozcan sus enfermedades, antecedentes, tratamientos y se mejore la atenci\u00f3n.<\/p>\n\n\n\n<p>Resalt\u00f3 que la segunda etapa de Salud Casa por Casa, iniciar\u00e1 en agosto con la puesta en marcha de las Farmacias del Bienestar, donde los adultos mayores y personas con discapacidad podr\u00e1n surtir de manera gratuita sus medicamentos. Adem\u00e1s, de que complementar\u00e1 con las Pensiones para el Bienestar de las Personas Adultas Mayores y Personas con Discapacidad.<\/p>\n\n\n\n<p>Como parte del arranque nacional de Salud Casa por Casa, desde Palacio Nacional se realiz\u00f3 un enlace con los gobernadores de Colima, Indira Vizca\u00edno; de Nayarit, Miguel \u00c1ngel Navarro; de Guerrero, Evelyn Salgado; de Tamaulipas, Am\u00e9rico Villarreal; de Veracruz, Roc\u00edo Nahle; de Quintana Roo, Mara Lezama; de Baja California, Mariana del Pilar \u00c1vila; de Baja California Sur, V\u00edctor Manuel Castro Cos\u00edo; del Estado de M\u00e9xico, Delfina G\u00f3mez. Adem\u00e1s, se conectaron los estados de Campeche, Chiapas, Hidalgo, Sinaloa, Sonora, Tabasco, Tlaxcala, Yucat\u00e1n y Zacatecas.<\/p>\n\n\n\n<p>La secretaria de Bienestar, Ariadna Montiel Reyes, inform\u00f3 que se han visitado a 8.7 millones de personas visitadas, mientras que de los cerca de 20 mil facilitadores de la Salud que forman parte de este programa: 15 mil 572 son mujeres, 4 mil 343 son hombres, 2 mil 600 son m\u00e9dicos, 17 mil 655 son enfermeras. Anunci\u00f3 que como parte de Salud Casa por Casa habr\u00e1 312 brigadas rurales que se desplegar\u00e1n en las comunidades de dif\u00edcil acceso en 18 estados y 615 municipios en beneficio de cerca de medio mill\u00f3n de derechohabientes.<\/p>\n","protected":false},"excerpt":{"rendered":"<p>* \u201cEs cercan\u00eda, es atenci\u00f3n, es amor, es salud, es bienestar y adem\u00e1s prevenci\u00f3n\u201d, asegur\u00f3 * Se desplegar\u00e1n cerca de&nbsp;<\/p>\n","protected":false},"author":2,"featured_media":12892,"comment_status":"closed","ping_status":"closed","sticky":false,"template":"","format":"standard","meta":{"footnotes":""},"categories":[26],"tags":[],"class_list":["post-12891","post","type-post","status-publish","format-standard","has-post-thumbnail","hentry","category-nacional"],"yoast_head":"<!-- This site is optimized with the Yoast SEO plugin v24.1 - https:\/\/yoast.com\/wordpress\/plugins\/seo\/ -->\n<title>Presidenta Claudia Sheinbaum encabeza el Arranque Nacional \u00a0del Programa Salud Casa Por Casa - sanluisinforma.com<\/title>\n<meta name=\"robots\" content=\"index, follow, max-snippet:-1, max-image-preview:large, max-video-preview:-1\" \/>\n<link rel=\"canonical\" href=\"https:\/\/sanluisinforma.com\/?p=12891\" \/>\n<meta property=\"og:locale\" content=\"es_MX\" \/>\n<meta property=\"og:type\" content=\"article\" \/>\n<meta property=\"og:title\" content=\"Presidenta Claudia Sheinbaum encabeza el Arranque Nacional \u00a0del Programa Salud Casa Por Casa - sanluisinforma.com\" \/>\n<meta property=\"og:description\" content=\"* \u201cEs cercan\u00eda, es atenci\u00f3n, es amor, es salud, es bienestar y adem\u00e1s prevenci\u00f3n\u201d, asegur\u00f3 * Se desplegar\u00e1n cerca de&nbsp;\" \/>\n<meta property=\"og:url\" content=\"https:\/\/sanluisinforma.com\/?p=12891\" \/>\n<meta property=\"og:site_name\" content=\"sanluisinforma.com\" \/>\n<meta property=\"article:published_time\" content=\"2025-06-13T06:40:00+00:00\" \/>\n<meta property=\"article:modified_time\" content=\"2025-06-13T04:29:36+00:00\" \/>\n<meta property=\"og:image\" content=\"https:\/\/sanluisinforma.com\/wp-content\/uploads\/2025\/06\/e6771b13-88a9-424f-b612-bf3fab2d4af4.jpg\" \/>\n\t<meta property=\"og:image:width\" content=\"400\" \/>\n\t<meta property=\"og:image:height\" content=\"224\" \/>\n\t<meta property=\"og:image:type\" content=\"image\/jpeg\" \/>\n<meta name=\"author\" content=\"sanluisinforma.com\" \/>\n<meta name=\"twitter:card\" content=\"summary_large_image\" \/>\n<meta name=\"twitter:label1\" content=\"Escrito por\" \/>\n\t<meta name=\"twitter:data1\" content=\"sanluisinforma.com\" \/>\n\t<meta name=\"twitter:label2\" content=\"Tiempo de lectura\" \/>\n\t<meta name=\"twitter:data2\" content=\"3 minutos\" \/>\n<script type=\"application\/ld+json\" class=\"yoast-schema-graph\">{\"@context\":\"https:\/\/schema.org\",\"@graph\":[{\"@type\":\"Article\",\"@id\":\"https:\/\/sanluisinforma.com\/?p=12891#article\",\"isPartOf\":{\"@id\":\"https:\/\/sanluisinforma.com\/?p=12891\"},\"author\":{\"name\":\"sanluisinforma.com\",\"@id\":\"https:\/\/sanluisinforma.com\/#\/schema\/person\/c30648f71476be533b6f59d092905c8b\"},\"headline\":\"Presidenta Claudia Sheinbaum encabeza el Arranque Nacional \u00a0del Programa Salud Casa Por Casa\",\"datePublished\":\"2025-06-13T06:40:00+00:00\",\"dateModified\":\"2025-06-13T04:29:36+00:00\",\"mainEntityOfPage\":{\"@id\":\"https:\/\/sanluisinforma.com\/?p=12891\"},\"wordCount\":493,\"publisher\":{\"@id\":\"https:\/\/sanluisinforma.com\/#organization\"},\"image\":{\"@id\":\"https:\/\/sanluisinforma.com\/?p=12891#primaryimage\"},\"thumbnailUrl\":\"https:\/\/sanluisinforma.com\/wp-content\/uploads\/2025\/06\/e6771b13-88a9-424f-b612-bf3fab2d4af4.jpg\",\"articleSection\":[\"Nacional\"],\"inLanguage\":\"es\"},{\"@type\":\"WebPage\",\"@id\":\"https:\/\/sanluisinforma.com\/?p=12891\",\"url\":\"https:\/\/sanluisinforma.com\/?p=12891\",\"name\":\"Presidenta Claudia Sheinbaum encabeza el Arranque Nacional \u00a0del Programa Salud Casa Por Casa - sanluisinforma.com\",\"isPartOf\":{\"@id\":\"https:\/\/sanluisinforma.com\/#website\"},\"primaryImageOfPage\":{\"@id\":\"https:\/\/sanluisinforma.com\/?p=12891#primaryimage\"},\"image\":{\"@id\":\"https:\/\/sanluisinforma.com\/?p=12891#primaryimage\"},\"thumbnailUrl\":\"https:\/\/sanluisinforma.com\/wp-content\/uploads\/2025\/06\/e6771b13-88a9-424f-b612-bf3fab2d4af4.jpg\",\"datePublished\":\"2025-06-13T06:40:00+00:00\",\"dateModified\":\"2025-06-13T04:29:36+00:00\",\"breadcrumb\":{\"@id\":\"https:\/\/sanluisinforma.com\/?p=12891#breadcrumb\"},\"inLanguage\":\"es\",\"potentialAction\":[{\"@type\":\"ReadAction\",\"target\":[\"https:\/\/sanluisinforma.com\/?p=12891\"]}]},{\"@type\":\"ImageObject\",\"inLanguage\":\"es\",\"@id\":\"https:\/\/sanluisinforma.com\/?p=12891#primaryimage\",\"url\":\"https:\/\/sanluisinforma.com\/wp-content\/uploads\/2025\/06\/e6771b13-88a9-424f-b612-bf3fab2d4af4.jpg\",\"contentUrl\":\"https:\/\/sanluisinforma.com\/wp-content\/uploads\/2025\/06\/e6771b13-88a9-424f-b612-bf3fab2d4af4.jpg\",\"width\":400,\"height\":224},{\"@type\":\"BreadcrumbList\",\"@id\":\"https:\/\/sanluisinforma.com\/?p=12891#breadcrumb\",\"itemListElement\":[{\"@type\":\"ListItem\",\"position\":1,\"name\":\"Inicio\",\"item\":\"https:\/\/sanluisinforma.com\/\"},{\"@type\":\"ListItem\",\"position\":2,\"name\":\"Presidenta Claudia Sheinbaum encabeza el Arranque Nacional \u00a0del Programa Salud Casa Por Casa\"}]},{\"@type\":\"WebSite\",\"@id\":\"https:\/\/sanluisinforma.com\/#website\",\"url\":\"https:\/\/sanluisinforma.com\/\",\"name\":\"sanluisinforma.com\",\"description\":\"Periodico San Luis Informa\",\"publisher\":{\"@id\":\"https:\/\/sanluisinforma.com\/#organization\"},\"potentialAction\":[{\"@type\":\"SearchAction\",\"target\":{\"@type\":\"EntryPoint\",\"urlTemplate\":\"https:\/\/sanluisinforma.com\/?s={search_term_string}\"},\"query-input\":{\"@type\":\"PropertyValueSpecification\",\"valueRequired\":true,\"valueName\":\"search_term_string\"}}],\"inLanguage\":\"es\"},{\"@type\":\"Organization\",\"@id\":\"https:\/\/sanluisinforma.com\/#organization\",\"name\":\"sanluisinforma.com\",\"url\":\"https:\/\/sanluisinforma.com\/\",\"logo\":{\"@type\":\"ImageObject\",\"inLanguage\":\"es\",\"@id\":\"https:\/\/sanluisinforma.com\/#\/schema\/logo\/image\/\",\"url\":\"https:\/\/sanluisinforma.com\/wp-content\/uploads\/2026\/03\/sanluisinforma-V.jpg\",\"contentUrl\":\"https:\/\/sanluisinforma.com\/wp-content\/uploads\/2026\/03\/sanluisinforma-V.jpg\",\"width\":500,\"height\":156,\"caption\":\"sanluisinforma.com\"},\"image\":{\"@id\":\"https:\/\/sanluisinforma.com\/#\/schema\/logo\/image\/\"}},{\"@type\":\"Person\",\"@id\":\"https:\/\/sanluisinforma.com\/#\/schema\/person\/c30648f71476be533b6f59d092905c8b\",\"name\":\"sanluisinforma.com\",\"image\":{\"@type\":\"ImageObject\",\"inLanguage\":\"es\",\"@id\":\"https:\/\/sanluisinforma.com\/#\/schema\/person\/image\/\",\"url\":\"https:\/\/secure.gravatar.com\/avatar\/86e3114e34a1eecefb963e0a02f0093f93b092dddb2fe1517596343751081a87?s=96&d=mm&r=g\",\"contentUrl\":\"https:\/\/secure.gravatar.com\/avatar\/86e3114e34a1eecefb963e0a02f0093f93b092dddb2fe1517596343751081a87?s=96&d=mm&r=g\",\"caption\":\"sanluisinforma.com\"},\"url\":\"https:\/\/sanluisinforma.com\/?author=2\"}]}<\/script>\n<!-- \/ Yoast SEO plugin. -->","yoast_head_json":{"title":"Presidenta Claudia Sheinbaum encabeza el Arranque Nacional \u00a0del Programa Salud Casa Por Casa - sanluisinforma.com","robots":{"index":"index","follow":"follow","max-snippet":"max-snippet:-1","max-image-preview":"max-image-preview:large","max-video-preview":"max-video-preview:-1"},"canonical":"https:\/\/sanluisinforma.com\/?p=12891","og_locale":"es_MX","og_type":"article","og_title":"Presidenta Claudia Sheinbaum encabeza el Arranque Nacional \u00a0del Programa Salud Casa Por Casa - sanluisinforma.com","og_description":"* \u201cEs cercan\u00eda, es atenci\u00f3n, es amor, es salud, es bienestar y adem\u00e1s prevenci\u00f3n\u201d, asegur\u00f3 * Se desplegar\u00e1n cerca de&nbsp;","og_url":"https:\/\/sanluisinforma.com\/?p=12891","og_site_name":"sanluisinforma.com","article_published_time":"2025-06-13T06:40:00+00:00","article_modified_time":"2025-06-13T04:29:36+00:00","og_image":[{"width":400,"height":224,"url":"https:\/\/sanluisinforma.com\/wp-content\/uploads\/2025\/06\/e6771b13-88a9-424f-b612-bf3fab2d4af4.jpg","type":"image\/jpeg"}],"author":"sanluisinforma.com","twitter_card":"summary_large_image","twitter_misc":{"Escrito por":"sanluisinforma.com","Tiempo de lectura":"3 minutos"},"schema":{"@context":"https:\/\/schema.org","@graph":[{"@type":"Article","@id":"https:\/\/sanluisinforma.com\/?p=12891#article","isPartOf":{"@id":"https:\/\/sanluisinforma.com\/?p=12891"},"author":{"name":"sanluisinforma.com","@id":"https:\/\/sanluisinforma.com\/#\/schema\/person\/c30648f71476be533b6f59d092905c8b"},"headline":"Presidenta Claudia Sheinbaum encabeza el Arranque Nacional \u00a0del Programa Salud Casa Por Casa","datePublished":"2025-06-13T06:40:00+00:00","dateModified":"2025-06-13T04:29:36+00:00","mainEntityOfPage":{"@id":"https:\/\/sanluisinforma.com\/?p=12891"},"wordCount":493,"publisher":{"@id":"https:\/\/sanluisinforma.com\/#organization"},"image":{"@id":"https:\/\/sanluisinforma.com\/?p=12891#primaryimage"},"thumbnailUrl":"https:\/\/sanluisinforma.com\/wp-content\/uploads\/2025\/06\/e6771b13-88a9-424f-b612-bf3fab2d4af4.jpg","articleSection":["Nacional"],"inLanguage":"es"},{"@type":"WebPage","@id":"https:\/\/sanluisinforma.com\/?p=12891","url":"https:\/\/sanluisinforma.com\/?p=12891","name":"Presidenta Claudia Sheinbaum encabeza el Arranque Nacional \u00a0del Programa Salud Casa Por Casa - sanluisinforma.com","isPartOf":{"@id":"https:\/\/sanluisinforma.com\/#website"},"primaryImageOfPage":{"@id":"https:\/\/sanluisinforma.com\/?p=12891#primaryimage"},"image":{"@id":"https:\/\/sanluisinforma.com\/?p=12891#primaryimage"},"thumbnailUrl":"https:\/\/sanluisinforma.com\/wp-content\/uploads\/2025\/06\/e6771b13-88a9-424f-b612-bf3fab2d4af4.jpg","datePublished":"2025-06-13T06:40:00+00:00","dateModified":"2025-06-13T04:29:36+00:00","breadcrumb":{"@id":"https:\/\/sanluisinforma.com\/?p=12891#breadcrumb"},"inLanguage":"es","potentialAction":[{"@type":"ReadAction","target":["https:\/\/sanluisinforma.com\/?p=12891"]}]},{"@type":"ImageObject","inLanguage":"es","@id":"https:\/\/sanluisinforma.com\/?p=12891#primaryimage","url":"https:\/\/sanluisinforma.com\/wp-content\/uploads\/2025\/06\/e6771b13-88a9-424f-b612-bf3fab2d4af4.jpg","contentUrl":"https:\/\/sanluisinforma.com\/wp-content\/uploads\/2025\/06\/e6771b13-88a9-424f-b612-bf3fab2d4af4.jpg","width":400,"height":224},{"@type":"BreadcrumbList","@id":"https:\/\/sanluisinforma.com\/?p=12891#breadcrumb","itemListElement":[{"@type":"ListItem","position":1,"name":"Inicio","item":"https:\/\/sanluisinforma.com\/"},{"@type":"ListItem","position":2,"name":"Presidenta Claudia Sheinbaum encabeza el Arranque Nacional \u00a0del Programa Salud Casa Por Casa"}]},{"@type":"WebSite","@id":"https:\/\/sanluisinforma.com\/#website","url":"https:\/\/sanluisinforma.com\/","name":"sanluisinforma.com","description":"Periodico San Luis Informa","publisher":{"@id":"https:\/\/sanluisinforma.com\/#organization"},"potentialAction":[{"@type":"SearchAction","target":{"@type":"EntryPoint","urlTemplate":"https:\/\/sanluisinforma.com\/?s={search_term_string}"},"query-input":{"@type":"PropertyValueSpecification","valueRequired":true,"valueName":"search_term_string"}}],"inLanguage":"es"},{"@type":"Organization","@id":"https:\/\/sanluisinforma.com\/#organization","name":"sanluisinforma.com","url":"https:\/\/sanluisinforma.com\/","logo":{"@type":"ImageObject","inLanguage":"es","@id":"https:\/\/sanluisinforma.com\/#\/schema\/logo\/image\/","url":"https:\/\/sanluisinforma.com\/wp-content\/uploads\/2026\/03\/sanluisinforma-V.jpg","contentUrl":"https:\/\/sanluisinforma.com\/wp-content\/uploads\/2026\/03\/sanluisinforma-V.jpg","width":500,"height":156,"caption":"sanluisinforma.com"},"image":{"@id":"https:\/\/sanluisinforma.com\/#\/schema\/logo\/image\/"}},{"@type":"Person","@id":"https:\/\/sanluisinforma.com\/#\/schema\/person\/c30648f71476be533b6f59d092905c8b","name":"sanluisinforma.com","image":{"@type":"ImageObject","inLanguage":"es","@id":"https:\/\/sanluisinforma.com\/#\/schema\/person\/image\/","url":"https:\/\/secure.gravatar.com\/avatar\/86e3114e34a1eecefb963e0a02f0093f93b092dddb2fe1517596343751081a87?s=96&d=mm&r=g","contentUrl":"https:\/\/secure.gravatar.com\/avatar\/86e3114e34a1eecefb963e0a02f0093f93b092dddb2fe1517596343751081a87?s=96&d=mm&r=g","caption":"sanluisinforma.com"},"url":"https:\/\/sanluisinforma.com\/?author=2"}]}},"_links":{"self":[{"href":"https:\/\/sanluisinforma.com\/index.php?rest_route=\/wp\/v2\/posts\/12891","targetHints":{"allow":["GET"]}}],"collection":[{"href":"https:\/\/sanluisinforma.com\/index.php?rest_route=\/wp\/v2\/posts"}],"about":[{"href":"https:\/\/sanluisinforma.com\/index.php?rest_route=\/wp\/v2\/types\/post"}],"author":[{"embeddable":true,"href":"https:\/\/sanluisinforma.com\/index.php?rest_route=\/wp\/v2\/users\/2"}],"replies":[{"embeddable":true,"href":"https:\/\/sanluisinforma.com\/index.php?rest_route=%2Fwp%2Fv2%2Fcomments&post=12891"}],"version-history":[{"count":1,"href":"https:\/\/sanluisinforma.com\/index.php?rest_route=\/wp\/v2\/posts\/12891\/revisions"}],"predecessor-version":[{"id":12893,"href":"https:\/\/sanluisinforma.com\/index.php?rest_route=\/wp\/v2\/posts\/12891\/revisions\/12893"}],"wp:featuredmedia":[{"embeddable":true,"href":"https:\/\/sanluisinforma.com\/index.php?rest_route=\/wp\/v2\/media\/12892"}],"wp:attachment":[{"href":"https:\/\/sanluisinforma.com\/index.php?rest_route=%2Fwp%2Fv2%2Fmedia&parent=12891"}],"wp:term":[{"taxonomy":"category","embeddable":true,"href":"https:\/\/sanluisinforma.com\/index.php?rest_route=%2Fwp%2Fv2%2Fcategories&post=12891"},{"taxonomy":"post_tag","embeddable":true,"href":"https:\/\/sanluisinforma.com\/index.php?rest_route=%2Fwp%2Fv2%2Ftags&post=12891"}],"curies":[{"name":"wp","href":"https:\/\/api.w.org\/{rel}","templated":true}]}}