{"id":12896,"date":"2025-06-14T00:50:00","date_gmt":"2025-06-14T06:50:00","guid":{"rendered":"https:\/\/sanluisinforma.com\/?p=12896"},"modified":"2025-06-13T22:12:11","modified_gmt":"2025-06-14T04:12:11","slug":"gobierno-de-la-capital-refuerza-acciones-contra-inundaciones-en-general-i-martinez","status":"publish","type":"post","link":"https:\/\/sanluisinforma.com\/?p=12896","title":{"rendered":"Gobierno de la Capital refuerza acciones contra inundaciones en General I. Mart\u00ednez"},"content":{"rendered":"\n<ul class=\"wp-block-list\">\n<li>Durante la edici\u00f3n 261 de \u201cCapital al 100\u201d, se despleg\u00f3 desazolve intensivo en drenajes con unidades vactor y cuadrillas municipales.<\/li>\n<\/ul>\n\n\n\n<p><\/p>\n\n\n\n<p>Como parte de las acciones del Plan Preventivo contra Inundaciones, el Gobierno de la Capital llev\u00f3 a cabo este jueves una jornada intensiva de desazolve de drenajes en la colonia General I. Mart\u00ednez, una de las zonas hist\u00f3ricamente m\u00e1s vulnerables a inundaciones. En la intersecci\u00f3n del canal\u00f3n Urbano Villal\u00f3n y Prolongaci\u00f3n Vallejo, el Alcalde Enrique Galindo Ceballos supervis\u00f3 personalmente los trabajos que se realizan como parte de la edici\u00f3n 261 del programa \u201cCapital al 100\u201d.<\/p>\n\n\n\n<p>En este punto cr\u00edtico, las cuadrillas municipales intervinieron con unidades vactor para liberar el alcantarillado colapsado por acumulaci\u00f3n de basura, grasa, lodo y escombros. El Alcalde instruy\u00f3 que se limpien a fondo todas las l\u00edneas de drenaje a lo largo de la avenida Urbano Villal\u00f3n, y subray\u00f3 que se trata ya de la cuarta semana consecutiva de labores anticipadas para reducir riesgos a la poblaci\u00f3n. \u201cAqu\u00ed con el desbloqueo que ya empez\u00f3 podemos ver lo que sacaron: botellas, grasa endurecida, zapatos y m\u00e1s. Todo eso impide que el sistema funcione bien\u201d, advirti\u00f3 Galindo Ceballos.<\/p>\n\n\n\n<p>La Presidenta de la Junta de Participaci\u00f3n Ciudadana, Mar\u00eda Dolores Salazar, agradeci\u00f3 al Gobierno de la Capital por atender esta necesidad urgente. \u201cVemos que el Alcalde Enrique Galindo nos est\u00e1 cumpliendo con la limpieza de los drenajes colapsados y del r\u00edo Espa\u00f1ita. Muchas gracias, esto s\u00ed nos ayuda de verdad\u201d, expres\u00f3.<\/p>\n","protected":false},"excerpt":{"rendered":"<p>Como parte de las acciones del Plan Preventivo contra Inundaciones, el Gobierno de la Capital llev\u00f3 a cabo este jueves<\/p>\n","protected":false},"author":2,"featured_media":12897,"comment_status":"closed","ping_status":"closed","sticky":false,"template":"","format":"standard","meta":{"footnotes":""},"categories":[25,30],"tags":[],"class_list":["post-12896","post","type-post","status-publish","format-standard","has-post-thumbnail","hentry","category-local","category-portada"],"yoast_head":"<!-- This site is optimized with the Yoast SEO plugin v24.1 - https:\/\/yoast.com\/wordpress\/plugins\/seo\/ -->\n<title>Gobierno de la Capital refuerza acciones contra inundaciones en General I. Mart\u00ednez - sanluisinforma.com<\/title>\n<meta name=\"robots\" content=\"index, follow, max-snippet:-1, max-image-preview:large, max-video-preview:-1\" \/>\n<link rel=\"canonical\" href=\"https:\/\/sanluisinforma.com\/?p=12896\" \/>\n<meta property=\"og:locale\" content=\"es_MX\" \/>\n<meta property=\"og:type\" content=\"article\" \/>\n<meta property=\"og:title\" content=\"Gobierno de la Capital refuerza acciones contra inundaciones en General I. Mart\u00ednez - sanluisinforma.com\" \/>\n<meta property=\"og:description\" content=\"Como parte de las acciones del Plan Preventivo contra Inundaciones, el Gobierno de la Capital llev\u00f3 a cabo este jueves\" \/>\n<meta property=\"og:url\" content=\"https:\/\/sanluisinforma.com\/?p=12896\" \/>\n<meta property=\"og:site_name\" content=\"sanluisinforma.com\" \/>\n<meta property=\"article:published_time\" content=\"2025-06-14T06:50:00+00:00\" \/>\n<meta property=\"article:modified_time\" content=\"2025-06-14T04:12:11+00:00\" \/>\n<meta property=\"og:image\" content=\"https:\/\/sanluisinforma.com\/wp-content\/uploads\/2025\/06\/15f7272b-9fed-4b10-9148-487b97487cb4.jpg\" \/>\n\t<meta property=\"og:image:width\" content=\"400\" \/>\n\t<meta property=\"og:image:height\" content=\"300\" \/>\n\t<meta property=\"og:image:type\" content=\"image\/jpeg\" \/>\n<meta name=\"author\" content=\"sanluisinforma.com\" \/>\n<meta name=\"twitter:card\" content=\"summary_large_image\" \/>\n<meta name=\"twitter:label1\" content=\"Escrito por\" \/>\n\t<meta name=\"twitter:data1\" content=\"sanluisinforma.com\" \/>\n\t<meta name=\"twitter:label2\" content=\"Tiempo de lectura\" \/>\n\t<meta name=\"twitter:data2\" content=\"2 minutos\" \/>\n<script type=\"application\/ld+json\" class=\"yoast-schema-graph\">{\"@context\":\"https:\/\/schema.org\",\"@graph\":[{\"@type\":\"Article\",\"@id\":\"https:\/\/sanluisinforma.com\/?p=12896#article\",\"isPartOf\":{\"@id\":\"https:\/\/sanluisinforma.com\/?p=12896\"},\"author\":{\"name\":\"sanluisinforma.com\",\"@id\":\"https:\/\/sanluisinforma.com\/#\/schema\/person\/c30648f71476be533b6f59d092905c8b\"},\"headline\":\"Gobierno de la Capital refuerza acciones contra inundaciones en General I. Mart\u00ednez\",\"datePublished\":\"2025-06-14T06:50:00+00:00\",\"dateModified\":\"2025-06-14T04:12:11+00:00\",\"mainEntityOfPage\":{\"@id\":\"https:\/\/sanluisinforma.com\/?p=12896\"},\"wordCount\":268,\"publisher\":{\"@id\":\"https:\/\/sanluisinforma.com\/#organization\"},\"image\":{\"@id\":\"https:\/\/sanluisinforma.com\/?p=12896#primaryimage\"},\"thumbnailUrl\":\"https:\/\/sanluisinforma.com\/wp-content\/uploads\/2025\/06\/15f7272b-9fed-4b10-9148-487b97487cb4.jpg\",\"articleSection\":[\"Local\",\"Portada\"],\"inLanguage\":\"es\"},{\"@type\":\"WebPage\",\"@id\":\"https:\/\/sanluisinforma.com\/?p=12896\",\"url\":\"https:\/\/sanluisinforma.com\/?p=12896\",\"name\":\"Gobierno de la Capital refuerza acciones contra inundaciones en General I. Mart\u00ednez - sanluisinforma.com\",\"isPartOf\":{\"@id\":\"https:\/\/sanluisinforma.com\/#website\"},\"primaryImageOfPage\":{\"@id\":\"https:\/\/sanluisinforma.com\/?p=12896#primaryimage\"},\"image\":{\"@id\":\"https:\/\/sanluisinforma.com\/?p=12896#primaryimage\"},\"thumbnailUrl\":\"https:\/\/sanluisinforma.com\/wp-content\/uploads\/2025\/06\/15f7272b-9fed-4b10-9148-487b97487cb4.jpg\",\"datePublished\":\"2025-06-14T06:50:00+00:00\",\"dateModified\":\"2025-06-14T04:12:11+00:00\",\"breadcrumb\":{\"@id\":\"https:\/\/sanluisinforma.com\/?p=12896#breadcrumb\"},\"inLanguage\":\"es\",\"potentialAction\":[{\"@type\":\"ReadAction\",\"target\":[\"https:\/\/sanluisinforma.com\/?p=12896\"]}]},{\"@type\":\"ImageObject\",\"inLanguage\":\"es\",\"@id\":\"https:\/\/sanluisinforma.com\/?p=12896#primaryimage\",\"url\":\"https:\/\/sanluisinforma.com\/wp-content\/uploads\/2025\/06\/15f7272b-9fed-4b10-9148-487b97487cb4.jpg\",\"contentUrl\":\"https:\/\/sanluisinforma.com\/wp-content\/uploads\/2025\/06\/15f7272b-9fed-4b10-9148-487b97487cb4.jpg\",\"width\":400,\"height\":300},{\"@type\":\"BreadcrumbList\",\"@id\":\"https:\/\/sanluisinforma.com\/?p=12896#breadcrumb\",\"itemListElement\":[{\"@type\":\"ListItem\",\"position\":1,\"name\":\"Inicio\",\"item\":\"https:\/\/sanluisinforma.com\/\"},{\"@type\":\"ListItem\",\"position\":2,\"name\":\"Gobierno de la Capital refuerza acciones contra inundaciones en General I. Mart\u00ednez\"}]},{\"@type\":\"WebSite\",\"@id\":\"https:\/\/sanluisinforma.com\/#website\",\"url\":\"https:\/\/sanluisinforma.com\/\",\"name\":\"sanluisinforma.com\",\"description\":\"Periodico San Luis Informa\",\"publisher\":{\"@id\":\"https:\/\/sanluisinforma.com\/#organization\"},\"potentialAction\":[{\"@type\":\"SearchAction\",\"target\":{\"@type\":\"EntryPoint\",\"urlTemplate\":\"https:\/\/sanluisinforma.com\/?s={search_term_string}\"},\"query-input\":{\"@type\":\"PropertyValueSpecification\",\"valueRequired\":true,\"valueName\":\"search_term_string\"}}],\"inLanguage\":\"es\"},{\"@type\":\"Organization\",\"@id\":\"https:\/\/sanluisinforma.com\/#organization\",\"name\":\"sanluisinforma.com\",\"url\":\"https:\/\/sanluisinforma.com\/\",\"logo\":{\"@type\":\"ImageObject\",\"inLanguage\":\"es\",\"@id\":\"https:\/\/sanluisinforma.com\/#\/schema\/logo\/image\/\",\"url\":\"https:\/\/sanluisinforma.com\/wp-content\/uploads\/2026\/03\/sanluisinforma-V.jpg\",\"contentUrl\":\"https:\/\/sanluisinforma.com\/wp-content\/uploads\/2026\/03\/sanluisinforma-V.jpg\",\"width\":500,\"height\":156,\"caption\":\"sanluisinforma.com\"},\"image\":{\"@id\":\"https:\/\/sanluisinforma.com\/#\/schema\/logo\/image\/\"}},{\"@type\":\"Person\",\"@id\":\"https:\/\/sanluisinforma.com\/#\/schema\/person\/c30648f71476be533b6f59d092905c8b\",\"name\":\"sanluisinforma.com\",\"image\":{\"@type\":\"ImageObject\",\"inLanguage\":\"es\",\"@id\":\"https:\/\/sanluisinforma.com\/#\/schema\/person\/image\/\",\"url\":\"https:\/\/secure.gravatar.com\/avatar\/86e3114e34a1eecefb963e0a02f0093f93b092dddb2fe1517596343751081a87?s=96&d=mm&r=g\",\"contentUrl\":\"https:\/\/secure.gravatar.com\/avatar\/86e3114e34a1eecefb963e0a02f0093f93b092dddb2fe1517596343751081a87?s=96&d=mm&r=g\",\"caption\":\"sanluisinforma.com\"},\"url\":\"https:\/\/sanluisinforma.com\/?author=2\"}]}<\/script>\n<!-- \/ Yoast SEO plugin. -->","yoast_head_json":{"title":"Gobierno de la Capital refuerza acciones contra inundaciones en General I. Mart\u00ednez - sanluisinforma.com","robots":{"index":"index","follow":"follow","max-snippet":"max-snippet:-1","max-image-preview":"max-image-preview:large","max-video-preview":"max-video-preview:-1"},"canonical":"https:\/\/sanluisinforma.com\/?p=12896","og_locale":"es_MX","og_type":"article","og_title":"Gobierno de la Capital refuerza acciones contra inundaciones en General I. Mart\u00ednez - sanluisinforma.com","og_description":"Como parte de las acciones del Plan Preventivo contra Inundaciones, el Gobierno de la Capital llev\u00f3 a cabo este jueves","og_url":"https:\/\/sanluisinforma.com\/?p=12896","og_site_name":"sanluisinforma.com","article_published_time":"2025-06-14T06:50:00+00:00","article_modified_time":"2025-06-14T04:12:11+00:00","og_image":[{"width":400,"height":300,"url":"https:\/\/sanluisinforma.com\/wp-content\/uploads\/2025\/06\/15f7272b-9fed-4b10-9148-487b97487cb4.jpg","type":"image\/jpeg"}],"author":"sanluisinforma.com","twitter_card":"summary_large_image","twitter_misc":{"Escrito por":"sanluisinforma.com","Tiempo de lectura":"2 minutos"},"schema":{"@context":"https:\/\/schema.org","@graph":[{"@type":"Article","@id":"https:\/\/sanluisinforma.com\/?p=12896#article","isPartOf":{"@id":"https:\/\/sanluisinforma.com\/?p=12896"},"author":{"name":"sanluisinforma.com","@id":"https:\/\/sanluisinforma.com\/#\/schema\/person\/c30648f71476be533b6f59d092905c8b"},"headline":"Gobierno de la Capital refuerza acciones contra inundaciones en General I. Mart\u00ednez","datePublished":"2025-06-14T06:50:00+00:00","dateModified":"2025-06-14T04:12:11+00:00","mainEntityOfPage":{"@id":"https:\/\/sanluisinforma.com\/?p=12896"},"wordCount":268,"publisher":{"@id":"https:\/\/sanluisinforma.com\/#organization"},"image":{"@id":"https:\/\/sanluisinforma.com\/?p=12896#primaryimage"},"thumbnailUrl":"https:\/\/sanluisinforma.com\/wp-content\/uploads\/2025\/06\/15f7272b-9fed-4b10-9148-487b97487cb4.jpg","articleSection":["Local","Portada"],"inLanguage":"es"},{"@type":"WebPage","@id":"https:\/\/sanluisinforma.com\/?p=12896","url":"https:\/\/sanluisinforma.com\/?p=12896","name":"Gobierno de la Capital refuerza acciones contra inundaciones en General I. Mart\u00ednez - sanluisinforma.com","isPartOf":{"@id":"https:\/\/sanluisinforma.com\/#website"},"primaryImageOfPage":{"@id":"https:\/\/sanluisinforma.com\/?p=12896#primaryimage"},"image":{"@id":"https:\/\/sanluisinforma.com\/?p=12896#primaryimage"},"thumbnailUrl":"https:\/\/sanluisinforma.com\/wp-content\/uploads\/2025\/06\/15f7272b-9fed-4b10-9148-487b97487cb4.jpg","datePublished":"2025-06-14T06:50:00+00:00","dateModified":"2025-06-14T04:12:11+00:00","breadcrumb":{"@id":"https:\/\/sanluisinforma.com\/?p=12896#breadcrumb"},"inLanguage":"es","potentialAction":[{"@type":"ReadAction","target":["https:\/\/sanluisinforma.com\/?p=12896"]}]},{"@type":"ImageObject","inLanguage":"es","@id":"https:\/\/sanluisinforma.com\/?p=12896#primaryimage","url":"https:\/\/sanluisinforma.com\/wp-content\/uploads\/2025\/06\/15f7272b-9fed-4b10-9148-487b97487cb4.jpg","contentUrl":"https:\/\/sanluisinforma.com\/wp-content\/uploads\/2025\/06\/15f7272b-9fed-4b10-9148-487b97487cb4.jpg","width":400,"height":300},{"@type":"BreadcrumbList","@id":"https:\/\/sanluisinforma.com\/?p=12896#breadcrumb","itemListElement":[{"@type":"ListItem","position":1,"name":"Inicio","item":"https:\/\/sanluisinforma.com\/"},{"@type":"ListItem","position":2,"name":"Gobierno de la Capital refuerza acciones contra inundaciones en General I. Mart\u00ednez"}]},{"@type":"WebSite","@id":"https:\/\/sanluisinforma.com\/#website","url":"https:\/\/sanluisinforma.com\/","name":"sanluisinforma.com","description":"Periodico San Luis Informa","publisher":{"@id":"https:\/\/sanluisinforma.com\/#organization"},"potentialAction":[{"@type":"SearchAction","target":{"@type":"EntryPoint","urlTemplate":"https:\/\/sanluisinforma.com\/?s={search_term_string}"},"query-input":{"@type":"PropertyValueSpecification","valueRequired":true,"valueName":"search_term_string"}}],"inLanguage":"es"},{"@type":"Organization","@id":"https:\/\/sanluisinforma.com\/#organization","name":"sanluisinforma.com","url":"https:\/\/sanluisinforma.com\/","logo":{"@type":"ImageObject","inLanguage":"es","@id":"https:\/\/sanluisinforma.com\/#\/schema\/logo\/image\/","url":"https:\/\/sanluisinforma.com\/wp-content\/uploads\/2026\/03\/sanluisinforma-V.jpg","contentUrl":"https:\/\/sanluisinforma.com\/wp-content\/uploads\/2026\/03\/sanluisinforma-V.jpg","width":500,"height":156,"caption":"sanluisinforma.com"},"image":{"@id":"https:\/\/sanluisinforma.com\/#\/schema\/logo\/image\/"}},{"@type":"Person","@id":"https:\/\/sanluisinforma.com\/#\/schema\/person\/c30648f71476be533b6f59d092905c8b","name":"sanluisinforma.com","image":{"@type":"ImageObject","inLanguage":"es","@id":"https:\/\/sanluisinforma.com\/#\/schema\/person\/image\/","url":"https:\/\/secure.gravatar.com\/avatar\/86e3114e34a1eecefb963e0a02f0093f93b092dddb2fe1517596343751081a87?s=96&d=mm&r=g","contentUrl":"https:\/\/secure.gravatar.com\/avatar\/86e3114e34a1eecefb963e0a02f0093f93b092dddb2fe1517596343751081a87?s=96&d=mm&r=g","caption":"sanluisinforma.com"},"url":"https:\/\/sanluisinforma.com\/?author=2"}]}},"_links":{"self":[{"href":"https:\/\/sanluisinforma.com\/index.php?rest_route=\/wp\/v2\/posts\/12896","targetHints":{"allow":["GET"]}}],"collection":[{"href":"https:\/\/sanluisinforma.com\/index.php?rest_route=\/wp\/v2\/posts"}],"about":[{"href":"https:\/\/sanluisinforma.com\/index.php?rest_route=\/wp\/v2\/types\/post"}],"author":[{"embeddable":true,"href":"https:\/\/sanluisinforma.com\/index.php?rest_route=\/wp\/v2\/users\/2"}],"replies":[{"embeddable":true,"href":"https:\/\/sanluisinforma.com\/index.php?rest_route=%2Fwp%2Fv2%2Fcomments&post=12896"}],"version-history":[{"count":1,"href":"https:\/\/sanluisinforma.com\/index.php?rest_route=\/wp\/v2\/posts\/12896\/revisions"}],"predecessor-version":[{"id":12898,"href":"https:\/\/sanluisinforma.com\/index.php?rest_route=\/wp\/v2\/posts\/12896\/revisions\/12898"}],"wp:featuredmedia":[{"embeddable":true,"href":"https:\/\/sanluisinforma.com\/index.php?rest_route=\/wp\/v2\/media\/12897"}],"wp:attachment":[{"href":"https:\/\/sanluisinforma.com\/index.php?rest_route=%2Fwp%2Fv2%2Fmedia&parent=12896"}],"wp:term":[{"taxonomy":"category","embeddable":true,"href":"https:\/\/sanluisinforma.com\/index.php?rest_route=%2Fwp%2Fv2%2Fcategories&post=12896"},{"taxonomy":"post_tag","embeddable":true,"href":"https:\/\/sanluisinforma.com\/index.php?rest_route=%2Fwp%2Fv2%2Ftags&post=12896"}],"curies":[{"name":"wp","href":"https:\/\/api.w.org\/{rel}","templated":true}]}}