{"id":12899,"date":"2025-06-14T00:45:00","date_gmt":"2025-06-14T06:45:00","guid":{"rendered":"https:\/\/sanluisinforma.com\/?p=12899"},"modified":"2025-06-13T22:12:34","modified_gmt":"2025-06-14T04:12:34","slug":"san-luis-capital-comparte-modelo-de-recuperacion-del-centro-historico-en-encuentro-nacional-con-onu-habitat","status":"publish","type":"post","link":"https:\/\/sanluisinforma.com\/?p=12899","title":{"rendered":"San Luis Capital comparte modelo de recuperaci\u00f3n del Centro Hist\u00f3rico en encuentro nacional con ONU-Habitat"},"content":{"rendered":"\n<ul class=\"wp-block-list\">\n<li>Durante la reuni\u00f3n t\u00e9cnica \u201cDesaf\u00edos de Habitabilidad en Centros Hist\u00f3ricos\u201d, el municipio de San Luis Potos\u00ed present\u00f3 los avances de su modelo de planificaci\u00f3n, accesibilidad y seguridad ciudadana, en presencia de autoridades de ONU-Habitat y SEDATU.<\/li>\n<\/ul>\n\n\n\n<p><\/p>\n\n\n\n<p>El Ayuntamiento de San Luis Capital particip\u00f3 de manera remota en la reuni\u00f3n t\u00e9cnica nacional organizada por la Asociaci\u00f3n Nacional de Ciudades Mexicanas del Patrimonio Mundial y ONU-Habitat, en la ciudad de Puebla, en donde se abordaron los principales retos para mejorar la habitabilidad en los centros hist\u00f3ricos del pa\u00eds. En este encuentro destacaron la presencia de Fernanda Lonardoni, jefa de la Oficina de ONU-Habitat para M\u00e9xico, Centroam\u00e9rica y Cuba, as\u00ed como de V\u00edctor Hugo Hofmann Aguirre, subsecretario de Ordenamiento Territorial, Urbano y Vivienda de la SEDATU.<\/p>\n\n\n\n<p>Por parte del Ayuntamiento de San Luis Capital intervinieron Ernesto Flores, director del IMPLAN; Juan Antonio Villa, secretario de Seguridad y Protecci\u00f3n Ciudadana; Jes\u00fas Becerra Rodr\u00edguez, director de la Unidad de Gesti\u00f3n del Centro Hist\u00f3rico; Mar\u00eda de los \u00c1ngeles Rodr\u00edguez Aguirre, directora general de Gesti\u00f3n Territorial y Catastro; Giselle Zavala Ojeda, directora de Normatividad y Gesti\u00f3n del Suelo; y Claudia Peralta Antiga, directora de Turismo Municipal. La delegaci\u00f3n comparti\u00f3 las acciones impulsadas por el presidente municipal Enrique Galindo Ceballos para actualizar el programa del Centro Hist\u00f3rico, que no se renovaba desde 2007.<\/p>\n\n\n\n<p>Entre los proyectos destacados se mencion\u00f3 el Plan de Accesibilidad Universal del Jard\u00edn Hidalgo, reconocido con dos premios internacionales, as\u00ed como la creaci\u00f3n del Consejo de Seguridad del Centro Hist\u00f3rico, conformado por vecinos, comerciantes y representantes del comercio informal, con 28 meses de trabajo constante. Este consejo ha permitido realizar acciones transversales con todas las \u00e1reas del gobierno municipal, como la mejora del alumbrado p\u00fablico, la recuperaci\u00f3n de viviendas en riesgo y la atenci\u00f3n a personas en situaci\u00f3n de calle.<\/p>\n\n\n\n<p>El Ayuntamiento tambi\u00e9n present\u00f3 su visi\u00f3n integral de recuperaci\u00f3n del Centro Hist\u00f3rico, enfocada en repoblar, conservar el patrimonio arquitect\u00f3nico, reordenar el uso de suelo, recuperar la vegetaci\u00f3n urbana y garantizar la seguridad ciudadana, con la meta de lograr un centro m\u00e1s vivo, incluyente y funcional. Las experiencias compartidas por San Luis Capital fueron reconocidas como un modelo replicable en otras ciudades del pa\u00eds.<\/p>\n","protected":false},"excerpt":{"rendered":"<p>El Ayuntamiento de San Luis Capital particip\u00f3 de manera remota en la reuni\u00f3n t\u00e9cnica nacional organizada por la Asociaci\u00f3n Nacional<\/p>\n","protected":false},"author":2,"featured_media":12900,"comment_status":"closed","ping_status":"closed","sticky":false,"template":"","format":"standard","meta":{"footnotes":""},"categories":[25,30],"tags":[],"class_list":["post-12899","post","type-post","status-publish","format-standard","has-post-thumbnail","hentry","category-local","category-portada"],"yoast_head":"<!-- This site is optimized with the Yoast SEO plugin v24.1 - https:\/\/yoast.com\/wordpress\/plugins\/seo\/ -->\n<title>San Luis Capital comparte modelo de recuperaci\u00f3n del Centro Hist\u00f3rico en encuentro nacional con ONU-Habitat - sanluisinforma.com<\/title>\n<meta name=\"robots\" content=\"index, follow, max-snippet:-1, max-image-preview:large, max-video-preview:-1\" \/>\n<link rel=\"canonical\" href=\"https:\/\/sanluisinforma.com\/?p=12899\" \/>\n<meta property=\"og:locale\" content=\"es_MX\" \/>\n<meta property=\"og:type\" content=\"article\" \/>\n<meta property=\"og:title\" content=\"San Luis Capital comparte modelo de recuperaci\u00f3n del Centro Hist\u00f3rico en encuentro nacional con ONU-Habitat - sanluisinforma.com\" \/>\n<meta property=\"og:description\" content=\"El Ayuntamiento de San Luis Capital particip\u00f3 de manera remota en la reuni\u00f3n t\u00e9cnica nacional organizada por la Asociaci\u00f3n Nacional\" \/>\n<meta property=\"og:url\" content=\"https:\/\/sanluisinforma.com\/?p=12899\" \/>\n<meta property=\"og:site_name\" content=\"sanluisinforma.com\" \/>\n<meta property=\"article:published_time\" content=\"2025-06-14T06:45:00+00:00\" \/>\n<meta property=\"article:modified_time\" content=\"2025-06-14T04:12:34+00:00\" \/>\n<meta property=\"og:image\" content=\"https:\/\/sanluisinforma.com\/wp-content\/uploads\/2025\/06\/a663b340-1507-49c8-8500-de4b6092a278.jpg\" \/>\n\t<meta property=\"og:image:width\" content=\"400\" \/>\n\t<meta property=\"og:image:height\" content=\"249\" \/>\n\t<meta property=\"og:image:type\" content=\"image\/jpeg\" \/>\n<meta name=\"author\" content=\"sanluisinforma.com\" \/>\n<meta name=\"twitter:card\" content=\"summary_large_image\" \/>\n<meta name=\"twitter:label1\" content=\"Escrito por\" \/>\n\t<meta name=\"twitter:data1\" content=\"sanluisinforma.com\" \/>\n\t<meta name=\"twitter:label2\" content=\"Tiempo de lectura\" \/>\n\t<meta name=\"twitter:data2\" content=\"2 minutos\" \/>\n<script type=\"application\/ld+json\" class=\"yoast-schema-graph\">{\"@context\":\"https:\/\/schema.org\",\"@graph\":[{\"@type\":\"Article\",\"@id\":\"https:\/\/sanluisinforma.com\/?p=12899#article\",\"isPartOf\":{\"@id\":\"https:\/\/sanluisinforma.com\/?p=12899\"},\"author\":{\"name\":\"sanluisinforma.com\",\"@id\":\"https:\/\/sanluisinforma.com\/#\/schema\/person\/c30648f71476be533b6f59d092905c8b\"},\"headline\":\"San Luis Capital comparte modelo de recuperaci\u00f3n del Centro Hist\u00f3rico en encuentro nacional con ONU-Habitat\",\"datePublished\":\"2025-06-14T06:45:00+00:00\",\"dateModified\":\"2025-06-14T04:12:34+00:00\",\"mainEntityOfPage\":{\"@id\":\"https:\/\/sanluisinforma.com\/?p=12899\"},\"wordCount\":412,\"publisher\":{\"@id\":\"https:\/\/sanluisinforma.com\/#organization\"},\"image\":{\"@id\":\"https:\/\/sanluisinforma.com\/?p=12899#primaryimage\"},\"thumbnailUrl\":\"https:\/\/sanluisinforma.com\/wp-content\/uploads\/2025\/06\/a663b340-1507-49c8-8500-de4b6092a278.jpg\",\"articleSection\":[\"Local\",\"Portada\"],\"inLanguage\":\"es\"},{\"@type\":\"WebPage\",\"@id\":\"https:\/\/sanluisinforma.com\/?p=12899\",\"url\":\"https:\/\/sanluisinforma.com\/?p=12899\",\"name\":\"San Luis Capital comparte modelo de recuperaci\u00f3n del Centro Hist\u00f3rico en encuentro nacional con ONU-Habitat - sanluisinforma.com\",\"isPartOf\":{\"@id\":\"https:\/\/sanluisinforma.com\/#website\"},\"primaryImageOfPage\":{\"@id\":\"https:\/\/sanluisinforma.com\/?p=12899#primaryimage\"},\"image\":{\"@id\":\"https:\/\/sanluisinforma.com\/?p=12899#primaryimage\"},\"thumbnailUrl\":\"https:\/\/sanluisinforma.com\/wp-content\/uploads\/2025\/06\/a663b340-1507-49c8-8500-de4b6092a278.jpg\",\"datePublished\":\"2025-06-14T06:45:00+00:00\",\"dateModified\":\"2025-06-14T04:12:34+00:00\",\"breadcrumb\":{\"@id\":\"https:\/\/sanluisinforma.com\/?p=12899#breadcrumb\"},\"inLanguage\":\"es\",\"potentialAction\":[{\"@type\":\"ReadAction\",\"target\":[\"https:\/\/sanluisinforma.com\/?p=12899\"]}]},{\"@type\":\"ImageObject\",\"inLanguage\":\"es\",\"@id\":\"https:\/\/sanluisinforma.com\/?p=12899#primaryimage\",\"url\":\"https:\/\/sanluisinforma.com\/wp-content\/uploads\/2025\/06\/a663b340-1507-49c8-8500-de4b6092a278.jpg\",\"contentUrl\":\"https:\/\/sanluisinforma.com\/wp-content\/uploads\/2025\/06\/a663b340-1507-49c8-8500-de4b6092a278.jpg\",\"width\":400,\"height\":249},{\"@type\":\"BreadcrumbList\",\"@id\":\"https:\/\/sanluisinforma.com\/?p=12899#breadcrumb\",\"itemListElement\":[{\"@type\":\"ListItem\",\"position\":1,\"name\":\"Inicio\",\"item\":\"https:\/\/sanluisinforma.com\/\"},{\"@type\":\"ListItem\",\"position\":2,\"name\":\"San Luis Capital comparte modelo de recuperaci\u00f3n del Centro Hist\u00f3rico en encuentro nacional con ONU-Habitat\"}]},{\"@type\":\"WebSite\",\"@id\":\"https:\/\/sanluisinforma.com\/#website\",\"url\":\"https:\/\/sanluisinforma.com\/\",\"name\":\"sanluisinforma.com\",\"description\":\"Periodico San Luis Informa\",\"publisher\":{\"@id\":\"https:\/\/sanluisinforma.com\/#organization\"},\"potentialAction\":[{\"@type\":\"SearchAction\",\"target\":{\"@type\":\"EntryPoint\",\"urlTemplate\":\"https:\/\/sanluisinforma.com\/?s={search_term_string}\"},\"query-input\":{\"@type\":\"PropertyValueSpecification\",\"valueRequired\":true,\"valueName\":\"search_term_string\"}}],\"inLanguage\":\"es\"},{\"@type\":\"Organization\",\"@id\":\"https:\/\/sanluisinforma.com\/#organization\",\"name\":\"sanluisinforma.com\",\"url\":\"https:\/\/sanluisinforma.com\/\",\"logo\":{\"@type\":\"ImageObject\",\"inLanguage\":\"es\",\"@id\":\"https:\/\/sanluisinforma.com\/#\/schema\/logo\/image\/\",\"url\":\"https:\/\/sanluisinforma.com\/wp-content\/uploads\/2026\/03\/sanluisinforma-V.jpg\",\"contentUrl\":\"https:\/\/sanluisinforma.com\/wp-content\/uploads\/2026\/03\/sanluisinforma-V.jpg\",\"width\":500,\"height\":156,\"caption\":\"sanluisinforma.com\"},\"image\":{\"@id\":\"https:\/\/sanluisinforma.com\/#\/schema\/logo\/image\/\"}},{\"@type\":\"Person\",\"@id\":\"https:\/\/sanluisinforma.com\/#\/schema\/person\/c30648f71476be533b6f59d092905c8b\",\"name\":\"sanluisinforma.com\",\"image\":{\"@type\":\"ImageObject\",\"inLanguage\":\"es\",\"@id\":\"https:\/\/sanluisinforma.com\/#\/schema\/person\/image\/\",\"url\":\"https:\/\/secure.gravatar.com\/avatar\/86e3114e34a1eecefb963e0a02f0093f93b092dddb2fe1517596343751081a87?s=96&d=mm&r=g\",\"contentUrl\":\"https:\/\/secure.gravatar.com\/avatar\/86e3114e34a1eecefb963e0a02f0093f93b092dddb2fe1517596343751081a87?s=96&d=mm&r=g\",\"caption\":\"sanluisinforma.com\"},\"url\":\"https:\/\/sanluisinforma.com\/?author=2\"}]}<\/script>\n<!-- \/ Yoast SEO plugin. -->","yoast_head_json":{"title":"San Luis Capital comparte modelo de recuperaci\u00f3n del Centro Hist\u00f3rico en encuentro nacional con ONU-Habitat - sanluisinforma.com","robots":{"index":"index","follow":"follow","max-snippet":"max-snippet:-1","max-image-preview":"max-image-preview:large","max-video-preview":"max-video-preview:-1"},"canonical":"https:\/\/sanluisinforma.com\/?p=12899","og_locale":"es_MX","og_type":"article","og_title":"San Luis Capital comparte modelo de recuperaci\u00f3n del Centro Hist\u00f3rico en encuentro nacional con ONU-Habitat - sanluisinforma.com","og_description":"El Ayuntamiento de San Luis Capital particip\u00f3 de manera remota en la reuni\u00f3n t\u00e9cnica nacional organizada por la Asociaci\u00f3n Nacional","og_url":"https:\/\/sanluisinforma.com\/?p=12899","og_site_name":"sanluisinforma.com","article_published_time":"2025-06-14T06:45:00+00:00","article_modified_time":"2025-06-14T04:12:34+00:00","og_image":[{"width":400,"height":249,"url":"https:\/\/sanluisinforma.com\/wp-content\/uploads\/2025\/06\/a663b340-1507-49c8-8500-de4b6092a278.jpg","type":"image\/jpeg"}],"author":"sanluisinforma.com","twitter_card":"summary_large_image","twitter_misc":{"Escrito por":"sanluisinforma.com","Tiempo de lectura":"2 minutos"},"schema":{"@context":"https:\/\/schema.org","@graph":[{"@type":"Article","@id":"https:\/\/sanluisinforma.com\/?p=12899#article","isPartOf":{"@id":"https:\/\/sanluisinforma.com\/?p=12899"},"author":{"name":"sanluisinforma.com","@id":"https:\/\/sanluisinforma.com\/#\/schema\/person\/c30648f71476be533b6f59d092905c8b"},"headline":"San Luis Capital comparte modelo de recuperaci\u00f3n del Centro Hist\u00f3rico en encuentro nacional con ONU-Habitat","datePublished":"2025-06-14T06:45:00+00:00","dateModified":"2025-06-14T04:12:34+00:00","mainEntityOfPage":{"@id":"https:\/\/sanluisinforma.com\/?p=12899"},"wordCount":412,"publisher":{"@id":"https:\/\/sanluisinforma.com\/#organization"},"image":{"@id":"https:\/\/sanluisinforma.com\/?p=12899#primaryimage"},"thumbnailUrl":"https:\/\/sanluisinforma.com\/wp-content\/uploads\/2025\/06\/a663b340-1507-49c8-8500-de4b6092a278.jpg","articleSection":["Local","Portada"],"inLanguage":"es"},{"@type":"WebPage","@id":"https:\/\/sanluisinforma.com\/?p=12899","url":"https:\/\/sanluisinforma.com\/?p=12899","name":"San Luis Capital comparte modelo de recuperaci\u00f3n del Centro Hist\u00f3rico en encuentro nacional con ONU-Habitat - sanluisinforma.com","isPartOf":{"@id":"https:\/\/sanluisinforma.com\/#website"},"primaryImageOfPage":{"@id":"https:\/\/sanluisinforma.com\/?p=12899#primaryimage"},"image":{"@id":"https:\/\/sanluisinforma.com\/?p=12899#primaryimage"},"thumbnailUrl":"https:\/\/sanluisinforma.com\/wp-content\/uploads\/2025\/06\/a663b340-1507-49c8-8500-de4b6092a278.jpg","datePublished":"2025-06-14T06:45:00+00:00","dateModified":"2025-06-14T04:12:34+00:00","breadcrumb":{"@id":"https:\/\/sanluisinforma.com\/?p=12899#breadcrumb"},"inLanguage":"es","potentialAction":[{"@type":"ReadAction","target":["https:\/\/sanluisinforma.com\/?p=12899"]}]},{"@type":"ImageObject","inLanguage":"es","@id":"https:\/\/sanluisinforma.com\/?p=12899#primaryimage","url":"https:\/\/sanluisinforma.com\/wp-content\/uploads\/2025\/06\/a663b340-1507-49c8-8500-de4b6092a278.jpg","contentUrl":"https:\/\/sanluisinforma.com\/wp-content\/uploads\/2025\/06\/a663b340-1507-49c8-8500-de4b6092a278.jpg","width":400,"height":249},{"@type":"BreadcrumbList","@id":"https:\/\/sanluisinforma.com\/?p=12899#breadcrumb","itemListElement":[{"@type":"ListItem","position":1,"name":"Inicio","item":"https:\/\/sanluisinforma.com\/"},{"@type":"ListItem","position":2,"name":"San Luis Capital comparte modelo de recuperaci\u00f3n del Centro Hist\u00f3rico en encuentro nacional con ONU-Habitat"}]},{"@type":"WebSite","@id":"https:\/\/sanluisinforma.com\/#website","url":"https:\/\/sanluisinforma.com\/","name":"sanluisinforma.com","description":"Periodico San Luis Informa","publisher":{"@id":"https:\/\/sanluisinforma.com\/#organization"},"potentialAction":[{"@type":"SearchAction","target":{"@type":"EntryPoint","urlTemplate":"https:\/\/sanluisinforma.com\/?s={search_term_string}"},"query-input":{"@type":"PropertyValueSpecification","valueRequired":true,"valueName":"search_term_string"}}],"inLanguage":"es"},{"@type":"Organization","@id":"https:\/\/sanluisinforma.com\/#organization","name":"sanluisinforma.com","url":"https:\/\/sanluisinforma.com\/","logo":{"@type":"ImageObject","inLanguage":"es","@id":"https:\/\/sanluisinforma.com\/#\/schema\/logo\/image\/","url":"https:\/\/sanluisinforma.com\/wp-content\/uploads\/2026\/03\/sanluisinforma-V.jpg","contentUrl":"https:\/\/sanluisinforma.com\/wp-content\/uploads\/2026\/03\/sanluisinforma-V.jpg","width":500,"height":156,"caption":"sanluisinforma.com"},"image":{"@id":"https:\/\/sanluisinforma.com\/#\/schema\/logo\/image\/"}},{"@type":"Person","@id":"https:\/\/sanluisinforma.com\/#\/schema\/person\/c30648f71476be533b6f59d092905c8b","name":"sanluisinforma.com","image":{"@type":"ImageObject","inLanguage":"es","@id":"https:\/\/sanluisinforma.com\/#\/schema\/person\/image\/","url":"https:\/\/secure.gravatar.com\/avatar\/86e3114e34a1eecefb963e0a02f0093f93b092dddb2fe1517596343751081a87?s=96&d=mm&r=g","contentUrl":"https:\/\/secure.gravatar.com\/avatar\/86e3114e34a1eecefb963e0a02f0093f93b092dddb2fe1517596343751081a87?s=96&d=mm&r=g","caption":"sanluisinforma.com"},"url":"https:\/\/sanluisinforma.com\/?author=2"}]}},"_links":{"self":[{"href":"https:\/\/sanluisinforma.com\/index.php?rest_route=\/wp\/v2\/posts\/12899","targetHints":{"allow":["GET"]}}],"collection":[{"href":"https:\/\/sanluisinforma.com\/index.php?rest_route=\/wp\/v2\/posts"}],"about":[{"href":"https:\/\/sanluisinforma.com\/index.php?rest_route=\/wp\/v2\/types\/post"}],"author":[{"embeddable":true,"href":"https:\/\/sanluisinforma.com\/index.php?rest_route=\/wp\/v2\/users\/2"}],"replies":[{"embeddable":true,"href":"https:\/\/sanluisinforma.com\/index.php?rest_route=%2Fwp%2Fv2%2Fcomments&post=12899"}],"version-history":[{"count":1,"href":"https:\/\/sanluisinforma.com\/index.php?rest_route=\/wp\/v2\/posts\/12899\/revisions"}],"predecessor-version":[{"id":12901,"href":"https:\/\/sanluisinforma.com\/index.php?rest_route=\/wp\/v2\/posts\/12899\/revisions\/12901"}],"wp:featuredmedia":[{"embeddable":true,"href":"https:\/\/sanluisinforma.com\/index.php?rest_route=\/wp\/v2\/media\/12900"}],"wp:attachment":[{"href":"https:\/\/sanluisinforma.com\/index.php?rest_route=%2Fwp%2Fv2%2Fmedia&parent=12899"}],"wp:term":[{"taxonomy":"category","embeddable":true,"href":"https:\/\/sanluisinforma.com\/index.php?rest_route=%2Fwp%2Fv2%2Fcategories&post=12899"},{"taxonomy":"post_tag","embeddable":true,"href":"https:\/\/sanluisinforma.com\/index.php?rest_route=%2Fwp%2Fv2%2Ftags&post=12899"}],"curies":[{"name":"wp","href":"https:\/\/api.w.org\/{rel}","templated":true}]}}