{"id":12916,"date":"2025-06-15T00:45:00","date_gmt":"2025-06-15T06:45:00","guid":{"rendered":"https:\/\/sanluisinforma.com\/?p=12916"},"modified":"2025-06-14T21:19:02","modified_gmt":"2025-06-15T03:19:02","slug":"gobierno-de-la-capital-en-alerta-total-ante-pronostico-de-lluvias-intensas-en-san-luis-potosi","status":"publish","type":"post","link":"https:\/\/sanluisinforma.com\/?p=12916","title":{"rendered":"Gobierno de la Capital, en alerta total ante pron\u00f3stico de lluvias intensas en San Luis Potos\u00ed"},"content":{"rendered":"\n<ul class=\"wp-block-list\">\n<li>El Alcalde Enrique Galindo activa coordinaci\u00f3n entre todas las dependencias municipales para prevenir riesgos y atender emergencias; pide a la ciudadan\u00eda colaborar con medidas de precauci\u00f3n.<\/li>\n<\/ul>\n\n\n\n<p><\/p>\n\n\n\n<p>Ante el pron\u00f3stico de lluvias intensas para este fin de semana, el Presidente Municipal Enrique Galindo Ceballos llam\u00f3 a la poblaci\u00f3n de San Luis Potos\u00ed a mantenerse informada a trav\u00e9s de los canales oficiales del Gobierno de la Capital y a tomar precauciones. Reiter\u00f3 que todas las \u00e1reas municipales se encuentran en alerta permanente para responder con rapidez ante cualquier situaci\u00f3n de emergencia, desde afectaciones viales hasta ca\u00eddas de \u00e1rboles y riesgos en zonas vulnerables.<\/p>\n\n\n\n<p>Durante una reuni\u00f3n de evaluaci\u00f3n junto a integrantes de su gabinete, el Alcalde subray\u00f3 que la prioridad es la seguridad de las familias potosinas. Hizo un llamado a no salir de casa si no es necesario, evitar zonas inundables, no tirar basura en la v\u00eda p\u00fablica y reportar escombro o desechos para evitar obstrucciones en los drenajes: \u201cLa prevenci\u00f3n es tarea de todas y todos\u201d, expres\u00f3 Galindo Ceballos.<\/p>\n\n\n\n<p>El titular de la Secretar\u00eda de Seguridad y Protecci\u00f3n Ciudadana, Juan Antonio Villa Guti\u00e9rrez, inform\u00f3 que se espera una acumulaci\u00f3n considerable de lluvia, por lo que se reforzar\u00e1n los operativos de cierre preventivo en vialidades como el bulevar R\u00edo Santiago y el bulevar Espa\u00f1ita, que son cauces naturales. Tambi\u00e9n exhort\u00f3 a respetar las indicaciones de Protecci\u00f3n Civil y Polic\u00eda Vial, as\u00ed como evitar circular por zonas cerradas.<\/p>\n\n\n\n<p>El Gobierno de la Capital asegur\u00f3 que mantendr\u00e1 vigilancia permanente y atenci\u00f3n a reportes ciudadanos a trav\u00e9s de sus distintas \u00e1reas operativas, con \u00e9nfasis en la prevenci\u00f3n, protecci\u00f3n y atenci\u00f3n inmediata durante este periodo de lluvias. La administraci\u00f3n municipal pidi\u00f3 a la poblaci\u00f3n estar atenta a los avisos oficiales y sumarse con responsabilidad a las acciones de cuidado colectivo.<\/p>\n","protected":false},"excerpt":{"rendered":"<p>Ante el pron\u00f3stico de lluvias intensas para este fin de semana, el Presidente Municipal Enrique Galindo Ceballos llam\u00f3 a la<\/p>\n","protected":false},"author":2,"featured_media":12917,"comment_status":"closed","ping_status":"closed","sticky":false,"template":"","format":"standard","meta":{"footnotes":""},"categories":[25,30],"tags":[],"class_list":["post-12916","post","type-post","status-publish","format-standard","has-post-thumbnail","hentry","category-local","category-portada"],"yoast_head":"<!-- This site is optimized with the Yoast SEO plugin v24.1 - https:\/\/yoast.com\/wordpress\/plugins\/seo\/ -->\n<title>Gobierno de la Capital, en alerta total ante pron\u00f3stico de lluvias intensas en San Luis Potos\u00ed - sanluisinforma.com<\/title>\n<meta name=\"robots\" content=\"index, follow, max-snippet:-1, max-image-preview:large, max-video-preview:-1\" \/>\n<link rel=\"canonical\" href=\"https:\/\/sanluisinforma.com\/?p=12916\" \/>\n<meta property=\"og:locale\" content=\"es_MX\" \/>\n<meta property=\"og:type\" content=\"article\" \/>\n<meta property=\"og:title\" content=\"Gobierno de la Capital, en alerta total ante pron\u00f3stico de lluvias intensas en San Luis Potos\u00ed - sanluisinforma.com\" \/>\n<meta property=\"og:description\" content=\"Ante el pron\u00f3stico de lluvias intensas para este fin de semana, el Presidente Municipal Enrique Galindo Ceballos llam\u00f3 a la\" \/>\n<meta property=\"og:url\" content=\"https:\/\/sanluisinforma.com\/?p=12916\" \/>\n<meta property=\"og:site_name\" content=\"sanluisinforma.com\" \/>\n<meta property=\"article:published_time\" content=\"2025-06-15T06:45:00+00:00\" \/>\n<meta property=\"article:modified_time\" content=\"2025-06-15T03:19:02+00:00\" \/>\n<meta property=\"og:image\" content=\"https:\/\/sanluisinforma.com\/wp-content\/uploads\/2025\/06\/d30f5b64-ab56-488f-abc5-4cf865e45d4f.jpg\" \/>\n\t<meta property=\"og:image:width\" content=\"400\" \/>\n\t<meta property=\"og:image:height\" content=\"300\" \/>\n\t<meta property=\"og:image:type\" content=\"image\/jpeg\" \/>\n<meta name=\"author\" content=\"sanluisinforma.com\" \/>\n<meta name=\"twitter:card\" content=\"summary_large_image\" \/>\n<meta name=\"twitter:label1\" content=\"Escrito por\" \/>\n\t<meta name=\"twitter:data1\" content=\"sanluisinforma.com\" \/>\n\t<meta name=\"twitter:label2\" content=\"Tiempo de lectura\" \/>\n\t<meta name=\"twitter:data2\" content=\"2 minutos\" \/>\n<script type=\"application\/ld+json\" class=\"yoast-schema-graph\">{\"@context\":\"https:\/\/schema.org\",\"@graph\":[{\"@type\":\"Article\",\"@id\":\"https:\/\/sanluisinforma.com\/?p=12916#article\",\"isPartOf\":{\"@id\":\"https:\/\/sanluisinforma.com\/?p=12916\"},\"author\":{\"name\":\"sanluisinforma.com\",\"@id\":\"https:\/\/sanluisinforma.com\/#\/schema\/person\/c30648f71476be533b6f59d092905c8b\"},\"headline\":\"Gobierno de la Capital, en alerta total ante pron\u00f3stico de lluvias intensas en San Luis Potos\u00ed\",\"datePublished\":\"2025-06-15T06:45:00+00:00\",\"dateModified\":\"2025-06-15T03:19:02+00:00\",\"mainEntityOfPage\":{\"@id\":\"https:\/\/sanluisinforma.com\/?p=12916\"},\"wordCount\":342,\"publisher\":{\"@id\":\"https:\/\/sanluisinforma.com\/#organization\"},\"image\":{\"@id\":\"https:\/\/sanluisinforma.com\/?p=12916#primaryimage\"},\"thumbnailUrl\":\"https:\/\/sanluisinforma.com\/wp-content\/uploads\/2025\/06\/d30f5b64-ab56-488f-abc5-4cf865e45d4f.jpg\",\"articleSection\":[\"Local\",\"Portada\"],\"inLanguage\":\"es\"},{\"@type\":\"WebPage\",\"@id\":\"https:\/\/sanluisinforma.com\/?p=12916\",\"url\":\"https:\/\/sanluisinforma.com\/?p=12916\",\"name\":\"Gobierno de la Capital, en alerta total ante pron\u00f3stico de lluvias intensas en San Luis Potos\u00ed - sanluisinforma.com\",\"isPartOf\":{\"@id\":\"https:\/\/sanluisinforma.com\/#website\"},\"primaryImageOfPage\":{\"@id\":\"https:\/\/sanluisinforma.com\/?p=12916#primaryimage\"},\"image\":{\"@id\":\"https:\/\/sanluisinforma.com\/?p=12916#primaryimage\"},\"thumbnailUrl\":\"https:\/\/sanluisinforma.com\/wp-content\/uploads\/2025\/06\/d30f5b64-ab56-488f-abc5-4cf865e45d4f.jpg\",\"datePublished\":\"2025-06-15T06:45:00+00:00\",\"dateModified\":\"2025-06-15T03:19:02+00:00\",\"breadcrumb\":{\"@id\":\"https:\/\/sanluisinforma.com\/?p=12916#breadcrumb\"},\"inLanguage\":\"es\",\"potentialAction\":[{\"@type\":\"ReadAction\",\"target\":[\"https:\/\/sanluisinforma.com\/?p=12916\"]}]},{\"@type\":\"ImageObject\",\"inLanguage\":\"es\",\"@id\":\"https:\/\/sanluisinforma.com\/?p=12916#primaryimage\",\"url\":\"https:\/\/sanluisinforma.com\/wp-content\/uploads\/2025\/06\/d30f5b64-ab56-488f-abc5-4cf865e45d4f.jpg\",\"contentUrl\":\"https:\/\/sanluisinforma.com\/wp-content\/uploads\/2025\/06\/d30f5b64-ab56-488f-abc5-4cf865e45d4f.jpg\",\"width\":400,\"height\":300},{\"@type\":\"BreadcrumbList\",\"@id\":\"https:\/\/sanluisinforma.com\/?p=12916#breadcrumb\",\"itemListElement\":[{\"@type\":\"ListItem\",\"position\":1,\"name\":\"Inicio\",\"item\":\"https:\/\/sanluisinforma.com\/\"},{\"@type\":\"ListItem\",\"position\":2,\"name\":\"Gobierno de la Capital, en alerta total ante pron\u00f3stico de lluvias intensas en San Luis Potos\u00ed\"}]},{\"@type\":\"WebSite\",\"@id\":\"https:\/\/sanluisinforma.com\/#website\",\"url\":\"https:\/\/sanluisinforma.com\/\",\"name\":\"sanluisinforma.com\",\"description\":\"Periodico San Luis Informa\",\"publisher\":{\"@id\":\"https:\/\/sanluisinforma.com\/#organization\"},\"potentialAction\":[{\"@type\":\"SearchAction\",\"target\":{\"@type\":\"EntryPoint\",\"urlTemplate\":\"https:\/\/sanluisinforma.com\/?s={search_term_string}\"},\"query-input\":{\"@type\":\"PropertyValueSpecification\",\"valueRequired\":true,\"valueName\":\"search_term_string\"}}],\"inLanguage\":\"es\"},{\"@type\":\"Organization\",\"@id\":\"https:\/\/sanluisinforma.com\/#organization\",\"name\":\"sanluisinforma.com\",\"url\":\"https:\/\/sanluisinforma.com\/\",\"logo\":{\"@type\":\"ImageObject\",\"inLanguage\":\"es\",\"@id\":\"https:\/\/sanluisinforma.com\/#\/schema\/logo\/image\/\",\"url\":\"https:\/\/sanluisinforma.com\/wp-content\/uploads\/2026\/03\/sanluisinforma-V.jpg\",\"contentUrl\":\"https:\/\/sanluisinforma.com\/wp-content\/uploads\/2026\/03\/sanluisinforma-V.jpg\",\"width\":500,\"height\":156,\"caption\":\"sanluisinforma.com\"},\"image\":{\"@id\":\"https:\/\/sanluisinforma.com\/#\/schema\/logo\/image\/\"}},{\"@type\":\"Person\",\"@id\":\"https:\/\/sanluisinforma.com\/#\/schema\/person\/c30648f71476be533b6f59d092905c8b\",\"name\":\"sanluisinforma.com\",\"image\":{\"@type\":\"ImageObject\",\"inLanguage\":\"es\",\"@id\":\"https:\/\/sanluisinforma.com\/#\/schema\/person\/image\/\",\"url\":\"https:\/\/secure.gravatar.com\/avatar\/86e3114e34a1eecefb963e0a02f0093f93b092dddb2fe1517596343751081a87?s=96&d=mm&r=g\",\"contentUrl\":\"https:\/\/secure.gravatar.com\/avatar\/86e3114e34a1eecefb963e0a02f0093f93b092dddb2fe1517596343751081a87?s=96&d=mm&r=g\",\"caption\":\"sanluisinforma.com\"},\"url\":\"https:\/\/sanluisinforma.com\/?author=2\"}]}<\/script>\n<!-- \/ Yoast SEO plugin. -->","yoast_head_json":{"title":"Gobierno de la Capital, en alerta total ante pron\u00f3stico de lluvias intensas en San Luis Potos\u00ed - sanluisinforma.com","robots":{"index":"index","follow":"follow","max-snippet":"max-snippet:-1","max-image-preview":"max-image-preview:large","max-video-preview":"max-video-preview:-1"},"canonical":"https:\/\/sanluisinforma.com\/?p=12916","og_locale":"es_MX","og_type":"article","og_title":"Gobierno de la Capital, en alerta total ante pron\u00f3stico de lluvias intensas en San Luis Potos\u00ed - sanluisinforma.com","og_description":"Ante el pron\u00f3stico de lluvias intensas para este fin de semana, el Presidente Municipal Enrique Galindo Ceballos llam\u00f3 a la","og_url":"https:\/\/sanluisinforma.com\/?p=12916","og_site_name":"sanluisinforma.com","article_published_time":"2025-06-15T06:45:00+00:00","article_modified_time":"2025-06-15T03:19:02+00:00","og_image":[{"width":400,"height":300,"url":"https:\/\/sanluisinforma.com\/wp-content\/uploads\/2025\/06\/d30f5b64-ab56-488f-abc5-4cf865e45d4f.jpg","type":"image\/jpeg"}],"author":"sanluisinforma.com","twitter_card":"summary_large_image","twitter_misc":{"Escrito por":"sanluisinforma.com","Tiempo de lectura":"2 minutos"},"schema":{"@context":"https:\/\/schema.org","@graph":[{"@type":"Article","@id":"https:\/\/sanluisinforma.com\/?p=12916#article","isPartOf":{"@id":"https:\/\/sanluisinforma.com\/?p=12916"},"author":{"name":"sanluisinforma.com","@id":"https:\/\/sanluisinforma.com\/#\/schema\/person\/c30648f71476be533b6f59d092905c8b"},"headline":"Gobierno de la Capital, en alerta total ante pron\u00f3stico de lluvias intensas en San Luis Potos\u00ed","datePublished":"2025-06-15T06:45:00+00:00","dateModified":"2025-06-15T03:19:02+00:00","mainEntityOfPage":{"@id":"https:\/\/sanluisinforma.com\/?p=12916"},"wordCount":342,"publisher":{"@id":"https:\/\/sanluisinforma.com\/#organization"},"image":{"@id":"https:\/\/sanluisinforma.com\/?p=12916#primaryimage"},"thumbnailUrl":"https:\/\/sanluisinforma.com\/wp-content\/uploads\/2025\/06\/d30f5b64-ab56-488f-abc5-4cf865e45d4f.jpg","articleSection":["Local","Portada"],"inLanguage":"es"},{"@type":"WebPage","@id":"https:\/\/sanluisinforma.com\/?p=12916","url":"https:\/\/sanluisinforma.com\/?p=12916","name":"Gobierno de la Capital, en alerta total ante pron\u00f3stico de lluvias intensas en San Luis Potos\u00ed - sanluisinforma.com","isPartOf":{"@id":"https:\/\/sanluisinforma.com\/#website"},"primaryImageOfPage":{"@id":"https:\/\/sanluisinforma.com\/?p=12916#primaryimage"},"image":{"@id":"https:\/\/sanluisinforma.com\/?p=12916#primaryimage"},"thumbnailUrl":"https:\/\/sanluisinforma.com\/wp-content\/uploads\/2025\/06\/d30f5b64-ab56-488f-abc5-4cf865e45d4f.jpg","datePublished":"2025-06-15T06:45:00+00:00","dateModified":"2025-06-15T03:19:02+00:00","breadcrumb":{"@id":"https:\/\/sanluisinforma.com\/?p=12916#breadcrumb"},"inLanguage":"es","potentialAction":[{"@type":"ReadAction","target":["https:\/\/sanluisinforma.com\/?p=12916"]}]},{"@type":"ImageObject","inLanguage":"es","@id":"https:\/\/sanluisinforma.com\/?p=12916#primaryimage","url":"https:\/\/sanluisinforma.com\/wp-content\/uploads\/2025\/06\/d30f5b64-ab56-488f-abc5-4cf865e45d4f.jpg","contentUrl":"https:\/\/sanluisinforma.com\/wp-content\/uploads\/2025\/06\/d30f5b64-ab56-488f-abc5-4cf865e45d4f.jpg","width":400,"height":300},{"@type":"BreadcrumbList","@id":"https:\/\/sanluisinforma.com\/?p=12916#breadcrumb","itemListElement":[{"@type":"ListItem","position":1,"name":"Inicio","item":"https:\/\/sanluisinforma.com\/"},{"@type":"ListItem","position":2,"name":"Gobierno de la Capital, en alerta total ante pron\u00f3stico de lluvias intensas en San Luis Potos\u00ed"}]},{"@type":"WebSite","@id":"https:\/\/sanluisinforma.com\/#website","url":"https:\/\/sanluisinforma.com\/","name":"sanluisinforma.com","description":"Periodico San Luis Informa","publisher":{"@id":"https:\/\/sanluisinforma.com\/#organization"},"potentialAction":[{"@type":"SearchAction","target":{"@type":"EntryPoint","urlTemplate":"https:\/\/sanluisinforma.com\/?s={search_term_string}"},"query-input":{"@type":"PropertyValueSpecification","valueRequired":true,"valueName":"search_term_string"}}],"inLanguage":"es"},{"@type":"Organization","@id":"https:\/\/sanluisinforma.com\/#organization","name":"sanluisinforma.com","url":"https:\/\/sanluisinforma.com\/","logo":{"@type":"ImageObject","inLanguage":"es","@id":"https:\/\/sanluisinforma.com\/#\/schema\/logo\/image\/","url":"https:\/\/sanluisinforma.com\/wp-content\/uploads\/2026\/03\/sanluisinforma-V.jpg","contentUrl":"https:\/\/sanluisinforma.com\/wp-content\/uploads\/2026\/03\/sanluisinforma-V.jpg","width":500,"height":156,"caption":"sanluisinforma.com"},"image":{"@id":"https:\/\/sanluisinforma.com\/#\/schema\/logo\/image\/"}},{"@type":"Person","@id":"https:\/\/sanluisinforma.com\/#\/schema\/person\/c30648f71476be533b6f59d092905c8b","name":"sanluisinforma.com","image":{"@type":"ImageObject","inLanguage":"es","@id":"https:\/\/sanluisinforma.com\/#\/schema\/person\/image\/","url":"https:\/\/secure.gravatar.com\/avatar\/86e3114e34a1eecefb963e0a02f0093f93b092dddb2fe1517596343751081a87?s=96&d=mm&r=g","contentUrl":"https:\/\/secure.gravatar.com\/avatar\/86e3114e34a1eecefb963e0a02f0093f93b092dddb2fe1517596343751081a87?s=96&d=mm&r=g","caption":"sanluisinforma.com"},"url":"https:\/\/sanluisinforma.com\/?author=2"}]}},"_links":{"self":[{"href":"https:\/\/sanluisinforma.com\/index.php?rest_route=\/wp\/v2\/posts\/12916","targetHints":{"allow":["GET"]}}],"collection":[{"href":"https:\/\/sanluisinforma.com\/index.php?rest_route=\/wp\/v2\/posts"}],"about":[{"href":"https:\/\/sanluisinforma.com\/index.php?rest_route=\/wp\/v2\/types\/post"}],"author":[{"embeddable":true,"href":"https:\/\/sanluisinforma.com\/index.php?rest_route=\/wp\/v2\/users\/2"}],"replies":[{"embeddable":true,"href":"https:\/\/sanluisinforma.com\/index.php?rest_route=%2Fwp%2Fv2%2Fcomments&post=12916"}],"version-history":[{"count":1,"href":"https:\/\/sanluisinforma.com\/index.php?rest_route=\/wp\/v2\/posts\/12916\/revisions"}],"predecessor-version":[{"id":12918,"href":"https:\/\/sanluisinforma.com\/index.php?rest_route=\/wp\/v2\/posts\/12916\/revisions\/12918"}],"wp:featuredmedia":[{"embeddable":true,"href":"https:\/\/sanluisinforma.com\/index.php?rest_route=\/wp\/v2\/media\/12917"}],"wp:attachment":[{"href":"https:\/\/sanluisinforma.com\/index.php?rest_route=%2Fwp%2Fv2%2Fmedia&parent=12916"}],"wp:term":[{"taxonomy":"category","embeddable":true,"href":"https:\/\/sanluisinforma.com\/index.php?rest_route=%2Fwp%2Fv2%2Fcategories&post=12916"},{"taxonomy":"post_tag","embeddable":true,"href":"https:\/\/sanluisinforma.com\/index.php?rest_route=%2Fwp%2Fv2%2Ftags&post=12916"}],"curies":[{"name":"wp","href":"https:\/\/api.w.org\/{rel}","templated":true}]}}