{"id":12919,"date":"2025-06-15T00:40:22","date_gmt":"2025-06-15T06:40:22","guid":{"rendered":"https:\/\/sanluisinforma.com\/?p=12919"},"modified":"2025-06-14T21:20:30","modified_gmt":"2025-06-15T03:20:30","slug":"por-primera-vez-en-la-historia-del-mexico-independiente-pueblos-indigenas-y-afroamericanos-tienen-recursos-directos-presidenta-claudia-sheinbaum","status":"publish","type":"post","link":"https:\/\/sanluisinforma.com\/?p=12919","title":{"rendered":"Por primera vez en la Historia del M\u00e9xico Independiente , Pueblos ind\u00edgenas y Afroamericanos tienen recursos directos: Presidenta Claudia Sheinbaum"},"content":{"rendered":"\n<p><\/p>\n\n\n\n<p>* \u201cEs una gran transformaci\u00f3n, es una revoluci\u00f3n completa\u201d, asegur\u00f3<\/p>\n\n\n\n<p>* La titular del Poder Ejecutivo Federal realiz\u00f3 la entrega de tarjetas que suman m\u00e1s de 38 mdp del FAISPIAM para pueblos originarios de Tlaxcala<\/p>\n\n\n\n<p>La Presidenta Claudia Sheinbaum Pardo encabez\u00f3 la asamblea del Fondo de Aportaciones para la Infraestructura Social para Pueblos y Comunidades Ind\u00edgenas (FAISPIAM) realizada en San Pablo del Monte, Tlaxcala, donde destac\u00f3 que con la Cuarta Transformaci\u00f3n es la primera vez en la historia del M\u00e9xico independiente que los pueblos ind\u00edgenas y afromexicanos reciben recursos directos como parte del reconocimiento pleno de sus derechos, lo cual ya est\u00e1 establecido en la Constituci\u00f3n.<\/p>\n\n\n\n<p>\u201cEl d\u00eda hoy estamos cumpliendo esta reforma constitucional, lo que dice la Constituci\u00f3n. Por primera vez en la historia del M\u00e9xico independiente, los pueblos ind\u00edgenas y afromexicanos tienen un recurso del presupuesto p\u00fablico directo, que ellos deciden, ustedes deciden c\u00f3mo utilizar, es una gran transformaci\u00f3n, es una revoluci\u00f3n completa\u201d, destac\u00f3.<\/p>\n\n\n\n<p>Record\u00f3 que son cerca de 13 mil millones de pesos (mdp) los que destin\u00f3 el Gobierno de M\u00e9xico para los pueblos originarios este a\u00f1o, quienes administrar\u00e1n de forma aut\u00f3noma estos recursos y ser\u00e1n mujeres las Tesoreras de cada comunidad, en concordancia con la conmemoraci\u00f3n del A\u00f1o de la Mujer ind\u00edgena.<\/p>\n\n\n\n<p>\u201cLas mujeres administramos bien los recursos, por eso son Tesoreras de estos recursos y entre todos deciden c\u00f3mo utilizar estos recursos\u201d, asegur\u00f3.<\/p>\n\n\n\n<p>Durante el evento, la titular del Poder Ejecutivo Federal realiz\u00f3 la entrega de tarjetas con el recurso para cada comunidad, por un monto superior a los 38 mdp, para invertir en obras que fueron definidas en 38 asambleas comunitarias que concluyeron el pasado 12 de mayo.<\/p>\n\n\n\n<p>Destac\u00f3 la sabidur\u00eda del pueblo de M\u00e9xico en la pasada elecci\u00f3n judicial al designar a Hugo Aguilar Ortiz, un abogado mixteco, como el pr\u00f3ximo ministro presidente de la Suprema Corte de Justicia de la Naci\u00f3n (SCJN).<\/p>\n\n\n\n<p>\u201cF\u00edjense lo sabio que es el pueblo de M\u00e9xico, \u00bfA qui\u00e9n decidi\u00f3 que fuera el Presidente de la Corte? A un ind\u00edgena mixteco, a Hugo Aguilar, despu\u00e9s de Benito Ju\u00e1rez no hab\u00eda habido un presidente o presidenta de la Corte que hubiera sido de origen ind\u00edgena, ahora s\u00ed, es un cambio profundo\u201d, agreg\u00f3.<\/p>\n","protected":false},"excerpt":{"rendered":"<p>* \u201cEs una gran transformaci\u00f3n, es una revoluci\u00f3n completa\u201d, asegur\u00f3 * La titular del Poder Ejecutivo Federal realiz\u00f3 la entrega<\/p>\n","protected":false},"author":2,"featured_media":12920,"comment_status":"closed","ping_status":"closed","sticky":false,"template":"","format":"standard","meta":{"footnotes":""},"categories":[26],"tags":[],"class_list":["post-12919","post","type-post","status-publish","format-standard","has-post-thumbnail","hentry","category-nacional"],"yoast_head":"<!-- This site is optimized with the Yoast SEO plugin v24.1 - https:\/\/yoast.com\/wordpress\/plugins\/seo\/ -->\n<title>Por primera vez en la Historia del M\u00e9xico Independiente , Pueblos ind\u00edgenas y Afroamericanos tienen recursos directos: Presidenta Claudia Sheinbaum - sanluisinforma.com<\/title>\n<meta name=\"robots\" content=\"index, follow, max-snippet:-1, max-image-preview:large, max-video-preview:-1\" \/>\n<link rel=\"canonical\" href=\"https:\/\/sanluisinforma.com\/?p=12919\" \/>\n<meta property=\"og:locale\" content=\"es_MX\" \/>\n<meta property=\"og:type\" content=\"article\" \/>\n<meta property=\"og:title\" content=\"Por primera vez en la Historia del M\u00e9xico Independiente , Pueblos ind\u00edgenas y Afroamericanos tienen recursos directos: Presidenta Claudia Sheinbaum - sanluisinforma.com\" \/>\n<meta property=\"og:description\" content=\"* \u201cEs una gran transformaci\u00f3n, es una revoluci\u00f3n completa\u201d, asegur\u00f3 * La titular del Poder Ejecutivo Federal realiz\u00f3 la entrega\" \/>\n<meta property=\"og:url\" content=\"https:\/\/sanluisinforma.com\/?p=12919\" \/>\n<meta property=\"og:site_name\" content=\"sanluisinforma.com\" \/>\n<meta property=\"article:published_time\" content=\"2025-06-15T06:40:22+00:00\" \/>\n<meta property=\"article:modified_time\" content=\"2025-06-15T03:20:30+00:00\" \/>\n<meta property=\"og:image\" content=\"https:\/\/sanluisinforma.com\/wp-content\/uploads\/2025\/06\/fc35fcfe-db2f-4988-94ff-b6f207c005c6.jpg\" \/>\n\t<meta property=\"og:image:width\" content=\"400\" \/>\n\t<meta property=\"og:image:height\" content=\"266\" \/>\n\t<meta property=\"og:image:type\" content=\"image\/jpeg\" \/>\n<meta name=\"author\" content=\"sanluisinforma.com\" \/>\n<meta name=\"twitter:card\" content=\"summary_large_image\" \/>\n<meta name=\"twitter:label1\" content=\"Escrito por\" \/>\n\t<meta name=\"twitter:data1\" content=\"sanluisinforma.com\" \/>\n\t<meta name=\"twitter:label2\" content=\"Tiempo de lectura\" \/>\n\t<meta name=\"twitter:data2\" content=\"2 minutos\" \/>\n<script type=\"application\/ld+json\" class=\"yoast-schema-graph\">{\"@context\":\"https:\/\/schema.org\",\"@graph\":[{\"@type\":\"Article\",\"@id\":\"https:\/\/sanluisinforma.com\/?p=12919#article\",\"isPartOf\":{\"@id\":\"https:\/\/sanluisinforma.com\/?p=12919\"},\"author\":{\"name\":\"sanluisinforma.com\",\"@id\":\"https:\/\/sanluisinforma.com\/#\/schema\/person\/c30648f71476be533b6f59d092905c8b\"},\"headline\":\"Por primera vez en la Historia del M\u00e9xico Independiente , Pueblos ind\u00edgenas y Afroamericanos tienen recursos directos: Presidenta Claudia Sheinbaum\",\"datePublished\":\"2025-06-15T06:40:22+00:00\",\"dateModified\":\"2025-06-15T03:20:30+00:00\",\"mainEntityOfPage\":{\"@id\":\"https:\/\/sanluisinforma.com\/?p=12919\"},\"wordCount\":415,\"publisher\":{\"@id\":\"https:\/\/sanluisinforma.com\/#organization\"},\"image\":{\"@id\":\"https:\/\/sanluisinforma.com\/?p=12919#primaryimage\"},\"thumbnailUrl\":\"https:\/\/sanluisinforma.com\/wp-content\/uploads\/2025\/06\/fc35fcfe-db2f-4988-94ff-b6f207c005c6.jpg\",\"articleSection\":[\"Nacional\"],\"inLanguage\":\"es\"},{\"@type\":\"WebPage\",\"@id\":\"https:\/\/sanluisinforma.com\/?p=12919\",\"url\":\"https:\/\/sanluisinforma.com\/?p=12919\",\"name\":\"Por primera vez en la Historia del M\u00e9xico Independiente , Pueblos ind\u00edgenas y Afroamericanos tienen recursos directos: Presidenta Claudia Sheinbaum - sanluisinforma.com\",\"isPartOf\":{\"@id\":\"https:\/\/sanluisinforma.com\/#website\"},\"primaryImageOfPage\":{\"@id\":\"https:\/\/sanluisinforma.com\/?p=12919#primaryimage\"},\"image\":{\"@id\":\"https:\/\/sanluisinforma.com\/?p=12919#primaryimage\"},\"thumbnailUrl\":\"https:\/\/sanluisinforma.com\/wp-content\/uploads\/2025\/06\/fc35fcfe-db2f-4988-94ff-b6f207c005c6.jpg\",\"datePublished\":\"2025-06-15T06:40:22+00:00\",\"dateModified\":\"2025-06-15T03:20:30+00:00\",\"breadcrumb\":{\"@id\":\"https:\/\/sanluisinforma.com\/?p=12919#breadcrumb\"},\"inLanguage\":\"es\",\"potentialAction\":[{\"@type\":\"ReadAction\",\"target\":[\"https:\/\/sanluisinforma.com\/?p=12919\"]}]},{\"@type\":\"ImageObject\",\"inLanguage\":\"es\",\"@id\":\"https:\/\/sanluisinforma.com\/?p=12919#primaryimage\",\"url\":\"https:\/\/sanluisinforma.com\/wp-content\/uploads\/2025\/06\/fc35fcfe-db2f-4988-94ff-b6f207c005c6.jpg\",\"contentUrl\":\"https:\/\/sanluisinforma.com\/wp-content\/uploads\/2025\/06\/fc35fcfe-db2f-4988-94ff-b6f207c005c6.jpg\",\"width\":400,\"height\":266},{\"@type\":\"BreadcrumbList\",\"@id\":\"https:\/\/sanluisinforma.com\/?p=12919#breadcrumb\",\"itemListElement\":[{\"@type\":\"ListItem\",\"position\":1,\"name\":\"Inicio\",\"item\":\"https:\/\/sanluisinforma.com\/\"},{\"@type\":\"ListItem\",\"position\":2,\"name\":\"Por primera vez en la Historia del M\u00e9xico Independiente , Pueblos ind\u00edgenas y Afroamericanos tienen recursos directos: Presidenta Claudia Sheinbaum\"}]},{\"@type\":\"WebSite\",\"@id\":\"https:\/\/sanluisinforma.com\/#website\",\"url\":\"https:\/\/sanluisinforma.com\/\",\"name\":\"sanluisinforma.com\",\"description\":\"Periodico San Luis Informa\",\"publisher\":{\"@id\":\"https:\/\/sanluisinforma.com\/#organization\"},\"potentialAction\":[{\"@type\":\"SearchAction\",\"target\":{\"@type\":\"EntryPoint\",\"urlTemplate\":\"https:\/\/sanluisinforma.com\/?s={search_term_string}\"},\"query-input\":{\"@type\":\"PropertyValueSpecification\",\"valueRequired\":true,\"valueName\":\"search_term_string\"}}],\"inLanguage\":\"es\"},{\"@type\":\"Organization\",\"@id\":\"https:\/\/sanluisinforma.com\/#organization\",\"name\":\"sanluisinforma.com\",\"url\":\"https:\/\/sanluisinforma.com\/\",\"logo\":{\"@type\":\"ImageObject\",\"inLanguage\":\"es\",\"@id\":\"https:\/\/sanluisinforma.com\/#\/schema\/logo\/image\/\",\"url\":\"https:\/\/sanluisinforma.com\/wp-content\/uploads\/2026\/03\/sanluisinforma-V.jpg\",\"contentUrl\":\"https:\/\/sanluisinforma.com\/wp-content\/uploads\/2026\/03\/sanluisinforma-V.jpg\",\"width\":500,\"height\":156,\"caption\":\"sanluisinforma.com\"},\"image\":{\"@id\":\"https:\/\/sanluisinforma.com\/#\/schema\/logo\/image\/\"}},{\"@type\":\"Person\",\"@id\":\"https:\/\/sanluisinforma.com\/#\/schema\/person\/c30648f71476be533b6f59d092905c8b\",\"name\":\"sanluisinforma.com\",\"image\":{\"@type\":\"ImageObject\",\"inLanguage\":\"es\",\"@id\":\"https:\/\/sanluisinforma.com\/#\/schema\/person\/image\/\",\"url\":\"https:\/\/secure.gravatar.com\/avatar\/86e3114e34a1eecefb963e0a02f0093f93b092dddb2fe1517596343751081a87?s=96&d=mm&r=g\",\"contentUrl\":\"https:\/\/secure.gravatar.com\/avatar\/86e3114e34a1eecefb963e0a02f0093f93b092dddb2fe1517596343751081a87?s=96&d=mm&r=g\",\"caption\":\"sanluisinforma.com\"},\"url\":\"https:\/\/sanluisinforma.com\/?author=2\"}]}<\/script>\n<!-- \/ Yoast SEO plugin. -->","yoast_head_json":{"title":"Por primera vez en la Historia del M\u00e9xico Independiente , Pueblos ind\u00edgenas y Afroamericanos tienen recursos directos: Presidenta Claudia Sheinbaum - sanluisinforma.com","robots":{"index":"index","follow":"follow","max-snippet":"max-snippet:-1","max-image-preview":"max-image-preview:large","max-video-preview":"max-video-preview:-1"},"canonical":"https:\/\/sanluisinforma.com\/?p=12919","og_locale":"es_MX","og_type":"article","og_title":"Por primera vez en la Historia del M\u00e9xico Independiente , Pueblos ind\u00edgenas y Afroamericanos tienen recursos directos: Presidenta Claudia Sheinbaum - sanluisinforma.com","og_description":"* \u201cEs una gran transformaci\u00f3n, es una revoluci\u00f3n completa\u201d, asegur\u00f3 * La titular del Poder Ejecutivo Federal realiz\u00f3 la entrega","og_url":"https:\/\/sanluisinforma.com\/?p=12919","og_site_name":"sanluisinforma.com","article_published_time":"2025-06-15T06:40:22+00:00","article_modified_time":"2025-06-15T03:20:30+00:00","og_image":[{"width":400,"height":266,"url":"https:\/\/sanluisinforma.com\/wp-content\/uploads\/2025\/06\/fc35fcfe-db2f-4988-94ff-b6f207c005c6.jpg","type":"image\/jpeg"}],"author":"sanluisinforma.com","twitter_card":"summary_large_image","twitter_misc":{"Escrito por":"sanluisinforma.com","Tiempo de lectura":"2 minutos"},"schema":{"@context":"https:\/\/schema.org","@graph":[{"@type":"Article","@id":"https:\/\/sanluisinforma.com\/?p=12919#article","isPartOf":{"@id":"https:\/\/sanluisinforma.com\/?p=12919"},"author":{"name":"sanluisinforma.com","@id":"https:\/\/sanluisinforma.com\/#\/schema\/person\/c30648f71476be533b6f59d092905c8b"},"headline":"Por primera vez en la Historia del M\u00e9xico Independiente , Pueblos ind\u00edgenas y Afroamericanos tienen recursos directos: Presidenta Claudia Sheinbaum","datePublished":"2025-06-15T06:40:22+00:00","dateModified":"2025-06-15T03:20:30+00:00","mainEntityOfPage":{"@id":"https:\/\/sanluisinforma.com\/?p=12919"},"wordCount":415,"publisher":{"@id":"https:\/\/sanluisinforma.com\/#organization"},"image":{"@id":"https:\/\/sanluisinforma.com\/?p=12919#primaryimage"},"thumbnailUrl":"https:\/\/sanluisinforma.com\/wp-content\/uploads\/2025\/06\/fc35fcfe-db2f-4988-94ff-b6f207c005c6.jpg","articleSection":["Nacional"],"inLanguage":"es"},{"@type":"WebPage","@id":"https:\/\/sanluisinforma.com\/?p=12919","url":"https:\/\/sanluisinforma.com\/?p=12919","name":"Por primera vez en la Historia del M\u00e9xico Independiente , Pueblos ind\u00edgenas y Afroamericanos tienen recursos directos: Presidenta Claudia Sheinbaum - sanluisinforma.com","isPartOf":{"@id":"https:\/\/sanluisinforma.com\/#website"},"primaryImageOfPage":{"@id":"https:\/\/sanluisinforma.com\/?p=12919#primaryimage"},"image":{"@id":"https:\/\/sanluisinforma.com\/?p=12919#primaryimage"},"thumbnailUrl":"https:\/\/sanluisinforma.com\/wp-content\/uploads\/2025\/06\/fc35fcfe-db2f-4988-94ff-b6f207c005c6.jpg","datePublished":"2025-06-15T06:40:22+00:00","dateModified":"2025-06-15T03:20:30+00:00","breadcrumb":{"@id":"https:\/\/sanluisinforma.com\/?p=12919#breadcrumb"},"inLanguage":"es","potentialAction":[{"@type":"ReadAction","target":["https:\/\/sanluisinforma.com\/?p=12919"]}]},{"@type":"ImageObject","inLanguage":"es","@id":"https:\/\/sanluisinforma.com\/?p=12919#primaryimage","url":"https:\/\/sanluisinforma.com\/wp-content\/uploads\/2025\/06\/fc35fcfe-db2f-4988-94ff-b6f207c005c6.jpg","contentUrl":"https:\/\/sanluisinforma.com\/wp-content\/uploads\/2025\/06\/fc35fcfe-db2f-4988-94ff-b6f207c005c6.jpg","width":400,"height":266},{"@type":"BreadcrumbList","@id":"https:\/\/sanluisinforma.com\/?p=12919#breadcrumb","itemListElement":[{"@type":"ListItem","position":1,"name":"Inicio","item":"https:\/\/sanluisinforma.com\/"},{"@type":"ListItem","position":2,"name":"Por primera vez en la Historia del M\u00e9xico Independiente , Pueblos ind\u00edgenas y Afroamericanos tienen recursos directos: Presidenta Claudia Sheinbaum"}]},{"@type":"WebSite","@id":"https:\/\/sanluisinforma.com\/#website","url":"https:\/\/sanluisinforma.com\/","name":"sanluisinforma.com","description":"Periodico San Luis Informa","publisher":{"@id":"https:\/\/sanluisinforma.com\/#organization"},"potentialAction":[{"@type":"SearchAction","target":{"@type":"EntryPoint","urlTemplate":"https:\/\/sanluisinforma.com\/?s={search_term_string}"},"query-input":{"@type":"PropertyValueSpecification","valueRequired":true,"valueName":"search_term_string"}}],"inLanguage":"es"},{"@type":"Organization","@id":"https:\/\/sanluisinforma.com\/#organization","name":"sanluisinforma.com","url":"https:\/\/sanluisinforma.com\/","logo":{"@type":"ImageObject","inLanguage":"es","@id":"https:\/\/sanluisinforma.com\/#\/schema\/logo\/image\/","url":"https:\/\/sanluisinforma.com\/wp-content\/uploads\/2026\/03\/sanluisinforma-V.jpg","contentUrl":"https:\/\/sanluisinforma.com\/wp-content\/uploads\/2026\/03\/sanluisinforma-V.jpg","width":500,"height":156,"caption":"sanluisinforma.com"},"image":{"@id":"https:\/\/sanluisinforma.com\/#\/schema\/logo\/image\/"}},{"@type":"Person","@id":"https:\/\/sanluisinforma.com\/#\/schema\/person\/c30648f71476be533b6f59d092905c8b","name":"sanluisinforma.com","image":{"@type":"ImageObject","inLanguage":"es","@id":"https:\/\/sanluisinforma.com\/#\/schema\/person\/image\/","url":"https:\/\/secure.gravatar.com\/avatar\/86e3114e34a1eecefb963e0a02f0093f93b092dddb2fe1517596343751081a87?s=96&d=mm&r=g","contentUrl":"https:\/\/secure.gravatar.com\/avatar\/86e3114e34a1eecefb963e0a02f0093f93b092dddb2fe1517596343751081a87?s=96&d=mm&r=g","caption":"sanluisinforma.com"},"url":"https:\/\/sanluisinforma.com\/?author=2"}]}},"_links":{"self":[{"href":"https:\/\/sanluisinforma.com\/index.php?rest_route=\/wp\/v2\/posts\/12919","targetHints":{"allow":["GET"]}}],"collection":[{"href":"https:\/\/sanluisinforma.com\/index.php?rest_route=\/wp\/v2\/posts"}],"about":[{"href":"https:\/\/sanluisinforma.com\/index.php?rest_route=\/wp\/v2\/types\/post"}],"author":[{"embeddable":true,"href":"https:\/\/sanluisinforma.com\/index.php?rest_route=\/wp\/v2\/users\/2"}],"replies":[{"embeddable":true,"href":"https:\/\/sanluisinforma.com\/index.php?rest_route=%2Fwp%2Fv2%2Fcomments&post=12919"}],"version-history":[{"count":1,"href":"https:\/\/sanluisinforma.com\/index.php?rest_route=\/wp\/v2\/posts\/12919\/revisions"}],"predecessor-version":[{"id":12921,"href":"https:\/\/sanluisinforma.com\/index.php?rest_route=\/wp\/v2\/posts\/12919\/revisions\/12921"}],"wp:featuredmedia":[{"embeddable":true,"href":"https:\/\/sanluisinforma.com\/index.php?rest_route=\/wp\/v2\/media\/12920"}],"wp:attachment":[{"href":"https:\/\/sanluisinforma.com\/index.php?rest_route=%2Fwp%2Fv2%2Fmedia&parent=12919"}],"wp:term":[{"taxonomy":"category","embeddable":true,"href":"https:\/\/sanluisinforma.com\/index.php?rest_route=%2Fwp%2Fv2%2Fcategories&post=12919"},{"taxonomy":"post_tag","embeddable":true,"href":"https:\/\/sanluisinforma.com\/index.php?rest_route=%2Fwp%2Fv2%2Ftags&post=12919"}],"curies":[{"name":"wp","href":"https:\/\/api.w.org\/{rel}","templated":true}]}}