{"id":12922,"date":"2025-06-15T00:35:00","date_gmt":"2025-06-15T06:35:00","guid":{"rendered":"https:\/\/sanluisinforma.com\/?p=12922"},"modified":"2025-06-14T21:19:26","modified_gmt":"2025-06-15T03:19:26","slug":"vamos-a-defender-dignamente-a-las-y-los-mexicanos-de-aqui-y-del-otro-lado-de-la-frontera-presidenta-claudia-sheinbaum","status":"publish","type":"post","link":"https:\/\/sanluisinforma.com\/?p=12922","title":{"rendered":"\u201cVamos a defender dignamente a las y los Mexicanos \u00a0de aqu\u00ed y del otro lado de la Frontera \u201c: Presidenta Claudia Sheinbaum"},"content":{"rendered":"\n<p><\/p>\n\n\n\n<p>* \u201dVamos siempre, \u2014como somos los mexicanos, porque as\u00ed somos nosotros\u2014 firmes, con nuestra convicci\u00f3n, pero tambi\u00e9n siempre con di\u00e1logo, buscando siempre acuerdos para el bienestar de nuestras naciones\u201d, destac\u00f3.<\/p>\n\n\n\n<p>* Anunci\u00f3 mayor equipamiento para el Hospital General de Tlaxcala, la ampliaci\u00f3n del Hospital Infantil y la construcci\u00f3n de un nuevo Hospital de la Mujer<\/p>\n\n\n\n<p>En Apetatitl\u00e1n de Antonio Carvajal, Tlaxcala, la Presidenta Claudia Sheinbaum destac\u00f3 que en su reuni\u00f3n con el Presidente de Estados Unidos, Donald Trump, en el marco de la Cumbre del G7, que se llevar\u00e1 a cabo en Canad\u00e1, defender\u00e1 dignamente a las mexicanas y mexicanos que viven en nuestro territorio y en EUA.&nbsp;<\/p>\n\n\n\n<p>\u201dEl lunes nos vamos a una reuni\u00f3n a la que fuimos invitados, \u2014porque digo en plural, porque va el pueblo de M\u00e9xico todo junto\u2014, cuando va la Presidenta vamos todos juntos a las reuniones internacionales, vamos a representar dignamente al pueblo de M\u00e9xico. Vamos a una reuni\u00f3n que nos invitaron al G7, se llama, que son de los siete pa\u00edses desarrollados. Nos invitaron a varios pa\u00edses que no formamos parte de este grupo, como Brasil, como la India y otros pa\u00edses que vamos a estar ah\u00ed, y ah\u00ed vamos a tener una reuni\u00f3n con el Presidente Trump y su equipo. Que sepan ustedes, que ah\u00ed vamos a defender dignamente a las y los mexicanos de aqu\u00ed, y del otro lado de la frontera.<\/p>\n\n\n\n<p>\u201cVamos siempre, \u2014como somos los mexicanos, porque as\u00ed somos nosotros\u2014 firmes, con nuestra convicci\u00f3n, pero tambi\u00e9n siempre con di\u00e1logo, buscando siempre acuerdos para el bienestar de nuestras naciones y de nuestros pueblos. A defender a las mexicanas y a los mexicanos y siempre a decir que cuando estamos juntos pues somos m\u00e1s fuertes, cuando nos respetamos entre nosotros somos m\u00e1s fuertes y eso es lo que vamos a ir a defender. Siempre con la frente en alto, siempre con gallard\u00eda, porque defendemos y representamos al pueblo de M\u00e9xico. Un pueblo generoso, valiente trabajador, que trabaja aqu\u00ed en nuestro pa\u00eds y tambi\u00e9n del otro lado de la frontera\u201d.<\/p>\n\n\n\n<p>As\u00ed lo inform\u00f3 tras realizar una visita de supervisi\u00f3n al estado de Tlaxcala, en la que se comprometi\u00f3 a mejorar las condiciones del Hospital General de la entidad, con mayor equipamiento y la reparaci\u00f3n del tom\u00f3grafo para este mismo a\u00f1o. Adem\u00e1s de reiterar a las y los trabajadores de la salud que obtendr\u00e1n su basificaci\u00f3n de manera paulatina.<\/p>\n\n\n\n<p>Anunci\u00f3 recursos para ampliar el Hospital Infantil de Tlaxcala y la construcci\u00f3n de un nuevo Hospital de la Mujer en esta entidad, donde estar\u00e1n integrados los servicios del Instituto Mexicano del Seguro Social (IMSS) y del IMSS Bienestar.<\/p>\n\n\n\n<p>Dio a conocer otros proyectos para el estado, como la construcci\u00f3n de una nueva Universidad Nacional Rosario Castellanos y un nuevo campus del Instituto Polit\u00e9cnico Nacional (IPN), as\u00ed como un puente vehicular en Chiautempan y el saneamiento del R\u00edo Atoyac, para este \u00faltimo, con una inversi\u00f3n de 300 millones de pesos (mdp) en 2025 y total de mil 500 millones de pesos (mdp).<\/p>\n\n\n\n<p>Cabe se\u00f1alar que el G7 se compone de siete pa\u00edses industrializados: Canad\u00e1, Francia, Alemania, Italia, Jap\u00f3n, Reino Unido y Estados Unidos. Adem\u00e1s de la Uni\u00f3n Europea. La 51\u00aa Cumbre del G7 se desarrollar\u00e1, del 15 al 17 de junio,&nbsp;en&nbsp;Kananaskis,&nbsp;Alberta, Canad\u00e1.<\/p>\n","protected":false},"excerpt":{"rendered":"<p>* \u201dVamos siempre, \u2014como somos los mexicanos, porque as\u00ed somos nosotros\u2014 firmes, con nuestra convicci\u00f3n, pero tambi\u00e9n siempre con di\u00e1logo,<\/p>\n","protected":false},"author":2,"featured_media":12923,"comment_status":"closed","ping_status":"closed","sticky":false,"template":"","format":"standard","meta":{"footnotes":""},"categories":[26],"tags":[],"class_list":["post-12922","post","type-post","status-publish","format-standard","has-post-thumbnail","hentry","category-nacional"],"yoast_head":"<!-- This site is optimized with the Yoast SEO plugin v24.1 - https:\/\/yoast.com\/wordpress\/plugins\/seo\/ -->\n<title>\u201cVamos a defender dignamente a las y los Mexicanos \u00a0de aqu\u00ed y del otro lado de la Frontera \u201c: Presidenta Claudia Sheinbaum - sanluisinforma.com<\/title>\n<meta name=\"robots\" content=\"index, follow, max-snippet:-1, max-image-preview:large, max-video-preview:-1\" \/>\n<link rel=\"canonical\" href=\"https:\/\/sanluisinforma.com\/?p=12922\" \/>\n<meta property=\"og:locale\" content=\"es_MX\" \/>\n<meta property=\"og:type\" content=\"article\" \/>\n<meta property=\"og:title\" content=\"\u201cVamos a defender dignamente a las y los Mexicanos \u00a0de aqu\u00ed y del otro lado de la Frontera \u201c: Presidenta Claudia Sheinbaum - sanluisinforma.com\" \/>\n<meta property=\"og:description\" content=\"* \u201dVamos siempre, \u2014como somos los mexicanos, porque as\u00ed somos nosotros\u2014 firmes, con nuestra convicci\u00f3n, pero tambi\u00e9n siempre con di\u00e1logo,\" \/>\n<meta property=\"og:url\" content=\"https:\/\/sanluisinforma.com\/?p=12922\" \/>\n<meta property=\"og:site_name\" content=\"sanluisinforma.com\" \/>\n<meta property=\"article:published_time\" content=\"2025-06-15T06:35:00+00:00\" \/>\n<meta property=\"article:modified_time\" content=\"2025-06-15T03:19:26+00:00\" \/>\n<meta property=\"og:image\" content=\"https:\/\/sanluisinforma.com\/wp-content\/uploads\/2025\/06\/c063853e-1e81-4a14-b2b4-506b9a2a5aef.jpg\" \/>\n\t<meta property=\"og:image:width\" content=\"400\" \/>\n\t<meta property=\"og:image:height\" content=\"266\" \/>\n\t<meta property=\"og:image:type\" content=\"image\/jpeg\" \/>\n<meta name=\"author\" content=\"sanluisinforma.com\" \/>\n<meta name=\"twitter:card\" content=\"summary_large_image\" \/>\n<meta name=\"twitter:label1\" content=\"Escrito por\" \/>\n\t<meta name=\"twitter:data1\" content=\"sanluisinforma.com\" \/>\n\t<meta name=\"twitter:label2\" content=\"Tiempo de lectura\" \/>\n\t<meta name=\"twitter:data2\" content=\"3 minutos\" \/>\n<script type=\"application\/ld+json\" class=\"yoast-schema-graph\">{\"@context\":\"https:\/\/schema.org\",\"@graph\":[{\"@type\":\"Article\",\"@id\":\"https:\/\/sanluisinforma.com\/?p=12922#article\",\"isPartOf\":{\"@id\":\"https:\/\/sanluisinforma.com\/?p=12922\"},\"author\":{\"name\":\"sanluisinforma.com\",\"@id\":\"https:\/\/sanluisinforma.com\/#\/schema\/person\/c30648f71476be533b6f59d092905c8b\"},\"headline\":\"\u201cVamos a defender dignamente a las y los Mexicanos \u00a0de aqu\u00ed y del otro lado de la Frontera \u201c: Presidenta Claudia Sheinbaum\",\"datePublished\":\"2025-06-15T06:35:00+00:00\",\"dateModified\":\"2025-06-15T03:19:26+00:00\",\"mainEntityOfPage\":{\"@id\":\"https:\/\/sanluisinforma.com\/?p=12922\"},\"wordCount\":599,\"publisher\":{\"@id\":\"https:\/\/sanluisinforma.com\/#organization\"},\"image\":{\"@id\":\"https:\/\/sanluisinforma.com\/?p=12922#primaryimage\"},\"thumbnailUrl\":\"https:\/\/sanluisinforma.com\/wp-content\/uploads\/2025\/06\/c063853e-1e81-4a14-b2b4-506b9a2a5aef.jpg\",\"articleSection\":[\"Nacional\"],\"inLanguage\":\"es\"},{\"@type\":\"WebPage\",\"@id\":\"https:\/\/sanluisinforma.com\/?p=12922\",\"url\":\"https:\/\/sanluisinforma.com\/?p=12922\",\"name\":\"\u201cVamos a defender dignamente a las y los Mexicanos \u00a0de aqu\u00ed y del otro lado de la Frontera \u201c: Presidenta Claudia Sheinbaum - sanluisinforma.com\",\"isPartOf\":{\"@id\":\"https:\/\/sanluisinforma.com\/#website\"},\"primaryImageOfPage\":{\"@id\":\"https:\/\/sanluisinforma.com\/?p=12922#primaryimage\"},\"image\":{\"@id\":\"https:\/\/sanluisinforma.com\/?p=12922#primaryimage\"},\"thumbnailUrl\":\"https:\/\/sanluisinforma.com\/wp-content\/uploads\/2025\/06\/c063853e-1e81-4a14-b2b4-506b9a2a5aef.jpg\",\"datePublished\":\"2025-06-15T06:35:00+00:00\",\"dateModified\":\"2025-06-15T03:19:26+00:00\",\"breadcrumb\":{\"@id\":\"https:\/\/sanluisinforma.com\/?p=12922#breadcrumb\"},\"inLanguage\":\"es\",\"potentialAction\":[{\"@type\":\"ReadAction\",\"target\":[\"https:\/\/sanluisinforma.com\/?p=12922\"]}]},{\"@type\":\"ImageObject\",\"inLanguage\":\"es\",\"@id\":\"https:\/\/sanluisinforma.com\/?p=12922#primaryimage\",\"url\":\"https:\/\/sanluisinforma.com\/wp-content\/uploads\/2025\/06\/c063853e-1e81-4a14-b2b4-506b9a2a5aef.jpg\",\"contentUrl\":\"https:\/\/sanluisinforma.com\/wp-content\/uploads\/2025\/06\/c063853e-1e81-4a14-b2b4-506b9a2a5aef.jpg\",\"width\":400,\"height\":266},{\"@type\":\"BreadcrumbList\",\"@id\":\"https:\/\/sanluisinforma.com\/?p=12922#breadcrumb\",\"itemListElement\":[{\"@type\":\"ListItem\",\"position\":1,\"name\":\"Inicio\",\"item\":\"https:\/\/sanluisinforma.com\/\"},{\"@type\":\"ListItem\",\"position\":2,\"name\":\"\u201cVamos a defender dignamente a las y los Mexicanos \u00a0de aqu\u00ed y del otro lado de la Frontera \u201c: Presidenta Claudia Sheinbaum\"}]},{\"@type\":\"WebSite\",\"@id\":\"https:\/\/sanluisinforma.com\/#website\",\"url\":\"https:\/\/sanluisinforma.com\/\",\"name\":\"sanluisinforma.com\",\"description\":\"Periodico San Luis Informa\",\"publisher\":{\"@id\":\"https:\/\/sanluisinforma.com\/#organization\"},\"potentialAction\":[{\"@type\":\"SearchAction\",\"target\":{\"@type\":\"EntryPoint\",\"urlTemplate\":\"https:\/\/sanluisinforma.com\/?s={search_term_string}\"},\"query-input\":{\"@type\":\"PropertyValueSpecification\",\"valueRequired\":true,\"valueName\":\"search_term_string\"}}],\"inLanguage\":\"es\"},{\"@type\":\"Organization\",\"@id\":\"https:\/\/sanluisinforma.com\/#organization\",\"name\":\"sanluisinforma.com\",\"url\":\"https:\/\/sanluisinforma.com\/\",\"logo\":{\"@type\":\"ImageObject\",\"inLanguage\":\"es\",\"@id\":\"https:\/\/sanluisinforma.com\/#\/schema\/logo\/image\/\",\"url\":\"https:\/\/sanluisinforma.com\/wp-content\/uploads\/2026\/03\/sanluisinforma-V.jpg\",\"contentUrl\":\"https:\/\/sanluisinforma.com\/wp-content\/uploads\/2026\/03\/sanluisinforma-V.jpg\",\"width\":500,\"height\":156,\"caption\":\"sanluisinforma.com\"},\"image\":{\"@id\":\"https:\/\/sanluisinforma.com\/#\/schema\/logo\/image\/\"}},{\"@type\":\"Person\",\"@id\":\"https:\/\/sanluisinforma.com\/#\/schema\/person\/c30648f71476be533b6f59d092905c8b\",\"name\":\"sanluisinforma.com\",\"image\":{\"@type\":\"ImageObject\",\"inLanguage\":\"es\",\"@id\":\"https:\/\/sanluisinforma.com\/#\/schema\/person\/image\/\",\"url\":\"https:\/\/secure.gravatar.com\/avatar\/86e3114e34a1eecefb963e0a02f0093f93b092dddb2fe1517596343751081a87?s=96&d=mm&r=g\",\"contentUrl\":\"https:\/\/secure.gravatar.com\/avatar\/86e3114e34a1eecefb963e0a02f0093f93b092dddb2fe1517596343751081a87?s=96&d=mm&r=g\",\"caption\":\"sanluisinforma.com\"},\"url\":\"https:\/\/sanluisinforma.com\/?author=2\"}]}<\/script>\n<!-- \/ Yoast SEO plugin. -->","yoast_head_json":{"title":"\u201cVamos a defender dignamente a las y los Mexicanos \u00a0de aqu\u00ed y del otro lado de la Frontera \u201c: Presidenta Claudia Sheinbaum - sanluisinforma.com","robots":{"index":"index","follow":"follow","max-snippet":"max-snippet:-1","max-image-preview":"max-image-preview:large","max-video-preview":"max-video-preview:-1"},"canonical":"https:\/\/sanluisinforma.com\/?p=12922","og_locale":"es_MX","og_type":"article","og_title":"\u201cVamos a defender dignamente a las y los Mexicanos \u00a0de aqu\u00ed y del otro lado de la Frontera \u201c: Presidenta Claudia Sheinbaum - sanluisinforma.com","og_description":"* \u201dVamos siempre, \u2014como somos los mexicanos, porque as\u00ed somos nosotros\u2014 firmes, con nuestra convicci\u00f3n, pero tambi\u00e9n siempre con di\u00e1logo,","og_url":"https:\/\/sanluisinforma.com\/?p=12922","og_site_name":"sanluisinforma.com","article_published_time":"2025-06-15T06:35:00+00:00","article_modified_time":"2025-06-15T03:19:26+00:00","og_image":[{"width":400,"height":266,"url":"https:\/\/sanluisinforma.com\/wp-content\/uploads\/2025\/06\/c063853e-1e81-4a14-b2b4-506b9a2a5aef.jpg","type":"image\/jpeg"}],"author":"sanluisinforma.com","twitter_card":"summary_large_image","twitter_misc":{"Escrito por":"sanluisinforma.com","Tiempo de lectura":"3 minutos"},"schema":{"@context":"https:\/\/schema.org","@graph":[{"@type":"Article","@id":"https:\/\/sanluisinforma.com\/?p=12922#article","isPartOf":{"@id":"https:\/\/sanluisinforma.com\/?p=12922"},"author":{"name":"sanluisinforma.com","@id":"https:\/\/sanluisinforma.com\/#\/schema\/person\/c30648f71476be533b6f59d092905c8b"},"headline":"\u201cVamos a defender dignamente a las y los Mexicanos \u00a0de aqu\u00ed y del otro lado de la Frontera \u201c: Presidenta Claudia Sheinbaum","datePublished":"2025-06-15T06:35:00+00:00","dateModified":"2025-06-15T03:19:26+00:00","mainEntityOfPage":{"@id":"https:\/\/sanluisinforma.com\/?p=12922"},"wordCount":599,"publisher":{"@id":"https:\/\/sanluisinforma.com\/#organization"},"image":{"@id":"https:\/\/sanluisinforma.com\/?p=12922#primaryimage"},"thumbnailUrl":"https:\/\/sanluisinforma.com\/wp-content\/uploads\/2025\/06\/c063853e-1e81-4a14-b2b4-506b9a2a5aef.jpg","articleSection":["Nacional"],"inLanguage":"es"},{"@type":"WebPage","@id":"https:\/\/sanluisinforma.com\/?p=12922","url":"https:\/\/sanluisinforma.com\/?p=12922","name":"\u201cVamos a defender dignamente a las y los Mexicanos \u00a0de aqu\u00ed y del otro lado de la Frontera \u201c: Presidenta Claudia Sheinbaum - sanluisinforma.com","isPartOf":{"@id":"https:\/\/sanluisinforma.com\/#website"},"primaryImageOfPage":{"@id":"https:\/\/sanluisinforma.com\/?p=12922#primaryimage"},"image":{"@id":"https:\/\/sanluisinforma.com\/?p=12922#primaryimage"},"thumbnailUrl":"https:\/\/sanluisinforma.com\/wp-content\/uploads\/2025\/06\/c063853e-1e81-4a14-b2b4-506b9a2a5aef.jpg","datePublished":"2025-06-15T06:35:00+00:00","dateModified":"2025-06-15T03:19:26+00:00","breadcrumb":{"@id":"https:\/\/sanluisinforma.com\/?p=12922#breadcrumb"},"inLanguage":"es","potentialAction":[{"@type":"ReadAction","target":["https:\/\/sanluisinforma.com\/?p=12922"]}]},{"@type":"ImageObject","inLanguage":"es","@id":"https:\/\/sanluisinforma.com\/?p=12922#primaryimage","url":"https:\/\/sanluisinforma.com\/wp-content\/uploads\/2025\/06\/c063853e-1e81-4a14-b2b4-506b9a2a5aef.jpg","contentUrl":"https:\/\/sanluisinforma.com\/wp-content\/uploads\/2025\/06\/c063853e-1e81-4a14-b2b4-506b9a2a5aef.jpg","width":400,"height":266},{"@type":"BreadcrumbList","@id":"https:\/\/sanluisinforma.com\/?p=12922#breadcrumb","itemListElement":[{"@type":"ListItem","position":1,"name":"Inicio","item":"https:\/\/sanluisinforma.com\/"},{"@type":"ListItem","position":2,"name":"\u201cVamos a defender dignamente a las y los Mexicanos \u00a0de aqu\u00ed y del otro lado de la Frontera \u201c: Presidenta Claudia Sheinbaum"}]},{"@type":"WebSite","@id":"https:\/\/sanluisinforma.com\/#website","url":"https:\/\/sanluisinforma.com\/","name":"sanluisinforma.com","description":"Periodico San Luis Informa","publisher":{"@id":"https:\/\/sanluisinforma.com\/#organization"},"potentialAction":[{"@type":"SearchAction","target":{"@type":"EntryPoint","urlTemplate":"https:\/\/sanluisinforma.com\/?s={search_term_string}"},"query-input":{"@type":"PropertyValueSpecification","valueRequired":true,"valueName":"search_term_string"}}],"inLanguage":"es"},{"@type":"Organization","@id":"https:\/\/sanluisinforma.com\/#organization","name":"sanluisinforma.com","url":"https:\/\/sanluisinforma.com\/","logo":{"@type":"ImageObject","inLanguage":"es","@id":"https:\/\/sanluisinforma.com\/#\/schema\/logo\/image\/","url":"https:\/\/sanluisinforma.com\/wp-content\/uploads\/2026\/03\/sanluisinforma-V.jpg","contentUrl":"https:\/\/sanluisinforma.com\/wp-content\/uploads\/2026\/03\/sanluisinforma-V.jpg","width":500,"height":156,"caption":"sanluisinforma.com"},"image":{"@id":"https:\/\/sanluisinforma.com\/#\/schema\/logo\/image\/"}},{"@type":"Person","@id":"https:\/\/sanluisinforma.com\/#\/schema\/person\/c30648f71476be533b6f59d092905c8b","name":"sanluisinforma.com","image":{"@type":"ImageObject","inLanguage":"es","@id":"https:\/\/sanluisinforma.com\/#\/schema\/person\/image\/","url":"https:\/\/secure.gravatar.com\/avatar\/86e3114e34a1eecefb963e0a02f0093f93b092dddb2fe1517596343751081a87?s=96&d=mm&r=g","contentUrl":"https:\/\/secure.gravatar.com\/avatar\/86e3114e34a1eecefb963e0a02f0093f93b092dddb2fe1517596343751081a87?s=96&d=mm&r=g","caption":"sanluisinforma.com"},"url":"https:\/\/sanluisinforma.com\/?author=2"}]}},"_links":{"self":[{"href":"https:\/\/sanluisinforma.com\/index.php?rest_route=\/wp\/v2\/posts\/12922","targetHints":{"allow":["GET"]}}],"collection":[{"href":"https:\/\/sanluisinforma.com\/index.php?rest_route=\/wp\/v2\/posts"}],"about":[{"href":"https:\/\/sanluisinforma.com\/index.php?rest_route=\/wp\/v2\/types\/post"}],"author":[{"embeddable":true,"href":"https:\/\/sanluisinforma.com\/index.php?rest_route=\/wp\/v2\/users\/2"}],"replies":[{"embeddable":true,"href":"https:\/\/sanluisinforma.com\/index.php?rest_route=%2Fwp%2Fv2%2Fcomments&post=12922"}],"version-history":[{"count":1,"href":"https:\/\/sanluisinforma.com\/index.php?rest_route=\/wp\/v2\/posts\/12922\/revisions"}],"predecessor-version":[{"id":12924,"href":"https:\/\/sanluisinforma.com\/index.php?rest_route=\/wp\/v2\/posts\/12922\/revisions\/12924"}],"wp:featuredmedia":[{"embeddable":true,"href":"https:\/\/sanluisinforma.com\/index.php?rest_route=\/wp\/v2\/media\/12923"}],"wp:attachment":[{"href":"https:\/\/sanluisinforma.com\/index.php?rest_route=%2Fwp%2Fv2%2Fmedia&parent=12922"}],"wp:term":[{"taxonomy":"category","embeddable":true,"href":"https:\/\/sanluisinforma.com\/index.php?rest_route=%2Fwp%2Fv2%2Fcategories&post=12922"},{"taxonomy":"post_tag","embeddable":true,"href":"https:\/\/sanluisinforma.com\/index.php?rest_route=%2Fwp%2Fv2%2Ftags&post=12922"}],"curies":[{"name":"wp","href":"https:\/\/api.w.org\/{rel}","templated":true}]}}