{"id":12925,"date":"2025-06-15T00:58:00","date_gmt":"2025-06-15T06:58:00","guid":{"rendered":"https:\/\/sanluisinforma.com\/?p=12925"},"modified":"2025-06-14T21:29:52","modified_gmt":"2025-06-15T03:29:52","slug":"ricardo-gallardo-hara-nueva-supercarretera-san-ciro-rioverde","status":"publish","type":"post","link":"https:\/\/sanluisinforma.com\/?p=12925","title":{"rendered":"Ricardo Gallardo har\u00e1 nueva Supercarretera\u00a0 San Ciro \u2013 Rioverde"},"content":{"rendered":"\n<p><\/p>\n\n\n\n<p>* La transformaci\u00f3n de la regi\u00f3n Media avanza con paso firme gracias a una hist\u00f3rica inversi\u00f3n en infraestructura carretera.<\/p>\n\n\n\n<p>Durante una intensa gira de trabajo por la regi\u00f3n Media, el Gobernador Ricardo Gallardo Cardona anunci\u00f3 la nueva y moderna supercarretera San Ciro de Acosta &#8211; Rioverde como parte de su compromiso de llevar desarrollo sin l\u00edmites a todas las regiones del Estado. Esta v\u00eda no solo reducir\u00e1 riesgos de accidentes, sino que impulsar\u00e1 el potencial tur\u00edstico de la zona, conocida por sus grutas y bellezas naturales.<\/p>\n\n\n\n<p>Precis\u00f3 que la obra ser\u00e1 licitada este mismo a\u00f1o y tendr\u00e1 una extensi\u00f3n de 36 kil\u00f3metros con un trazo m\u00e1s ancho y seguro lo que permitir\u00e1 una conexi\u00f3n m\u00e1s eficiente beneficiando directamente a comunidades de ambos municipios y fortaleciendo su v\u00ednculo con la Sierra Gorda de Quer\u00e9taro.<\/p>\n\n\n\n<p>Esta nueva supercarretera representa el cumplimiento de una promesa de campa\u00f1a y un paso firme en la transformaci\u00f3n integral de San Luis Potos\u00ed al acercar el desarrollo a lugares que durante d\u00e9cadas estuvieron olvidados por la herencia maldita.<\/p>\n\n\n\n<p>Siempre atento a las necesidades de las familias, el Gobernador adelant\u00f3 que pronto llegar\u00e1 la MetroRed a la regi\u00f3n Media, un sistema de transporte p\u00fablico gratuito y el\u00e9ctrico que conectar\u00e1 comunidades como San Marcos y El Refugio, as\u00ed como los municipios de Rioverde y Ciudad Fern\u00e1ndez equipado con internet, pantallas y accesibilidad.<\/p>\n","protected":false},"excerpt":{"rendered":"<p>* La transformaci\u00f3n de la regi\u00f3n Media avanza con paso firme gracias a una hist\u00f3rica inversi\u00f3n en infraestructura carretera. Durante<\/p>\n","protected":false},"author":2,"featured_media":12926,"comment_status":"closed","ping_status":"closed","sticky":false,"template":"","format":"standard","meta":{"footnotes":""},"categories":[25,30],"tags":[],"class_list":["post-12925","post","type-post","status-publish","format-standard","has-post-thumbnail","hentry","category-local","category-portada"],"yoast_head":"<!-- This site is optimized with the Yoast SEO plugin v24.1 - https:\/\/yoast.com\/wordpress\/plugins\/seo\/ -->\n<title>Ricardo Gallardo har\u00e1 nueva Supercarretera\u00a0 San Ciro \u2013 Rioverde - sanluisinforma.com<\/title>\n<meta name=\"robots\" content=\"index, follow, max-snippet:-1, max-image-preview:large, max-video-preview:-1\" \/>\n<link rel=\"canonical\" href=\"https:\/\/sanluisinforma.com\/?p=12925\" \/>\n<meta property=\"og:locale\" content=\"es_MX\" \/>\n<meta property=\"og:type\" content=\"article\" \/>\n<meta property=\"og:title\" content=\"Ricardo Gallardo har\u00e1 nueva Supercarretera\u00a0 San Ciro \u2013 Rioverde - sanluisinforma.com\" \/>\n<meta property=\"og:description\" content=\"* La transformaci\u00f3n de la regi\u00f3n Media avanza con paso firme gracias a una hist\u00f3rica inversi\u00f3n en infraestructura carretera. Durante\" \/>\n<meta property=\"og:url\" content=\"https:\/\/sanluisinforma.com\/?p=12925\" \/>\n<meta property=\"og:site_name\" content=\"sanluisinforma.com\" \/>\n<meta property=\"article:published_time\" content=\"2025-06-15T06:58:00+00:00\" \/>\n<meta property=\"article:modified_time\" content=\"2025-06-15T03:29:52+00:00\" \/>\n<meta property=\"og:image\" content=\"https:\/\/sanluisinforma.com\/wp-content\/uploads\/2025\/06\/eed97bed-16cf-4a04-a1c3-81f4294c7059.jpg\" \/>\n\t<meta property=\"og:image:width\" content=\"400\" \/>\n\t<meta property=\"og:image:height\" content=\"266\" \/>\n\t<meta property=\"og:image:type\" content=\"image\/jpeg\" \/>\n<meta name=\"author\" content=\"sanluisinforma.com\" \/>\n<meta name=\"twitter:card\" content=\"summary_large_image\" \/>\n<meta name=\"twitter:label1\" content=\"Escrito por\" \/>\n\t<meta name=\"twitter:data1\" content=\"sanluisinforma.com\" \/>\n\t<meta name=\"twitter:label2\" content=\"Tiempo de lectura\" \/>\n\t<meta name=\"twitter:data2\" content=\"2 minutos\" \/>\n<script type=\"application\/ld+json\" class=\"yoast-schema-graph\">{\"@context\":\"https:\/\/schema.org\",\"@graph\":[{\"@type\":\"Article\",\"@id\":\"https:\/\/sanluisinforma.com\/?p=12925#article\",\"isPartOf\":{\"@id\":\"https:\/\/sanluisinforma.com\/?p=12925\"},\"author\":{\"name\":\"sanluisinforma.com\",\"@id\":\"https:\/\/sanluisinforma.com\/#\/schema\/person\/c30648f71476be533b6f59d092905c8b\"},\"headline\":\"Ricardo Gallardo har\u00e1 nueva Supercarretera\u00a0 San Ciro \u2013 Rioverde\",\"datePublished\":\"2025-06-15T06:58:00+00:00\",\"dateModified\":\"2025-06-15T03:29:52+00:00\",\"mainEntityOfPage\":{\"@id\":\"https:\/\/sanluisinforma.com\/?p=12925\"},\"wordCount\":252,\"publisher\":{\"@id\":\"https:\/\/sanluisinforma.com\/#organization\"},\"image\":{\"@id\":\"https:\/\/sanluisinforma.com\/?p=12925#primaryimage\"},\"thumbnailUrl\":\"https:\/\/sanluisinforma.com\/wp-content\/uploads\/2025\/06\/eed97bed-16cf-4a04-a1c3-81f4294c7059.jpg\",\"articleSection\":[\"Local\",\"Portada\"],\"inLanguage\":\"es\"},{\"@type\":\"WebPage\",\"@id\":\"https:\/\/sanluisinforma.com\/?p=12925\",\"url\":\"https:\/\/sanluisinforma.com\/?p=12925\",\"name\":\"Ricardo Gallardo har\u00e1 nueva Supercarretera\u00a0 San Ciro \u2013 Rioverde - sanluisinforma.com\",\"isPartOf\":{\"@id\":\"https:\/\/sanluisinforma.com\/#website\"},\"primaryImageOfPage\":{\"@id\":\"https:\/\/sanluisinforma.com\/?p=12925#primaryimage\"},\"image\":{\"@id\":\"https:\/\/sanluisinforma.com\/?p=12925#primaryimage\"},\"thumbnailUrl\":\"https:\/\/sanluisinforma.com\/wp-content\/uploads\/2025\/06\/eed97bed-16cf-4a04-a1c3-81f4294c7059.jpg\",\"datePublished\":\"2025-06-15T06:58:00+00:00\",\"dateModified\":\"2025-06-15T03:29:52+00:00\",\"breadcrumb\":{\"@id\":\"https:\/\/sanluisinforma.com\/?p=12925#breadcrumb\"},\"inLanguage\":\"es\",\"potentialAction\":[{\"@type\":\"ReadAction\",\"target\":[\"https:\/\/sanluisinforma.com\/?p=12925\"]}]},{\"@type\":\"ImageObject\",\"inLanguage\":\"es\",\"@id\":\"https:\/\/sanluisinforma.com\/?p=12925#primaryimage\",\"url\":\"https:\/\/sanluisinforma.com\/wp-content\/uploads\/2025\/06\/eed97bed-16cf-4a04-a1c3-81f4294c7059.jpg\",\"contentUrl\":\"https:\/\/sanluisinforma.com\/wp-content\/uploads\/2025\/06\/eed97bed-16cf-4a04-a1c3-81f4294c7059.jpg\",\"width\":400,\"height\":266},{\"@type\":\"BreadcrumbList\",\"@id\":\"https:\/\/sanluisinforma.com\/?p=12925#breadcrumb\",\"itemListElement\":[{\"@type\":\"ListItem\",\"position\":1,\"name\":\"Inicio\",\"item\":\"https:\/\/sanluisinforma.com\/\"},{\"@type\":\"ListItem\",\"position\":2,\"name\":\"Ricardo Gallardo har\u00e1 nueva Supercarretera\u00a0 San Ciro \u2013 Rioverde\"}]},{\"@type\":\"WebSite\",\"@id\":\"https:\/\/sanluisinforma.com\/#website\",\"url\":\"https:\/\/sanluisinforma.com\/\",\"name\":\"sanluisinforma.com\",\"description\":\"Periodico San Luis Informa\",\"publisher\":{\"@id\":\"https:\/\/sanluisinforma.com\/#organization\"},\"potentialAction\":[{\"@type\":\"SearchAction\",\"target\":{\"@type\":\"EntryPoint\",\"urlTemplate\":\"https:\/\/sanluisinforma.com\/?s={search_term_string}\"},\"query-input\":{\"@type\":\"PropertyValueSpecification\",\"valueRequired\":true,\"valueName\":\"search_term_string\"}}],\"inLanguage\":\"es\"},{\"@type\":\"Organization\",\"@id\":\"https:\/\/sanluisinforma.com\/#organization\",\"name\":\"sanluisinforma.com\",\"url\":\"https:\/\/sanluisinforma.com\/\",\"logo\":{\"@type\":\"ImageObject\",\"inLanguage\":\"es\",\"@id\":\"https:\/\/sanluisinforma.com\/#\/schema\/logo\/image\/\",\"url\":\"https:\/\/sanluisinforma.com\/wp-content\/uploads\/2026\/03\/sanluisinforma-V.jpg\",\"contentUrl\":\"https:\/\/sanluisinforma.com\/wp-content\/uploads\/2026\/03\/sanluisinforma-V.jpg\",\"width\":500,\"height\":156,\"caption\":\"sanluisinforma.com\"},\"image\":{\"@id\":\"https:\/\/sanluisinforma.com\/#\/schema\/logo\/image\/\"}},{\"@type\":\"Person\",\"@id\":\"https:\/\/sanluisinforma.com\/#\/schema\/person\/c30648f71476be533b6f59d092905c8b\",\"name\":\"sanluisinforma.com\",\"image\":{\"@type\":\"ImageObject\",\"inLanguage\":\"es\",\"@id\":\"https:\/\/sanluisinforma.com\/#\/schema\/person\/image\/\",\"url\":\"https:\/\/secure.gravatar.com\/avatar\/86e3114e34a1eecefb963e0a02f0093f93b092dddb2fe1517596343751081a87?s=96&d=mm&r=g\",\"contentUrl\":\"https:\/\/secure.gravatar.com\/avatar\/86e3114e34a1eecefb963e0a02f0093f93b092dddb2fe1517596343751081a87?s=96&d=mm&r=g\",\"caption\":\"sanluisinforma.com\"},\"url\":\"https:\/\/sanluisinforma.com\/?author=2\"}]}<\/script>\n<!-- \/ Yoast SEO plugin. -->","yoast_head_json":{"title":"Ricardo Gallardo har\u00e1 nueva Supercarretera\u00a0 San Ciro \u2013 Rioverde - sanluisinforma.com","robots":{"index":"index","follow":"follow","max-snippet":"max-snippet:-1","max-image-preview":"max-image-preview:large","max-video-preview":"max-video-preview:-1"},"canonical":"https:\/\/sanluisinforma.com\/?p=12925","og_locale":"es_MX","og_type":"article","og_title":"Ricardo Gallardo har\u00e1 nueva Supercarretera\u00a0 San Ciro \u2013 Rioverde - sanluisinforma.com","og_description":"* La transformaci\u00f3n de la regi\u00f3n Media avanza con paso firme gracias a una hist\u00f3rica inversi\u00f3n en infraestructura carretera. Durante","og_url":"https:\/\/sanluisinforma.com\/?p=12925","og_site_name":"sanluisinforma.com","article_published_time":"2025-06-15T06:58:00+00:00","article_modified_time":"2025-06-15T03:29:52+00:00","og_image":[{"width":400,"height":266,"url":"https:\/\/sanluisinforma.com\/wp-content\/uploads\/2025\/06\/eed97bed-16cf-4a04-a1c3-81f4294c7059.jpg","type":"image\/jpeg"}],"author":"sanluisinforma.com","twitter_card":"summary_large_image","twitter_misc":{"Escrito por":"sanluisinforma.com","Tiempo de lectura":"2 minutos"},"schema":{"@context":"https:\/\/schema.org","@graph":[{"@type":"Article","@id":"https:\/\/sanluisinforma.com\/?p=12925#article","isPartOf":{"@id":"https:\/\/sanluisinforma.com\/?p=12925"},"author":{"name":"sanluisinforma.com","@id":"https:\/\/sanluisinforma.com\/#\/schema\/person\/c30648f71476be533b6f59d092905c8b"},"headline":"Ricardo Gallardo har\u00e1 nueva Supercarretera\u00a0 San Ciro \u2013 Rioverde","datePublished":"2025-06-15T06:58:00+00:00","dateModified":"2025-06-15T03:29:52+00:00","mainEntityOfPage":{"@id":"https:\/\/sanluisinforma.com\/?p=12925"},"wordCount":252,"publisher":{"@id":"https:\/\/sanluisinforma.com\/#organization"},"image":{"@id":"https:\/\/sanluisinforma.com\/?p=12925#primaryimage"},"thumbnailUrl":"https:\/\/sanluisinforma.com\/wp-content\/uploads\/2025\/06\/eed97bed-16cf-4a04-a1c3-81f4294c7059.jpg","articleSection":["Local","Portada"],"inLanguage":"es"},{"@type":"WebPage","@id":"https:\/\/sanluisinforma.com\/?p=12925","url":"https:\/\/sanluisinforma.com\/?p=12925","name":"Ricardo Gallardo har\u00e1 nueva Supercarretera\u00a0 San Ciro \u2013 Rioverde - sanluisinforma.com","isPartOf":{"@id":"https:\/\/sanluisinforma.com\/#website"},"primaryImageOfPage":{"@id":"https:\/\/sanluisinforma.com\/?p=12925#primaryimage"},"image":{"@id":"https:\/\/sanluisinforma.com\/?p=12925#primaryimage"},"thumbnailUrl":"https:\/\/sanluisinforma.com\/wp-content\/uploads\/2025\/06\/eed97bed-16cf-4a04-a1c3-81f4294c7059.jpg","datePublished":"2025-06-15T06:58:00+00:00","dateModified":"2025-06-15T03:29:52+00:00","breadcrumb":{"@id":"https:\/\/sanluisinforma.com\/?p=12925#breadcrumb"},"inLanguage":"es","potentialAction":[{"@type":"ReadAction","target":["https:\/\/sanluisinforma.com\/?p=12925"]}]},{"@type":"ImageObject","inLanguage":"es","@id":"https:\/\/sanluisinforma.com\/?p=12925#primaryimage","url":"https:\/\/sanluisinforma.com\/wp-content\/uploads\/2025\/06\/eed97bed-16cf-4a04-a1c3-81f4294c7059.jpg","contentUrl":"https:\/\/sanluisinforma.com\/wp-content\/uploads\/2025\/06\/eed97bed-16cf-4a04-a1c3-81f4294c7059.jpg","width":400,"height":266},{"@type":"BreadcrumbList","@id":"https:\/\/sanluisinforma.com\/?p=12925#breadcrumb","itemListElement":[{"@type":"ListItem","position":1,"name":"Inicio","item":"https:\/\/sanluisinforma.com\/"},{"@type":"ListItem","position":2,"name":"Ricardo Gallardo har\u00e1 nueva Supercarretera\u00a0 San Ciro \u2013 Rioverde"}]},{"@type":"WebSite","@id":"https:\/\/sanluisinforma.com\/#website","url":"https:\/\/sanluisinforma.com\/","name":"sanluisinforma.com","description":"Periodico San Luis Informa","publisher":{"@id":"https:\/\/sanluisinforma.com\/#organization"},"potentialAction":[{"@type":"SearchAction","target":{"@type":"EntryPoint","urlTemplate":"https:\/\/sanluisinforma.com\/?s={search_term_string}"},"query-input":{"@type":"PropertyValueSpecification","valueRequired":true,"valueName":"search_term_string"}}],"inLanguage":"es"},{"@type":"Organization","@id":"https:\/\/sanluisinforma.com\/#organization","name":"sanluisinforma.com","url":"https:\/\/sanluisinforma.com\/","logo":{"@type":"ImageObject","inLanguage":"es","@id":"https:\/\/sanluisinforma.com\/#\/schema\/logo\/image\/","url":"https:\/\/sanluisinforma.com\/wp-content\/uploads\/2026\/03\/sanluisinforma-V.jpg","contentUrl":"https:\/\/sanluisinforma.com\/wp-content\/uploads\/2026\/03\/sanluisinforma-V.jpg","width":500,"height":156,"caption":"sanluisinforma.com"},"image":{"@id":"https:\/\/sanluisinforma.com\/#\/schema\/logo\/image\/"}},{"@type":"Person","@id":"https:\/\/sanluisinforma.com\/#\/schema\/person\/c30648f71476be533b6f59d092905c8b","name":"sanluisinforma.com","image":{"@type":"ImageObject","inLanguage":"es","@id":"https:\/\/sanluisinforma.com\/#\/schema\/person\/image\/","url":"https:\/\/secure.gravatar.com\/avatar\/86e3114e34a1eecefb963e0a02f0093f93b092dddb2fe1517596343751081a87?s=96&d=mm&r=g","contentUrl":"https:\/\/secure.gravatar.com\/avatar\/86e3114e34a1eecefb963e0a02f0093f93b092dddb2fe1517596343751081a87?s=96&d=mm&r=g","caption":"sanluisinforma.com"},"url":"https:\/\/sanluisinforma.com\/?author=2"}]}},"_links":{"self":[{"href":"https:\/\/sanluisinforma.com\/index.php?rest_route=\/wp\/v2\/posts\/12925","targetHints":{"allow":["GET"]}}],"collection":[{"href":"https:\/\/sanluisinforma.com\/index.php?rest_route=\/wp\/v2\/posts"}],"about":[{"href":"https:\/\/sanluisinforma.com\/index.php?rest_route=\/wp\/v2\/types\/post"}],"author":[{"embeddable":true,"href":"https:\/\/sanluisinforma.com\/index.php?rest_route=\/wp\/v2\/users\/2"}],"replies":[{"embeddable":true,"href":"https:\/\/sanluisinforma.com\/index.php?rest_route=%2Fwp%2Fv2%2Fcomments&post=12925"}],"version-history":[{"count":1,"href":"https:\/\/sanluisinforma.com\/index.php?rest_route=\/wp\/v2\/posts\/12925\/revisions"}],"predecessor-version":[{"id":12927,"href":"https:\/\/sanluisinforma.com\/index.php?rest_route=\/wp\/v2\/posts\/12925\/revisions\/12927"}],"wp:featuredmedia":[{"embeddable":true,"href":"https:\/\/sanluisinforma.com\/index.php?rest_route=\/wp\/v2\/media\/12926"}],"wp:attachment":[{"href":"https:\/\/sanluisinforma.com\/index.php?rest_route=%2Fwp%2Fv2%2Fmedia&parent=12925"}],"wp:term":[{"taxonomy":"category","embeddable":true,"href":"https:\/\/sanluisinforma.com\/index.php?rest_route=%2Fwp%2Fv2%2Fcategories&post=12925"},{"taxonomy":"post_tag","embeddable":true,"href":"https:\/\/sanluisinforma.com\/index.php?rest_route=%2Fwp%2Fv2%2Ftags&post=12925"}],"curies":[{"name":"wp","href":"https:\/\/api.w.org\/{rel}","templated":true}]}}