{"id":1320,"date":"2022-04-24T10:18:00","date_gmt":"2022-04-24T15:18:00","guid":{"rendered":"https:\/\/sanluisinforma.com\/?p=66220"},"modified":"2022-04-24T10:18:00","modified_gmt":"2022-04-24T15:18:00","slug":"el-gobierno-de-la-capital-amplia-el-mantenimiento-a-fincas-de-los-barrios-de-san-luis-potosi","status":"publish","type":"post","link":"https:\/\/sanluisinforma.com\/?p=1320","title":{"rendered":"El Gobierno de la Capital ampl\u00eda el mantenimiento a fincas de los barrios de San Luis Potos\u00ed"},"content":{"rendered":"\n<div class=\"wp-block-image\"><figure class=\"aligncenter size-full is-resized\"><a href=\"https:\/\/sanluisinforma.com\/wp-content\/uploads\/2022\/05\/BOLETIN-CSA_882-Mantenimiento-a-fincas.jpeg\"><img loading=\"lazy\" decoding=\"async\" src=\"https:\/\/sanluisinforma.com\/wp-content\/uploads\/2022\/05\/BOLETIN-CSA_882-Mantenimiento-a-fincas.jpeg\" alt=\"\" class=\"wp-image-66221\" width=\"612\" height=\"290\"\/><\/a><\/figure><\/div>\n\n\n\n<p><strong>La Direcci\u00f3n de Gesti\u00f3n Ecol\u00f3gica responde a solicitudes de pobladores de El Montecillo y de San Sebasti\u00e1n, entre otros sectores<\/strong><\/p>\n\n\n\n<p>San Luis Potos\u00ed, SLP, 24 de abril de 2022.- El Gobierno de la Capital, a trav\u00e9s de la Direcci\u00f3n de Gesti\u00f3n Ecol\u00f3gica y Manejo de Residuos, dio a conocer que las acciones de limpieza que realiza esa dependencia se ampliaron a inmuebles abandonados que se ubican en los barrios de San Luis Potos\u00ed, con el objetivo de dar respuesta a las peticiones ciudadanas, por edificaciones que pudieran ser usadas para actos il\u00edcitos o que propicien la proliferaci\u00f3n de fauna nociva.<\/p>\n\n\n\n<p>Maximino Jasso Padr\u00f3n, responsable de esa dependencia municipal, agreg\u00f3 que con estas acciones de mantenimiento, tambi\u00e9n se evita que casas antiguas o edificios desocupados y deteriorados sean propicios para conatos de incendios ante las altas temperaturas que se registran en la ciudad.<\/p>\n\n\n\n<p>Entre los reportes m\u00e1s frecuentes de edificaciones abandonadas sobresalen las que se ubican en el barrio de San Sebasti\u00e1n y El Montecillo, en las que, luego de la inspecci\u00f3n por parte de personal municipal, se ha detectado basura o crecimiento de matorrales, por lo que se les da la atenci\u00f3n necesaria.<\/p>\n\n\n\n<p>En todas estas acciones se cumplen puntualmente los procedimientos que marca la ley, aclar\u00f3 Jasso Padr\u00f3n, principalmente cuando se trata de espacios que son propiedad de alg\u00fan particular, por lo que es fundamental la coordinaci\u00f3n con la Direcci\u00f3n General de Gesti\u00f3n Territorial y Catastro para detectar a sus due\u00f1os y solicitarles que le den mantenimiento a sus predios o inmuebles con desechos, maleza, sin cerca o descuidados.<\/p>\n\n\n\n<p>Cabe recordar que desde el inicio de la presente administraci\u00f3n ya se superaron m\u00e1s de 20 incendios atendidos en este tipo de predios e inmuebles, junto con la Comandancia de Bomberos, de ah\u00ed la relevancia de dar respuesta a las peticiones hechas por la misma poblaci\u00f3n.<\/p>\n\n\n\n<p>El titular de la Direcci\u00f3n de Gesti\u00f3n Ecol\u00f3gica y Manejo de Residuos reconoci\u00f3 la uni\u00f3n de esfuerzos en estas labores, tanto de detecci\u00f3n como de atenci\u00f3n por parte del \u00e1rea de Protecci\u00f3n Civil del Ayuntamiento de San Luis Potos\u00ed, para mantener limpios este tipo de edificaciones, as\u00ed como los lotes bald\u00edos.<\/p>\n","protected":false},"excerpt":{"rendered":"<p>La Direcci\u00f3n de Gesti\u00f3n Ecol\u00f3gica responde a solicitudes de pobladores de El Montecillo y de San Sebasti\u00e1n, entre otros sectores<\/p>\n","protected":false},"author":1,"featured_media":1321,"comment_status":"open","ping_status":"open","sticky":false,"template":"","format":"standard","meta":{"footnotes":""},"categories":[25],"tags":[],"class_list":["post-1320","post","type-post","status-publish","format-standard","has-post-thumbnail","hentry","category-local"],"yoast_head":"<!-- This site is optimized with the Yoast SEO plugin v24.1 - https:\/\/yoast.com\/wordpress\/plugins\/seo\/ -->\n<title>El Gobierno de la Capital ampl\u00eda el mantenimiento a fincas de los barrios de San Luis Potos\u00ed - sanluisinforma.com<\/title>\n<meta name=\"robots\" content=\"index, follow, max-snippet:-1, max-image-preview:large, max-video-preview:-1\" \/>\n<link rel=\"canonical\" href=\"https:\/\/sanluisinforma.com\/?p=1320\" \/>\n<meta property=\"og:locale\" content=\"es_MX\" \/>\n<meta property=\"og:type\" content=\"article\" \/>\n<meta property=\"og:title\" content=\"El Gobierno de la Capital ampl\u00eda el mantenimiento a fincas de los barrios de San Luis Potos\u00ed - sanluisinforma.com\" \/>\n<meta property=\"og:description\" content=\"La Direcci\u00f3n de Gesti\u00f3n Ecol\u00f3gica responde a solicitudes de pobladores de El Montecillo y de San Sebasti\u00e1n, entre otros sectores\" \/>\n<meta property=\"og:url\" content=\"https:\/\/sanluisinforma.com\/?p=1320\" \/>\n<meta property=\"og:site_name\" content=\"sanluisinforma.com\" \/>\n<meta property=\"article:published_time\" content=\"2022-04-24T15:18:00+00:00\" \/>\n<meta property=\"og:image\" content=\"https:\/\/sanluisinforma.com\/wp-content\/uploads\/2022\/05\/BOLETIN-CSA_882-Mantenimiento-a-fincas.jpeg\" \/>\n\t<meta property=\"og:image:width\" content=\"500\" \/>\n\t<meta property=\"og:image:height\" content=\"237\" \/>\n\t<meta property=\"og:image:type\" content=\"image\/jpeg\" \/>\n<meta name=\"author\" content=\"m3rsync\" \/>\n<meta name=\"twitter:card\" content=\"summary_large_image\" \/>\n<meta name=\"twitter:label1\" content=\"Escrito por\" \/>\n\t<meta name=\"twitter:data1\" content=\"m3rsync\" \/>\n\t<meta name=\"twitter:label2\" content=\"Tiempo de lectura\" \/>\n\t<meta name=\"twitter:data2\" content=\"2 minutos\" \/>\n<script type=\"application\/ld+json\" class=\"yoast-schema-graph\">{\"@context\":\"https:\/\/schema.org\",\"@graph\":[{\"@type\":\"Article\",\"@id\":\"https:\/\/sanluisinforma.com\/?p=1320#article\",\"isPartOf\":{\"@id\":\"https:\/\/sanluisinforma.com\/?p=1320\"},\"author\":{\"name\":\"m3rsync\",\"@id\":\"https:\/\/sanluisinforma.com\/#\/schema\/person\/49ff81046c3481e1b5440b65c424cc17\"},\"headline\":\"El Gobierno de la Capital ampl\u00eda el mantenimiento a fincas de los barrios de San Luis Potos\u00ed\",\"datePublished\":\"2022-04-24T15:18:00+00:00\",\"dateModified\":\"2022-04-24T15:18:00+00:00\",\"mainEntityOfPage\":{\"@id\":\"https:\/\/sanluisinforma.com\/?p=1320\"},\"wordCount\":406,\"commentCount\":0,\"publisher\":{\"@id\":\"https:\/\/sanluisinforma.com\/#organization\"},\"image\":{\"@id\":\"https:\/\/sanluisinforma.com\/?p=1320#primaryimage\"},\"thumbnailUrl\":\"https:\/\/sanluisinforma.com\/wp-content\/uploads\/2022\/05\/BOLETIN-CSA_882-Mantenimiento-a-fincas.jpeg\",\"articleSection\":[\"Local\"],\"inLanguage\":\"es\",\"potentialAction\":[{\"@type\":\"CommentAction\",\"name\":\"Comment\",\"target\":[\"https:\/\/sanluisinforma.com\/?p=1320#respond\"]}]},{\"@type\":\"WebPage\",\"@id\":\"https:\/\/sanluisinforma.com\/?p=1320\",\"url\":\"https:\/\/sanluisinforma.com\/?p=1320\",\"name\":\"El Gobierno de la Capital ampl\u00eda el mantenimiento a fincas de los barrios de San Luis Potos\u00ed - sanluisinforma.com\",\"isPartOf\":{\"@id\":\"https:\/\/sanluisinforma.com\/#website\"},\"primaryImageOfPage\":{\"@id\":\"https:\/\/sanluisinforma.com\/?p=1320#primaryimage\"},\"image\":{\"@id\":\"https:\/\/sanluisinforma.com\/?p=1320#primaryimage\"},\"thumbnailUrl\":\"https:\/\/sanluisinforma.com\/wp-content\/uploads\/2022\/05\/BOLETIN-CSA_882-Mantenimiento-a-fincas.jpeg\",\"datePublished\":\"2022-04-24T15:18:00+00:00\",\"dateModified\":\"2022-04-24T15:18:00+00:00\",\"breadcrumb\":{\"@id\":\"https:\/\/sanluisinforma.com\/?p=1320#breadcrumb\"},\"inLanguage\":\"es\",\"potentialAction\":[{\"@type\":\"ReadAction\",\"target\":[\"https:\/\/sanluisinforma.com\/?p=1320\"]}]},{\"@type\":\"ImageObject\",\"inLanguage\":\"es\",\"@id\":\"https:\/\/sanluisinforma.com\/?p=1320#primaryimage\",\"url\":\"https:\/\/sanluisinforma.com\/wp-content\/uploads\/2022\/05\/BOLETIN-CSA_882-Mantenimiento-a-fincas.jpeg\",\"contentUrl\":\"https:\/\/sanluisinforma.com\/wp-content\/uploads\/2022\/05\/BOLETIN-CSA_882-Mantenimiento-a-fincas.jpeg\",\"width\":500,\"height\":237},{\"@type\":\"BreadcrumbList\",\"@id\":\"https:\/\/sanluisinforma.com\/?p=1320#breadcrumb\",\"itemListElement\":[{\"@type\":\"ListItem\",\"position\":1,\"name\":\"Inicio\",\"item\":\"https:\/\/sanluisinforma.com\/\"},{\"@type\":\"ListItem\",\"position\":2,\"name\":\"El Gobierno de la Capital ampl\u00eda el mantenimiento a fincas de los barrios de San Luis Potos\u00ed\"}]},{\"@type\":\"WebSite\",\"@id\":\"https:\/\/sanluisinforma.com\/#website\",\"url\":\"https:\/\/sanluisinforma.com\/\",\"name\":\"sanluisinforma.com\",\"description\":\"Periodico San Luis Informa\",\"publisher\":{\"@id\":\"https:\/\/sanluisinforma.com\/#organization\"},\"potentialAction\":[{\"@type\":\"SearchAction\",\"target\":{\"@type\":\"EntryPoint\",\"urlTemplate\":\"https:\/\/sanluisinforma.com\/?s={search_term_string}\"},\"query-input\":{\"@type\":\"PropertyValueSpecification\",\"valueRequired\":true,\"valueName\":\"search_term_string\"}}],\"inLanguage\":\"es\"},{\"@type\":\"Organization\",\"@id\":\"https:\/\/sanluisinforma.com\/#organization\",\"name\":\"sanluisinforma.com\",\"url\":\"https:\/\/sanluisinforma.com\/\",\"logo\":{\"@type\":\"ImageObject\",\"inLanguage\":\"es\",\"@id\":\"https:\/\/sanluisinforma.com\/#\/schema\/logo\/image\/\",\"url\":\"https:\/\/sanluisinforma.com\/wp-content\/uploads\/2026\/03\/sanluisinforma-V.jpg\",\"contentUrl\":\"https:\/\/sanluisinforma.com\/wp-content\/uploads\/2026\/03\/sanluisinforma-V.jpg\",\"width\":500,\"height\":156,\"caption\":\"sanluisinforma.com\"},\"image\":{\"@id\":\"https:\/\/sanluisinforma.com\/#\/schema\/logo\/image\/\"}},{\"@type\":\"Person\",\"@id\":\"https:\/\/sanluisinforma.com\/#\/schema\/person\/49ff81046c3481e1b5440b65c424cc17\",\"name\":\"m3rsync\",\"image\":{\"@type\":\"ImageObject\",\"inLanguage\":\"es\",\"@id\":\"https:\/\/sanluisinforma.com\/#\/schema\/person\/image\/\",\"url\":\"https:\/\/secure.gravatar.com\/avatar\/a680509951ac8a465dc670dcf485535c45f0448b55f320b47fd5b6339aed90e2?s=96&d=mm&r=g\",\"contentUrl\":\"https:\/\/secure.gravatar.com\/avatar\/a680509951ac8a465dc670dcf485535c45f0448b55f320b47fd5b6339aed90e2?s=96&d=mm&r=g\",\"caption\":\"m3rsync\"},\"sameAs\":[\"https:\/\/sanluisinforma.com\"],\"url\":\"https:\/\/sanluisinforma.com\/?author=1\"}]}<\/script>\n<!-- \/ Yoast SEO plugin. -->","yoast_head_json":{"title":"El Gobierno de la Capital ampl\u00eda el mantenimiento a fincas de los barrios de San Luis Potos\u00ed - sanluisinforma.com","robots":{"index":"index","follow":"follow","max-snippet":"max-snippet:-1","max-image-preview":"max-image-preview:large","max-video-preview":"max-video-preview:-1"},"canonical":"https:\/\/sanluisinforma.com\/?p=1320","og_locale":"es_MX","og_type":"article","og_title":"El Gobierno de la Capital ampl\u00eda el mantenimiento a fincas de los barrios de San Luis Potos\u00ed - sanluisinforma.com","og_description":"La Direcci\u00f3n de Gesti\u00f3n Ecol\u00f3gica responde a solicitudes de pobladores de El Montecillo y de San Sebasti\u00e1n, entre otros sectores","og_url":"https:\/\/sanluisinforma.com\/?p=1320","og_site_name":"sanluisinforma.com","article_published_time":"2022-04-24T15:18:00+00:00","og_image":[{"width":500,"height":237,"url":"https:\/\/sanluisinforma.com\/wp-content\/uploads\/2022\/05\/BOLETIN-CSA_882-Mantenimiento-a-fincas.jpeg","type":"image\/jpeg"}],"author":"m3rsync","twitter_card":"summary_large_image","twitter_misc":{"Escrito por":"m3rsync","Tiempo de lectura":"2 minutos"},"schema":{"@context":"https:\/\/schema.org","@graph":[{"@type":"Article","@id":"https:\/\/sanluisinforma.com\/?p=1320#article","isPartOf":{"@id":"https:\/\/sanluisinforma.com\/?p=1320"},"author":{"name":"m3rsync","@id":"https:\/\/sanluisinforma.com\/#\/schema\/person\/49ff81046c3481e1b5440b65c424cc17"},"headline":"El Gobierno de la Capital ampl\u00eda el mantenimiento a fincas de los barrios de San Luis Potos\u00ed","datePublished":"2022-04-24T15:18:00+00:00","dateModified":"2022-04-24T15:18:00+00:00","mainEntityOfPage":{"@id":"https:\/\/sanluisinforma.com\/?p=1320"},"wordCount":406,"commentCount":0,"publisher":{"@id":"https:\/\/sanluisinforma.com\/#organization"},"image":{"@id":"https:\/\/sanluisinforma.com\/?p=1320#primaryimage"},"thumbnailUrl":"https:\/\/sanluisinforma.com\/wp-content\/uploads\/2022\/05\/BOLETIN-CSA_882-Mantenimiento-a-fincas.jpeg","articleSection":["Local"],"inLanguage":"es","potentialAction":[{"@type":"CommentAction","name":"Comment","target":["https:\/\/sanluisinforma.com\/?p=1320#respond"]}]},{"@type":"WebPage","@id":"https:\/\/sanluisinforma.com\/?p=1320","url":"https:\/\/sanluisinforma.com\/?p=1320","name":"El Gobierno de la Capital ampl\u00eda el mantenimiento a fincas de los barrios de San Luis Potos\u00ed - sanluisinforma.com","isPartOf":{"@id":"https:\/\/sanluisinforma.com\/#website"},"primaryImageOfPage":{"@id":"https:\/\/sanluisinforma.com\/?p=1320#primaryimage"},"image":{"@id":"https:\/\/sanluisinforma.com\/?p=1320#primaryimage"},"thumbnailUrl":"https:\/\/sanluisinforma.com\/wp-content\/uploads\/2022\/05\/BOLETIN-CSA_882-Mantenimiento-a-fincas.jpeg","datePublished":"2022-04-24T15:18:00+00:00","dateModified":"2022-04-24T15:18:00+00:00","breadcrumb":{"@id":"https:\/\/sanluisinforma.com\/?p=1320#breadcrumb"},"inLanguage":"es","potentialAction":[{"@type":"ReadAction","target":["https:\/\/sanluisinforma.com\/?p=1320"]}]},{"@type":"ImageObject","inLanguage":"es","@id":"https:\/\/sanluisinforma.com\/?p=1320#primaryimage","url":"https:\/\/sanluisinforma.com\/wp-content\/uploads\/2022\/05\/BOLETIN-CSA_882-Mantenimiento-a-fincas.jpeg","contentUrl":"https:\/\/sanluisinforma.com\/wp-content\/uploads\/2022\/05\/BOLETIN-CSA_882-Mantenimiento-a-fincas.jpeg","width":500,"height":237},{"@type":"BreadcrumbList","@id":"https:\/\/sanluisinforma.com\/?p=1320#breadcrumb","itemListElement":[{"@type":"ListItem","position":1,"name":"Inicio","item":"https:\/\/sanluisinforma.com\/"},{"@type":"ListItem","position":2,"name":"El Gobierno de la Capital ampl\u00eda el mantenimiento a fincas de los barrios de San Luis Potos\u00ed"}]},{"@type":"WebSite","@id":"https:\/\/sanluisinforma.com\/#website","url":"https:\/\/sanluisinforma.com\/","name":"sanluisinforma.com","description":"Periodico San Luis Informa","publisher":{"@id":"https:\/\/sanluisinforma.com\/#organization"},"potentialAction":[{"@type":"SearchAction","target":{"@type":"EntryPoint","urlTemplate":"https:\/\/sanluisinforma.com\/?s={search_term_string}"},"query-input":{"@type":"PropertyValueSpecification","valueRequired":true,"valueName":"search_term_string"}}],"inLanguage":"es"},{"@type":"Organization","@id":"https:\/\/sanluisinforma.com\/#organization","name":"sanluisinforma.com","url":"https:\/\/sanluisinforma.com\/","logo":{"@type":"ImageObject","inLanguage":"es","@id":"https:\/\/sanluisinforma.com\/#\/schema\/logo\/image\/","url":"https:\/\/sanluisinforma.com\/wp-content\/uploads\/2026\/03\/sanluisinforma-V.jpg","contentUrl":"https:\/\/sanluisinforma.com\/wp-content\/uploads\/2026\/03\/sanluisinforma-V.jpg","width":500,"height":156,"caption":"sanluisinforma.com"},"image":{"@id":"https:\/\/sanluisinforma.com\/#\/schema\/logo\/image\/"}},{"@type":"Person","@id":"https:\/\/sanluisinforma.com\/#\/schema\/person\/49ff81046c3481e1b5440b65c424cc17","name":"m3rsync","image":{"@type":"ImageObject","inLanguage":"es","@id":"https:\/\/sanluisinforma.com\/#\/schema\/person\/image\/","url":"https:\/\/secure.gravatar.com\/avatar\/a680509951ac8a465dc670dcf485535c45f0448b55f320b47fd5b6339aed90e2?s=96&d=mm&r=g","contentUrl":"https:\/\/secure.gravatar.com\/avatar\/a680509951ac8a465dc670dcf485535c45f0448b55f320b47fd5b6339aed90e2?s=96&d=mm&r=g","caption":"m3rsync"},"sameAs":["https:\/\/sanluisinforma.com"],"url":"https:\/\/sanluisinforma.com\/?author=1"}]}},"_links":{"self":[{"href":"https:\/\/sanluisinforma.com\/index.php?rest_route=\/wp\/v2\/posts\/1320","targetHints":{"allow":["GET"]}}],"collection":[{"href":"https:\/\/sanluisinforma.com\/index.php?rest_route=\/wp\/v2\/posts"}],"about":[{"href":"https:\/\/sanluisinforma.com\/index.php?rest_route=\/wp\/v2\/types\/post"}],"author":[{"embeddable":true,"href":"https:\/\/sanluisinforma.com\/index.php?rest_route=\/wp\/v2\/users\/1"}],"replies":[{"embeddable":true,"href":"https:\/\/sanluisinforma.com\/index.php?rest_route=%2Fwp%2Fv2%2Fcomments&post=1320"}],"version-history":[{"count":0,"href":"https:\/\/sanluisinforma.com\/index.php?rest_route=\/wp\/v2\/posts\/1320\/revisions"}],"wp:featuredmedia":[{"embeddable":true,"href":"https:\/\/sanluisinforma.com\/index.php?rest_route=\/wp\/v2\/media\/1321"}],"wp:attachment":[{"href":"https:\/\/sanluisinforma.com\/index.php?rest_route=%2Fwp%2Fv2%2Fmedia&parent=1320"}],"wp:term":[{"taxonomy":"category","embeddable":true,"href":"https:\/\/sanluisinforma.com\/index.php?rest_route=%2Fwp%2Fv2%2Fcategories&post=1320"},{"taxonomy":"post_tag","embeddable":true,"href":"https:\/\/sanluisinforma.com\/index.php?rest_route=%2Fwp%2Fv2%2Ftags&post=1320"}],"curies":[{"name":"wp","href":"https:\/\/api.w.org\/{rel}","templated":true}]}}