{"id":1322,"date":"2022-04-24T08:16:47","date_gmt":"2022-04-24T13:16:47","guid":{"rendered":"https:\/\/sanluisinforma.com\/?p=65723"},"modified":"2022-04-24T08:16:47","modified_gmt":"2022-04-24T13:16:47","slug":"lopez-obrador-reconoce-labor-de-ricardo-gallardo-a-favor-de-potosinos","status":"publish","type":"post","link":"https:\/\/sanluisinforma.com\/?p=1322","title":{"rendered":"L\u00d3PEZ OBRADOR RECONOCE LABOR DE RICARDO GALLARDO A FAVOR DE POTOSINOS"},"content":{"rendered":"\n<figure class=\"wp-block-image size-large\"><a href=\"https:\/\/sanluisinforma.com\/wp-content\/uploads\/2022\/04\/AMlo-slp-B-1.jpg\"><img decoding=\"async\" src=\"https:\/\/sanluisinforma.com\/wp-content\/uploads\/2022\/04\/AMlo-slp-B-1-1024x682.jpg\" alt=\"\" class=\"wp-image-65724\"\/><\/a><\/figure>\n\n\n\n<p>En su visita a San Luis, el Presidente de M\u00e9xico Andr\u00e9s Manuel L\u00f3pez Obrador reconoci\u00f3 los programas sociales de Ricardo Gallardo Cardona, que, sumados a los programas federales, refuerzan al pueblo potosino.<\/p>\n\n\n\n<p>El Gobernador del Estado, Ricardo Gallardo Cardona acompa\u00f1\u00f3 al Presidente de la Rep\u00fablica Andr\u00e9s Manuel L\u00f3pez Obrador en la supervisi\u00f3n de la modernizaci\u00f3n de la carretera Ciudad Valles-Tamazunchale. Ah\u00ed, el primer mandatario del pa\u00eds anunci\u00f3 tres mil millones de pesos m\u00e1s para concluir este proyecto.<\/p>\n\n\n\n<p>\u201cNo les voy a fallar a la gente de San Luis, vamos a ampliar los cuarteles de la Guardia Nacional para mejorar la seguridad\u201d, expres\u00f3 el Presidente ante miles de potosinos que le agradecieron su visita.<\/p>\n\n\n\n<p>Gallardo Cardona agradeci\u00f3 este compromiso que, junto con la Guardia Civil Estatal se restituir\u00e1 la paz en las cuatro regiones del Estado.<\/p>\n\n\n\n<p>L\u00f3pez Obrador recibi\u00f3 incontables muestras de cari\u00f1o y respaldo, a la par que anunciaba que con 3 mil millones de pesos federales adicionales, la autopista Valles-Tamazunchale quedar\u00e1 concluida en diciembre de 2023, al igual que la modernizaci\u00f3n del aeropuerto de Tamu\u00edn.<\/p>\n\n\n\n<p>Acompa\u00f1ado de funcionarios federales, alcaldes, diputados y miles de familias huastecas, el Presidente de la Rep\u00fablica reconoci\u00f3 a San Luis Potos\u00ed y al Gobernador Gallardo Cardona por sumarse con total disponibilidad a la federalizaci\u00f3n del sistema de salud mediante el IMSS-Bienestar, que dar\u00e1 atenci\u00f3n y medicamentos gratuitos a todas y todos los potosinos.<\/p>\n\n\n\n<p>Otro reconocimiento de L\u00f3pez Obrador al Gobierno de Gallardo Cardona fue por brindar apoyos y beneficios directos como placas y licencias gratuitas, becas econ\u00f3micas y pr\u00e9stamos blandos a emprendedores y microempresas porque sumados a los programas federales, el pueblo potosino hoy vive mejor.<\/p>\n\n\n\n<p>Por otra parte, el Presidente L\u00f3pez Obrador anunci\u00f3 a medios de comunicaci\u00f3n que en dos meses regresar\u00e1 a San Luis Potos\u00ed en agenda por definir, y estar\u00e1 espec\u00edficamente en la zona metropolitana, ante lo que el Gobernador Gallardo Cardona se dijo complacido de recibirlo y acompa\u00f1arlo en el trabajo conjunto a favor de los potosinos.<\/p>\n","protected":false},"excerpt":{"rendered":"<p>En su visita a San Luis, el Presidente de M\u00e9xico Andr\u00e9s Manuel L\u00f3pez Obrador reconoci\u00f3 los programas sociales de Ricardo<\/p>\n","protected":false},"author":2,"featured_media":1323,"comment_status":"open","ping_status":"open","sticky":false,"template":"","format":"standard","meta":{"footnotes":""},"categories":[25,30],"tags":[],"class_list":["post-1322","post","type-post","status-publish","format-standard","has-post-thumbnail","hentry","category-local","category-portada"],"yoast_head":"<!-- This site is optimized with the Yoast SEO plugin v24.1 - https:\/\/yoast.com\/wordpress\/plugins\/seo\/ -->\n<title>L\u00d3PEZ OBRADOR RECONOCE LABOR DE RICARDO GALLARDO A FAVOR DE POTOSINOS - sanluisinforma.com<\/title>\n<meta name=\"robots\" content=\"index, follow, max-snippet:-1, max-image-preview:large, max-video-preview:-1\" \/>\n<link rel=\"canonical\" href=\"https:\/\/sanluisinforma.com\/?p=1322\" \/>\n<meta property=\"og:locale\" content=\"es_MX\" \/>\n<meta property=\"og:type\" content=\"article\" \/>\n<meta property=\"og:title\" content=\"L\u00d3PEZ OBRADOR RECONOCE LABOR DE RICARDO GALLARDO A FAVOR DE POTOSINOS - sanluisinforma.com\" \/>\n<meta property=\"og:description\" content=\"En su visita a San Luis, el Presidente de M\u00e9xico Andr\u00e9s Manuel L\u00f3pez Obrador reconoci\u00f3 los programas sociales de Ricardo\" \/>\n<meta property=\"og:url\" content=\"https:\/\/sanluisinforma.com\/?p=1322\" \/>\n<meta property=\"og:site_name\" content=\"sanluisinforma.com\" \/>\n<meta property=\"article:published_time\" content=\"2022-04-24T13:16:47+00:00\" \/>\n<meta property=\"og:image\" content=\"https:\/\/sanluisinforma.com\/wp-content\/uploads\/2022\/04\/AMlo-slp-B-1.jpg\" \/>\n\t<meta property=\"og:image:width\" content=\"1600\" \/>\n\t<meta property=\"og:image:height\" content=\"1066\" \/>\n\t<meta property=\"og:image:type\" content=\"image\/jpeg\" \/>\n<meta name=\"author\" content=\"sanluisinforma.com\" \/>\n<meta name=\"twitter:card\" content=\"summary_large_image\" \/>\n<meta name=\"twitter:label1\" content=\"Escrito por\" \/>\n\t<meta name=\"twitter:data1\" content=\"sanluisinforma.com\" \/>\n\t<meta name=\"twitter:label2\" content=\"Tiempo de lectura\" \/>\n\t<meta name=\"twitter:data2\" content=\"2 minutos\" \/>\n<script type=\"application\/ld+json\" class=\"yoast-schema-graph\">{\"@context\":\"https:\/\/schema.org\",\"@graph\":[{\"@type\":\"Article\",\"@id\":\"https:\/\/sanluisinforma.com\/?p=1322#article\",\"isPartOf\":{\"@id\":\"https:\/\/sanluisinforma.com\/?p=1322\"},\"author\":{\"name\":\"sanluisinforma.com\",\"@id\":\"https:\/\/sanluisinforma.com\/#\/schema\/person\/c30648f71476be533b6f59d092905c8b\"},\"headline\":\"L\u00d3PEZ OBRADOR RECONOCE LABOR DE RICARDO GALLARDO A FAVOR DE POTOSINOS\",\"datePublished\":\"2022-04-24T13:16:47+00:00\",\"dateModified\":\"2022-04-24T13:16:47+00:00\",\"mainEntityOfPage\":{\"@id\":\"https:\/\/sanluisinforma.com\/?p=1322\"},\"wordCount\":362,\"commentCount\":0,\"publisher\":{\"@id\":\"https:\/\/sanluisinforma.com\/#organization\"},\"image\":{\"@id\":\"https:\/\/sanluisinforma.com\/?p=1322#primaryimage\"},\"thumbnailUrl\":\"https:\/\/sanluisinforma.com\/wp-content\/uploads\/2022\/04\/AMlo-slp-B-1.jpg\",\"articleSection\":[\"Local\",\"Portada\"],\"inLanguage\":\"es\",\"potentialAction\":[{\"@type\":\"CommentAction\",\"name\":\"Comment\",\"target\":[\"https:\/\/sanluisinforma.com\/?p=1322#respond\"]}]},{\"@type\":\"WebPage\",\"@id\":\"https:\/\/sanluisinforma.com\/?p=1322\",\"url\":\"https:\/\/sanluisinforma.com\/?p=1322\",\"name\":\"L\u00d3PEZ OBRADOR RECONOCE LABOR DE RICARDO GALLARDO A FAVOR DE POTOSINOS - sanluisinforma.com\",\"isPartOf\":{\"@id\":\"https:\/\/sanluisinforma.com\/#website\"},\"primaryImageOfPage\":{\"@id\":\"https:\/\/sanluisinforma.com\/?p=1322#primaryimage\"},\"image\":{\"@id\":\"https:\/\/sanluisinforma.com\/?p=1322#primaryimage\"},\"thumbnailUrl\":\"https:\/\/sanluisinforma.com\/wp-content\/uploads\/2022\/04\/AMlo-slp-B-1.jpg\",\"datePublished\":\"2022-04-24T13:16:47+00:00\",\"dateModified\":\"2022-04-24T13:16:47+00:00\",\"breadcrumb\":{\"@id\":\"https:\/\/sanluisinforma.com\/?p=1322#breadcrumb\"},\"inLanguage\":\"es\",\"potentialAction\":[{\"@type\":\"ReadAction\",\"target\":[\"https:\/\/sanluisinforma.com\/?p=1322\"]}]},{\"@type\":\"ImageObject\",\"inLanguage\":\"es\",\"@id\":\"https:\/\/sanluisinforma.com\/?p=1322#primaryimage\",\"url\":\"https:\/\/sanluisinforma.com\/wp-content\/uploads\/2022\/04\/AMlo-slp-B-1.jpg\",\"contentUrl\":\"https:\/\/sanluisinforma.com\/wp-content\/uploads\/2022\/04\/AMlo-slp-B-1.jpg\",\"width\":1600,\"height\":1066},{\"@type\":\"BreadcrumbList\",\"@id\":\"https:\/\/sanluisinforma.com\/?p=1322#breadcrumb\",\"itemListElement\":[{\"@type\":\"ListItem\",\"position\":1,\"name\":\"Inicio\",\"item\":\"https:\/\/sanluisinforma.com\/\"},{\"@type\":\"ListItem\",\"position\":2,\"name\":\"L\u00d3PEZ OBRADOR RECONOCE LABOR DE RICARDO GALLARDO A FAVOR DE POTOSINOS\"}]},{\"@type\":\"WebSite\",\"@id\":\"https:\/\/sanluisinforma.com\/#website\",\"url\":\"https:\/\/sanluisinforma.com\/\",\"name\":\"sanluisinforma.com\",\"description\":\"Periodico San Luis Informa\",\"publisher\":{\"@id\":\"https:\/\/sanluisinforma.com\/#organization\"},\"potentialAction\":[{\"@type\":\"SearchAction\",\"target\":{\"@type\":\"EntryPoint\",\"urlTemplate\":\"https:\/\/sanluisinforma.com\/?s={search_term_string}\"},\"query-input\":{\"@type\":\"PropertyValueSpecification\",\"valueRequired\":true,\"valueName\":\"search_term_string\"}}],\"inLanguage\":\"es\"},{\"@type\":\"Organization\",\"@id\":\"https:\/\/sanluisinforma.com\/#organization\",\"name\":\"sanluisinforma.com\",\"url\":\"https:\/\/sanluisinforma.com\/\",\"logo\":{\"@type\":\"ImageObject\",\"inLanguage\":\"es\",\"@id\":\"https:\/\/sanluisinforma.com\/#\/schema\/logo\/image\/\",\"url\":\"https:\/\/sanluisinforma.com\/wp-content\/uploads\/2026\/03\/sanluisinforma-V.jpg\",\"contentUrl\":\"https:\/\/sanluisinforma.com\/wp-content\/uploads\/2026\/03\/sanluisinforma-V.jpg\",\"width\":500,\"height\":156,\"caption\":\"sanluisinforma.com\"},\"image\":{\"@id\":\"https:\/\/sanluisinforma.com\/#\/schema\/logo\/image\/\"}},{\"@type\":\"Person\",\"@id\":\"https:\/\/sanluisinforma.com\/#\/schema\/person\/c30648f71476be533b6f59d092905c8b\",\"name\":\"sanluisinforma.com\",\"image\":{\"@type\":\"ImageObject\",\"inLanguage\":\"es\",\"@id\":\"https:\/\/sanluisinforma.com\/#\/schema\/person\/image\/\",\"url\":\"https:\/\/secure.gravatar.com\/avatar\/86e3114e34a1eecefb963e0a02f0093f93b092dddb2fe1517596343751081a87?s=96&d=mm&r=g\",\"contentUrl\":\"https:\/\/secure.gravatar.com\/avatar\/86e3114e34a1eecefb963e0a02f0093f93b092dddb2fe1517596343751081a87?s=96&d=mm&r=g\",\"caption\":\"sanluisinforma.com\"},\"url\":\"https:\/\/sanluisinforma.com\/?author=2\"}]}<\/script>\n<!-- \/ Yoast SEO plugin. -->","yoast_head_json":{"title":"L\u00d3PEZ OBRADOR RECONOCE LABOR DE RICARDO GALLARDO A FAVOR DE POTOSINOS - sanluisinforma.com","robots":{"index":"index","follow":"follow","max-snippet":"max-snippet:-1","max-image-preview":"max-image-preview:large","max-video-preview":"max-video-preview:-1"},"canonical":"https:\/\/sanluisinforma.com\/?p=1322","og_locale":"es_MX","og_type":"article","og_title":"L\u00d3PEZ OBRADOR RECONOCE LABOR DE RICARDO GALLARDO A FAVOR DE POTOSINOS - sanluisinforma.com","og_description":"En su visita a San Luis, el Presidente de M\u00e9xico Andr\u00e9s Manuel L\u00f3pez Obrador reconoci\u00f3 los programas sociales de Ricardo","og_url":"https:\/\/sanluisinforma.com\/?p=1322","og_site_name":"sanluisinforma.com","article_published_time":"2022-04-24T13:16:47+00:00","og_image":[{"width":1600,"height":1066,"url":"https:\/\/sanluisinforma.com\/wp-content\/uploads\/2022\/04\/AMlo-slp-B-1.jpg","type":"image\/jpeg"}],"author":"sanluisinforma.com","twitter_card":"summary_large_image","twitter_misc":{"Escrito por":"sanluisinforma.com","Tiempo de lectura":"2 minutos"},"schema":{"@context":"https:\/\/schema.org","@graph":[{"@type":"Article","@id":"https:\/\/sanluisinforma.com\/?p=1322#article","isPartOf":{"@id":"https:\/\/sanluisinforma.com\/?p=1322"},"author":{"name":"sanluisinforma.com","@id":"https:\/\/sanluisinforma.com\/#\/schema\/person\/c30648f71476be533b6f59d092905c8b"},"headline":"L\u00d3PEZ OBRADOR RECONOCE LABOR DE RICARDO GALLARDO A FAVOR DE POTOSINOS","datePublished":"2022-04-24T13:16:47+00:00","dateModified":"2022-04-24T13:16:47+00:00","mainEntityOfPage":{"@id":"https:\/\/sanluisinforma.com\/?p=1322"},"wordCount":362,"commentCount":0,"publisher":{"@id":"https:\/\/sanluisinforma.com\/#organization"},"image":{"@id":"https:\/\/sanluisinforma.com\/?p=1322#primaryimage"},"thumbnailUrl":"https:\/\/sanluisinforma.com\/wp-content\/uploads\/2022\/04\/AMlo-slp-B-1.jpg","articleSection":["Local","Portada"],"inLanguage":"es","potentialAction":[{"@type":"CommentAction","name":"Comment","target":["https:\/\/sanluisinforma.com\/?p=1322#respond"]}]},{"@type":"WebPage","@id":"https:\/\/sanluisinforma.com\/?p=1322","url":"https:\/\/sanluisinforma.com\/?p=1322","name":"L\u00d3PEZ OBRADOR RECONOCE LABOR DE RICARDO GALLARDO A FAVOR DE POTOSINOS - sanluisinforma.com","isPartOf":{"@id":"https:\/\/sanluisinforma.com\/#website"},"primaryImageOfPage":{"@id":"https:\/\/sanluisinforma.com\/?p=1322#primaryimage"},"image":{"@id":"https:\/\/sanluisinforma.com\/?p=1322#primaryimage"},"thumbnailUrl":"https:\/\/sanluisinforma.com\/wp-content\/uploads\/2022\/04\/AMlo-slp-B-1.jpg","datePublished":"2022-04-24T13:16:47+00:00","dateModified":"2022-04-24T13:16:47+00:00","breadcrumb":{"@id":"https:\/\/sanluisinforma.com\/?p=1322#breadcrumb"},"inLanguage":"es","potentialAction":[{"@type":"ReadAction","target":["https:\/\/sanluisinforma.com\/?p=1322"]}]},{"@type":"ImageObject","inLanguage":"es","@id":"https:\/\/sanluisinforma.com\/?p=1322#primaryimage","url":"https:\/\/sanluisinforma.com\/wp-content\/uploads\/2022\/04\/AMlo-slp-B-1.jpg","contentUrl":"https:\/\/sanluisinforma.com\/wp-content\/uploads\/2022\/04\/AMlo-slp-B-1.jpg","width":1600,"height":1066},{"@type":"BreadcrumbList","@id":"https:\/\/sanluisinforma.com\/?p=1322#breadcrumb","itemListElement":[{"@type":"ListItem","position":1,"name":"Inicio","item":"https:\/\/sanluisinforma.com\/"},{"@type":"ListItem","position":2,"name":"L\u00d3PEZ OBRADOR RECONOCE LABOR DE RICARDO GALLARDO A FAVOR DE POTOSINOS"}]},{"@type":"WebSite","@id":"https:\/\/sanluisinforma.com\/#website","url":"https:\/\/sanluisinforma.com\/","name":"sanluisinforma.com","description":"Periodico San Luis Informa","publisher":{"@id":"https:\/\/sanluisinforma.com\/#organization"},"potentialAction":[{"@type":"SearchAction","target":{"@type":"EntryPoint","urlTemplate":"https:\/\/sanluisinforma.com\/?s={search_term_string}"},"query-input":{"@type":"PropertyValueSpecification","valueRequired":true,"valueName":"search_term_string"}}],"inLanguage":"es"},{"@type":"Organization","@id":"https:\/\/sanluisinforma.com\/#organization","name":"sanluisinforma.com","url":"https:\/\/sanluisinforma.com\/","logo":{"@type":"ImageObject","inLanguage":"es","@id":"https:\/\/sanluisinforma.com\/#\/schema\/logo\/image\/","url":"https:\/\/sanluisinforma.com\/wp-content\/uploads\/2026\/03\/sanluisinforma-V.jpg","contentUrl":"https:\/\/sanluisinforma.com\/wp-content\/uploads\/2026\/03\/sanluisinforma-V.jpg","width":500,"height":156,"caption":"sanluisinforma.com"},"image":{"@id":"https:\/\/sanluisinforma.com\/#\/schema\/logo\/image\/"}},{"@type":"Person","@id":"https:\/\/sanluisinforma.com\/#\/schema\/person\/c30648f71476be533b6f59d092905c8b","name":"sanluisinforma.com","image":{"@type":"ImageObject","inLanguage":"es","@id":"https:\/\/sanluisinforma.com\/#\/schema\/person\/image\/","url":"https:\/\/secure.gravatar.com\/avatar\/86e3114e34a1eecefb963e0a02f0093f93b092dddb2fe1517596343751081a87?s=96&d=mm&r=g","contentUrl":"https:\/\/secure.gravatar.com\/avatar\/86e3114e34a1eecefb963e0a02f0093f93b092dddb2fe1517596343751081a87?s=96&d=mm&r=g","caption":"sanluisinforma.com"},"url":"https:\/\/sanluisinforma.com\/?author=2"}]}},"_links":{"self":[{"href":"https:\/\/sanluisinforma.com\/index.php?rest_route=\/wp\/v2\/posts\/1322","targetHints":{"allow":["GET"]}}],"collection":[{"href":"https:\/\/sanluisinforma.com\/index.php?rest_route=\/wp\/v2\/posts"}],"about":[{"href":"https:\/\/sanluisinforma.com\/index.php?rest_route=\/wp\/v2\/types\/post"}],"author":[{"embeddable":true,"href":"https:\/\/sanluisinforma.com\/index.php?rest_route=\/wp\/v2\/users\/2"}],"replies":[{"embeddable":true,"href":"https:\/\/sanluisinforma.com\/index.php?rest_route=%2Fwp%2Fv2%2Fcomments&post=1322"}],"version-history":[{"count":0,"href":"https:\/\/sanluisinforma.com\/index.php?rest_route=\/wp\/v2\/posts\/1322\/revisions"}],"wp:featuredmedia":[{"embeddable":true,"href":"https:\/\/sanluisinforma.com\/index.php?rest_route=\/wp\/v2\/media\/1323"}],"wp:attachment":[{"href":"https:\/\/sanluisinforma.com\/index.php?rest_route=%2Fwp%2Fv2%2Fmedia&parent=1322"}],"wp:term":[{"taxonomy":"category","embeddable":true,"href":"https:\/\/sanluisinforma.com\/index.php?rest_route=%2Fwp%2Fv2%2Fcategories&post=1322"},{"taxonomy":"post_tag","embeddable":true,"href":"https:\/\/sanluisinforma.com\/index.php?rest_route=%2Fwp%2Fv2%2Ftags&post=1322"}],"curies":[{"name":"wp","href":"https:\/\/api.w.org\/{rel}","templated":true}]}}