{"id":13619,"date":"2025-07-21T00:50:00","date_gmt":"2025-07-21T06:50:00","guid":{"rendered":"https:\/\/sanluisinforma.com\/?p=13619"},"modified":"2025-07-20T20:22:03","modified_gmt":"2025-07-21T02:22:03","slug":"galindo-fortalece-valle-de-jacarandas-con-mejor-enrique-alumbrado-y-recuperacion-de-espacios-publicos","status":"publish","type":"post","link":"https:\/\/sanluisinforma.com\/?p=13619","title":{"rendered":"Galindo fortalece Valle de Jacarandas con mejor Enrique alumbrado y recuperaci\u00f3n de espacios p\u00fablicos"},"content":{"rendered":"\n<ul class=\"wp-block-list\">\n<li>Durante una nueva edici\u00f3n del programa Domingo de Pilas, el Presidente Municipal encabez\u00f3 trabajos de rehabilitaci\u00f3n, deshierbe y alumbrado en el jard\u00edn principal de la colonia, cumpliendo compromisos con las y los vecinos.<\/li>\n<\/ul>\n\n\n\n<p><\/p>\n\n\n\n<p>Como parte del compromiso del Gobierno de la Capital por mejorar la calidad de vida en cada rinc\u00f3n de la ciudad, el Alcalde Enrique Galindo Ceballos encabez\u00f3 este domingo una nueva jornada del programa Domingo de Pilas, ahora en la colonia Valle de Jacarandas. En esta edici\u00f3n se realizaron acciones de limpieza, desazolve, deshierbe y se instalaron reflectores para devolverle funcionalidad y seguridad al jard\u00edn principal, un espacio de gran valor para la comunidad. El Alcalde destac\u00f3 que este modelo de participaci\u00f3n ciudadana ha permitido recuperar m\u00faltiples zonas en la Capital, con resultados palpables en cada edici\u00f3n.<\/p>\n\n\n\n<p>El Presidente Municipal tambi\u00e9n anunci\u00f3 la graduaci\u00f3n de la primera generaci\u00f3n de becarios del programa municipal de est\u00edmulos a la educaci\u00f3n superior, y refrend\u00f3 su respaldo con la creaci\u00f3n de una bolsa de trabajo para el primer empleo juvenil. Adem\u00e1s, inform\u00f3 que San Luis Potos\u00ed fue seleccionada como locaci\u00f3n para una nueva telenovela de Televisa, lo que posiciona a la ciudad como un destino atractivo para la producci\u00f3n cultural y audiovisual a nivel nacional.<\/p>\n\n\n\n<p>Durante el evento, la Presidenta de la Junta de Participaci\u00f3n Ciudadana de Valle de Jacarandas, Evelyn Guadalupe Jara, agradeci\u00f3 al Alcalde por tomar en cuenta a la colonia: \u201cEsperamos seguir contando con su apoyo y tiene todo nuestro respaldo\u201d, expres\u00f3. Silvana, beneficiaria del programa de becas, comparti\u00f3 su experiencia al estudiar Psicolog\u00eda gracias al apoyo municipal: \u201cLlegu\u00e9 a las becas porque necesitaba un poquito de ayuda, y me gustar\u00eda formar parte del programa porque siento que puedo aportar cosas bonitas a la sociedad\u201d, dijo emocionada.<\/p>\n\n\n\n<p>El Director de Servicios Municipales, Christian Azuara, explic\u00f3 que se instalaron cinco reflectores para hacer del jard\u00edn un espacio funcional tambi\u00e9n durante la noche, como lo ha instruido el Alcalde. Por su parte, el Secretario de Bienestar Municipal, Edmundo Torrescano, destac\u00f3 que Domingo de Pilas es un programa transversal que une a ciudadan\u00eda, becarios y personal municipal en una din\u00e1mica de mejora colectiva que transforma a San Luis Potos\u00ed desde las colonias.<\/p>\n","protected":false},"excerpt":{"rendered":"<p>Como parte del compromiso del Gobierno de la Capital por mejorar la calidad de vida en cada rinc\u00f3n de la<\/p>\n","protected":false},"author":2,"featured_media":13620,"comment_status":"closed","ping_status":"closed","sticky":false,"template":"","format":"standard","meta":{"footnotes":""},"categories":[25,30],"tags":[],"class_list":["post-13619","post","type-post","status-publish","format-standard","has-post-thumbnail","hentry","category-local","category-portada"],"yoast_head":"<!-- This site is optimized with the Yoast SEO plugin v24.1 - https:\/\/yoast.com\/wordpress\/plugins\/seo\/ -->\n<title>Galindo fortalece Valle de Jacarandas con mejor Enrique alumbrado y recuperaci\u00f3n de espacios p\u00fablicos - sanluisinforma.com<\/title>\n<meta name=\"robots\" content=\"index, follow, max-snippet:-1, max-image-preview:large, max-video-preview:-1\" \/>\n<link rel=\"canonical\" href=\"https:\/\/sanluisinforma.com\/?p=13619\" \/>\n<meta property=\"og:locale\" content=\"es_MX\" \/>\n<meta property=\"og:type\" content=\"article\" \/>\n<meta property=\"og:title\" content=\"Galindo fortalece Valle de Jacarandas con mejor Enrique alumbrado y recuperaci\u00f3n de espacios p\u00fablicos - sanluisinforma.com\" \/>\n<meta property=\"og:description\" content=\"Como parte del compromiso del Gobierno de la Capital por mejorar la calidad de vida en cada rinc\u00f3n de la\" \/>\n<meta property=\"og:url\" content=\"https:\/\/sanluisinforma.com\/?p=13619\" \/>\n<meta property=\"og:site_name\" content=\"sanluisinforma.com\" \/>\n<meta property=\"article:published_time\" content=\"2025-07-21T06:50:00+00:00\" \/>\n<meta property=\"article:modified_time\" content=\"2025-07-21T02:22:03+00:00\" \/>\n<meta property=\"og:image\" content=\"https:\/\/sanluisinforma.com\/wp-content\/uploads\/2025\/07\/91daa4da-c865-474e-83fd-79b70e8f5906.jpg\" \/>\n\t<meta property=\"og:image:width\" content=\"400\" \/>\n\t<meta property=\"og:image:height\" content=\"266\" \/>\n\t<meta property=\"og:image:type\" content=\"image\/jpeg\" \/>\n<meta name=\"author\" content=\"sanluisinforma.com\" \/>\n<meta name=\"twitter:card\" content=\"summary_large_image\" \/>\n<meta name=\"twitter:label1\" content=\"Escrito por\" \/>\n\t<meta name=\"twitter:data1\" content=\"sanluisinforma.com\" \/>\n\t<meta name=\"twitter:label2\" content=\"Tiempo de lectura\" \/>\n\t<meta name=\"twitter:data2\" content=\"2 minutos\" \/>\n<script type=\"application\/ld+json\" class=\"yoast-schema-graph\">{\"@context\":\"https:\/\/schema.org\",\"@graph\":[{\"@type\":\"Article\",\"@id\":\"https:\/\/sanluisinforma.com\/?p=13619#article\",\"isPartOf\":{\"@id\":\"https:\/\/sanluisinforma.com\/?p=13619\"},\"author\":{\"name\":\"sanluisinforma.com\",\"@id\":\"https:\/\/sanluisinforma.com\/#\/schema\/person\/c30648f71476be533b6f59d092905c8b\"},\"headline\":\"Galindo fortalece Valle de Jacarandas con mejor Enrique alumbrado y recuperaci\u00f3n de espacios p\u00fablicos\",\"datePublished\":\"2025-07-21T06:50:00+00:00\",\"dateModified\":\"2025-07-21T02:22:03+00:00\",\"mainEntityOfPage\":{\"@id\":\"https:\/\/sanluisinforma.com\/?p=13619\"},\"wordCount\":402,\"publisher\":{\"@id\":\"https:\/\/sanluisinforma.com\/#organization\"},\"image\":{\"@id\":\"https:\/\/sanluisinforma.com\/?p=13619#primaryimage\"},\"thumbnailUrl\":\"https:\/\/sanluisinforma.com\/wp-content\/uploads\/2025\/07\/91daa4da-c865-474e-83fd-79b70e8f5906.jpg\",\"articleSection\":[\"Local\",\"Portada\"],\"inLanguage\":\"es\"},{\"@type\":\"WebPage\",\"@id\":\"https:\/\/sanluisinforma.com\/?p=13619\",\"url\":\"https:\/\/sanluisinforma.com\/?p=13619\",\"name\":\"Galindo fortalece Valle de Jacarandas con mejor Enrique alumbrado y recuperaci\u00f3n de espacios p\u00fablicos - sanluisinforma.com\",\"isPartOf\":{\"@id\":\"https:\/\/sanluisinforma.com\/#website\"},\"primaryImageOfPage\":{\"@id\":\"https:\/\/sanluisinforma.com\/?p=13619#primaryimage\"},\"image\":{\"@id\":\"https:\/\/sanluisinforma.com\/?p=13619#primaryimage\"},\"thumbnailUrl\":\"https:\/\/sanluisinforma.com\/wp-content\/uploads\/2025\/07\/91daa4da-c865-474e-83fd-79b70e8f5906.jpg\",\"datePublished\":\"2025-07-21T06:50:00+00:00\",\"dateModified\":\"2025-07-21T02:22:03+00:00\",\"breadcrumb\":{\"@id\":\"https:\/\/sanluisinforma.com\/?p=13619#breadcrumb\"},\"inLanguage\":\"es\",\"potentialAction\":[{\"@type\":\"ReadAction\",\"target\":[\"https:\/\/sanluisinforma.com\/?p=13619\"]}]},{\"@type\":\"ImageObject\",\"inLanguage\":\"es\",\"@id\":\"https:\/\/sanluisinforma.com\/?p=13619#primaryimage\",\"url\":\"https:\/\/sanluisinforma.com\/wp-content\/uploads\/2025\/07\/91daa4da-c865-474e-83fd-79b70e8f5906.jpg\",\"contentUrl\":\"https:\/\/sanluisinforma.com\/wp-content\/uploads\/2025\/07\/91daa4da-c865-474e-83fd-79b70e8f5906.jpg\",\"width\":400,\"height\":266},{\"@type\":\"BreadcrumbList\",\"@id\":\"https:\/\/sanluisinforma.com\/?p=13619#breadcrumb\",\"itemListElement\":[{\"@type\":\"ListItem\",\"position\":1,\"name\":\"Inicio\",\"item\":\"https:\/\/sanluisinforma.com\/\"},{\"@type\":\"ListItem\",\"position\":2,\"name\":\"Galindo fortalece Valle de Jacarandas con mejor Enrique alumbrado y recuperaci\u00f3n de espacios p\u00fablicos\"}]},{\"@type\":\"WebSite\",\"@id\":\"https:\/\/sanluisinforma.com\/#website\",\"url\":\"https:\/\/sanluisinforma.com\/\",\"name\":\"sanluisinforma.com\",\"description\":\"Periodico San Luis Informa\",\"publisher\":{\"@id\":\"https:\/\/sanluisinforma.com\/#organization\"},\"potentialAction\":[{\"@type\":\"SearchAction\",\"target\":{\"@type\":\"EntryPoint\",\"urlTemplate\":\"https:\/\/sanluisinforma.com\/?s={search_term_string}\"},\"query-input\":{\"@type\":\"PropertyValueSpecification\",\"valueRequired\":true,\"valueName\":\"search_term_string\"}}],\"inLanguage\":\"es\"},{\"@type\":\"Organization\",\"@id\":\"https:\/\/sanluisinforma.com\/#organization\",\"name\":\"sanluisinforma.com\",\"url\":\"https:\/\/sanluisinforma.com\/\",\"logo\":{\"@type\":\"ImageObject\",\"inLanguage\":\"es\",\"@id\":\"https:\/\/sanluisinforma.com\/#\/schema\/logo\/image\/\",\"url\":\"https:\/\/sanluisinforma.com\/wp-content\/uploads\/2026\/03\/sanluisinforma-V.jpg\",\"contentUrl\":\"https:\/\/sanluisinforma.com\/wp-content\/uploads\/2026\/03\/sanluisinforma-V.jpg\",\"width\":500,\"height\":156,\"caption\":\"sanluisinforma.com\"},\"image\":{\"@id\":\"https:\/\/sanluisinforma.com\/#\/schema\/logo\/image\/\"}},{\"@type\":\"Person\",\"@id\":\"https:\/\/sanluisinforma.com\/#\/schema\/person\/c30648f71476be533b6f59d092905c8b\",\"name\":\"sanluisinforma.com\",\"image\":{\"@type\":\"ImageObject\",\"inLanguage\":\"es\",\"@id\":\"https:\/\/sanluisinforma.com\/#\/schema\/person\/image\/\",\"url\":\"https:\/\/secure.gravatar.com\/avatar\/86e3114e34a1eecefb963e0a02f0093f93b092dddb2fe1517596343751081a87?s=96&d=mm&r=g\",\"contentUrl\":\"https:\/\/secure.gravatar.com\/avatar\/86e3114e34a1eecefb963e0a02f0093f93b092dddb2fe1517596343751081a87?s=96&d=mm&r=g\",\"caption\":\"sanluisinforma.com\"},\"url\":\"https:\/\/sanluisinforma.com\/?author=2\"}]}<\/script>\n<!-- \/ Yoast SEO plugin. -->","yoast_head_json":{"title":"Galindo fortalece Valle de Jacarandas con mejor Enrique alumbrado y recuperaci\u00f3n de espacios p\u00fablicos - sanluisinforma.com","robots":{"index":"index","follow":"follow","max-snippet":"max-snippet:-1","max-image-preview":"max-image-preview:large","max-video-preview":"max-video-preview:-1"},"canonical":"https:\/\/sanluisinforma.com\/?p=13619","og_locale":"es_MX","og_type":"article","og_title":"Galindo fortalece Valle de Jacarandas con mejor Enrique alumbrado y recuperaci\u00f3n de espacios p\u00fablicos - sanluisinforma.com","og_description":"Como parte del compromiso del Gobierno de la Capital por mejorar la calidad de vida en cada rinc\u00f3n de la","og_url":"https:\/\/sanluisinforma.com\/?p=13619","og_site_name":"sanluisinforma.com","article_published_time":"2025-07-21T06:50:00+00:00","article_modified_time":"2025-07-21T02:22:03+00:00","og_image":[{"width":400,"height":266,"url":"https:\/\/sanluisinforma.com\/wp-content\/uploads\/2025\/07\/91daa4da-c865-474e-83fd-79b70e8f5906.jpg","type":"image\/jpeg"}],"author":"sanluisinforma.com","twitter_card":"summary_large_image","twitter_misc":{"Escrito por":"sanluisinforma.com","Tiempo de lectura":"2 minutos"},"schema":{"@context":"https:\/\/schema.org","@graph":[{"@type":"Article","@id":"https:\/\/sanluisinforma.com\/?p=13619#article","isPartOf":{"@id":"https:\/\/sanluisinforma.com\/?p=13619"},"author":{"name":"sanluisinforma.com","@id":"https:\/\/sanluisinforma.com\/#\/schema\/person\/c30648f71476be533b6f59d092905c8b"},"headline":"Galindo fortalece Valle de Jacarandas con mejor Enrique alumbrado y recuperaci\u00f3n de espacios p\u00fablicos","datePublished":"2025-07-21T06:50:00+00:00","dateModified":"2025-07-21T02:22:03+00:00","mainEntityOfPage":{"@id":"https:\/\/sanluisinforma.com\/?p=13619"},"wordCount":402,"publisher":{"@id":"https:\/\/sanluisinforma.com\/#organization"},"image":{"@id":"https:\/\/sanluisinforma.com\/?p=13619#primaryimage"},"thumbnailUrl":"https:\/\/sanluisinforma.com\/wp-content\/uploads\/2025\/07\/91daa4da-c865-474e-83fd-79b70e8f5906.jpg","articleSection":["Local","Portada"],"inLanguage":"es"},{"@type":"WebPage","@id":"https:\/\/sanluisinforma.com\/?p=13619","url":"https:\/\/sanluisinforma.com\/?p=13619","name":"Galindo fortalece Valle de Jacarandas con mejor Enrique alumbrado y recuperaci\u00f3n de espacios p\u00fablicos - sanluisinforma.com","isPartOf":{"@id":"https:\/\/sanluisinforma.com\/#website"},"primaryImageOfPage":{"@id":"https:\/\/sanluisinforma.com\/?p=13619#primaryimage"},"image":{"@id":"https:\/\/sanluisinforma.com\/?p=13619#primaryimage"},"thumbnailUrl":"https:\/\/sanluisinforma.com\/wp-content\/uploads\/2025\/07\/91daa4da-c865-474e-83fd-79b70e8f5906.jpg","datePublished":"2025-07-21T06:50:00+00:00","dateModified":"2025-07-21T02:22:03+00:00","breadcrumb":{"@id":"https:\/\/sanluisinforma.com\/?p=13619#breadcrumb"},"inLanguage":"es","potentialAction":[{"@type":"ReadAction","target":["https:\/\/sanluisinforma.com\/?p=13619"]}]},{"@type":"ImageObject","inLanguage":"es","@id":"https:\/\/sanluisinforma.com\/?p=13619#primaryimage","url":"https:\/\/sanluisinforma.com\/wp-content\/uploads\/2025\/07\/91daa4da-c865-474e-83fd-79b70e8f5906.jpg","contentUrl":"https:\/\/sanluisinforma.com\/wp-content\/uploads\/2025\/07\/91daa4da-c865-474e-83fd-79b70e8f5906.jpg","width":400,"height":266},{"@type":"BreadcrumbList","@id":"https:\/\/sanluisinforma.com\/?p=13619#breadcrumb","itemListElement":[{"@type":"ListItem","position":1,"name":"Inicio","item":"https:\/\/sanluisinforma.com\/"},{"@type":"ListItem","position":2,"name":"Galindo fortalece Valle de Jacarandas con mejor Enrique alumbrado y recuperaci\u00f3n de espacios p\u00fablicos"}]},{"@type":"WebSite","@id":"https:\/\/sanluisinforma.com\/#website","url":"https:\/\/sanluisinforma.com\/","name":"sanluisinforma.com","description":"Periodico San Luis Informa","publisher":{"@id":"https:\/\/sanluisinforma.com\/#organization"},"potentialAction":[{"@type":"SearchAction","target":{"@type":"EntryPoint","urlTemplate":"https:\/\/sanluisinforma.com\/?s={search_term_string}"},"query-input":{"@type":"PropertyValueSpecification","valueRequired":true,"valueName":"search_term_string"}}],"inLanguage":"es"},{"@type":"Organization","@id":"https:\/\/sanluisinforma.com\/#organization","name":"sanluisinforma.com","url":"https:\/\/sanluisinforma.com\/","logo":{"@type":"ImageObject","inLanguage":"es","@id":"https:\/\/sanluisinforma.com\/#\/schema\/logo\/image\/","url":"https:\/\/sanluisinforma.com\/wp-content\/uploads\/2026\/03\/sanluisinforma-V.jpg","contentUrl":"https:\/\/sanluisinforma.com\/wp-content\/uploads\/2026\/03\/sanluisinforma-V.jpg","width":500,"height":156,"caption":"sanluisinforma.com"},"image":{"@id":"https:\/\/sanluisinforma.com\/#\/schema\/logo\/image\/"}},{"@type":"Person","@id":"https:\/\/sanluisinforma.com\/#\/schema\/person\/c30648f71476be533b6f59d092905c8b","name":"sanluisinforma.com","image":{"@type":"ImageObject","inLanguage":"es","@id":"https:\/\/sanluisinforma.com\/#\/schema\/person\/image\/","url":"https:\/\/secure.gravatar.com\/avatar\/86e3114e34a1eecefb963e0a02f0093f93b092dddb2fe1517596343751081a87?s=96&d=mm&r=g","contentUrl":"https:\/\/secure.gravatar.com\/avatar\/86e3114e34a1eecefb963e0a02f0093f93b092dddb2fe1517596343751081a87?s=96&d=mm&r=g","caption":"sanluisinforma.com"},"url":"https:\/\/sanluisinforma.com\/?author=2"}]}},"_links":{"self":[{"href":"https:\/\/sanluisinforma.com\/index.php?rest_route=\/wp\/v2\/posts\/13619","targetHints":{"allow":["GET"]}}],"collection":[{"href":"https:\/\/sanluisinforma.com\/index.php?rest_route=\/wp\/v2\/posts"}],"about":[{"href":"https:\/\/sanluisinforma.com\/index.php?rest_route=\/wp\/v2\/types\/post"}],"author":[{"embeddable":true,"href":"https:\/\/sanluisinforma.com\/index.php?rest_route=\/wp\/v2\/users\/2"}],"replies":[{"embeddable":true,"href":"https:\/\/sanluisinforma.com\/index.php?rest_route=%2Fwp%2Fv2%2Fcomments&post=13619"}],"version-history":[{"count":1,"href":"https:\/\/sanluisinforma.com\/index.php?rest_route=\/wp\/v2\/posts\/13619\/revisions"}],"predecessor-version":[{"id":13621,"href":"https:\/\/sanluisinforma.com\/index.php?rest_route=\/wp\/v2\/posts\/13619\/revisions\/13621"}],"wp:featuredmedia":[{"embeddable":true,"href":"https:\/\/sanluisinforma.com\/index.php?rest_route=\/wp\/v2\/media\/13620"}],"wp:attachment":[{"href":"https:\/\/sanluisinforma.com\/index.php?rest_route=%2Fwp%2Fv2%2Fmedia&parent=13619"}],"wp:term":[{"taxonomy":"category","embeddable":true,"href":"https:\/\/sanluisinforma.com\/index.php?rest_route=%2Fwp%2Fv2%2Fcategories&post=13619"},{"taxonomy":"post_tag","embeddable":true,"href":"https:\/\/sanluisinforma.com\/index.php?rest_route=%2Fwp%2Fv2%2Ftags&post=13619"}],"curies":[{"name":"wp","href":"https:\/\/api.w.org\/{rel}","templated":true}]}}