{"id":13623,"date":"2025-07-21T00:45:00","date_gmt":"2025-07-21T06:45:00","guid":{"rendered":"https:\/\/sanluisinforma.com\/?p=13623"},"modified":"2025-07-20T20:26:13","modified_gmt":"2025-07-21T02:26:13","slug":"productores-de-la-delegacion-la-pila-participan-en-la-expo-agricola-y-ganadera-bocas-2025","status":"publish","type":"post","link":"https:\/\/sanluisinforma.com\/?p=13623","title":{"rendered":"Productores de la Delegaci\u00f3n La Pila participan en la Expo Agr\u00edcola y Ganadera Bocas 2025"},"content":{"rendered":"\n<ul class=\"wp-block-list\">\n<li>Productores de alfarer\u00eda, mole, chile y cilantro\u00a0 mostraron la identidad productiva de la Delegaci\u00f3n.<\/li>\n<\/ul>\n\n\n\n<p><\/p>\n\n\n\n<p>La Delegaci\u00f3n La Pila tuvo una destacada participaci\u00f3n en la Expo Agr\u00edcola y Ganadera Bocas 2025, evento que reuni\u00f3 a diferentes productores para mostrar la riqueza del campo potosino.<\/p>\n\n\n\n<p>Siguiendo las instrucciones del alcalde Enrique Galindo Ceballos, la delegada municipal de La Pila Daniela Cid Gonz\u00e1lez reafirm\u00f3 su compromiso con el impulso y fortalecimiento del sector productivo local, al respaldar la presencia de productores de la demarcaci\u00f3n en esta importante vitrina comercial y agroindustrial.<\/p>\n\n\n\n<p>\u201cEstamos trabajando con determinaci\u00f3n para que los productores de La Pila tengan mayores oportunidades de desarrollo y comercializaci\u00f3n. Este tipo de espacios son clave para dar a conocer el talento, la tradici\u00f3n y la calidad de lo que se produce en nuestra tierra\u201d, se\u00f1al\u00f3 la delegada.<\/p>\n\n\n\n<p>Durante la exposici\u00f3n participaron los siguientes productores de la Delegaci\u00f3n La Pila:<\/p>\n\n\n\n<ul class=\"wp-block-list\">\n<li>CERYALFA La Pila \u2013 Artesanos especializados en productos de alfarer\u00eda tradicionales.<\/li>\n\n\n\n<li>Rancho Las Mar\u00edas \u2013 Productores locales de cilantro fresco de alta calidad.<\/li>\n\n\n\n<li>Rancho Capilla de Guadalupe \u2013 Reconocidos por su cultivo de chile ancho, chile seco, elotes y sand\u00edas.<\/li>\n\n\n\n<li>Mole Don Juan \u2013 Emprendimiento familiar dedicado a la elaboraci\u00f3n de pasta de mole artesanal con receta tradicional.<\/li>\n<\/ul>\n\n\n\n<p>La participaci\u00f3n de estos productores no solo visibiliza la vocaci\u00f3n agr\u00edcola de La Pila, sino tambi\u00e9n su capacidad para generar productos con valor agregado que pueden competir en mercados regionales y nacionales.<\/p>\n\n\n\n<p><\/p>\n","protected":false},"excerpt":{"rendered":"<p>La Delegaci\u00f3n La Pila tuvo una destacada participaci\u00f3n en la Expo Agr\u00edcola y Ganadera Bocas 2025, evento que reuni\u00f3 a<\/p>\n","protected":false},"author":2,"featured_media":13624,"comment_status":"closed","ping_status":"closed","sticky":false,"template":"","format":"standard","meta":{"footnotes":""},"categories":[25,30],"tags":[],"class_list":["post-13623","post","type-post","status-publish","format-standard","has-post-thumbnail","hentry","category-local","category-portada"],"yoast_head":"<!-- This site is optimized with the Yoast SEO plugin v24.1 - https:\/\/yoast.com\/wordpress\/plugins\/seo\/ -->\n<title>Productores de la Delegaci\u00f3n La Pila participan en la Expo Agr\u00edcola y Ganadera Bocas 2025 - sanluisinforma.com<\/title>\n<meta name=\"robots\" content=\"index, follow, max-snippet:-1, max-image-preview:large, max-video-preview:-1\" \/>\n<link rel=\"canonical\" href=\"https:\/\/sanluisinforma.com\/?p=13623\" \/>\n<meta property=\"og:locale\" content=\"es_MX\" \/>\n<meta property=\"og:type\" content=\"article\" \/>\n<meta property=\"og:title\" content=\"Productores de la Delegaci\u00f3n La Pila participan en la Expo Agr\u00edcola y Ganadera Bocas 2025 - sanluisinforma.com\" \/>\n<meta property=\"og:description\" content=\"La Delegaci\u00f3n La Pila tuvo una destacada participaci\u00f3n en la Expo Agr\u00edcola y Ganadera Bocas 2025, evento que reuni\u00f3 a\" \/>\n<meta property=\"og:url\" content=\"https:\/\/sanluisinforma.com\/?p=13623\" \/>\n<meta property=\"og:site_name\" content=\"sanluisinforma.com\" \/>\n<meta property=\"article:published_time\" content=\"2025-07-21T06:45:00+00:00\" \/>\n<meta property=\"article:modified_time\" content=\"2025-07-21T02:26:13+00:00\" \/>\n<meta property=\"og:image\" content=\"https:\/\/sanluisinforma.com\/wp-content\/uploads\/2025\/07\/2e2659f3-636f-4df4-8869-e842aaddd45b.jpg\" \/>\n\t<meta property=\"og:image:width\" content=\"400\" \/>\n\t<meta property=\"og:image:height\" content=\"266\" \/>\n\t<meta property=\"og:image:type\" content=\"image\/jpeg\" \/>\n<meta name=\"author\" content=\"sanluisinforma.com\" \/>\n<meta name=\"twitter:card\" content=\"summary_large_image\" \/>\n<meta name=\"twitter:label1\" content=\"Escrito por\" \/>\n\t<meta name=\"twitter:data1\" content=\"sanluisinforma.com\" \/>\n\t<meta name=\"twitter:label2\" content=\"Tiempo de lectura\" \/>\n\t<meta name=\"twitter:data2\" content=\"2 minutos\" \/>\n<script type=\"application\/ld+json\" class=\"yoast-schema-graph\">{\"@context\":\"https:\/\/schema.org\",\"@graph\":[{\"@type\":\"Article\",\"@id\":\"https:\/\/sanluisinforma.com\/?p=13623#article\",\"isPartOf\":{\"@id\":\"https:\/\/sanluisinforma.com\/?p=13623\"},\"author\":{\"name\":\"sanluisinforma.com\",\"@id\":\"https:\/\/sanluisinforma.com\/#\/schema\/person\/c30648f71476be533b6f59d092905c8b\"},\"headline\":\"Productores de la Delegaci\u00f3n La Pila participan en la Expo Agr\u00edcola y Ganadera Bocas 2025\",\"datePublished\":\"2025-07-21T06:45:00+00:00\",\"dateModified\":\"2025-07-21T02:26:13+00:00\",\"mainEntityOfPage\":{\"@id\":\"https:\/\/sanluisinforma.com\/?p=13623\"},\"wordCount\":268,\"publisher\":{\"@id\":\"https:\/\/sanluisinforma.com\/#organization\"},\"image\":{\"@id\":\"https:\/\/sanluisinforma.com\/?p=13623#primaryimage\"},\"thumbnailUrl\":\"https:\/\/sanluisinforma.com\/wp-content\/uploads\/2025\/07\/2e2659f3-636f-4df4-8869-e842aaddd45b.jpg\",\"articleSection\":[\"Local\",\"Portada\"],\"inLanguage\":\"es\"},{\"@type\":\"WebPage\",\"@id\":\"https:\/\/sanluisinforma.com\/?p=13623\",\"url\":\"https:\/\/sanluisinforma.com\/?p=13623\",\"name\":\"Productores de la Delegaci\u00f3n La Pila participan en la Expo Agr\u00edcola y Ganadera Bocas 2025 - sanluisinforma.com\",\"isPartOf\":{\"@id\":\"https:\/\/sanluisinforma.com\/#website\"},\"primaryImageOfPage\":{\"@id\":\"https:\/\/sanluisinforma.com\/?p=13623#primaryimage\"},\"image\":{\"@id\":\"https:\/\/sanluisinforma.com\/?p=13623#primaryimage\"},\"thumbnailUrl\":\"https:\/\/sanluisinforma.com\/wp-content\/uploads\/2025\/07\/2e2659f3-636f-4df4-8869-e842aaddd45b.jpg\",\"datePublished\":\"2025-07-21T06:45:00+00:00\",\"dateModified\":\"2025-07-21T02:26:13+00:00\",\"breadcrumb\":{\"@id\":\"https:\/\/sanluisinforma.com\/?p=13623#breadcrumb\"},\"inLanguage\":\"es\",\"potentialAction\":[{\"@type\":\"ReadAction\",\"target\":[\"https:\/\/sanluisinforma.com\/?p=13623\"]}]},{\"@type\":\"ImageObject\",\"inLanguage\":\"es\",\"@id\":\"https:\/\/sanluisinforma.com\/?p=13623#primaryimage\",\"url\":\"https:\/\/sanluisinforma.com\/wp-content\/uploads\/2025\/07\/2e2659f3-636f-4df4-8869-e842aaddd45b.jpg\",\"contentUrl\":\"https:\/\/sanluisinforma.com\/wp-content\/uploads\/2025\/07\/2e2659f3-636f-4df4-8869-e842aaddd45b.jpg\",\"width\":400,\"height\":266},{\"@type\":\"BreadcrumbList\",\"@id\":\"https:\/\/sanluisinforma.com\/?p=13623#breadcrumb\",\"itemListElement\":[{\"@type\":\"ListItem\",\"position\":1,\"name\":\"Inicio\",\"item\":\"https:\/\/sanluisinforma.com\/\"},{\"@type\":\"ListItem\",\"position\":2,\"name\":\"Productores de la Delegaci\u00f3n La Pila participan en la Expo Agr\u00edcola y Ganadera Bocas 2025\"}]},{\"@type\":\"WebSite\",\"@id\":\"https:\/\/sanluisinforma.com\/#website\",\"url\":\"https:\/\/sanluisinforma.com\/\",\"name\":\"sanluisinforma.com\",\"description\":\"Periodico San Luis Informa\",\"publisher\":{\"@id\":\"https:\/\/sanluisinforma.com\/#organization\"},\"potentialAction\":[{\"@type\":\"SearchAction\",\"target\":{\"@type\":\"EntryPoint\",\"urlTemplate\":\"https:\/\/sanluisinforma.com\/?s={search_term_string}\"},\"query-input\":{\"@type\":\"PropertyValueSpecification\",\"valueRequired\":true,\"valueName\":\"search_term_string\"}}],\"inLanguage\":\"es\"},{\"@type\":\"Organization\",\"@id\":\"https:\/\/sanluisinforma.com\/#organization\",\"name\":\"sanluisinforma.com\",\"url\":\"https:\/\/sanluisinforma.com\/\",\"logo\":{\"@type\":\"ImageObject\",\"inLanguage\":\"es\",\"@id\":\"https:\/\/sanluisinforma.com\/#\/schema\/logo\/image\/\",\"url\":\"https:\/\/sanluisinforma.com\/wp-content\/uploads\/2026\/03\/sanluisinforma-V.jpg\",\"contentUrl\":\"https:\/\/sanluisinforma.com\/wp-content\/uploads\/2026\/03\/sanluisinforma-V.jpg\",\"width\":500,\"height\":156,\"caption\":\"sanluisinforma.com\"},\"image\":{\"@id\":\"https:\/\/sanluisinforma.com\/#\/schema\/logo\/image\/\"}},{\"@type\":\"Person\",\"@id\":\"https:\/\/sanluisinforma.com\/#\/schema\/person\/c30648f71476be533b6f59d092905c8b\",\"name\":\"sanluisinforma.com\",\"image\":{\"@type\":\"ImageObject\",\"inLanguage\":\"es\",\"@id\":\"https:\/\/sanluisinforma.com\/#\/schema\/person\/image\/\",\"url\":\"https:\/\/secure.gravatar.com\/avatar\/86e3114e34a1eecefb963e0a02f0093f93b092dddb2fe1517596343751081a87?s=96&d=mm&r=g\",\"contentUrl\":\"https:\/\/secure.gravatar.com\/avatar\/86e3114e34a1eecefb963e0a02f0093f93b092dddb2fe1517596343751081a87?s=96&d=mm&r=g\",\"caption\":\"sanluisinforma.com\"},\"url\":\"https:\/\/sanluisinforma.com\/?author=2\"}]}<\/script>\n<!-- \/ Yoast SEO plugin. -->","yoast_head_json":{"title":"Productores de la Delegaci\u00f3n La Pila participan en la Expo Agr\u00edcola y Ganadera Bocas 2025 - sanluisinforma.com","robots":{"index":"index","follow":"follow","max-snippet":"max-snippet:-1","max-image-preview":"max-image-preview:large","max-video-preview":"max-video-preview:-1"},"canonical":"https:\/\/sanluisinforma.com\/?p=13623","og_locale":"es_MX","og_type":"article","og_title":"Productores de la Delegaci\u00f3n La Pila participan en la Expo Agr\u00edcola y Ganadera Bocas 2025 - sanluisinforma.com","og_description":"La Delegaci\u00f3n La Pila tuvo una destacada participaci\u00f3n en la Expo Agr\u00edcola y Ganadera Bocas 2025, evento que reuni\u00f3 a","og_url":"https:\/\/sanluisinforma.com\/?p=13623","og_site_name":"sanluisinforma.com","article_published_time":"2025-07-21T06:45:00+00:00","article_modified_time":"2025-07-21T02:26:13+00:00","og_image":[{"width":400,"height":266,"url":"https:\/\/sanluisinforma.com\/wp-content\/uploads\/2025\/07\/2e2659f3-636f-4df4-8869-e842aaddd45b.jpg","type":"image\/jpeg"}],"author":"sanluisinforma.com","twitter_card":"summary_large_image","twitter_misc":{"Escrito por":"sanluisinforma.com","Tiempo de lectura":"2 minutos"},"schema":{"@context":"https:\/\/schema.org","@graph":[{"@type":"Article","@id":"https:\/\/sanluisinforma.com\/?p=13623#article","isPartOf":{"@id":"https:\/\/sanluisinforma.com\/?p=13623"},"author":{"name":"sanluisinforma.com","@id":"https:\/\/sanluisinforma.com\/#\/schema\/person\/c30648f71476be533b6f59d092905c8b"},"headline":"Productores de la Delegaci\u00f3n La Pila participan en la Expo Agr\u00edcola y Ganadera Bocas 2025","datePublished":"2025-07-21T06:45:00+00:00","dateModified":"2025-07-21T02:26:13+00:00","mainEntityOfPage":{"@id":"https:\/\/sanluisinforma.com\/?p=13623"},"wordCount":268,"publisher":{"@id":"https:\/\/sanluisinforma.com\/#organization"},"image":{"@id":"https:\/\/sanluisinforma.com\/?p=13623#primaryimage"},"thumbnailUrl":"https:\/\/sanluisinforma.com\/wp-content\/uploads\/2025\/07\/2e2659f3-636f-4df4-8869-e842aaddd45b.jpg","articleSection":["Local","Portada"],"inLanguage":"es"},{"@type":"WebPage","@id":"https:\/\/sanluisinforma.com\/?p=13623","url":"https:\/\/sanluisinforma.com\/?p=13623","name":"Productores de la Delegaci\u00f3n La Pila participan en la Expo Agr\u00edcola y Ganadera Bocas 2025 - sanluisinforma.com","isPartOf":{"@id":"https:\/\/sanluisinforma.com\/#website"},"primaryImageOfPage":{"@id":"https:\/\/sanluisinforma.com\/?p=13623#primaryimage"},"image":{"@id":"https:\/\/sanluisinforma.com\/?p=13623#primaryimage"},"thumbnailUrl":"https:\/\/sanluisinforma.com\/wp-content\/uploads\/2025\/07\/2e2659f3-636f-4df4-8869-e842aaddd45b.jpg","datePublished":"2025-07-21T06:45:00+00:00","dateModified":"2025-07-21T02:26:13+00:00","breadcrumb":{"@id":"https:\/\/sanluisinforma.com\/?p=13623#breadcrumb"},"inLanguage":"es","potentialAction":[{"@type":"ReadAction","target":["https:\/\/sanluisinforma.com\/?p=13623"]}]},{"@type":"ImageObject","inLanguage":"es","@id":"https:\/\/sanluisinforma.com\/?p=13623#primaryimage","url":"https:\/\/sanluisinforma.com\/wp-content\/uploads\/2025\/07\/2e2659f3-636f-4df4-8869-e842aaddd45b.jpg","contentUrl":"https:\/\/sanluisinforma.com\/wp-content\/uploads\/2025\/07\/2e2659f3-636f-4df4-8869-e842aaddd45b.jpg","width":400,"height":266},{"@type":"BreadcrumbList","@id":"https:\/\/sanluisinforma.com\/?p=13623#breadcrumb","itemListElement":[{"@type":"ListItem","position":1,"name":"Inicio","item":"https:\/\/sanluisinforma.com\/"},{"@type":"ListItem","position":2,"name":"Productores de la Delegaci\u00f3n La Pila participan en la Expo Agr\u00edcola y Ganadera Bocas 2025"}]},{"@type":"WebSite","@id":"https:\/\/sanluisinforma.com\/#website","url":"https:\/\/sanluisinforma.com\/","name":"sanluisinforma.com","description":"Periodico San Luis Informa","publisher":{"@id":"https:\/\/sanluisinforma.com\/#organization"},"potentialAction":[{"@type":"SearchAction","target":{"@type":"EntryPoint","urlTemplate":"https:\/\/sanluisinforma.com\/?s={search_term_string}"},"query-input":{"@type":"PropertyValueSpecification","valueRequired":true,"valueName":"search_term_string"}}],"inLanguage":"es"},{"@type":"Organization","@id":"https:\/\/sanluisinforma.com\/#organization","name":"sanluisinforma.com","url":"https:\/\/sanluisinforma.com\/","logo":{"@type":"ImageObject","inLanguage":"es","@id":"https:\/\/sanluisinforma.com\/#\/schema\/logo\/image\/","url":"https:\/\/sanluisinforma.com\/wp-content\/uploads\/2026\/03\/sanluisinforma-V.jpg","contentUrl":"https:\/\/sanluisinforma.com\/wp-content\/uploads\/2026\/03\/sanluisinforma-V.jpg","width":500,"height":156,"caption":"sanluisinforma.com"},"image":{"@id":"https:\/\/sanluisinforma.com\/#\/schema\/logo\/image\/"}},{"@type":"Person","@id":"https:\/\/sanluisinforma.com\/#\/schema\/person\/c30648f71476be533b6f59d092905c8b","name":"sanluisinforma.com","image":{"@type":"ImageObject","inLanguage":"es","@id":"https:\/\/sanluisinforma.com\/#\/schema\/person\/image\/","url":"https:\/\/secure.gravatar.com\/avatar\/86e3114e34a1eecefb963e0a02f0093f93b092dddb2fe1517596343751081a87?s=96&d=mm&r=g","contentUrl":"https:\/\/secure.gravatar.com\/avatar\/86e3114e34a1eecefb963e0a02f0093f93b092dddb2fe1517596343751081a87?s=96&d=mm&r=g","caption":"sanluisinforma.com"},"url":"https:\/\/sanluisinforma.com\/?author=2"}]}},"_links":{"self":[{"href":"https:\/\/sanluisinforma.com\/index.php?rest_route=\/wp\/v2\/posts\/13623","targetHints":{"allow":["GET"]}}],"collection":[{"href":"https:\/\/sanluisinforma.com\/index.php?rest_route=\/wp\/v2\/posts"}],"about":[{"href":"https:\/\/sanluisinforma.com\/index.php?rest_route=\/wp\/v2\/types\/post"}],"author":[{"embeddable":true,"href":"https:\/\/sanluisinforma.com\/index.php?rest_route=\/wp\/v2\/users\/2"}],"replies":[{"embeddable":true,"href":"https:\/\/sanluisinforma.com\/index.php?rest_route=%2Fwp%2Fv2%2Fcomments&post=13623"}],"version-history":[{"count":1,"href":"https:\/\/sanluisinforma.com\/index.php?rest_route=\/wp\/v2\/posts\/13623\/revisions"}],"predecessor-version":[{"id":13625,"href":"https:\/\/sanluisinforma.com\/index.php?rest_route=\/wp\/v2\/posts\/13623\/revisions\/13625"}],"wp:featuredmedia":[{"embeddable":true,"href":"https:\/\/sanluisinforma.com\/index.php?rest_route=\/wp\/v2\/media\/13624"}],"wp:attachment":[{"href":"https:\/\/sanluisinforma.com\/index.php?rest_route=%2Fwp%2Fv2%2Fmedia&parent=13623"}],"wp:term":[{"taxonomy":"category","embeddable":true,"href":"https:\/\/sanluisinforma.com\/index.php?rest_route=%2Fwp%2Fv2%2Fcategories&post=13623"},{"taxonomy":"post_tag","embeddable":true,"href":"https:\/\/sanluisinforma.com\/index.php?rest_route=%2Fwp%2Fv2%2Ftags&post=13623"}],"curies":[{"name":"wp","href":"https:\/\/api.w.org\/{rel}","templated":true}]}}