{"id":13654,"date":"2025-07-22T00:45:00","date_gmt":"2025-07-22T06:45:00","guid":{"rendered":"https:\/\/sanluisinforma.com\/?p=13654"},"modified":"2025-07-21T22:53:20","modified_gmt":"2025-07-22T04:53:20","slug":"el-dif-municipal-celebra-la-4a-edicion-del-fashion-show-con-talento-100-potosino","status":"publish","type":"post","link":"https:\/\/sanluisinforma.com\/?p=13654","title":{"rendered":"El DIF Municipal celebra la 4\u00aa edici\u00f3n del Fashion Show con talento 100% potosino"},"content":{"rendered":"\n<ul class=\"wp-block-list\">\n<li>\u201cEste evento celebra la creatividad, el talento local y la inclusi\u00f3n social a trav\u00e9s de la moda\u201d: Estela Arriaga, Presidenta DIF Capitalino.<\/li>\n\n\n\n<li>Ya est\u00e1 casi todo listo para disfrutar de esa noche donde la moda, se torna solidaria con las familias.<\/li>\n<\/ul>\n\n\n\n<p>SLP.- Este jueves, el DIF Municipal de San Luis Potos\u00ed presenta la cuarta edici\u00f3n del Fashion Show, evento donde se re\u00fanen talentosos dise\u00f1adores para contribuir al Centro Municipal de Salud Mental, inform\u00f3 la Presidenta de dicha instituci\u00f3n, Estela Arriaga M\u00e1rquez, quien adem\u00e1s agradeci\u00f3 a la sociedad y sector privado por su inter\u00e9s en apoyar esta causa.<\/p>\n\n\n\n<p>\u201cCon lo recaudado, vamos a consolidar dicho espacio, donde toda la poblaci\u00f3n de San Luis Capital reciba atenci\u00f3n psicol\u00f3gica y psiqui\u00e1trica especializada\u201d, agreg\u00f3 Arriaga M\u00e1rquez, titular del DIF Capitalino.<\/p>\n\n\n\n<p>En esta pasarela participar\u00e1n dise\u00f1adores 100% potosinos: Adriana D\u00edaz, Fernando Fres\u00e1n, Anah\u00ed Urbiola, Erick Rubio y Ale Vega, quienes mostrar\u00e1n sus colecciones en distintas categor\u00edas: alta costura, moda urbana, propuestas mixtas y vestidos de novia, ofreciendo una mirada fresca y diversa al dise\u00f1o local.<\/p>\n\n\n\n<p>Se llevar\u00e1 a las 19:00 horas, en Av. Eugenio Garza Sada No. 205, Lomas del Tecnol\u00f3gico. La entrada tiene una cooperaci\u00f3n de $500 pesos, y puede adquirirse en las oficinas del DIF Municipal en Xicot\u00e9ncatl 1650, col. Himno Nacional, de lunes a viernes, de 8:00 a 15:00 horas.<\/p>\n\n\n\n<p>Tambi\u00e9n se puede solicitar informaci\u00f3n a los tel\u00e9fonos 444 815 13 07 o v\u00eda WhatsApp al 444 447 11 64.<\/p>\n\n\n\n<p>El Fashion Show es impulsado por el Gobierno de la Capital que encabeza el Alcalde Enrique Galindo Ceballos, bajo la organizaci\u00f3n del DIF Municipal, y no solo busca posicionar a San Luis Potos\u00ed como un referente de moda y dise\u00f1o, sino tambi\u00e9n abrir espacios para la expresi\u00f3n art\u00edstica y el emprendimiento.<\/p>\n\n\n\n<p><\/p>\n","protected":false},"excerpt":{"rendered":"<p>SLP.- Este jueves, el DIF Municipal de San Luis Potos\u00ed presenta la cuarta edici\u00f3n del Fashion Show, evento donde se<\/p>\n","protected":false},"author":2,"featured_media":13655,"comment_status":"closed","ping_status":"closed","sticky":false,"template":"","format":"standard","meta":{"footnotes":""},"categories":[25,30],"tags":[],"class_list":["post-13654","post","type-post","status-publish","format-standard","has-post-thumbnail","hentry","category-local","category-portada"],"yoast_head":"<!-- This site is optimized with the Yoast SEO plugin v24.1 - https:\/\/yoast.com\/wordpress\/plugins\/seo\/ -->\n<title>El DIF Municipal celebra la 4\u00aa edici\u00f3n del Fashion Show con talento 100% potosino - sanluisinforma.com<\/title>\n<meta name=\"robots\" content=\"index, follow, max-snippet:-1, max-image-preview:large, max-video-preview:-1\" \/>\n<link rel=\"canonical\" href=\"https:\/\/sanluisinforma.com\/?p=13654\" \/>\n<meta property=\"og:locale\" content=\"es_MX\" \/>\n<meta property=\"og:type\" content=\"article\" \/>\n<meta property=\"og:title\" content=\"El DIF Municipal celebra la 4\u00aa edici\u00f3n del Fashion Show con talento 100% potosino - sanluisinforma.com\" \/>\n<meta property=\"og:description\" content=\"SLP.- Este jueves, el DIF Municipal de San Luis Potos\u00ed presenta la cuarta edici\u00f3n del Fashion Show, evento donde se\" \/>\n<meta property=\"og:url\" content=\"https:\/\/sanluisinforma.com\/?p=13654\" \/>\n<meta property=\"og:site_name\" content=\"sanluisinforma.com\" \/>\n<meta property=\"article:published_time\" content=\"2025-07-22T06:45:00+00:00\" \/>\n<meta property=\"article:modified_time\" content=\"2025-07-22T04:53:20+00:00\" \/>\n<meta property=\"og:image\" content=\"https:\/\/sanluisinforma.com\/wp-content\/uploads\/2025\/07\/6854781f-8b4c-4179-9150-97e0f9349f1e.jpg\" \/>\n\t<meta property=\"og:image:width\" content=\"400\" \/>\n\t<meta property=\"og:image:height\" content=\"618\" \/>\n\t<meta property=\"og:image:type\" content=\"image\/jpeg\" \/>\n<meta name=\"author\" content=\"sanluisinforma.com\" \/>\n<meta name=\"twitter:card\" content=\"summary_large_image\" \/>\n<meta name=\"twitter:label1\" content=\"Escrito por\" \/>\n\t<meta name=\"twitter:data1\" content=\"sanluisinforma.com\" \/>\n\t<meta name=\"twitter:label2\" content=\"Tiempo de lectura\" \/>\n\t<meta name=\"twitter:data2\" content=\"2 minutos\" \/>\n<script type=\"application\/ld+json\" class=\"yoast-schema-graph\">{\"@context\":\"https:\/\/schema.org\",\"@graph\":[{\"@type\":\"Article\",\"@id\":\"https:\/\/sanluisinforma.com\/?p=13654#article\",\"isPartOf\":{\"@id\":\"https:\/\/sanluisinforma.com\/?p=13654\"},\"author\":{\"name\":\"sanluisinforma.com\",\"@id\":\"https:\/\/sanluisinforma.com\/#\/schema\/person\/c30648f71476be533b6f59d092905c8b\"},\"headline\":\"El DIF Municipal celebra la 4\u00aa edici\u00f3n del Fashion Show con talento 100% potosino\",\"datePublished\":\"2025-07-22T06:45:00+00:00\",\"dateModified\":\"2025-07-22T04:53:20+00:00\",\"mainEntityOfPage\":{\"@id\":\"https:\/\/sanluisinforma.com\/?p=13654\"},\"wordCount\":321,\"publisher\":{\"@id\":\"https:\/\/sanluisinforma.com\/#organization\"},\"image\":{\"@id\":\"https:\/\/sanluisinforma.com\/?p=13654#primaryimage\"},\"thumbnailUrl\":\"https:\/\/sanluisinforma.com\/wp-content\/uploads\/2025\/07\/6854781f-8b4c-4179-9150-97e0f9349f1e.jpg\",\"articleSection\":[\"Local\",\"Portada\"],\"inLanguage\":\"es\"},{\"@type\":\"WebPage\",\"@id\":\"https:\/\/sanluisinforma.com\/?p=13654\",\"url\":\"https:\/\/sanluisinforma.com\/?p=13654\",\"name\":\"El DIF Municipal celebra la 4\u00aa edici\u00f3n del Fashion Show con talento 100% potosino - sanluisinforma.com\",\"isPartOf\":{\"@id\":\"https:\/\/sanluisinforma.com\/#website\"},\"primaryImageOfPage\":{\"@id\":\"https:\/\/sanluisinforma.com\/?p=13654#primaryimage\"},\"image\":{\"@id\":\"https:\/\/sanluisinforma.com\/?p=13654#primaryimage\"},\"thumbnailUrl\":\"https:\/\/sanluisinforma.com\/wp-content\/uploads\/2025\/07\/6854781f-8b4c-4179-9150-97e0f9349f1e.jpg\",\"datePublished\":\"2025-07-22T06:45:00+00:00\",\"dateModified\":\"2025-07-22T04:53:20+00:00\",\"breadcrumb\":{\"@id\":\"https:\/\/sanluisinforma.com\/?p=13654#breadcrumb\"},\"inLanguage\":\"es\",\"potentialAction\":[{\"@type\":\"ReadAction\",\"target\":[\"https:\/\/sanluisinforma.com\/?p=13654\"]}]},{\"@type\":\"ImageObject\",\"inLanguage\":\"es\",\"@id\":\"https:\/\/sanluisinforma.com\/?p=13654#primaryimage\",\"url\":\"https:\/\/sanluisinforma.com\/wp-content\/uploads\/2025\/07\/6854781f-8b4c-4179-9150-97e0f9349f1e.jpg\",\"contentUrl\":\"https:\/\/sanluisinforma.com\/wp-content\/uploads\/2025\/07\/6854781f-8b4c-4179-9150-97e0f9349f1e.jpg\",\"width\":400,\"height\":618},{\"@type\":\"BreadcrumbList\",\"@id\":\"https:\/\/sanluisinforma.com\/?p=13654#breadcrumb\",\"itemListElement\":[{\"@type\":\"ListItem\",\"position\":1,\"name\":\"Inicio\",\"item\":\"https:\/\/sanluisinforma.com\/\"},{\"@type\":\"ListItem\",\"position\":2,\"name\":\"El DIF Municipal celebra la 4\u00aa edici\u00f3n del Fashion Show con talento 100% potosino\"}]},{\"@type\":\"WebSite\",\"@id\":\"https:\/\/sanluisinforma.com\/#website\",\"url\":\"https:\/\/sanluisinforma.com\/\",\"name\":\"sanluisinforma.com\",\"description\":\"Periodico San Luis Informa\",\"publisher\":{\"@id\":\"https:\/\/sanluisinforma.com\/#organization\"},\"potentialAction\":[{\"@type\":\"SearchAction\",\"target\":{\"@type\":\"EntryPoint\",\"urlTemplate\":\"https:\/\/sanluisinforma.com\/?s={search_term_string}\"},\"query-input\":{\"@type\":\"PropertyValueSpecification\",\"valueRequired\":true,\"valueName\":\"search_term_string\"}}],\"inLanguage\":\"es\"},{\"@type\":\"Organization\",\"@id\":\"https:\/\/sanluisinforma.com\/#organization\",\"name\":\"sanluisinforma.com\",\"url\":\"https:\/\/sanluisinforma.com\/\",\"logo\":{\"@type\":\"ImageObject\",\"inLanguage\":\"es\",\"@id\":\"https:\/\/sanluisinforma.com\/#\/schema\/logo\/image\/\",\"url\":\"https:\/\/sanluisinforma.com\/wp-content\/uploads\/2026\/03\/sanluisinforma-V.jpg\",\"contentUrl\":\"https:\/\/sanluisinforma.com\/wp-content\/uploads\/2026\/03\/sanluisinforma-V.jpg\",\"width\":500,\"height\":156,\"caption\":\"sanluisinforma.com\"},\"image\":{\"@id\":\"https:\/\/sanluisinforma.com\/#\/schema\/logo\/image\/\"}},{\"@type\":\"Person\",\"@id\":\"https:\/\/sanluisinforma.com\/#\/schema\/person\/c30648f71476be533b6f59d092905c8b\",\"name\":\"sanluisinforma.com\",\"image\":{\"@type\":\"ImageObject\",\"inLanguage\":\"es\",\"@id\":\"https:\/\/sanluisinforma.com\/#\/schema\/person\/image\/\",\"url\":\"https:\/\/secure.gravatar.com\/avatar\/86e3114e34a1eecefb963e0a02f0093f93b092dddb2fe1517596343751081a87?s=96&d=mm&r=g\",\"contentUrl\":\"https:\/\/secure.gravatar.com\/avatar\/86e3114e34a1eecefb963e0a02f0093f93b092dddb2fe1517596343751081a87?s=96&d=mm&r=g\",\"caption\":\"sanluisinforma.com\"},\"url\":\"https:\/\/sanluisinforma.com\/?author=2\"}]}<\/script>\n<!-- \/ Yoast SEO plugin. -->","yoast_head_json":{"title":"El DIF Municipal celebra la 4\u00aa edici\u00f3n del Fashion Show con talento 100% potosino - sanluisinforma.com","robots":{"index":"index","follow":"follow","max-snippet":"max-snippet:-1","max-image-preview":"max-image-preview:large","max-video-preview":"max-video-preview:-1"},"canonical":"https:\/\/sanluisinforma.com\/?p=13654","og_locale":"es_MX","og_type":"article","og_title":"El DIF Municipal celebra la 4\u00aa edici\u00f3n del Fashion Show con talento 100% potosino - sanluisinforma.com","og_description":"SLP.- Este jueves, el DIF Municipal de San Luis Potos\u00ed presenta la cuarta edici\u00f3n del Fashion Show, evento donde se","og_url":"https:\/\/sanluisinforma.com\/?p=13654","og_site_name":"sanluisinforma.com","article_published_time":"2025-07-22T06:45:00+00:00","article_modified_time":"2025-07-22T04:53:20+00:00","og_image":[{"width":400,"height":618,"url":"https:\/\/sanluisinforma.com\/wp-content\/uploads\/2025\/07\/6854781f-8b4c-4179-9150-97e0f9349f1e.jpg","type":"image\/jpeg"}],"author":"sanluisinforma.com","twitter_card":"summary_large_image","twitter_misc":{"Escrito por":"sanluisinforma.com","Tiempo de lectura":"2 minutos"},"schema":{"@context":"https:\/\/schema.org","@graph":[{"@type":"Article","@id":"https:\/\/sanluisinforma.com\/?p=13654#article","isPartOf":{"@id":"https:\/\/sanluisinforma.com\/?p=13654"},"author":{"name":"sanluisinforma.com","@id":"https:\/\/sanluisinforma.com\/#\/schema\/person\/c30648f71476be533b6f59d092905c8b"},"headline":"El DIF Municipal celebra la 4\u00aa edici\u00f3n del Fashion Show con talento 100% potosino","datePublished":"2025-07-22T06:45:00+00:00","dateModified":"2025-07-22T04:53:20+00:00","mainEntityOfPage":{"@id":"https:\/\/sanluisinforma.com\/?p=13654"},"wordCount":321,"publisher":{"@id":"https:\/\/sanluisinforma.com\/#organization"},"image":{"@id":"https:\/\/sanluisinforma.com\/?p=13654#primaryimage"},"thumbnailUrl":"https:\/\/sanluisinforma.com\/wp-content\/uploads\/2025\/07\/6854781f-8b4c-4179-9150-97e0f9349f1e.jpg","articleSection":["Local","Portada"],"inLanguage":"es"},{"@type":"WebPage","@id":"https:\/\/sanluisinforma.com\/?p=13654","url":"https:\/\/sanluisinforma.com\/?p=13654","name":"El DIF Municipal celebra la 4\u00aa edici\u00f3n del Fashion Show con talento 100% potosino - sanluisinforma.com","isPartOf":{"@id":"https:\/\/sanluisinforma.com\/#website"},"primaryImageOfPage":{"@id":"https:\/\/sanluisinforma.com\/?p=13654#primaryimage"},"image":{"@id":"https:\/\/sanluisinforma.com\/?p=13654#primaryimage"},"thumbnailUrl":"https:\/\/sanluisinforma.com\/wp-content\/uploads\/2025\/07\/6854781f-8b4c-4179-9150-97e0f9349f1e.jpg","datePublished":"2025-07-22T06:45:00+00:00","dateModified":"2025-07-22T04:53:20+00:00","breadcrumb":{"@id":"https:\/\/sanluisinforma.com\/?p=13654#breadcrumb"},"inLanguage":"es","potentialAction":[{"@type":"ReadAction","target":["https:\/\/sanluisinforma.com\/?p=13654"]}]},{"@type":"ImageObject","inLanguage":"es","@id":"https:\/\/sanluisinforma.com\/?p=13654#primaryimage","url":"https:\/\/sanluisinforma.com\/wp-content\/uploads\/2025\/07\/6854781f-8b4c-4179-9150-97e0f9349f1e.jpg","contentUrl":"https:\/\/sanluisinforma.com\/wp-content\/uploads\/2025\/07\/6854781f-8b4c-4179-9150-97e0f9349f1e.jpg","width":400,"height":618},{"@type":"BreadcrumbList","@id":"https:\/\/sanluisinforma.com\/?p=13654#breadcrumb","itemListElement":[{"@type":"ListItem","position":1,"name":"Inicio","item":"https:\/\/sanluisinforma.com\/"},{"@type":"ListItem","position":2,"name":"El DIF Municipal celebra la 4\u00aa edici\u00f3n del Fashion Show con talento 100% potosino"}]},{"@type":"WebSite","@id":"https:\/\/sanluisinforma.com\/#website","url":"https:\/\/sanluisinforma.com\/","name":"sanluisinforma.com","description":"Periodico San Luis Informa","publisher":{"@id":"https:\/\/sanluisinforma.com\/#organization"},"potentialAction":[{"@type":"SearchAction","target":{"@type":"EntryPoint","urlTemplate":"https:\/\/sanluisinforma.com\/?s={search_term_string}"},"query-input":{"@type":"PropertyValueSpecification","valueRequired":true,"valueName":"search_term_string"}}],"inLanguage":"es"},{"@type":"Organization","@id":"https:\/\/sanluisinforma.com\/#organization","name":"sanluisinforma.com","url":"https:\/\/sanluisinforma.com\/","logo":{"@type":"ImageObject","inLanguage":"es","@id":"https:\/\/sanluisinforma.com\/#\/schema\/logo\/image\/","url":"https:\/\/sanluisinforma.com\/wp-content\/uploads\/2026\/03\/sanluisinforma-V.jpg","contentUrl":"https:\/\/sanluisinforma.com\/wp-content\/uploads\/2026\/03\/sanluisinforma-V.jpg","width":500,"height":156,"caption":"sanluisinforma.com"},"image":{"@id":"https:\/\/sanluisinforma.com\/#\/schema\/logo\/image\/"}},{"@type":"Person","@id":"https:\/\/sanluisinforma.com\/#\/schema\/person\/c30648f71476be533b6f59d092905c8b","name":"sanluisinforma.com","image":{"@type":"ImageObject","inLanguage":"es","@id":"https:\/\/sanluisinforma.com\/#\/schema\/person\/image\/","url":"https:\/\/secure.gravatar.com\/avatar\/86e3114e34a1eecefb963e0a02f0093f93b092dddb2fe1517596343751081a87?s=96&d=mm&r=g","contentUrl":"https:\/\/secure.gravatar.com\/avatar\/86e3114e34a1eecefb963e0a02f0093f93b092dddb2fe1517596343751081a87?s=96&d=mm&r=g","caption":"sanluisinforma.com"},"url":"https:\/\/sanluisinforma.com\/?author=2"}]}},"_links":{"self":[{"href":"https:\/\/sanluisinforma.com\/index.php?rest_route=\/wp\/v2\/posts\/13654","targetHints":{"allow":["GET"]}}],"collection":[{"href":"https:\/\/sanluisinforma.com\/index.php?rest_route=\/wp\/v2\/posts"}],"about":[{"href":"https:\/\/sanluisinforma.com\/index.php?rest_route=\/wp\/v2\/types\/post"}],"author":[{"embeddable":true,"href":"https:\/\/sanluisinforma.com\/index.php?rest_route=\/wp\/v2\/users\/2"}],"replies":[{"embeddable":true,"href":"https:\/\/sanluisinforma.com\/index.php?rest_route=%2Fwp%2Fv2%2Fcomments&post=13654"}],"version-history":[{"count":1,"href":"https:\/\/sanluisinforma.com\/index.php?rest_route=\/wp\/v2\/posts\/13654\/revisions"}],"predecessor-version":[{"id":13656,"href":"https:\/\/sanluisinforma.com\/index.php?rest_route=\/wp\/v2\/posts\/13654\/revisions\/13656"}],"wp:featuredmedia":[{"embeddable":true,"href":"https:\/\/sanluisinforma.com\/index.php?rest_route=\/wp\/v2\/media\/13655"}],"wp:attachment":[{"href":"https:\/\/sanluisinforma.com\/index.php?rest_route=%2Fwp%2Fv2%2Fmedia&parent=13654"}],"wp:term":[{"taxonomy":"category","embeddable":true,"href":"https:\/\/sanluisinforma.com\/index.php?rest_route=%2Fwp%2Fv2%2Fcategories&post=13654"},{"taxonomy":"post_tag","embeddable":true,"href":"https:\/\/sanluisinforma.com\/index.php?rest_route=%2Fwp%2Fv2%2Ftags&post=13654"}],"curies":[{"name":"wp","href":"https:\/\/api.w.org\/{rel}","templated":true}]}}