{"id":13660,"date":"2025-07-22T00:35:00","date_gmt":"2025-07-22T06:35:00","guid":{"rendered":"https:\/\/sanluisinforma.com\/?p=13660"},"modified":"2025-07-21T22:55:21","modified_gmt":"2025-07-22T04:55:21","slug":"sspc-de-la-capital-detiene-a-2-individuos-por-robo-a-optica","status":"publish","type":"post","link":"https:\/\/sanluisinforma.com\/?p=13660","title":{"rendered":"SSPC de la Capital detiene a 2 individuos por robo a \u00f3ptica"},"content":{"rendered":"\n<p>Como parte de las acciones de inteligencia social realizadas por la Secretar\u00eda de Seguridad y Protecci\u00f3n Ciudadana (SSPC) de la Capital, se logr\u00f3 la detenci\u00f3n de dos individuos presuntamente responsables del robo de mercanc\u00eda a una \u00f3ptica en la avenida Venustiano Carranza. Los implicados fueron localizados en el cuadrante centro de la ciudad en posesi\u00f3n de cerca de 30 lentes.<\/p>\n\n\n\n<p>El trabajo de inteligencia social y el despliegue operativo de oficiales de Guardia Municipal dio como resultado la recuperaci\u00f3n de cerca de 30 lentes sustra\u00eddos del negocio afectado, los cuales fueron identificados por el propietario.<\/p>\n\n\n\n<p>Los detenidos, Feliciano \u201cN\u201d de 47 a\u00f1os y Jes\u00fas Alberto \u201cN\u201d de 26 a\u00f1os, fueron localizados en un predio abandonado en la calle 2 de abril, tras intentar evadir a los oficiales, luego de ser detectados infringiendo el Bando de Polic\u00eda y Gobierno.<\/p>\n\n\n\n<p>Durante la intervenci\u00f3n, los agentes municipales encontraron que ambas personas ten\u00edan en su poder dosis de marihuana y cristal, as\u00ed como unas pinzas, adem\u00e1s de los estuches y lentes robados. La mercanc\u00eda fue reconocida por la parte afectada como la misma que hab\u00eda sido sustra\u00edda en la madrugada del domingo.<\/p>\n\n\n\n<p>Ante el probable hecho constitutivo de delito, Feliciano \u201cN\u201d y Jes\u00fas Alberto \u201cN\u201d, fueron informados sobre el motivo de su detenci\u00f3n y los derechos que les asiste la ley. Finalmente, fueron puestos a disposici\u00f3n de la Fiscal\u00eda General del Estado para continuar con las investigaciones correspondientes.<\/p>\n","protected":false},"excerpt":{"rendered":"<p>Como parte de las acciones de inteligencia social realizadas por la Secretar\u00eda de Seguridad y Protecci\u00f3n Ciudadana (SSPC) de la<\/p>\n","protected":false},"author":2,"featured_media":13661,"comment_status":"closed","ping_status":"closed","sticky":false,"template":"","format":"standard","meta":{"footnotes":""},"categories":[25],"tags":[],"class_list":["post-13660","post","type-post","status-publish","format-standard","has-post-thumbnail","hentry","category-local"],"yoast_head":"<!-- This site is optimized with the Yoast SEO plugin v24.1 - https:\/\/yoast.com\/wordpress\/plugins\/seo\/ -->\n<title>SSPC de la Capital detiene a 2 individuos por robo a \u00f3ptica - sanluisinforma.com<\/title>\n<meta name=\"robots\" content=\"index, follow, max-snippet:-1, max-image-preview:large, max-video-preview:-1\" \/>\n<link rel=\"canonical\" href=\"https:\/\/sanluisinforma.com\/?p=13660\" \/>\n<meta property=\"og:locale\" content=\"es_MX\" \/>\n<meta property=\"og:type\" content=\"article\" \/>\n<meta property=\"og:title\" content=\"SSPC de la Capital detiene a 2 individuos por robo a \u00f3ptica - sanluisinforma.com\" \/>\n<meta property=\"og:description\" content=\"Como parte de las acciones de inteligencia social realizadas por la Secretar\u00eda de Seguridad y Protecci\u00f3n Ciudadana (SSPC) de la\" \/>\n<meta property=\"og:url\" content=\"https:\/\/sanluisinforma.com\/?p=13660\" \/>\n<meta property=\"og:site_name\" content=\"sanluisinforma.com\" \/>\n<meta property=\"article:published_time\" content=\"2025-07-22T06:35:00+00:00\" \/>\n<meta property=\"article:modified_time\" content=\"2025-07-22T04:55:21+00:00\" \/>\n<meta property=\"og:image\" content=\"https:\/\/sanluisinforma.com\/wp-content\/uploads\/2025\/07\/63fac8c1-7824-4979-bc35-c9c4aac3cc41.jpg\" \/>\n\t<meta property=\"og:image:width\" content=\"400\" \/>\n\t<meta property=\"og:image:height\" content=\"513\" \/>\n\t<meta property=\"og:image:type\" content=\"image\/jpeg\" \/>\n<meta name=\"author\" content=\"sanluisinforma.com\" \/>\n<meta name=\"twitter:card\" content=\"summary_large_image\" \/>\n<meta name=\"twitter:label1\" content=\"Escrito por\" \/>\n\t<meta name=\"twitter:data1\" content=\"sanluisinforma.com\" \/>\n\t<meta name=\"twitter:label2\" content=\"Tiempo de lectura\" \/>\n\t<meta name=\"twitter:data2\" content=\"2 minutos\" \/>\n<script type=\"application\/ld+json\" class=\"yoast-schema-graph\">{\"@context\":\"https:\/\/schema.org\",\"@graph\":[{\"@type\":\"Article\",\"@id\":\"https:\/\/sanluisinforma.com\/?p=13660#article\",\"isPartOf\":{\"@id\":\"https:\/\/sanluisinforma.com\/?p=13660\"},\"author\":{\"name\":\"sanluisinforma.com\",\"@id\":\"https:\/\/sanluisinforma.com\/#\/schema\/person\/c30648f71476be533b6f59d092905c8b\"},\"headline\":\"SSPC de la Capital detiene a 2 individuos por robo a \u00f3ptica\",\"datePublished\":\"2025-07-22T06:35:00+00:00\",\"dateModified\":\"2025-07-22T04:55:21+00:00\",\"mainEntityOfPage\":{\"@id\":\"https:\/\/sanluisinforma.com\/?p=13660\"},\"wordCount\":261,\"publisher\":{\"@id\":\"https:\/\/sanluisinforma.com\/#organization\"},\"image\":{\"@id\":\"https:\/\/sanluisinforma.com\/?p=13660#primaryimage\"},\"thumbnailUrl\":\"https:\/\/sanluisinforma.com\/wp-content\/uploads\/2025\/07\/63fac8c1-7824-4979-bc35-c9c4aac3cc41.jpg\",\"articleSection\":[\"Local\"],\"inLanguage\":\"es\"},{\"@type\":\"WebPage\",\"@id\":\"https:\/\/sanluisinforma.com\/?p=13660\",\"url\":\"https:\/\/sanluisinforma.com\/?p=13660\",\"name\":\"SSPC de la Capital detiene a 2 individuos por robo a \u00f3ptica - sanluisinforma.com\",\"isPartOf\":{\"@id\":\"https:\/\/sanluisinforma.com\/#website\"},\"primaryImageOfPage\":{\"@id\":\"https:\/\/sanluisinforma.com\/?p=13660#primaryimage\"},\"image\":{\"@id\":\"https:\/\/sanluisinforma.com\/?p=13660#primaryimage\"},\"thumbnailUrl\":\"https:\/\/sanluisinforma.com\/wp-content\/uploads\/2025\/07\/63fac8c1-7824-4979-bc35-c9c4aac3cc41.jpg\",\"datePublished\":\"2025-07-22T06:35:00+00:00\",\"dateModified\":\"2025-07-22T04:55:21+00:00\",\"breadcrumb\":{\"@id\":\"https:\/\/sanluisinforma.com\/?p=13660#breadcrumb\"},\"inLanguage\":\"es\",\"potentialAction\":[{\"@type\":\"ReadAction\",\"target\":[\"https:\/\/sanluisinforma.com\/?p=13660\"]}]},{\"@type\":\"ImageObject\",\"inLanguage\":\"es\",\"@id\":\"https:\/\/sanluisinforma.com\/?p=13660#primaryimage\",\"url\":\"https:\/\/sanluisinforma.com\/wp-content\/uploads\/2025\/07\/63fac8c1-7824-4979-bc35-c9c4aac3cc41.jpg\",\"contentUrl\":\"https:\/\/sanluisinforma.com\/wp-content\/uploads\/2025\/07\/63fac8c1-7824-4979-bc35-c9c4aac3cc41.jpg\",\"width\":400,\"height\":513},{\"@type\":\"BreadcrumbList\",\"@id\":\"https:\/\/sanluisinforma.com\/?p=13660#breadcrumb\",\"itemListElement\":[{\"@type\":\"ListItem\",\"position\":1,\"name\":\"Inicio\",\"item\":\"https:\/\/sanluisinforma.com\/\"},{\"@type\":\"ListItem\",\"position\":2,\"name\":\"SSPC de la Capital detiene a 2 individuos por robo a \u00f3ptica\"}]},{\"@type\":\"WebSite\",\"@id\":\"https:\/\/sanluisinforma.com\/#website\",\"url\":\"https:\/\/sanluisinforma.com\/\",\"name\":\"sanluisinforma.com\",\"description\":\"Periodico San Luis Informa\",\"publisher\":{\"@id\":\"https:\/\/sanluisinforma.com\/#organization\"},\"potentialAction\":[{\"@type\":\"SearchAction\",\"target\":{\"@type\":\"EntryPoint\",\"urlTemplate\":\"https:\/\/sanluisinforma.com\/?s={search_term_string}\"},\"query-input\":{\"@type\":\"PropertyValueSpecification\",\"valueRequired\":true,\"valueName\":\"search_term_string\"}}],\"inLanguage\":\"es\"},{\"@type\":\"Organization\",\"@id\":\"https:\/\/sanluisinforma.com\/#organization\",\"name\":\"sanluisinforma.com\",\"url\":\"https:\/\/sanluisinforma.com\/\",\"logo\":{\"@type\":\"ImageObject\",\"inLanguage\":\"es\",\"@id\":\"https:\/\/sanluisinforma.com\/#\/schema\/logo\/image\/\",\"url\":\"https:\/\/sanluisinforma.com\/wp-content\/uploads\/2026\/03\/sanluisinforma-V.jpg\",\"contentUrl\":\"https:\/\/sanluisinforma.com\/wp-content\/uploads\/2026\/03\/sanluisinforma-V.jpg\",\"width\":500,\"height\":156,\"caption\":\"sanluisinforma.com\"},\"image\":{\"@id\":\"https:\/\/sanluisinforma.com\/#\/schema\/logo\/image\/\"}},{\"@type\":\"Person\",\"@id\":\"https:\/\/sanluisinforma.com\/#\/schema\/person\/c30648f71476be533b6f59d092905c8b\",\"name\":\"sanluisinforma.com\",\"image\":{\"@type\":\"ImageObject\",\"inLanguage\":\"es\",\"@id\":\"https:\/\/sanluisinforma.com\/#\/schema\/person\/image\/\",\"url\":\"https:\/\/secure.gravatar.com\/avatar\/86e3114e34a1eecefb963e0a02f0093f93b092dddb2fe1517596343751081a87?s=96&d=mm&r=g\",\"contentUrl\":\"https:\/\/secure.gravatar.com\/avatar\/86e3114e34a1eecefb963e0a02f0093f93b092dddb2fe1517596343751081a87?s=96&d=mm&r=g\",\"caption\":\"sanluisinforma.com\"},\"url\":\"https:\/\/sanluisinforma.com\/?author=2\"}]}<\/script>\n<!-- \/ Yoast SEO plugin. -->","yoast_head_json":{"title":"SSPC de la Capital detiene a 2 individuos por robo a \u00f3ptica - sanluisinforma.com","robots":{"index":"index","follow":"follow","max-snippet":"max-snippet:-1","max-image-preview":"max-image-preview:large","max-video-preview":"max-video-preview:-1"},"canonical":"https:\/\/sanluisinforma.com\/?p=13660","og_locale":"es_MX","og_type":"article","og_title":"SSPC de la Capital detiene a 2 individuos por robo a \u00f3ptica - sanluisinforma.com","og_description":"Como parte de las acciones de inteligencia social realizadas por la Secretar\u00eda de Seguridad y Protecci\u00f3n Ciudadana (SSPC) de la","og_url":"https:\/\/sanluisinforma.com\/?p=13660","og_site_name":"sanluisinforma.com","article_published_time":"2025-07-22T06:35:00+00:00","article_modified_time":"2025-07-22T04:55:21+00:00","og_image":[{"width":400,"height":513,"url":"https:\/\/sanluisinforma.com\/wp-content\/uploads\/2025\/07\/63fac8c1-7824-4979-bc35-c9c4aac3cc41.jpg","type":"image\/jpeg"}],"author":"sanluisinforma.com","twitter_card":"summary_large_image","twitter_misc":{"Escrito por":"sanluisinforma.com","Tiempo de lectura":"2 minutos"},"schema":{"@context":"https:\/\/schema.org","@graph":[{"@type":"Article","@id":"https:\/\/sanluisinforma.com\/?p=13660#article","isPartOf":{"@id":"https:\/\/sanluisinforma.com\/?p=13660"},"author":{"name":"sanluisinforma.com","@id":"https:\/\/sanluisinforma.com\/#\/schema\/person\/c30648f71476be533b6f59d092905c8b"},"headline":"SSPC de la Capital detiene a 2 individuos por robo a \u00f3ptica","datePublished":"2025-07-22T06:35:00+00:00","dateModified":"2025-07-22T04:55:21+00:00","mainEntityOfPage":{"@id":"https:\/\/sanluisinforma.com\/?p=13660"},"wordCount":261,"publisher":{"@id":"https:\/\/sanluisinforma.com\/#organization"},"image":{"@id":"https:\/\/sanluisinforma.com\/?p=13660#primaryimage"},"thumbnailUrl":"https:\/\/sanluisinforma.com\/wp-content\/uploads\/2025\/07\/63fac8c1-7824-4979-bc35-c9c4aac3cc41.jpg","articleSection":["Local"],"inLanguage":"es"},{"@type":"WebPage","@id":"https:\/\/sanluisinforma.com\/?p=13660","url":"https:\/\/sanluisinforma.com\/?p=13660","name":"SSPC de la Capital detiene a 2 individuos por robo a \u00f3ptica - sanluisinforma.com","isPartOf":{"@id":"https:\/\/sanluisinforma.com\/#website"},"primaryImageOfPage":{"@id":"https:\/\/sanluisinforma.com\/?p=13660#primaryimage"},"image":{"@id":"https:\/\/sanluisinforma.com\/?p=13660#primaryimage"},"thumbnailUrl":"https:\/\/sanluisinforma.com\/wp-content\/uploads\/2025\/07\/63fac8c1-7824-4979-bc35-c9c4aac3cc41.jpg","datePublished":"2025-07-22T06:35:00+00:00","dateModified":"2025-07-22T04:55:21+00:00","breadcrumb":{"@id":"https:\/\/sanluisinforma.com\/?p=13660#breadcrumb"},"inLanguage":"es","potentialAction":[{"@type":"ReadAction","target":["https:\/\/sanluisinforma.com\/?p=13660"]}]},{"@type":"ImageObject","inLanguage":"es","@id":"https:\/\/sanluisinforma.com\/?p=13660#primaryimage","url":"https:\/\/sanluisinforma.com\/wp-content\/uploads\/2025\/07\/63fac8c1-7824-4979-bc35-c9c4aac3cc41.jpg","contentUrl":"https:\/\/sanluisinforma.com\/wp-content\/uploads\/2025\/07\/63fac8c1-7824-4979-bc35-c9c4aac3cc41.jpg","width":400,"height":513},{"@type":"BreadcrumbList","@id":"https:\/\/sanluisinforma.com\/?p=13660#breadcrumb","itemListElement":[{"@type":"ListItem","position":1,"name":"Inicio","item":"https:\/\/sanluisinforma.com\/"},{"@type":"ListItem","position":2,"name":"SSPC de la Capital detiene a 2 individuos por robo a \u00f3ptica"}]},{"@type":"WebSite","@id":"https:\/\/sanluisinforma.com\/#website","url":"https:\/\/sanluisinforma.com\/","name":"sanluisinforma.com","description":"Periodico San Luis Informa","publisher":{"@id":"https:\/\/sanluisinforma.com\/#organization"},"potentialAction":[{"@type":"SearchAction","target":{"@type":"EntryPoint","urlTemplate":"https:\/\/sanluisinforma.com\/?s={search_term_string}"},"query-input":{"@type":"PropertyValueSpecification","valueRequired":true,"valueName":"search_term_string"}}],"inLanguage":"es"},{"@type":"Organization","@id":"https:\/\/sanluisinforma.com\/#organization","name":"sanluisinforma.com","url":"https:\/\/sanluisinforma.com\/","logo":{"@type":"ImageObject","inLanguage":"es","@id":"https:\/\/sanluisinforma.com\/#\/schema\/logo\/image\/","url":"https:\/\/sanluisinforma.com\/wp-content\/uploads\/2026\/03\/sanluisinforma-V.jpg","contentUrl":"https:\/\/sanluisinforma.com\/wp-content\/uploads\/2026\/03\/sanluisinforma-V.jpg","width":500,"height":156,"caption":"sanluisinforma.com"},"image":{"@id":"https:\/\/sanluisinforma.com\/#\/schema\/logo\/image\/"}},{"@type":"Person","@id":"https:\/\/sanluisinforma.com\/#\/schema\/person\/c30648f71476be533b6f59d092905c8b","name":"sanluisinforma.com","image":{"@type":"ImageObject","inLanguage":"es","@id":"https:\/\/sanluisinforma.com\/#\/schema\/person\/image\/","url":"https:\/\/secure.gravatar.com\/avatar\/86e3114e34a1eecefb963e0a02f0093f93b092dddb2fe1517596343751081a87?s=96&d=mm&r=g","contentUrl":"https:\/\/secure.gravatar.com\/avatar\/86e3114e34a1eecefb963e0a02f0093f93b092dddb2fe1517596343751081a87?s=96&d=mm&r=g","caption":"sanluisinforma.com"},"url":"https:\/\/sanluisinforma.com\/?author=2"}]}},"_links":{"self":[{"href":"https:\/\/sanluisinforma.com\/index.php?rest_route=\/wp\/v2\/posts\/13660","targetHints":{"allow":["GET"]}}],"collection":[{"href":"https:\/\/sanluisinforma.com\/index.php?rest_route=\/wp\/v2\/posts"}],"about":[{"href":"https:\/\/sanluisinforma.com\/index.php?rest_route=\/wp\/v2\/types\/post"}],"author":[{"embeddable":true,"href":"https:\/\/sanluisinforma.com\/index.php?rest_route=\/wp\/v2\/users\/2"}],"replies":[{"embeddable":true,"href":"https:\/\/sanluisinforma.com\/index.php?rest_route=%2Fwp%2Fv2%2Fcomments&post=13660"}],"version-history":[{"count":1,"href":"https:\/\/sanluisinforma.com\/index.php?rest_route=\/wp\/v2\/posts\/13660\/revisions"}],"predecessor-version":[{"id":13662,"href":"https:\/\/sanluisinforma.com\/index.php?rest_route=\/wp\/v2\/posts\/13660\/revisions\/13662"}],"wp:featuredmedia":[{"embeddable":true,"href":"https:\/\/sanluisinforma.com\/index.php?rest_route=\/wp\/v2\/media\/13661"}],"wp:attachment":[{"href":"https:\/\/sanluisinforma.com\/index.php?rest_route=%2Fwp%2Fv2%2Fmedia&parent=13660"}],"wp:term":[{"taxonomy":"category","embeddable":true,"href":"https:\/\/sanluisinforma.com\/index.php?rest_route=%2Fwp%2Fv2%2Fcategories&post=13660"},{"taxonomy":"post_tag","embeddable":true,"href":"https:\/\/sanluisinforma.com\/index.php?rest_route=%2Fwp%2Fv2%2Ftags&post=13660"}],"curies":[{"name":"wp","href":"https:\/\/api.w.org\/{rel}","templated":true}]}}