{"id":13689,"date":"2025-07-22T23:37:22","date_gmt":"2025-07-23T05:37:22","guid":{"rendered":"https:\/\/sanluisinforma.com\/?p=13689"},"modified":"2025-07-22T23:37:23","modified_gmt":"2025-07-23T05:37:23","slug":"muere-ozzy-osbourne-a-los-76-anos-de-edad-pilar-de-la-banda-black-sabbath","status":"publish","type":"post","link":"https:\/\/sanluisinforma.com\/?p=13689","title":{"rendered":"Muere Ozzy Osbourne\u00a0 a los 76 a\u00f1os de edad, pilar de la Banda Black Sabbath"},"content":{"rendered":"\n<p>Los fans&nbsp; gozaron y disfrutaron &nbsp;&nbsp;a su \u00eddolo Osbourne &nbsp;&nbsp;quien durante muchos a\u00f1os, &nbsp;hab\u00eda vivido una &nbsp;&nbsp;&nbsp;vida dif\u00edcil, incluyendo el abuso de drogas y alcohol, &nbsp;quien no recuerda &nbsp;el &nbsp;momento en que le arranc\u00f3 la cabeza a un murci\u00e9lago de un mordisco durante un concierto en Des Moines, Iowa.<\/p>\n\n\n\n<p>Sobreviviente de varias enfermedades algunas graves y otras no tanto, en los \u00faltimos &nbsp;a\u00f1os de su vida,&nbsp; le &nbsp;diagnosticaron la enfermedad de Parkinson ese mismo a\u00f1o y tambi\u00e9n sufri\u00f3 un episodio de Covid.<\/p>\n\n\n\n<p>Naci\u00f3 &nbsp;en Birmingham, Inglaterra, de madre obrera y padre fabricante de herramientas, Osbourne se crio con sus cinco hermanos<\/p>\n\n\n\n<p>Nacio musicalmente&nbsp; en 1967, bajo el manto de Black Sabbath . El \u00e9xito lleg\u00f3 con &nbsp;Paranoid , su &nbsp;tercer \u00e1lbum, Master of Reality, de 1971.<\/p>\n","protected":false},"excerpt":{"rendered":"<p>Los fans&nbsp; gozaron y disfrutaron &nbsp;&nbsp;a su \u00eddolo Osbourne &nbsp;&nbsp;quien durante muchos a\u00f1os, &nbsp;hab\u00eda vivido una &nbsp;&nbsp;&nbsp;vida dif\u00edcil, incluyendo el<\/p>\n","protected":false},"author":2,"featured_media":0,"comment_status":"closed","ping_status":"closed","sticky":false,"template":"","format":"standard","meta":{"footnotes":""},"categories":[31,28,1],"tags":[],"class_list":["post-13689","post","type-post","status-publish","format-standard","hentry","category-gente","category-internacional","category-uncategorized"],"yoast_head":"<!-- This site is optimized with the Yoast SEO plugin v24.1 - https:\/\/yoast.com\/wordpress\/plugins\/seo\/ -->\n<title>Muere Ozzy Osbourne\u00a0 a los 76 a\u00f1os de edad, pilar de la Banda Black Sabbath - sanluisinforma.com<\/title>\n<meta name=\"robots\" content=\"index, follow, max-snippet:-1, max-image-preview:large, max-video-preview:-1\" \/>\n<link rel=\"canonical\" href=\"https:\/\/sanluisinforma.com\/?p=13689\" \/>\n<meta property=\"og:locale\" content=\"es_MX\" \/>\n<meta property=\"og:type\" content=\"article\" \/>\n<meta property=\"og:title\" content=\"Muere Ozzy Osbourne\u00a0 a los 76 a\u00f1os de edad, pilar de la Banda Black Sabbath - sanluisinforma.com\" \/>\n<meta property=\"og:description\" content=\"Los fans&nbsp; gozaron y disfrutaron &nbsp;&nbsp;a su \u00eddolo Osbourne &nbsp;&nbsp;quien durante muchos a\u00f1os, &nbsp;hab\u00eda vivido una &nbsp;&nbsp;&nbsp;vida dif\u00edcil, incluyendo el\" \/>\n<meta property=\"og:url\" content=\"https:\/\/sanluisinforma.com\/?p=13689\" \/>\n<meta property=\"og:site_name\" content=\"sanluisinforma.com\" \/>\n<meta property=\"article:published_time\" content=\"2025-07-23T05:37:22+00:00\" \/>\n<meta property=\"article:modified_time\" content=\"2025-07-23T05:37:23+00:00\" \/>\n<meta name=\"author\" content=\"sanluisinforma.com\" \/>\n<meta name=\"twitter:card\" content=\"summary_large_image\" \/>\n<meta name=\"twitter:label1\" content=\"Escrito por\" \/>\n\t<meta name=\"twitter:data1\" content=\"sanluisinforma.com\" \/>\n\t<meta name=\"twitter:label2\" content=\"Tiempo de lectura\" \/>\n\t<meta name=\"twitter:data2\" content=\"1 minuto\" \/>\n<script type=\"application\/ld+json\" class=\"yoast-schema-graph\">{\"@context\":\"https:\/\/schema.org\",\"@graph\":[{\"@type\":\"Article\",\"@id\":\"https:\/\/sanluisinforma.com\/?p=13689#article\",\"isPartOf\":{\"@id\":\"https:\/\/sanluisinforma.com\/?p=13689\"},\"author\":{\"name\":\"sanluisinforma.com\",\"@id\":\"https:\/\/sanluisinforma.com\/#\/schema\/person\/c30648f71476be533b6f59d092905c8b\"},\"headline\":\"Muere Ozzy Osbourne\u00a0 a los 76 a\u00f1os de edad, pilar de la Banda Black Sabbath\",\"datePublished\":\"2025-07-23T05:37:22+00:00\",\"dateModified\":\"2025-07-23T05:37:23+00:00\",\"mainEntityOfPage\":{\"@id\":\"https:\/\/sanluisinforma.com\/?p=13689\"},\"wordCount\":163,\"publisher\":{\"@id\":\"https:\/\/sanluisinforma.com\/#organization\"},\"articleSection\":[\"Gente\",\"Internacional\",\"Uncategorized\"],\"inLanguage\":\"es\"},{\"@type\":\"WebPage\",\"@id\":\"https:\/\/sanluisinforma.com\/?p=13689\",\"url\":\"https:\/\/sanluisinforma.com\/?p=13689\",\"name\":\"Muere Ozzy Osbourne\u00a0 a los 76 a\u00f1os de edad, pilar de la Banda Black Sabbath - sanluisinforma.com\",\"isPartOf\":{\"@id\":\"https:\/\/sanluisinforma.com\/#website\"},\"datePublished\":\"2025-07-23T05:37:22+00:00\",\"dateModified\":\"2025-07-23T05:37:23+00:00\",\"breadcrumb\":{\"@id\":\"https:\/\/sanluisinforma.com\/?p=13689#breadcrumb\"},\"inLanguage\":\"es\",\"potentialAction\":[{\"@type\":\"ReadAction\",\"target\":[\"https:\/\/sanluisinforma.com\/?p=13689\"]}]},{\"@type\":\"BreadcrumbList\",\"@id\":\"https:\/\/sanluisinforma.com\/?p=13689#breadcrumb\",\"itemListElement\":[{\"@type\":\"ListItem\",\"position\":1,\"name\":\"Inicio\",\"item\":\"https:\/\/sanluisinforma.com\/\"},{\"@type\":\"ListItem\",\"position\":2,\"name\":\"Muere Ozzy Osbourne\u00a0 a los 76 a\u00f1os de edad, pilar de la Banda Black Sabbath\"}]},{\"@type\":\"WebSite\",\"@id\":\"https:\/\/sanluisinforma.com\/#website\",\"url\":\"https:\/\/sanluisinforma.com\/\",\"name\":\"sanluisinforma.com\",\"description\":\"Periodico San Luis Informa\",\"publisher\":{\"@id\":\"https:\/\/sanluisinforma.com\/#organization\"},\"potentialAction\":[{\"@type\":\"SearchAction\",\"target\":{\"@type\":\"EntryPoint\",\"urlTemplate\":\"https:\/\/sanluisinforma.com\/?s={search_term_string}\"},\"query-input\":{\"@type\":\"PropertyValueSpecification\",\"valueRequired\":true,\"valueName\":\"search_term_string\"}}],\"inLanguage\":\"es\"},{\"@type\":\"Organization\",\"@id\":\"https:\/\/sanluisinforma.com\/#organization\",\"name\":\"sanluisinforma.com\",\"url\":\"https:\/\/sanluisinforma.com\/\",\"logo\":{\"@type\":\"ImageObject\",\"inLanguage\":\"es\",\"@id\":\"https:\/\/sanluisinforma.com\/#\/schema\/logo\/image\/\",\"url\":\"https:\/\/sanluisinforma.com\/wp-content\/uploads\/2026\/03\/sanluisinforma-V.jpg\",\"contentUrl\":\"https:\/\/sanluisinforma.com\/wp-content\/uploads\/2026\/03\/sanluisinforma-V.jpg\",\"width\":500,\"height\":156,\"caption\":\"sanluisinforma.com\"},\"image\":{\"@id\":\"https:\/\/sanluisinforma.com\/#\/schema\/logo\/image\/\"}},{\"@type\":\"Person\",\"@id\":\"https:\/\/sanluisinforma.com\/#\/schema\/person\/c30648f71476be533b6f59d092905c8b\",\"name\":\"sanluisinforma.com\",\"image\":{\"@type\":\"ImageObject\",\"inLanguage\":\"es\",\"@id\":\"https:\/\/sanluisinforma.com\/#\/schema\/person\/image\/\",\"url\":\"https:\/\/secure.gravatar.com\/avatar\/86e3114e34a1eecefb963e0a02f0093f93b092dddb2fe1517596343751081a87?s=96&d=mm&r=g\",\"contentUrl\":\"https:\/\/secure.gravatar.com\/avatar\/86e3114e34a1eecefb963e0a02f0093f93b092dddb2fe1517596343751081a87?s=96&d=mm&r=g\",\"caption\":\"sanluisinforma.com\"},\"url\":\"https:\/\/sanluisinforma.com\/?author=2\"}]}<\/script>\n<!-- \/ Yoast SEO plugin. -->","yoast_head_json":{"title":"Muere Ozzy Osbourne\u00a0 a los 76 a\u00f1os de edad, pilar de la Banda Black Sabbath - sanluisinforma.com","robots":{"index":"index","follow":"follow","max-snippet":"max-snippet:-1","max-image-preview":"max-image-preview:large","max-video-preview":"max-video-preview:-1"},"canonical":"https:\/\/sanluisinforma.com\/?p=13689","og_locale":"es_MX","og_type":"article","og_title":"Muere Ozzy Osbourne\u00a0 a los 76 a\u00f1os de edad, pilar de la Banda Black Sabbath - sanluisinforma.com","og_description":"Los fans&nbsp; gozaron y disfrutaron &nbsp;&nbsp;a su \u00eddolo Osbourne &nbsp;&nbsp;quien durante muchos a\u00f1os, &nbsp;hab\u00eda vivido una &nbsp;&nbsp;&nbsp;vida dif\u00edcil, incluyendo el","og_url":"https:\/\/sanluisinforma.com\/?p=13689","og_site_name":"sanluisinforma.com","article_published_time":"2025-07-23T05:37:22+00:00","article_modified_time":"2025-07-23T05:37:23+00:00","author":"sanluisinforma.com","twitter_card":"summary_large_image","twitter_misc":{"Escrito por":"sanluisinforma.com","Tiempo de lectura":"1 minuto"},"schema":{"@context":"https:\/\/schema.org","@graph":[{"@type":"Article","@id":"https:\/\/sanluisinforma.com\/?p=13689#article","isPartOf":{"@id":"https:\/\/sanluisinforma.com\/?p=13689"},"author":{"name":"sanluisinforma.com","@id":"https:\/\/sanluisinforma.com\/#\/schema\/person\/c30648f71476be533b6f59d092905c8b"},"headline":"Muere Ozzy Osbourne\u00a0 a los 76 a\u00f1os de edad, pilar de la Banda Black Sabbath","datePublished":"2025-07-23T05:37:22+00:00","dateModified":"2025-07-23T05:37:23+00:00","mainEntityOfPage":{"@id":"https:\/\/sanluisinforma.com\/?p=13689"},"wordCount":163,"publisher":{"@id":"https:\/\/sanluisinforma.com\/#organization"},"articleSection":["Gente","Internacional","Uncategorized"],"inLanguage":"es"},{"@type":"WebPage","@id":"https:\/\/sanluisinforma.com\/?p=13689","url":"https:\/\/sanluisinforma.com\/?p=13689","name":"Muere Ozzy Osbourne\u00a0 a los 76 a\u00f1os de edad, pilar de la Banda Black Sabbath - sanluisinforma.com","isPartOf":{"@id":"https:\/\/sanluisinforma.com\/#website"},"datePublished":"2025-07-23T05:37:22+00:00","dateModified":"2025-07-23T05:37:23+00:00","breadcrumb":{"@id":"https:\/\/sanluisinforma.com\/?p=13689#breadcrumb"},"inLanguage":"es","potentialAction":[{"@type":"ReadAction","target":["https:\/\/sanluisinforma.com\/?p=13689"]}]},{"@type":"BreadcrumbList","@id":"https:\/\/sanluisinforma.com\/?p=13689#breadcrumb","itemListElement":[{"@type":"ListItem","position":1,"name":"Inicio","item":"https:\/\/sanluisinforma.com\/"},{"@type":"ListItem","position":2,"name":"Muere Ozzy Osbourne\u00a0 a los 76 a\u00f1os de edad, pilar de la Banda Black Sabbath"}]},{"@type":"WebSite","@id":"https:\/\/sanluisinforma.com\/#website","url":"https:\/\/sanluisinforma.com\/","name":"sanluisinforma.com","description":"Periodico San Luis Informa","publisher":{"@id":"https:\/\/sanluisinforma.com\/#organization"},"potentialAction":[{"@type":"SearchAction","target":{"@type":"EntryPoint","urlTemplate":"https:\/\/sanluisinforma.com\/?s={search_term_string}"},"query-input":{"@type":"PropertyValueSpecification","valueRequired":true,"valueName":"search_term_string"}}],"inLanguage":"es"},{"@type":"Organization","@id":"https:\/\/sanluisinforma.com\/#organization","name":"sanluisinforma.com","url":"https:\/\/sanluisinforma.com\/","logo":{"@type":"ImageObject","inLanguage":"es","@id":"https:\/\/sanluisinforma.com\/#\/schema\/logo\/image\/","url":"https:\/\/sanluisinforma.com\/wp-content\/uploads\/2026\/03\/sanluisinforma-V.jpg","contentUrl":"https:\/\/sanluisinforma.com\/wp-content\/uploads\/2026\/03\/sanluisinforma-V.jpg","width":500,"height":156,"caption":"sanluisinforma.com"},"image":{"@id":"https:\/\/sanluisinforma.com\/#\/schema\/logo\/image\/"}},{"@type":"Person","@id":"https:\/\/sanluisinforma.com\/#\/schema\/person\/c30648f71476be533b6f59d092905c8b","name":"sanluisinforma.com","image":{"@type":"ImageObject","inLanguage":"es","@id":"https:\/\/sanluisinforma.com\/#\/schema\/person\/image\/","url":"https:\/\/secure.gravatar.com\/avatar\/86e3114e34a1eecefb963e0a02f0093f93b092dddb2fe1517596343751081a87?s=96&d=mm&r=g","contentUrl":"https:\/\/secure.gravatar.com\/avatar\/86e3114e34a1eecefb963e0a02f0093f93b092dddb2fe1517596343751081a87?s=96&d=mm&r=g","caption":"sanluisinforma.com"},"url":"https:\/\/sanluisinforma.com\/?author=2"}]}},"_links":{"self":[{"href":"https:\/\/sanluisinforma.com\/index.php?rest_route=\/wp\/v2\/posts\/13689","targetHints":{"allow":["GET"]}}],"collection":[{"href":"https:\/\/sanluisinforma.com\/index.php?rest_route=\/wp\/v2\/posts"}],"about":[{"href":"https:\/\/sanluisinforma.com\/index.php?rest_route=\/wp\/v2\/types\/post"}],"author":[{"embeddable":true,"href":"https:\/\/sanluisinforma.com\/index.php?rest_route=\/wp\/v2\/users\/2"}],"replies":[{"embeddable":true,"href":"https:\/\/sanluisinforma.com\/index.php?rest_route=%2Fwp%2Fv2%2Fcomments&post=13689"}],"version-history":[{"count":1,"href":"https:\/\/sanluisinforma.com\/index.php?rest_route=\/wp\/v2\/posts\/13689\/revisions"}],"predecessor-version":[{"id":13690,"href":"https:\/\/sanluisinforma.com\/index.php?rest_route=\/wp\/v2\/posts\/13689\/revisions\/13690"}],"wp:attachment":[{"href":"https:\/\/sanluisinforma.com\/index.php?rest_route=%2Fwp%2Fv2%2Fmedia&parent=13689"}],"wp:term":[{"taxonomy":"category","embeddable":true,"href":"https:\/\/sanluisinforma.com\/index.php?rest_route=%2Fwp%2Fv2%2Fcategories&post=13689"},{"taxonomy":"post_tag","embeddable":true,"href":"https:\/\/sanluisinforma.com\/index.php?rest_route=%2Fwp%2Fv2%2Ftags&post=13689"}],"curies":[{"name":"wp","href":"https:\/\/api.w.org\/{rel}","templated":true}]}}