{"id":13705,"date":"2025-07-24T00:50:00","date_gmt":"2025-07-24T06:50:00","guid":{"rendered":"https:\/\/sanluisinforma.com\/?p=13705"},"modified":"2025-07-23T23:11:24","modified_gmt":"2025-07-24T05:11:24","slug":"dif-municipal-de-san-luis-capital-fortalece-la-nutricion-de-las-familias-potosinas","status":"publish","type":"post","link":"https:\/\/sanluisinforma.com\/?p=13705","title":{"rendered":"DIF Municipal de San Luis Capital fortalece la nutrici\u00f3n de las familias potosinas"},"content":{"rendered":"\n<ul class=\"wp-block-list\">\n<li>El Alcalde Enrique Galindo entreg\u00f3 kits alimentarios en Rinconada, Los Garc\u00eda y Milpillas; se\u00f1al\u00f3 que los productos que se entregan se eligieron cuidadosamente para favorecer la salud de ni\u00f1os, ni\u00f1as y adolescentes; cada kit contiene 17 productos nutritivos.<\/li>\n\n\n\n<li>\u201cUna ni\u00f1a o un ni\u00f1o bien alimentado tiene m\u00e1s energ\u00eda para jugar, aprender y convivir en familia\u201d, dijo Estela Arriaga, Presidenta del DIF Capitalino, durante la entrega del programa \u201cS\u00ed por una Ni\u00f1ez Sana\u201d.<\/li>\n<\/ul>\n\n\n\n<p>SLP.- Con el compromiso de mejorar la calidad de vida de quienes m\u00e1s lo necesitan, el Alcalde Enrique Galindo Ceballos y la Presidenta del DIF Municipal de San Luis Potos\u00ed Estela Arriaga M\u00e1rquez, entregaron kits alimentarios a estudiantes de las comunidades de Rinconada, Los Garc\u00eda y Milpillas, como parte de la reactivaci\u00f3n del programa \u201cS\u00ed por una Ni\u00f1ez Sana\u201d 2025.<\/p>\n\n\n\n<p>\u201cUna ni\u00f1a o un ni\u00f1o bien alimentado tiene m\u00e1s energ\u00eda para jugar, aprender y convivir en familia. Con esta entrega, no solo llevamos alimento a sus hogares, sino tambi\u00e9n una esperanza de futuro y una mejor calidad de vida\u201d, expres\u00f3 la Presidenta del DIF Capitalino, Estela Arriaga. En su intervenci\u00f3n, el Presidente Municipal Enrique Galindo expuso que este programa se encuentra bien definido, ya que los productos se eligieron cuidadosamente para contribuir al bienestar de las ni\u00f1as, los ni\u00f1os y sus familias, \u201caqu\u00ed est\u00e1 cubierto uno de los principales factores, ver a nuestras hijas e hijos sanos, especialmente en zonas con mayores necesidades\u201d.<\/p>\n\n\n\n<p>Desde su inicio, se han entregado m\u00e1s de 23 mil kits, y en esta ocasi\u00f3n, ser\u00e1n 16 mil en favor de 4 mil beneficiarios. Cada kit alimentario contiene 17 productos nutritivos: arroz, avena, lentejas, leche, frijol negro, hojuelas de ma\u00edz y at\u00fan, seleccionados para fortalecer la salud y el desarrollo de menores de edad entre los 6 y 12 a\u00f1os, etapa clave para su crecimiento f\u00edsico, emocional y escolar, lo que tambi\u00e9n contribuye a tener un San Luis Amable y familiarmente sostenible.<\/p>\n\n\n\n<p>Este esfuerzo contribuye al cumplimiento de los Objetivos de Desarrollo Sostenible de la ONU, especialmente el n\u00famero 2: \u201cHambre Cero\u201d y el n\u00famero 3: \u201cSalud y Bienestar\u201d, reafirmando que el desarrollo de San Luis Potos\u00ed comienza por cuidar a su infancia.<\/p>\n","protected":false},"excerpt":{"rendered":"<p>SLP.- Con el compromiso de mejorar la calidad de vida de quienes m\u00e1s lo necesitan, el Alcalde Enrique Galindo Ceballos<\/p>\n","protected":false},"author":2,"featured_media":13702,"comment_status":"closed","ping_status":"closed","sticky":false,"template":"","format":"standard","meta":{"footnotes":""},"categories":[25,30],"tags":[],"class_list":["post-13705","post","type-post","status-publish","format-standard","has-post-thumbnail","hentry","category-local","category-portada"],"yoast_head":"<!-- This site is optimized with the Yoast SEO plugin v24.1 - https:\/\/yoast.com\/wordpress\/plugins\/seo\/ -->\n<title>DIF Municipal de San Luis Capital fortalece la nutrici\u00f3n de las familias potosinas - sanluisinforma.com<\/title>\n<meta name=\"robots\" content=\"index, follow, max-snippet:-1, max-image-preview:large, max-video-preview:-1\" \/>\n<link rel=\"canonical\" href=\"https:\/\/sanluisinforma.com\/?p=13705\" \/>\n<meta property=\"og:locale\" content=\"es_MX\" \/>\n<meta property=\"og:type\" content=\"article\" \/>\n<meta property=\"og:title\" content=\"DIF Municipal de San Luis Capital fortalece la nutrici\u00f3n de las familias potosinas - sanluisinforma.com\" \/>\n<meta property=\"og:description\" content=\"SLP.- Con el compromiso de mejorar la calidad de vida de quienes m\u00e1s lo necesitan, el Alcalde Enrique Galindo Ceballos\" \/>\n<meta property=\"og:url\" content=\"https:\/\/sanluisinforma.com\/?p=13705\" \/>\n<meta property=\"og:site_name\" content=\"sanluisinforma.com\" \/>\n<meta property=\"article:published_time\" content=\"2025-07-24T06:50:00+00:00\" \/>\n<meta property=\"article:modified_time\" content=\"2025-07-24T05:11:24+00:00\" \/>\n<meta property=\"og:image\" content=\"https:\/\/sanluisinforma.com\/wp-content\/uploads\/2025\/07\/9bbd5dc1-f4ef-40e3-8e7b-04c7795c4a28.jpg\" \/>\n\t<meta property=\"og:image:width\" content=\"400\" \/>\n\t<meta property=\"og:image:height\" content=\"266\" \/>\n\t<meta property=\"og:image:type\" content=\"image\/jpeg\" \/>\n<meta name=\"author\" content=\"sanluisinforma.com\" \/>\n<meta name=\"twitter:card\" content=\"summary_large_image\" \/>\n<meta name=\"twitter:label1\" content=\"Escrito por\" \/>\n\t<meta name=\"twitter:data1\" content=\"sanluisinforma.com\" \/>\n\t<meta name=\"twitter:label2\" content=\"Tiempo de lectura\" \/>\n\t<meta name=\"twitter:data2\" content=\"2 minutos\" \/>\n<script type=\"application\/ld+json\" class=\"yoast-schema-graph\">{\"@context\":\"https:\/\/schema.org\",\"@graph\":[{\"@type\":\"Article\",\"@id\":\"https:\/\/sanluisinforma.com\/?p=13705#article\",\"isPartOf\":{\"@id\":\"https:\/\/sanluisinforma.com\/?p=13705\"},\"author\":{\"name\":\"sanluisinforma.com\",\"@id\":\"https:\/\/sanluisinforma.com\/#\/schema\/person\/c30648f71476be533b6f59d092905c8b\"},\"headline\":\"DIF Municipal de San Luis Capital fortalece la nutrici\u00f3n de las familias potosinas\",\"datePublished\":\"2025-07-24T06:50:00+00:00\",\"dateModified\":\"2025-07-24T05:11:24+00:00\",\"mainEntityOfPage\":{\"@id\":\"https:\/\/sanluisinforma.com\/?p=13705\"},\"wordCount\":395,\"publisher\":{\"@id\":\"https:\/\/sanluisinforma.com\/#organization\"},\"image\":{\"@id\":\"https:\/\/sanluisinforma.com\/?p=13705#primaryimage\"},\"thumbnailUrl\":\"https:\/\/sanluisinforma.com\/wp-content\/uploads\/2025\/07\/9bbd5dc1-f4ef-40e3-8e7b-04c7795c4a28.jpg\",\"articleSection\":[\"Local\",\"Portada\"],\"inLanguage\":\"es\"},{\"@type\":\"WebPage\",\"@id\":\"https:\/\/sanluisinforma.com\/?p=13705\",\"url\":\"https:\/\/sanluisinforma.com\/?p=13705\",\"name\":\"DIF Municipal de San Luis Capital fortalece la nutrici\u00f3n de las familias potosinas - sanluisinforma.com\",\"isPartOf\":{\"@id\":\"https:\/\/sanluisinforma.com\/#website\"},\"primaryImageOfPage\":{\"@id\":\"https:\/\/sanluisinforma.com\/?p=13705#primaryimage\"},\"image\":{\"@id\":\"https:\/\/sanluisinforma.com\/?p=13705#primaryimage\"},\"thumbnailUrl\":\"https:\/\/sanluisinforma.com\/wp-content\/uploads\/2025\/07\/9bbd5dc1-f4ef-40e3-8e7b-04c7795c4a28.jpg\",\"datePublished\":\"2025-07-24T06:50:00+00:00\",\"dateModified\":\"2025-07-24T05:11:24+00:00\",\"breadcrumb\":{\"@id\":\"https:\/\/sanluisinforma.com\/?p=13705#breadcrumb\"},\"inLanguage\":\"es\",\"potentialAction\":[{\"@type\":\"ReadAction\",\"target\":[\"https:\/\/sanluisinforma.com\/?p=13705\"]}]},{\"@type\":\"ImageObject\",\"inLanguage\":\"es\",\"@id\":\"https:\/\/sanluisinforma.com\/?p=13705#primaryimage\",\"url\":\"https:\/\/sanluisinforma.com\/wp-content\/uploads\/2025\/07\/9bbd5dc1-f4ef-40e3-8e7b-04c7795c4a28.jpg\",\"contentUrl\":\"https:\/\/sanluisinforma.com\/wp-content\/uploads\/2025\/07\/9bbd5dc1-f4ef-40e3-8e7b-04c7795c4a28.jpg\",\"width\":400,\"height\":266},{\"@type\":\"BreadcrumbList\",\"@id\":\"https:\/\/sanluisinforma.com\/?p=13705#breadcrumb\",\"itemListElement\":[{\"@type\":\"ListItem\",\"position\":1,\"name\":\"Inicio\",\"item\":\"https:\/\/sanluisinforma.com\/\"},{\"@type\":\"ListItem\",\"position\":2,\"name\":\"DIF Municipal de San Luis Capital fortalece la nutrici\u00f3n de las familias potosinas\"}]},{\"@type\":\"WebSite\",\"@id\":\"https:\/\/sanluisinforma.com\/#website\",\"url\":\"https:\/\/sanluisinforma.com\/\",\"name\":\"sanluisinforma.com\",\"description\":\"Periodico San Luis Informa\",\"publisher\":{\"@id\":\"https:\/\/sanluisinforma.com\/#organization\"},\"potentialAction\":[{\"@type\":\"SearchAction\",\"target\":{\"@type\":\"EntryPoint\",\"urlTemplate\":\"https:\/\/sanluisinforma.com\/?s={search_term_string}\"},\"query-input\":{\"@type\":\"PropertyValueSpecification\",\"valueRequired\":true,\"valueName\":\"search_term_string\"}}],\"inLanguage\":\"es\"},{\"@type\":\"Organization\",\"@id\":\"https:\/\/sanluisinforma.com\/#organization\",\"name\":\"sanluisinforma.com\",\"url\":\"https:\/\/sanluisinforma.com\/\",\"logo\":{\"@type\":\"ImageObject\",\"inLanguage\":\"es\",\"@id\":\"https:\/\/sanluisinforma.com\/#\/schema\/logo\/image\/\",\"url\":\"https:\/\/sanluisinforma.com\/wp-content\/uploads\/2026\/03\/sanluisinforma-V.jpg\",\"contentUrl\":\"https:\/\/sanluisinforma.com\/wp-content\/uploads\/2026\/03\/sanluisinforma-V.jpg\",\"width\":500,\"height\":156,\"caption\":\"sanluisinforma.com\"},\"image\":{\"@id\":\"https:\/\/sanluisinforma.com\/#\/schema\/logo\/image\/\"}},{\"@type\":\"Person\",\"@id\":\"https:\/\/sanluisinforma.com\/#\/schema\/person\/c30648f71476be533b6f59d092905c8b\",\"name\":\"sanluisinforma.com\",\"image\":{\"@type\":\"ImageObject\",\"inLanguage\":\"es\",\"@id\":\"https:\/\/sanluisinforma.com\/#\/schema\/person\/image\/\",\"url\":\"https:\/\/secure.gravatar.com\/avatar\/86e3114e34a1eecefb963e0a02f0093f93b092dddb2fe1517596343751081a87?s=96&d=mm&r=g\",\"contentUrl\":\"https:\/\/secure.gravatar.com\/avatar\/86e3114e34a1eecefb963e0a02f0093f93b092dddb2fe1517596343751081a87?s=96&d=mm&r=g\",\"caption\":\"sanluisinforma.com\"},\"url\":\"https:\/\/sanluisinforma.com\/?author=2\"}]}<\/script>\n<!-- \/ Yoast SEO plugin. -->","yoast_head_json":{"title":"DIF Municipal de San Luis Capital fortalece la nutrici\u00f3n de las familias potosinas - sanluisinforma.com","robots":{"index":"index","follow":"follow","max-snippet":"max-snippet:-1","max-image-preview":"max-image-preview:large","max-video-preview":"max-video-preview:-1"},"canonical":"https:\/\/sanluisinforma.com\/?p=13705","og_locale":"es_MX","og_type":"article","og_title":"DIF Municipal de San Luis Capital fortalece la nutrici\u00f3n de las familias potosinas - sanluisinforma.com","og_description":"SLP.- Con el compromiso de mejorar la calidad de vida de quienes m\u00e1s lo necesitan, el Alcalde Enrique Galindo Ceballos","og_url":"https:\/\/sanluisinforma.com\/?p=13705","og_site_name":"sanluisinforma.com","article_published_time":"2025-07-24T06:50:00+00:00","article_modified_time":"2025-07-24T05:11:24+00:00","og_image":[{"width":400,"height":266,"url":"https:\/\/sanluisinforma.com\/wp-content\/uploads\/2025\/07\/9bbd5dc1-f4ef-40e3-8e7b-04c7795c4a28.jpg","type":"image\/jpeg"}],"author":"sanluisinforma.com","twitter_card":"summary_large_image","twitter_misc":{"Escrito por":"sanluisinforma.com","Tiempo de lectura":"2 minutos"},"schema":{"@context":"https:\/\/schema.org","@graph":[{"@type":"Article","@id":"https:\/\/sanluisinforma.com\/?p=13705#article","isPartOf":{"@id":"https:\/\/sanluisinforma.com\/?p=13705"},"author":{"name":"sanluisinforma.com","@id":"https:\/\/sanluisinforma.com\/#\/schema\/person\/c30648f71476be533b6f59d092905c8b"},"headline":"DIF Municipal de San Luis Capital fortalece la nutrici\u00f3n de las familias potosinas","datePublished":"2025-07-24T06:50:00+00:00","dateModified":"2025-07-24T05:11:24+00:00","mainEntityOfPage":{"@id":"https:\/\/sanluisinforma.com\/?p=13705"},"wordCount":395,"publisher":{"@id":"https:\/\/sanluisinforma.com\/#organization"},"image":{"@id":"https:\/\/sanluisinforma.com\/?p=13705#primaryimage"},"thumbnailUrl":"https:\/\/sanluisinforma.com\/wp-content\/uploads\/2025\/07\/9bbd5dc1-f4ef-40e3-8e7b-04c7795c4a28.jpg","articleSection":["Local","Portada"],"inLanguage":"es"},{"@type":"WebPage","@id":"https:\/\/sanluisinforma.com\/?p=13705","url":"https:\/\/sanluisinforma.com\/?p=13705","name":"DIF Municipal de San Luis Capital fortalece la nutrici\u00f3n de las familias potosinas - sanluisinforma.com","isPartOf":{"@id":"https:\/\/sanluisinforma.com\/#website"},"primaryImageOfPage":{"@id":"https:\/\/sanluisinforma.com\/?p=13705#primaryimage"},"image":{"@id":"https:\/\/sanluisinforma.com\/?p=13705#primaryimage"},"thumbnailUrl":"https:\/\/sanluisinforma.com\/wp-content\/uploads\/2025\/07\/9bbd5dc1-f4ef-40e3-8e7b-04c7795c4a28.jpg","datePublished":"2025-07-24T06:50:00+00:00","dateModified":"2025-07-24T05:11:24+00:00","breadcrumb":{"@id":"https:\/\/sanluisinforma.com\/?p=13705#breadcrumb"},"inLanguage":"es","potentialAction":[{"@type":"ReadAction","target":["https:\/\/sanluisinforma.com\/?p=13705"]}]},{"@type":"ImageObject","inLanguage":"es","@id":"https:\/\/sanluisinforma.com\/?p=13705#primaryimage","url":"https:\/\/sanluisinforma.com\/wp-content\/uploads\/2025\/07\/9bbd5dc1-f4ef-40e3-8e7b-04c7795c4a28.jpg","contentUrl":"https:\/\/sanluisinforma.com\/wp-content\/uploads\/2025\/07\/9bbd5dc1-f4ef-40e3-8e7b-04c7795c4a28.jpg","width":400,"height":266},{"@type":"BreadcrumbList","@id":"https:\/\/sanluisinforma.com\/?p=13705#breadcrumb","itemListElement":[{"@type":"ListItem","position":1,"name":"Inicio","item":"https:\/\/sanluisinforma.com\/"},{"@type":"ListItem","position":2,"name":"DIF Municipal de San Luis Capital fortalece la nutrici\u00f3n de las familias potosinas"}]},{"@type":"WebSite","@id":"https:\/\/sanluisinforma.com\/#website","url":"https:\/\/sanluisinforma.com\/","name":"sanluisinforma.com","description":"Periodico San Luis Informa","publisher":{"@id":"https:\/\/sanluisinforma.com\/#organization"},"potentialAction":[{"@type":"SearchAction","target":{"@type":"EntryPoint","urlTemplate":"https:\/\/sanluisinforma.com\/?s={search_term_string}"},"query-input":{"@type":"PropertyValueSpecification","valueRequired":true,"valueName":"search_term_string"}}],"inLanguage":"es"},{"@type":"Organization","@id":"https:\/\/sanluisinforma.com\/#organization","name":"sanluisinforma.com","url":"https:\/\/sanluisinforma.com\/","logo":{"@type":"ImageObject","inLanguage":"es","@id":"https:\/\/sanluisinforma.com\/#\/schema\/logo\/image\/","url":"https:\/\/sanluisinforma.com\/wp-content\/uploads\/2026\/03\/sanluisinforma-V.jpg","contentUrl":"https:\/\/sanluisinforma.com\/wp-content\/uploads\/2026\/03\/sanluisinforma-V.jpg","width":500,"height":156,"caption":"sanluisinforma.com"},"image":{"@id":"https:\/\/sanluisinforma.com\/#\/schema\/logo\/image\/"}},{"@type":"Person","@id":"https:\/\/sanluisinforma.com\/#\/schema\/person\/c30648f71476be533b6f59d092905c8b","name":"sanluisinforma.com","image":{"@type":"ImageObject","inLanguage":"es","@id":"https:\/\/sanluisinforma.com\/#\/schema\/person\/image\/","url":"https:\/\/secure.gravatar.com\/avatar\/86e3114e34a1eecefb963e0a02f0093f93b092dddb2fe1517596343751081a87?s=96&d=mm&r=g","contentUrl":"https:\/\/secure.gravatar.com\/avatar\/86e3114e34a1eecefb963e0a02f0093f93b092dddb2fe1517596343751081a87?s=96&d=mm&r=g","caption":"sanluisinforma.com"},"url":"https:\/\/sanluisinforma.com\/?author=2"}]}},"_links":{"self":[{"href":"https:\/\/sanluisinforma.com\/index.php?rest_route=\/wp\/v2\/posts\/13705","targetHints":{"allow":["GET"]}}],"collection":[{"href":"https:\/\/sanluisinforma.com\/index.php?rest_route=\/wp\/v2\/posts"}],"about":[{"href":"https:\/\/sanluisinforma.com\/index.php?rest_route=\/wp\/v2\/types\/post"}],"author":[{"embeddable":true,"href":"https:\/\/sanluisinforma.com\/index.php?rest_route=\/wp\/v2\/users\/2"}],"replies":[{"embeddable":true,"href":"https:\/\/sanluisinforma.com\/index.php?rest_route=%2Fwp%2Fv2%2Fcomments&post=13705"}],"version-history":[{"count":1,"href":"https:\/\/sanluisinforma.com\/index.php?rest_route=\/wp\/v2\/posts\/13705\/revisions"}],"predecessor-version":[{"id":13706,"href":"https:\/\/sanluisinforma.com\/index.php?rest_route=\/wp\/v2\/posts\/13705\/revisions\/13706"}],"wp:featuredmedia":[{"embeddable":true,"href":"https:\/\/sanluisinforma.com\/index.php?rest_route=\/wp\/v2\/media\/13702"}],"wp:attachment":[{"href":"https:\/\/sanluisinforma.com\/index.php?rest_route=%2Fwp%2Fv2%2Fmedia&parent=13705"}],"wp:term":[{"taxonomy":"category","embeddable":true,"href":"https:\/\/sanluisinforma.com\/index.php?rest_route=%2Fwp%2Fv2%2Fcategories&post=13705"},{"taxonomy":"post_tag","embeddable":true,"href":"https:\/\/sanluisinforma.com\/index.php?rest_route=%2Fwp%2Fv2%2Ftags&post=13705"}],"curies":[{"name":"wp","href":"https:\/\/api.w.org\/{rel}","templated":true}]}}