{"id":13707,"date":"2025-07-24T00:45:00","date_gmt":"2025-07-24T06:45:00","guid":{"rendered":"https:\/\/sanluisinforma.com\/?p=13707"},"modified":"2025-07-23T23:11:40","modified_gmt":"2025-07-24T05:11:40","slug":"enrique-galindo-devuelve-el-esplendor-a-la-avenida-carranza-con-moderno-alumbrado-tactico","status":"publish","type":"post","link":"https:\/\/sanluisinforma.com\/?p=13707","title":{"rendered":"Enrique Galindo devuelve el esplendor a la avenida Carranza con moderno Alumbrado T\u00e1ctico"},"content":{"rendered":"\n<ul class=\"wp-block-list\">\n<li>Con una inversi\u00f3n sin precedentes, el Gobierno de la Capital transforma la ic\u00f3nica avenida con 480 nuevos puntos de luz, como parte de un proyecto integral para revitalizar el Centro Hist\u00f3rico de San Luis Potos\u00ed.<\/li>\n<\/ul>\n\n\n\n<p><\/p>\n\n\n\n<p>El Presidente Municipal Enrique Galindo Ceballos encabez\u00f3 el arranque del programa Alumbrado T\u00e1ctico en la avenida Venustiano Carranza, donde anunci\u00f3 la instalaci\u00f3n de 480 luminarias inteligentes entre Uresti y Juan de O\u00f1ate, en banquetas, vialidades y camellones, como parte de una estrategia integral que busca recuperar la seguridad, la movilidad peatonal y la vida nocturna de una de las zonas m\u00e1s emblem\u00e1ticas de la ciudad. \u201cHoy regresamos a Carranza su esplendor; lo hacemos con una visi\u00f3n clara, con un proyecto s\u00f3lido, pensado para que la gente camine, conviva y vuelva a sentirse orgullosa del Centro Hist\u00f3rico\u201d, afirm\u00f3 el Alcalde.<\/p>\n\n\n\n<p>Los trabajos comenzaron de inmediato con pintura de postes, instalaci\u00f3n de luminarias t\u00e1cticas y boqueado de luz, lo que dar\u00e1 nueva vida al corredor cultural y comercial m\u00e1s importante de la Capital. Esta intervenci\u00f3n se suma al compromiso del Gobierno Municipal de restaurar todos los jardines p\u00fablicos del Centro Hist\u00f3rico, iniciando este domingo en Plaza de los Fundadores con un \u201cDomingo de Pilas\u201d enfocado en reforestaci\u00f3n, adopci\u00f3n de mascotas y embellecimiento urbano.<\/p>\n\n\n\n<p>\u201cDefendamos Carranza, defendamos nuestro patrimonio. Hoy le devolvemos a la gente un espacio que estaba olvidado y lo hacemos de la mano de ciudadanos, comerciantes, c\u00e1maras y vecinos\u201d, expres\u00f3 el Alcalde Enrique Galindo: \u201cNecesitamos que la gente nos diga qui\u00e9n cuida estos espacios, para sumarlos y preservar lo que estamos plantando y restaurando\u201d, agreg\u00f3.<\/p>\n\n\n\n<p>El empresario Gustavo Puente Estrada destac\u00f3 que \u201cCarranza es un hito en el pa\u00eds; es una avenida que nos identifica y que da cuenta de la riqueza arquitect\u00f3nica de San Luis Potos\u00ed, la tercera ciudad con m\u00e1s monumentos registrados en M\u00e9xico\u201d. Por su parte, el Director de Servicios Municipales, Christian Azuara Azuara, se\u00f1al\u00f3 que \u201chace a\u00f1os que no se interven\u00eda Carranza con esta profundidad. Hoy arrancamos un programa que transforma la ciudad con luz, seguridad, convivencia y confianza; una ciudad bien iluminada es una ciudad segura, un San Luis Amable\u201d.<\/p>\n","protected":false},"excerpt":{"rendered":"<p>El Presidente Municipal Enrique Galindo Ceballos encabez\u00f3 el arranque del programa Alumbrado T\u00e1ctico en la avenida Venustiano Carranza, donde anunci\u00f3<\/p>\n","protected":false},"author":2,"featured_media":13708,"comment_status":"closed","ping_status":"closed","sticky":false,"template":"","format":"standard","meta":{"footnotes":""},"categories":[25,30],"tags":[],"class_list":["post-13707","post","type-post","status-publish","format-standard","has-post-thumbnail","hentry","category-local","category-portada"],"yoast_head":"<!-- This site is optimized with the Yoast SEO plugin v24.1 - https:\/\/yoast.com\/wordpress\/plugins\/seo\/ -->\n<title>Enrique Galindo devuelve el esplendor a la avenida Carranza con moderno Alumbrado T\u00e1ctico - sanluisinforma.com<\/title>\n<meta name=\"robots\" content=\"index, follow, max-snippet:-1, max-image-preview:large, max-video-preview:-1\" \/>\n<link rel=\"canonical\" href=\"https:\/\/sanluisinforma.com\/?p=13707\" \/>\n<meta property=\"og:locale\" content=\"es_MX\" \/>\n<meta property=\"og:type\" content=\"article\" \/>\n<meta property=\"og:title\" content=\"Enrique Galindo devuelve el esplendor a la avenida Carranza con moderno Alumbrado T\u00e1ctico - sanluisinforma.com\" \/>\n<meta property=\"og:description\" content=\"El Presidente Municipal Enrique Galindo Ceballos encabez\u00f3 el arranque del programa Alumbrado T\u00e1ctico en la avenida Venustiano Carranza, donde anunci\u00f3\" \/>\n<meta property=\"og:url\" content=\"https:\/\/sanluisinforma.com\/?p=13707\" \/>\n<meta property=\"og:site_name\" content=\"sanluisinforma.com\" \/>\n<meta property=\"article:published_time\" content=\"2025-07-24T06:45:00+00:00\" \/>\n<meta property=\"article:modified_time\" content=\"2025-07-24T05:11:40+00:00\" \/>\n<meta property=\"og:image\" content=\"https:\/\/sanluisinforma.com\/wp-content\/uploads\/2025\/07\/unnamed-1-8.jpg\" \/>\n\t<meta property=\"og:image:width\" content=\"400\" \/>\n\t<meta property=\"og:image:height\" content=\"266\" \/>\n\t<meta property=\"og:image:type\" content=\"image\/jpeg\" \/>\n<meta name=\"author\" content=\"sanluisinforma.com\" \/>\n<meta name=\"twitter:card\" content=\"summary_large_image\" \/>\n<meta name=\"twitter:label1\" content=\"Escrito por\" \/>\n\t<meta name=\"twitter:data1\" content=\"sanluisinforma.com\" \/>\n\t<meta name=\"twitter:label2\" content=\"Tiempo de lectura\" \/>\n\t<meta name=\"twitter:data2\" content=\"2 minutos\" \/>\n<script type=\"application\/ld+json\" class=\"yoast-schema-graph\">{\"@context\":\"https:\/\/schema.org\",\"@graph\":[{\"@type\":\"Article\",\"@id\":\"https:\/\/sanluisinforma.com\/?p=13707#article\",\"isPartOf\":{\"@id\":\"https:\/\/sanluisinforma.com\/?p=13707\"},\"author\":{\"name\":\"sanluisinforma.com\",\"@id\":\"https:\/\/sanluisinforma.com\/#\/schema\/person\/c30648f71476be533b6f59d092905c8b\"},\"headline\":\"Enrique Galindo devuelve el esplendor a la avenida Carranza con moderno Alumbrado T\u00e1ctico\",\"datePublished\":\"2025-07-24T06:45:00+00:00\",\"dateModified\":\"2025-07-24T05:11:40+00:00\",\"mainEntityOfPage\":{\"@id\":\"https:\/\/sanluisinforma.com\/?p=13707\"},\"wordCount\":390,\"publisher\":{\"@id\":\"https:\/\/sanluisinforma.com\/#organization\"},\"image\":{\"@id\":\"https:\/\/sanluisinforma.com\/?p=13707#primaryimage\"},\"thumbnailUrl\":\"https:\/\/sanluisinforma.com\/wp-content\/uploads\/2025\/07\/unnamed-1-8.jpg\",\"articleSection\":[\"Local\",\"Portada\"],\"inLanguage\":\"es\"},{\"@type\":\"WebPage\",\"@id\":\"https:\/\/sanluisinforma.com\/?p=13707\",\"url\":\"https:\/\/sanluisinforma.com\/?p=13707\",\"name\":\"Enrique Galindo devuelve el esplendor a la avenida Carranza con moderno Alumbrado T\u00e1ctico - sanluisinforma.com\",\"isPartOf\":{\"@id\":\"https:\/\/sanluisinforma.com\/#website\"},\"primaryImageOfPage\":{\"@id\":\"https:\/\/sanluisinforma.com\/?p=13707#primaryimage\"},\"image\":{\"@id\":\"https:\/\/sanluisinforma.com\/?p=13707#primaryimage\"},\"thumbnailUrl\":\"https:\/\/sanluisinforma.com\/wp-content\/uploads\/2025\/07\/unnamed-1-8.jpg\",\"datePublished\":\"2025-07-24T06:45:00+00:00\",\"dateModified\":\"2025-07-24T05:11:40+00:00\",\"breadcrumb\":{\"@id\":\"https:\/\/sanluisinforma.com\/?p=13707#breadcrumb\"},\"inLanguage\":\"es\",\"potentialAction\":[{\"@type\":\"ReadAction\",\"target\":[\"https:\/\/sanluisinforma.com\/?p=13707\"]}]},{\"@type\":\"ImageObject\",\"inLanguage\":\"es\",\"@id\":\"https:\/\/sanluisinforma.com\/?p=13707#primaryimage\",\"url\":\"https:\/\/sanluisinforma.com\/wp-content\/uploads\/2025\/07\/unnamed-1-8.jpg\",\"contentUrl\":\"https:\/\/sanluisinforma.com\/wp-content\/uploads\/2025\/07\/unnamed-1-8.jpg\",\"width\":400,\"height\":266},{\"@type\":\"BreadcrumbList\",\"@id\":\"https:\/\/sanluisinforma.com\/?p=13707#breadcrumb\",\"itemListElement\":[{\"@type\":\"ListItem\",\"position\":1,\"name\":\"Inicio\",\"item\":\"https:\/\/sanluisinforma.com\/\"},{\"@type\":\"ListItem\",\"position\":2,\"name\":\"Enrique Galindo devuelve el esplendor a la avenida Carranza con moderno Alumbrado T\u00e1ctico\"}]},{\"@type\":\"WebSite\",\"@id\":\"https:\/\/sanluisinforma.com\/#website\",\"url\":\"https:\/\/sanluisinforma.com\/\",\"name\":\"sanluisinforma.com\",\"description\":\"Periodico San Luis Informa\",\"publisher\":{\"@id\":\"https:\/\/sanluisinforma.com\/#organization\"},\"potentialAction\":[{\"@type\":\"SearchAction\",\"target\":{\"@type\":\"EntryPoint\",\"urlTemplate\":\"https:\/\/sanluisinforma.com\/?s={search_term_string}\"},\"query-input\":{\"@type\":\"PropertyValueSpecification\",\"valueRequired\":true,\"valueName\":\"search_term_string\"}}],\"inLanguage\":\"es\"},{\"@type\":\"Organization\",\"@id\":\"https:\/\/sanluisinforma.com\/#organization\",\"name\":\"sanluisinforma.com\",\"url\":\"https:\/\/sanluisinforma.com\/\",\"logo\":{\"@type\":\"ImageObject\",\"inLanguage\":\"es\",\"@id\":\"https:\/\/sanluisinforma.com\/#\/schema\/logo\/image\/\",\"url\":\"https:\/\/sanluisinforma.com\/wp-content\/uploads\/2026\/03\/sanluisinforma-V.jpg\",\"contentUrl\":\"https:\/\/sanluisinforma.com\/wp-content\/uploads\/2026\/03\/sanluisinforma-V.jpg\",\"width\":500,\"height\":156,\"caption\":\"sanluisinforma.com\"},\"image\":{\"@id\":\"https:\/\/sanluisinforma.com\/#\/schema\/logo\/image\/\"}},{\"@type\":\"Person\",\"@id\":\"https:\/\/sanluisinforma.com\/#\/schema\/person\/c30648f71476be533b6f59d092905c8b\",\"name\":\"sanluisinforma.com\",\"image\":{\"@type\":\"ImageObject\",\"inLanguage\":\"es\",\"@id\":\"https:\/\/sanluisinforma.com\/#\/schema\/person\/image\/\",\"url\":\"https:\/\/secure.gravatar.com\/avatar\/86e3114e34a1eecefb963e0a02f0093f93b092dddb2fe1517596343751081a87?s=96&d=mm&r=g\",\"contentUrl\":\"https:\/\/secure.gravatar.com\/avatar\/86e3114e34a1eecefb963e0a02f0093f93b092dddb2fe1517596343751081a87?s=96&d=mm&r=g\",\"caption\":\"sanluisinforma.com\"},\"url\":\"https:\/\/sanluisinforma.com\/?author=2\"}]}<\/script>\n<!-- \/ Yoast SEO plugin. -->","yoast_head_json":{"title":"Enrique Galindo devuelve el esplendor a la avenida Carranza con moderno Alumbrado T\u00e1ctico - sanluisinforma.com","robots":{"index":"index","follow":"follow","max-snippet":"max-snippet:-1","max-image-preview":"max-image-preview:large","max-video-preview":"max-video-preview:-1"},"canonical":"https:\/\/sanluisinforma.com\/?p=13707","og_locale":"es_MX","og_type":"article","og_title":"Enrique Galindo devuelve el esplendor a la avenida Carranza con moderno Alumbrado T\u00e1ctico - sanluisinforma.com","og_description":"El Presidente Municipal Enrique Galindo Ceballos encabez\u00f3 el arranque del programa Alumbrado T\u00e1ctico en la avenida Venustiano Carranza, donde anunci\u00f3","og_url":"https:\/\/sanluisinforma.com\/?p=13707","og_site_name":"sanluisinforma.com","article_published_time":"2025-07-24T06:45:00+00:00","article_modified_time":"2025-07-24T05:11:40+00:00","og_image":[{"width":400,"height":266,"url":"https:\/\/sanluisinforma.com\/wp-content\/uploads\/2025\/07\/unnamed-1-8.jpg","type":"image\/jpeg"}],"author":"sanluisinforma.com","twitter_card":"summary_large_image","twitter_misc":{"Escrito por":"sanluisinforma.com","Tiempo de lectura":"2 minutos"},"schema":{"@context":"https:\/\/schema.org","@graph":[{"@type":"Article","@id":"https:\/\/sanluisinforma.com\/?p=13707#article","isPartOf":{"@id":"https:\/\/sanluisinforma.com\/?p=13707"},"author":{"name":"sanluisinforma.com","@id":"https:\/\/sanluisinforma.com\/#\/schema\/person\/c30648f71476be533b6f59d092905c8b"},"headline":"Enrique Galindo devuelve el esplendor a la avenida Carranza con moderno Alumbrado T\u00e1ctico","datePublished":"2025-07-24T06:45:00+00:00","dateModified":"2025-07-24T05:11:40+00:00","mainEntityOfPage":{"@id":"https:\/\/sanluisinforma.com\/?p=13707"},"wordCount":390,"publisher":{"@id":"https:\/\/sanluisinforma.com\/#organization"},"image":{"@id":"https:\/\/sanluisinforma.com\/?p=13707#primaryimage"},"thumbnailUrl":"https:\/\/sanluisinforma.com\/wp-content\/uploads\/2025\/07\/unnamed-1-8.jpg","articleSection":["Local","Portada"],"inLanguage":"es"},{"@type":"WebPage","@id":"https:\/\/sanluisinforma.com\/?p=13707","url":"https:\/\/sanluisinforma.com\/?p=13707","name":"Enrique Galindo devuelve el esplendor a la avenida Carranza con moderno Alumbrado T\u00e1ctico - sanluisinforma.com","isPartOf":{"@id":"https:\/\/sanluisinforma.com\/#website"},"primaryImageOfPage":{"@id":"https:\/\/sanluisinforma.com\/?p=13707#primaryimage"},"image":{"@id":"https:\/\/sanluisinforma.com\/?p=13707#primaryimage"},"thumbnailUrl":"https:\/\/sanluisinforma.com\/wp-content\/uploads\/2025\/07\/unnamed-1-8.jpg","datePublished":"2025-07-24T06:45:00+00:00","dateModified":"2025-07-24T05:11:40+00:00","breadcrumb":{"@id":"https:\/\/sanluisinforma.com\/?p=13707#breadcrumb"},"inLanguage":"es","potentialAction":[{"@type":"ReadAction","target":["https:\/\/sanluisinforma.com\/?p=13707"]}]},{"@type":"ImageObject","inLanguage":"es","@id":"https:\/\/sanluisinforma.com\/?p=13707#primaryimage","url":"https:\/\/sanluisinforma.com\/wp-content\/uploads\/2025\/07\/unnamed-1-8.jpg","contentUrl":"https:\/\/sanluisinforma.com\/wp-content\/uploads\/2025\/07\/unnamed-1-8.jpg","width":400,"height":266},{"@type":"BreadcrumbList","@id":"https:\/\/sanluisinforma.com\/?p=13707#breadcrumb","itemListElement":[{"@type":"ListItem","position":1,"name":"Inicio","item":"https:\/\/sanluisinforma.com\/"},{"@type":"ListItem","position":2,"name":"Enrique Galindo devuelve el esplendor a la avenida Carranza con moderno Alumbrado T\u00e1ctico"}]},{"@type":"WebSite","@id":"https:\/\/sanluisinforma.com\/#website","url":"https:\/\/sanluisinforma.com\/","name":"sanluisinforma.com","description":"Periodico San Luis Informa","publisher":{"@id":"https:\/\/sanluisinforma.com\/#organization"},"potentialAction":[{"@type":"SearchAction","target":{"@type":"EntryPoint","urlTemplate":"https:\/\/sanluisinforma.com\/?s={search_term_string}"},"query-input":{"@type":"PropertyValueSpecification","valueRequired":true,"valueName":"search_term_string"}}],"inLanguage":"es"},{"@type":"Organization","@id":"https:\/\/sanluisinforma.com\/#organization","name":"sanluisinforma.com","url":"https:\/\/sanluisinforma.com\/","logo":{"@type":"ImageObject","inLanguage":"es","@id":"https:\/\/sanluisinforma.com\/#\/schema\/logo\/image\/","url":"https:\/\/sanluisinforma.com\/wp-content\/uploads\/2026\/03\/sanluisinforma-V.jpg","contentUrl":"https:\/\/sanluisinforma.com\/wp-content\/uploads\/2026\/03\/sanluisinforma-V.jpg","width":500,"height":156,"caption":"sanluisinforma.com"},"image":{"@id":"https:\/\/sanluisinforma.com\/#\/schema\/logo\/image\/"}},{"@type":"Person","@id":"https:\/\/sanluisinforma.com\/#\/schema\/person\/c30648f71476be533b6f59d092905c8b","name":"sanluisinforma.com","image":{"@type":"ImageObject","inLanguage":"es","@id":"https:\/\/sanluisinforma.com\/#\/schema\/person\/image\/","url":"https:\/\/secure.gravatar.com\/avatar\/86e3114e34a1eecefb963e0a02f0093f93b092dddb2fe1517596343751081a87?s=96&d=mm&r=g","contentUrl":"https:\/\/secure.gravatar.com\/avatar\/86e3114e34a1eecefb963e0a02f0093f93b092dddb2fe1517596343751081a87?s=96&d=mm&r=g","caption":"sanluisinforma.com"},"url":"https:\/\/sanluisinforma.com\/?author=2"}]}},"_links":{"self":[{"href":"https:\/\/sanluisinforma.com\/index.php?rest_route=\/wp\/v2\/posts\/13707","targetHints":{"allow":["GET"]}}],"collection":[{"href":"https:\/\/sanluisinforma.com\/index.php?rest_route=\/wp\/v2\/posts"}],"about":[{"href":"https:\/\/sanluisinforma.com\/index.php?rest_route=\/wp\/v2\/types\/post"}],"author":[{"embeddable":true,"href":"https:\/\/sanluisinforma.com\/index.php?rest_route=\/wp\/v2\/users\/2"}],"replies":[{"embeddable":true,"href":"https:\/\/sanluisinforma.com\/index.php?rest_route=%2Fwp%2Fv2%2Fcomments&post=13707"}],"version-history":[{"count":1,"href":"https:\/\/sanluisinforma.com\/index.php?rest_route=\/wp\/v2\/posts\/13707\/revisions"}],"predecessor-version":[{"id":13709,"href":"https:\/\/sanluisinforma.com\/index.php?rest_route=\/wp\/v2\/posts\/13707\/revisions\/13709"}],"wp:featuredmedia":[{"embeddable":true,"href":"https:\/\/sanluisinforma.com\/index.php?rest_route=\/wp\/v2\/media\/13708"}],"wp:attachment":[{"href":"https:\/\/sanluisinforma.com\/index.php?rest_route=%2Fwp%2Fv2%2Fmedia&parent=13707"}],"wp:term":[{"taxonomy":"category","embeddable":true,"href":"https:\/\/sanluisinforma.com\/index.php?rest_route=%2Fwp%2Fv2%2Fcategories&post=13707"},{"taxonomy":"post_tag","embeddable":true,"href":"https:\/\/sanluisinforma.com\/index.php?rest_route=%2Fwp%2Fv2%2Ftags&post=13707"}],"curies":[{"name":"wp","href":"https:\/\/api.w.org\/{rel}","templated":true}]}}