{"id":13726,"date":"2025-07-25T00:50:00","date_gmt":"2025-07-25T06:50:00","guid":{"rendered":"https:\/\/sanluisinforma.com\/?p=13726"},"modified":"2025-07-24T22:06:39","modified_gmt":"2025-07-25T04:06:39","slug":"justicia-social-en-la-division-del-norte-alcalde-galindo-arranca-pavimentaciones","status":"publish","type":"post","link":"https:\/\/sanluisinforma.com\/?p=13726","title":{"rendered":"Justicia social en la Divisi\u00f3n del Norte: Alcalde Galindo arranca pavimentaciones"},"content":{"rendered":"\n<ul class=\"wp-block-list\">\n<li>La regeneraci\u00f3n integral de la calle San Vicente M\u00e1rtir beneficiar\u00e1 a vecinas y vecinos de la zona norte de la Capital, que por m\u00e1s de tres d\u00e9cadas vivieron entre tierra y lodo; la obra incluye pavimentaci\u00f3n, infraestructura hidr\u00e1ulica y otros servicios.<\/li>\n<\/ul>\n\n\n\n<p><\/p>\n\n\n\n<p>El alcalde de San Luis Potos\u00ed, Enrique Galindo Ceballos, dio inicio a las obras de pavimentaci\u00f3n de la calle San Vicente M\u00e1rtir, ubicada en la colonia Divisi\u00f3n del Norte, como parte de la edici\u00f3n 293 del programa &#8220;Capital al 100&#8221; que busca mejorar la infraestructura urbana en el municipio. El Presidente Municipal destac\u00f3 la importancia de transformar calles de tierra en vialidades dignas, con el objetivo de mejorar la calidad de vida de los habitantes. La obra contempla equipamiento integral de la calle, incluyendo red h\u00eddrica, de drenaje, banquetas, guarniciones y rampas para personas con discapacidad, adem\u00e1s de la pavimentaci\u00f3n con concreto hidr\u00e1ulico.<\/p>\n\n\n\n<p>El Alcalde Enrique Galindo Ceballos reiter\u00f3 su compromiso de continuar trabajando en la mejora de la infraestructura urbana, atendiendo las necesidades de las colonias que han sido hist\u00f3ricamente olvidadas, como esa, y a\u00f1adi\u00f3: \u201cyo lamento, por un lado, que todas las vecinas y los vecinos hayan esperado m\u00e1s de 35 a\u00f1os, para venir a hacerles justicia social. Por otro lado, me honra ser el Alcalde que pavimenta esta calle sac\u00e1ndola del rezago, y a la colonia tambi\u00e9n\u201d.<\/p>\n\n\n\n<p>Otro valor agregado, mencion\u00f3 el Alcalde Galindo, es la contrataci\u00f3n de empresas locales, \u201clos materiales y la mano de obra se queda en San Luis Potos\u00ed, eso incentiva el empleo. As\u00ed es como trabaja este Gobierno Municipal. M\u00e1s del 80 por ciento de las obras que construimos las hacen potosinos\u201d, remarc\u00f3.<\/p>\n\n\n\n<p>Vecinas y vecinos celebraron que despu\u00e9s de tres d\u00e9cadas su petici\u00f3n haya sido atendida por el Ayuntamiento, poniendo fin a las dificultades que una vialidad de tierra, con encharcamientos y lodo, representa para la gente, as\u00ed lo expres\u00f3 don Marco: \u201cAgradecemos a Enrique Galindo que nos haya escuchado, y como \u00e9l lo dijo: no voy a irme yo sin que esta calle est\u00e9 pavimentada y aqu\u00ed lo tenemos cumpliendo\u201d.<\/p>\n","protected":false},"excerpt":{"rendered":"<p>El alcalde de San Luis Potos\u00ed, Enrique Galindo Ceballos, dio inicio a las obras de pavimentaci\u00f3n de la calle San<\/p>\n","protected":false},"author":2,"featured_media":13727,"comment_status":"closed","ping_status":"closed","sticky":false,"template":"","format":"standard","meta":{"footnotes":""},"categories":[25,30],"tags":[],"class_list":["post-13726","post","type-post","status-publish","format-standard","has-post-thumbnail","hentry","category-local","category-portada"],"yoast_head":"<!-- This site is optimized with the Yoast SEO plugin v24.1 - https:\/\/yoast.com\/wordpress\/plugins\/seo\/ -->\n<title>Justicia social en la Divisi\u00f3n del Norte: Alcalde Galindo arranca pavimentaciones - sanluisinforma.com<\/title>\n<meta name=\"robots\" content=\"index, follow, max-snippet:-1, max-image-preview:large, max-video-preview:-1\" \/>\n<link rel=\"canonical\" href=\"https:\/\/sanluisinforma.com\/?p=13726\" \/>\n<meta property=\"og:locale\" content=\"es_MX\" \/>\n<meta property=\"og:type\" content=\"article\" \/>\n<meta property=\"og:title\" content=\"Justicia social en la Divisi\u00f3n del Norte: Alcalde Galindo arranca pavimentaciones - sanluisinforma.com\" \/>\n<meta property=\"og:description\" content=\"El alcalde de San Luis Potos\u00ed, Enrique Galindo Ceballos, dio inicio a las obras de pavimentaci\u00f3n de la calle San\" \/>\n<meta property=\"og:url\" content=\"https:\/\/sanluisinforma.com\/?p=13726\" \/>\n<meta property=\"og:site_name\" content=\"sanluisinforma.com\" \/>\n<meta property=\"article:published_time\" content=\"2025-07-25T06:50:00+00:00\" \/>\n<meta property=\"article:modified_time\" content=\"2025-07-25T04:06:39+00:00\" \/>\n<meta property=\"og:image\" content=\"https:\/\/sanluisinforma.com\/wp-content\/uploads\/2025\/07\/unnamed-3-3.jpg\" \/>\n\t<meta property=\"og:image:width\" content=\"400\" \/>\n\t<meta property=\"og:image:height\" content=\"266\" \/>\n\t<meta property=\"og:image:type\" content=\"image\/jpeg\" \/>\n<meta name=\"author\" content=\"sanluisinforma.com\" \/>\n<meta name=\"twitter:card\" content=\"summary_large_image\" \/>\n<meta name=\"twitter:label1\" content=\"Escrito por\" \/>\n\t<meta name=\"twitter:data1\" content=\"sanluisinforma.com\" \/>\n\t<meta name=\"twitter:label2\" content=\"Tiempo de lectura\" \/>\n\t<meta name=\"twitter:data2\" content=\"2 minutos\" \/>\n<script type=\"application\/ld+json\" class=\"yoast-schema-graph\">{\"@context\":\"https:\/\/schema.org\",\"@graph\":[{\"@type\":\"Article\",\"@id\":\"https:\/\/sanluisinforma.com\/?p=13726#article\",\"isPartOf\":{\"@id\":\"https:\/\/sanluisinforma.com\/?p=13726\"},\"author\":{\"name\":\"sanluisinforma.com\",\"@id\":\"https:\/\/sanluisinforma.com\/#\/schema\/person\/c30648f71476be533b6f59d092905c8b\"},\"headline\":\"Justicia social en la Divisi\u00f3n del Norte: Alcalde Galindo arranca pavimentaciones\",\"datePublished\":\"2025-07-25T06:50:00+00:00\",\"dateModified\":\"2025-07-25T04:06:39+00:00\",\"mainEntityOfPage\":{\"@id\":\"https:\/\/sanluisinforma.com\/?p=13726\"},\"wordCount\":374,\"publisher\":{\"@id\":\"https:\/\/sanluisinforma.com\/#organization\"},\"image\":{\"@id\":\"https:\/\/sanluisinforma.com\/?p=13726#primaryimage\"},\"thumbnailUrl\":\"https:\/\/sanluisinforma.com\/wp-content\/uploads\/2025\/07\/unnamed-3-3.jpg\",\"articleSection\":[\"Local\",\"Portada\"],\"inLanguage\":\"es\"},{\"@type\":\"WebPage\",\"@id\":\"https:\/\/sanluisinforma.com\/?p=13726\",\"url\":\"https:\/\/sanluisinforma.com\/?p=13726\",\"name\":\"Justicia social en la Divisi\u00f3n del Norte: Alcalde Galindo arranca pavimentaciones - sanluisinforma.com\",\"isPartOf\":{\"@id\":\"https:\/\/sanluisinforma.com\/#website\"},\"primaryImageOfPage\":{\"@id\":\"https:\/\/sanluisinforma.com\/?p=13726#primaryimage\"},\"image\":{\"@id\":\"https:\/\/sanluisinforma.com\/?p=13726#primaryimage\"},\"thumbnailUrl\":\"https:\/\/sanluisinforma.com\/wp-content\/uploads\/2025\/07\/unnamed-3-3.jpg\",\"datePublished\":\"2025-07-25T06:50:00+00:00\",\"dateModified\":\"2025-07-25T04:06:39+00:00\",\"breadcrumb\":{\"@id\":\"https:\/\/sanluisinforma.com\/?p=13726#breadcrumb\"},\"inLanguage\":\"es\",\"potentialAction\":[{\"@type\":\"ReadAction\",\"target\":[\"https:\/\/sanluisinforma.com\/?p=13726\"]}]},{\"@type\":\"ImageObject\",\"inLanguage\":\"es\",\"@id\":\"https:\/\/sanluisinforma.com\/?p=13726#primaryimage\",\"url\":\"https:\/\/sanluisinforma.com\/wp-content\/uploads\/2025\/07\/unnamed-3-3.jpg\",\"contentUrl\":\"https:\/\/sanluisinforma.com\/wp-content\/uploads\/2025\/07\/unnamed-3-3.jpg\",\"width\":400,\"height\":266},{\"@type\":\"BreadcrumbList\",\"@id\":\"https:\/\/sanluisinforma.com\/?p=13726#breadcrumb\",\"itemListElement\":[{\"@type\":\"ListItem\",\"position\":1,\"name\":\"Inicio\",\"item\":\"https:\/\/sanluisinforma.com\/\"},{\"@type\":\"ListItem\",\"position\":2,\"name\":\"Justicia social en la Divisi\u00f3n del Norte: Alcalde Galindo arranca pavimentaciones\"}]},{\"@type\":\"WebSite\",\"@id\":\"https:\/\/sanluisinforma.com\/#website\",\"url\":\"https:\/\/sanluisinforma.com\/\",\"name\":\"sanluisinforma.com\",\"description\":\"Periodico San Luis Informa\",\"publisher\":{\"@id\":\"https:\/\/sanluisinforma.com\/#organization\"},\"potentialAction\":[{\"@type\":\"SearchAction\",\"target\":{\"@type\":\"EntryPoint\",\"urlTemplate\":\"https:\/\/sanluisinforma.com\/?s={search_term_string}\"},\"query-input\":{\"@type\":\"PropertyValueSpecification\",\"valueRequired\":true,\"valueName\":\"search_term_string\"}}],\"inLanguage\":\"es\"},{\"@type\":\"Organization\",\"@id\":\"https:\/\/sanluisinforma.com\/#organization\",\"name\":\"sanluisinforma.com\",\"url\":\"https:\/\/sanluisinforma.com\/\",\"logo\":{\"@type\":\"ImageObject\",\"inLanguage\":\"es\",\"@id\":\"https:\/\/sanluisinforma.com\/#\/schema\/logo\/image\/\",\"url\":\"https:\/\/sanluisinforma.com\/wp-content\/uploads\/2026\/03\/sanluisinforma-V.jpg\",\"contentUrl\":\"https:\/\/sanluisinforma.com\/wp-content\/uploads\/2026\/03\/sanluisinforma-V.jpg\",\"width\":500,\"height\":156,\"caption\":\"sanluisinforma.com\"},\"image\":{\"@id\":\"https:\/\/sanluisinforma.com\/#\/schema\/logo\/image\/\"}},{\"@type\":\"Person\",\"@id\":\"https:\/\/sanluisinforma.com\/#\/schema\/person\/c30648f71476be533b6f59d092905c8b\",\"name\":\"sanluisinforma.com\",\"image\":{\"@type\":\"ImageObject\",\"inLanguage\":\"es\",\"@id\":\"https:\/\/sanluisinforma.com\/#\/schema\/person\/image\/\",\"url\":\"https:\/\/secure.gravatar.com\/avatar\/86e3114e34a1eecefb963e0a02f0093f93b092dddb2fe1517596343751081a87?s=96&d=mm&r=g\",\"contentUrl\":\"https:\/\/secure.gravatar.com\/avatar\/86e3114e34a1eecefb963e0a02f0093f93b092dddb2fe1517596343751081a87?s=96&d=mm&r=g\",\"caption\":\"sanluisinforma.com\"},\"url\":\"https:\/\/sanluisinforma.com\/?author=2\"}]}<\/script>\n<!-- \/ Yoast SEO plugin. -->","yoast_head_json":{"title":"Justicia social en la Divisi\u00f3n del Norte: Alcalde Galindo arranca pavimentaciones - sanluisinforma.com","robots":{"index":"index","follow":"follow","max-snippet":"max-snippet:-1","max-image-preview":"max-image-preview:large","max-video-preview":"max-video-preview:-1"},"canonical":"https:\/\/sanluisinforma.com\/?p=13726","og_locale":"es_MX","og_type":"article","og_title":"Justicia social en la Divisi\u00f3n del Norte: Alcalde Galindo arranca pavimentaciones - sanluisinforma.com","og_description":"El alcalde de San Luis Potos\u00ed, Enrique Galindo Ceballos, dio inicio a las obras de pavimentaci\u00f3n de la calle San","og_url":"https:\/\/sanluisinforma.com\/?p=13726","og_site_name":"sanluisinforma.com","article_published_time":"2025-07-25T06:50:00+00:00","article_modified_time":"2025-07-25T04:06:39+00:00","og_image":[{"width":400,"height":266,"url":"https:\/\/sanluisinforma.com\/wp-content\/uploads\/2025\/07\/unnamed-3-3.jpg","type":"image\/jpeg"}],"author":"sanluisinforma.com","twitter_card":"summary_large_image","twitter_misc":{"Escrito por":"sanluisinforma.com","Tiempo de lectura":"2 minutos"},"schema":{"@context":"https:\/\/schema.org","@graph":[{"@type":"Article","@id":"https:\/\/sanluisinforma.com\/?p=13726#article","isPartOf":{"@id":"https:\/\/sanluisinforma.com\/?p=13726"},"author":{"name":"sanluisinforma.com","@id":"https:\/\/sanluisinforma.com\/#\/schema\/person\/c30648f71476be533b6f59d092905c8b"},"headline":"Justicia social en la Divisi\u00f3n del Norte: Alcalde Galindo arranca pavimentaciones","datePublished":"2025-07-25T06:50:00+00:00","dateModified":"2025-07-25T04:06:39+00:00","mainEntityOfPage":{"@id":"https:\/\/sanluisinforma.com\/?p=13726"},"wordCount":374,"publisher":{"@id":"https:\/\/sanluisinforma.com\/#organization"},"image":{"@id":"https:\/\/sanluisinforma.com\/?p=13726#primaryimage"},"thumbnailUrl":"https:\/\/sanluisinforma.com\/wp-content\/uploads\/2025\/07\/unnamed-3-3.jpg","articleSection":["Local","Portada"],"inLanguage":"es"},{"@type":"WebPage","@id":"https:\/\/sanluisinforma.com\/?p=13726","url":"https:\/\/sanluisinforma.com\/?p=13726","name":"Justicia social en la Divisi\u00f3n del Norte: Alcalde Galindo arranca pavimentaciones - sanluisinforma.com","isPartOf":{"@id":"https:\/\/sanluisinforma.com\/#website"},"primaryImageOfPage":{"@id":"https:\/\/sanluisinforma.com\/?p=13726#primaryimage"},"image":{"@id":"https:\/\/sanluisinforma.com\/?p=13726#primaryimage"},"thumbnailUrl":"https:\/\/sanluisinforma.com\/wp-content\/uploads\/2025\/07\/unnamed-3-3.jpg","datePublished":"2025-07-25T06:50:00+00:00","dateModified":"2025-07-25T04:06:39+00:00","breadcrumb":{"@id":"https:\/\/sanluisinforma.com\/?p=13726#breadcrumb"},"inLanguage":"es","potentialAction":[{"@type":"ReadAction","target":["https:\/\/sanluisinforma.com\/?p=13726"]}]},{"@type":"ImageObject","inLanguage":"es","@id":"https:\/\/sanluisinforma.com\/?p=13726#primaryimage","url":"https:\/\/sanluisinforma.com\/wp-content\/uploads\/2025\/07\/unnamed-3-3.jpg","contentUrl":"https:\/\/sanluisinforma.com\/wp-content\/uploads\/2025\/07\/unnamed-3-3.jpg","width":400,"height":266},{"@type":"BreadcrumbList","@id":"https:\/\/sanluisinforma.com\/?p=13726#breadcrumb","itemListElement":[{"@type":"ListItem","position":1,"name":"Inicio","item":"https:\/\/sanluisinforma.com\/"},{"@type":"ListItem","position":2,"name":"Justicia social en la Divisi\u00f3n del Norte: Alcalde Galindo arranca pavimentaciones"}]},{"@type":"WebSite","@id":"https:\/\/sanluisinforma.com\/#website","url":"https:\/\/sanluisinforma.com\/","name":"sanluisinforma.com","description":"Periodico San Luis Informa","publisher":{"@id":"https:\/\/sanluisinforma.com\/#organization"},"potentialAction":[{"@type":"SearchAction","target":{"@type":"EntryPoint","urlTemplate":"https:\/\/sanluisinforma.com\/?s={search_term_string}"},"query-input":{"@type":"PropertyValueSpecification","valueRequired":true,"valueName":"search_term_string"}}],"inLanguage":"es"},{"@type":"Organization","@id":"https:\/\/sanluisinforma.com\/#organization","name":"sanluisinforma.com","url":"https:\/\/sanluisinforma.com\/","logo":{"@type":"ImageObject","inLanguage":"es","@id":"https:\/\/sanluisinforma.com\/#\/schema\/logo\/image\/","url":"https:\/\/sanluisinforma.com\/wp-content\/uploads\/2026\/03\/sanluisinforma-V.jpg","contentUrl":"https:\/\/sanluisinforma.com\/wp-content\/uploads\/2026\/03\/sanluisinforma-V.jpg","width":500,"height":156,"caption":"sanluisinforma.com"},"image":{"@id":"https:\/\/sanluisinforma.com\/#\/schema\/logo\/image\/"}},{"@type":"Person","@id":"https:\/\/sanluisinforma.com\/#\/schema\/person\/c30648f71476be533b6f59d092905c8b","name":"sanluisinforma.com","image":{"@type":"ImageObject","inLanguage":"es","@id":"https:\/\/sanluisinforma.com\/#\/schema\/person\/image\/","url":"https:\/\/secure.gravatar.com\/avatar\/86e3114e34a1eecefb963e0a02f0093f93b092dddb2fe1517596343751081a87?s=96&d=mm&r=g","contentUrl":"https:\/\/secure.gravatar.com\/avatar\/86e3114e34a1eecefb963e0a02f0093f93b092dddb2fe1517596343751081a87?s=96&d=mm&r=g","caption":"sanluisinforma.com"},"url":"https:\/\/sanluisinforma.com\/?author=2"}]}},"_links":{"self":[{"href":"https:\/\/sanluisinforma.com\/index.php?rest_route=\/wp\/v2\/posts\/13726","targetHints":{"allow":["GET"]}}],"collection":[{"href":"https:\/\/sanluisinforma.com\/index.php?rest_route=\/wp\/v2\/posts"}],"about":[{"href":"https:\/\/sanluisinforma.com\/index.php?rest_route=\/wp\/v2\/types\/post"}],"author":[{"embeddable":true,"href":"https:\/\/sanluisinforma.com\/index.php?rest_route=\/wp\/v2\/users\/2"}],"replies":[{"embeddable":true,"href":"https:\/\/sanluisinforma.com\/index.php?rest_route=%2Fwp%2Fv2%2Fcomments&post=13726"}],"version-history":[{"count":1,"href":"https:\/\/sanluisinforma.com\/index.php?rest_route=\/wp\/v2\/posts\/13726\/revisions"}],"predecessor-version":[{"id":13728,"href":"https:\/\/sanluisinforma.com\/index.php?rest_route=\/wp\/v2\/posts\/13726\/revisions\/13728"}],"wp:featuredmedia":[{"embeddable":true,"href":"https:\/\/sanluisinforma.com\/index.php?rest_route=\/wp\/v2\/media\/13727"}],"wp:attachment":[{"href":"https:\/\/sanluisinforma.com\/index.php?rest_route=%2Fwp%2Fv2%2Fmedia&parent=13726"}],"wp:term":[{"taxonomy":"category","embeddable":true,"href":"https:\/\/sanluisinforma.com\/index.php?rest_route=%2Fwp%2Fv2%2Fcategories&post=13726"},{"taxonomy":"post_tag","embeddable":true,"href":"https:\/\/sanluisinforma.com\/index.php?rest_route=%2Fwp%2Fv2%2Ftags&post=13726"}],"curies":[{"name":"wp","href":"https:\/\/api.w.org\/{rel}","templated":true}]}}