{"id":13753,"date":"2025-07-26T00:50:00","date_gmt":"2025-07-26T06:50:00","guid":{"rendered":"https:\/\/sanluisinforma.com\/?p=13753"},"modified":"2025-07-25T22:37:45","modified_gmt":"2025-07-26T04:37:45","slug":"alcalde-galindo-impulsa-justicia-social-con-el-programa-bienestar-en-familia","status":"publish","type":"post","link":"https:\/\/sanluisinforma.com\/?p=13753","title":{"rendered":"Alcalde Galindo impulsa justicia social con el programa Bienestar en Familia"},"content":{"rendered":"\n<ul class=\"wp-block-list\">\n<li>\u201cBienestar en Familia\u201d brinda paquetes alimentarios y asesor\u00eda nutricional a quienes m\u00e1s lo necesitan, para mejorar su calidad de vida desde el hogar, sin condicionamientos y con un enfoque \u00e9tico, humano y constitucional.<\/li>\n<\/ul>\n\n\n\n<p><\/p>\n\n\n\n<p>El Presidente Municipal Enrique Galindo Ceballos encabez\u00f3 la presentaci\u00f3n del programa \u201cBienestar en Familia\u201d, una pol\u00edtica p\u00fablica que garantiza el acceso a productos alimentarios esenciales a personas en situaci\u00f3n de vulnerabilidad, para contribuir al bienestar social mediante el acceso a la nutrici\u00f3n equitativa, nutritiva y de calidad.<\/p>\n\n\n\n<p>\u201cLes di una instrucci\u00f3n puntual: no les pidan nada. No est\u00e1 condicionado a nada. Somos gobierno, es una obligaci\u00f3n, est\u00e1 en la Constituci\u00f3n. Todos los programas son sus derechos, no es una concesi\u00f3n de nadie\u201d, afirm\u00f3 el Alcalde Galindo, al tiempo que resalt\u00f3 que la entrega se har\u00e1 incluso a domicilio para quienes no puedan acudir, porque \u201clo hacemos con coraz\u00f3n, no con c\u00e1lculo pol\u00edtico\u201d. Adem\u00e1s, destac\u00f3 la participaci\u00f3n de Bimbo como aliado estrat\u00e9gico, en un ejercicio de responsabilidad social que fortalece el impacto del programa. Este nuevo esfuerzo municipal, operado por la Secretar\u00eda de Bienestar, no solo contempla la entrega de pan y leche fortificada, sino que incluye tambi\u00e9n una capacitaci\u00f3n nutricional.<\/p>\n\n\n\n<p>La visi\u00f3n del Alcalde Enrique Galindo es clara: \u201cSacar del rezago a quienes m\u00e1s lo necesitan con cercan\u00eda, \u00e9tica y eficiencia\u201d.<\/p>\n\n\n\n<p>El Secretario de Bienestar Municipal, Edmundo Torrescano, recalc\u00f3 que el programa \u201cBienestar en Familia\u201d est\u00e1 alineado con el art\u00edculo 11 de la Constituci\u00f3n y que se implementa con criterios t\u00e9cnicos, \u00e9ticos y sin ninguna condicionante: \u201cMitigamos el rezago social, no lucramos con el hambre. No es por un like, ni por una foto, es por justicia social\u201d.<\/p>\n\n\n\n<p><\/p>\n","protected":false},"excerpt":{"rendered":"<p>El Presidente Municipal Enrique Galindo Ceballos encabez\u00f3 la presentaci\u00f3n del programa \u201cBienestar en Familia\u201d, una pol\u00edtica p\u00fablica que garantiza el<\/p>\n","protected":false},"author":2,"featured_media":13754,"comment_status":"closed","ping_status":"closed","sticky":false,"template":"","format":"standard","meta":{"footnotes":""},"categories":[25,30],"tags":[],"class_list":["post-13753","post","type-post","status-publish","format-standard","has-post-thumbnail","hentry","category-local","category-portada"],"yoast_head":"<!-- This site is optimized with the Yoast SEO plugin v24.1 - https:\/\/yoast.com\/wordpress\/plugins\/seo\/ -->\n<title>Alcalde Galindo impulsa justicia social con el programa Bienestar en Familia - sanluisinforma.com<\/title>\n<meta name=\"robots\" content=\"index, follow, max-snippet:-1, max-image-preview:large, max-video-preview:-1\" \/>\n<link rel=\"canonical\" href=\"https:\/\/sanluisinforma.com\/?p=13753\" \/>\n<meta property=\"og:locale\" content=\"es_MX\" \/>\n<meta property=\"og:type\" content=\"article\" \/>\n<meta property=\"og:title\" content=\"Alcalde Galindo impulsa justicia social con el programa Bienestar en Familia - sanluisinforma.com\" \/>\n<meta property=\"og:description\" content=\"El Presidente Municipal Enrique Galindo Ceballos encabez\u00f3 la presentaci\u00f3n del programa \u201cBienestar en Familia\u201d, una pol\u00edtica p\u00fablica que garantiza el\" \/>\n<meta property=\"og:url\" content=\"https:\/\/sanluisinforma.com\/?p=13753\" \/>\n<meta property=\"og:site_name\" content=\"sanluisinforma.com\" \/>\n<meta property=\"article:published_time\" content=\"2025-07-26T06:50:00+00:00\" \/>\n<meta property=\"article:modified_time\" content=\"2025-07-26T04:37:45+00:00\" \/>\n<meta property=\"og:image\" content=\"https:\/\/sanluisinforma.com\/wp-content\/uploads\/2025\/07\/ae0efde1-979a-4965-bc6b-4988c806a597.jpg\" \/>\n\t<meta property=\"og:image:width\" content=\"400\" \/>\n\t<meta property=\"og:image:height\" content=\"266\" \/>\n\t<meta property=\"og:image:type\" content=\"image\/jpeg\" \/>\n<meta name=\"author\" content=\"sanluisinforma.com\" \/>\n<meta name=\"twitter:card\" content=\"summary_large_image\" \/>\n<meta name=\"twitter:label1\" content=\"Escrito por\" \/>\n\t<meta name=\"twitter:data1\" content=\"sanluisinforma.com\" \/>\n\t<meta name=\"twitter:label2\" content=\"Tiempo de lectura\" \/>\n\t<meta name=\"twitter:data2\" content=\"2 minutos\" \/>\n<script type=\"application\/ld+json\" class=\"yoast-schema-graph\">{\"@context\":\"https:\/\/schema.org\",\"@graph\":[{\"@type\":\"Article\",\"@id\":\"https:\/\/sanluisinforma.com\/?p=13753#article\",\"isPartOf\":{\"@id\":\"https:\/\/sanluisinforma.com\/?p=13753\"},\"author\":{\"name\":\"sanluisinforma.com\",\"@id\":\"https:\/\/sanluisinforma.com\/#\/schema\/person\/c30648f71476be533b6f59d092905c8b\"},\"headline\":\"Alcalde Galindo impulsa justicia social con el programa Bienestar en Familia\",\"datePublished\":\"2025-07-26T06:50:00+00:00\",\"dateModified\":\"2025-07-26T04:37:45+00:00\",\"mainEntityOfPage\":{\"@id\":\"https:\/\/sanluisinforma.com\/?p=13753\"},\"wordCount\":307,\"publisher\":{\"@id\":\"https:\/\/sanluisinforma.com\/#organization\"},\"image\":{\"@id\":\"https:\/\/sanluisinforma.com\/?p=13753#primaryimage\"},\"thumbnailUrl\":\"https:\/\/sanluisinforma.com\/wp-content\/uploads\/2025\/07\/ae0efde1-979a-4965-bc6b-4988c806a597.jpg\",\"articleSection\":[\"Local\",\"Portada\"],\"inLanguage\":\"es\"},{\"@type\":\"WebPage\",\"@id\":\"https:\/\/sanluisinforma.com\/?p=13753\",\"url\":\"https:\/\/sanluisinforma.com\/?p=13753\",\"name\":\"Alcalde Galindo impulsa justicia social con el programa Bienestar en Familia - sanluisinforma.com\",\"isPartOf\":{\"@id\":\"https:\/\/sanluisinforma.com\/#website\"},\"primaryImageOfPage\":{\"@id\":\"https:\/\/sanluisinforma.com\/?p=13753#primaryimage\"},\"image\":{\"@id\":\"https:\/\/sanluisinforma.com\/?p=13753#primaryimage\"},\"thumbnailUrl\":\"https:\/\/sanluisinforma.com\/wp-content\/uploads\/2025\/07\/ae0efde1-979a-4965-bc6b-4988c806a597.jpg\",\"datePublished\":\"2025-07-26T06:50:00+00:00\",\"dateModified\":\"2025-07-26T04:37:45+00:00\",\"breadcrumb\":{\"@id\":\"https:\/\/sanluisinforma.com\/?p=13753#breadcrumb\"},\"inLanguage\":\"es\",\"potentialAction\":[{\"@type\":\"ReadAction\",\"target\":[\"https:\/\/sanluisinforma.com\/?p=13753\"]}]},{\"@type\":\"ImageObject\",\"inLanguage\":\"es\",\"@id\":\"https:\/\/sanluisinforma.com\/?p=13753#primaryimage\",\"url\":\"https:\/\/sanluisinforma.com\/wp-content\/uploads\/2025\/07\/ae0efde1-979a-4965-bc6b-4988c806a597.jpg\",\"contentUrl\":\"https:\/\/sanluisinforma.com\/wp-content\/uploads\/2025\/07\/ae0efde1-979a-4965-bc6b-4988c806a597.jpg\",\"width\":400,\"height\":266},{\"@type\":\"BreadcrumbList\",\"@id\":\"https:\/\/sanluisinforma.com\/?p=13753#breadcrumb\",\"itemListElement\":[{\"@type\":\"ListItem\",\"position\":1,\"name\":\"Inicio\",\"item\":\"https:\/\/sanluisinforma.com\/\"},{\"@type\":\"ListItem\",\"position\":2,\"name\":\"Alcalde Galindo impulsa justicia social con el programa Bienestar en Familia\"}]},{\"@type\":\"WebSite\",\"@id\":\"https:\/\/sanluisinforma.com\/#website\",\"url\":\"https:\/\/sanluisinforma.com\/\",\"name\":\"sanluisinforma.com\",\"description\":\"Periodico San Luis Informa\",\"publisher\":{\"@id\":\"https:\/\/sanluisinforma.com\/#organization\"},\"potentialAction\":[{\"@type\":\"SearchAction\",\"target\":{\"@type\":\"EntryPoint\",\"urlTemplate\":\"https:\/\/sanluisinforma.com\/?s={search_term_string}\"},\"query-input\":{\"@type\":\"PropertyValueSpecification\",\"valueRequired\":true,\"valueName\":\"search_term_string\"}}],\"inLanguage\":\"es\"},{\"@type\":\"Organization\",\"@id\":\"https:\/\/sanluisinforma.com\/#organization\",\"name\":\"sanluisinforma.com\",\"url\":\"https:\/\/sanluisinforma.com\/\",\"logo\":{\"@type\":\"ImageObject\",\"inLanguage\":\"es\",\"@id\":\"https:\/\/sanluisinforma.com\/#\/schema\/logo\/image\/\",\"url\":\"https:\/\/sanluisinforma.com\/wp-content\/uploads\/2026\/03\/sanluisinforma-V.jpg\",\"contentUrl\":\"https:\/\/sanluisinforma.com\/wp-content\/uploads\/2026\/03\/sanluisinforma-V.jpg\",\"width\":500,\"height\":156,\"caption\":\"sanluisinforma.com\"},\"image\":{\"@id\":\"https:\/\/sanluisinforma.com\/#\/schema\/logo\/image\/\"}},{\"@type\":\"Person\",\"@id\":\"https:\/\/sanluisinforma.com\/#\/schema\/person\/c30648f71476be533b6f59d092905c8b\",\"name\":\"sanluisinforma.com\",\"image\":{\"@type\":\"ImageObject\",\"inLanguage\":\"es\",\"@id\":\"https:\/\/sanluisinforma.com\/#\/schema\/person\/image\/\",\"url\":\"https:\/\/secure.gravatar.com\/avatar\/86e3114e34a1eecefb963e0a02f0093f93b092dddb2fe1517596343751081a87?s=96&d=mm&r=g\",\"contentUrl\":\"https:\/\/secure.gravatar.com\/avatar\/86e3114e34a1eecefb963e0a02f0093f93b092dddb2fe1517596343751081a87?s=96&d=mm&r=g\",\"caption\":\"sanluisinforma.com\"},\"url\":\"https:\/\/sanluisinforma.com\/?author=2\"}]}<\/script>\n<!-- \/ Yoast SEO plugin. -->","yoast_head_json":{"title":"Alcalde Galindo impulsa justicia social con el programa Bienestar en Familia - sanluisinforma.com","robots":{"index":"index","follow":"follow","max-snippet":"max-snippet:-1","max-image-preview":"max-image-preview:large","max-video-preview":"max-video-preview:-1"},"canonical":"https:\/\/sanluisinforma.com\/?p=13753","og_locale":"es_MX","og_type":"article","og_title":"Alcalde Galindo impulsa justicia social con el programa Bienestar en Familia - sanluisinforma.com","og_description":"El Presidente Municipal Enrique Galindo Ceballos encabez\u00f3 la presentaci\u00f3n del programa \u201cBienestar en Familia\u201d, una pol\u00edtica p\u00fablica que garantiza el","og_url":"https:\/\/sanluisinforma.com\/?p=13753","og_site_name":"sanluisinforma.com","article_published_time":"2025-07-26T06:50:00+00:00","article_modified_time":"2025-07-26T04:37:45+00:00","og_image":[{"width":400,"height":266,"url":"https:\/\/sanluisinforma.com\/wp-content\/uploads\/2025\/07\/ae0efde1-979a-4965-bc6b-4988c806a597.jpg","type":"image\/jpeg"}],"author":"sanluisinforma.com","twitter_card":"summary_large_image","twitter_misc":{"Escrito por":"sanluisinforma.com","Tiempo de lectura":"2 minutos"},"schema":{"@context":"https:\/\/schema.org","@graph":[{"@type":"Article","@id":"https:\/\/sanluisinforma.com\/?p=13753#article","isPartOf":{"@id":"https:\/\/sanluisinforma.com\/?p=13753"},"author":{"name":"sanluisinforma.com","@id":"https:\/\/sanluisinforma.com\/#\/schema\/person\/c30648f71476be533b6f59d092905c8b"},"headline":"Alcalde Galindo impulsa justicia social con el programa Bienestar en Familia","datePublished":"2025-07-26T06:50:00+00:00","dateModified":"2025-07-26T04:37:45+00:00","mainEntityOfPage":{"@id":"https:\/\/sanluisinforma.com\/?p=13753"},"wordCount":307,"publisher":{"@id":"https:\/\/sanluisinforma.com\/#organization"},"image":{"@id":"https:\/\/sanluisinforma.com\/?p=13753#primaryimage"},"thumbnailUrl":"https:\/\/sanluisinforma.com\/wp-content\/uploads\/2025\/07\/ae0efde1-979a-4965-bc6b-4988c806a597.jpg","articleSection":["Local","Portada"],"inLanguage":"es"},{"@type":"WebPage","@id":"https:\/\/sanluisinforma.com\/?p=13753","url":"https:\/\/sanluisinforma.com\/?p=13753","name":"Alcalde Galindo impulsa justicia social con el programa Bienestar en Familia - sanluisinforma.com","isPartOf":{"@id":"https:\/\/sanluisinforma.com\/#website"},"primaryImageOfPage":{"@id":"https:\/\/sanluisinforma.com\/?p=13753#primaryimage"},"image":{"@id":"https:\/\/sanluisinforma.com\/?p=13753#primaryimage"},"thumbnailUrl":"https:\/\/sanluisinforma.com\/wp-content\/uploads\/2025\/07\/ae0efde1-979a-4965-bc6b-4988c806a597.jpg","datePublished":"2025-07-26T06:50:00+00:00","dateModified":"2025-07-26T04:37:45+00:00","breadcrumb":{"@id":"https:\/\/sanluisinforma.com\/?p=13753#breadcrumb"},"inLanguage":"es","potentialAction":[{"@type":"ReadAction","target":["https:\/\/sanluisinforma.com\/?p=13753"]}]},{"@type":"ImageObject","inLanguage":"es","@id":"https:\/\/sanluisinforma.com\/?p=13753#primaryimage","url":"https:\/\/sanluisinforma.com\/wp-content\/uploads\/2025\/07\/ae0efde1-979a-4965-bc6b-4988c806a597.jpg","contentUrl":"https:\/\/sanluisinforma.com\/wp-content\/uploads\/2025\/07\/ae0efde1-979a-4965-bc6b-4988c806a597.jpg","width":400,"height":266},{"@type":"BreadcrumbList","@id":"https:\/\/sanluisinforma.com\/?p=13753#breadcrumb","itemListElement":[{"@type":"ListItem","position":1,"name":"Inicio","item":"https:\/\/sanluisinforma.com\/"},{"@type":"ListItem","position":2,"name":"Alcalde Galindo impulsa justicia social con el programa Bienestar en Familia"}]},{"@type":"WebSite","@id":"https:\/\/sanluisinforma.com\/#website","url":"https:\/\/sanluisinforma.com\/","name":"sanluisinforma.com","description":"Periodico San Luis Informa","publisher":{"@id":"https:\/\/sanluisinforma.com\/#organization"},"potentialAction":[{"@type":"SearchAction","target":{"@type":"EntryPoint","urlTemplate":"https:\/\/sanluisinforma.com\/?s={search_term_string}"},"query-input":{"@type":"PropertyValueSpecification","valueRequired":true,"valueName":"search_term_string"}}],"inLanguage":"es"},{"@type":"Organization","@id":"https:\/\/sanluisinforma.com\/#organization","name":"sanluisinforma.com","url":"https:\/\/sanluisinforma.com\/","logo":{"@type":"ImageObject","inLanguage":"es","@id":"https:\/\/sanluisinforma.com\/#\/schema\/logo\/image\/","url":"https:\/\/sanluisinforma.com\/wp-content\/uploads\/2026\/03\/sanluisinforma-V.jpg","contentUrl":"https:\/\/sanluisinforma.com\/wp-content\/uploads\/2026\/03\/sanluisinforma-V.jpg","width":500,"height":156,"caption":"sanluisinforma.com"},"image":{"@id":"https:\/\/sanluisinforma.com\/#\/schema\/logo\/image\/"}},{"@type":"Person","@id":"https:\/\/sanluisinforma.com\/#\/schema\/person\/c30648f71476be533b6f59d092905c8b","name":"sanluisinforma.com","image":{"@type":"ImageObject","inLanguage":"es","@id":"https:\/\/sanluisinforma.com\/#\/schema\/person\/image\/","url":"https:\/\/secure.gravatar.com\/avatar\/86e3114e34a1eecefb963e0a02f0093f93b092dddb2fe1517596343751081a87?s=96&d=mm&r=g","contentUrl":"https:\/\/secure.gravatar.com\/avatar\/86e3114e34a1eecefb963e0a02f0093f93b092dddb2fe1517596343751081a87?s=96&d=mm&r=g","caption":"sanluisinforma.com"},"url":"https:\/\/sanluisinforma.com\/?author=2"}]}},"_links":{"self":[{"href":"https:\/\/sanluisinforma.com\/index.php?rest_route=\/wp\/v2\/posts\/13753","targetHints":{"allow":["GET"]}}],"collection":[{"href":"https:\/\/sanluisinforma.com\/index.php?rest_route=\/wp\/v2\/posts"}],"about":[{"href":"https:\/\/sanluisinforma.com\/index.php?rest_route=\/wp\/v2\/types\/post"}],"author":[{"embeddable":true,"href":"https:\/\/sanluisinforma.com\/index.php?rest_route=\/wp\/v2\/users\/2"}],"replies":[{"embeddable":true,"href":"https:\/\/sanluisinforma.com\/index.php?rest_route=%2Fwp%2Fv2%2Fcomments&post=13753"}],"version-history":[{"count":1,"href":"https:\/\/sanluisinforma.com\/index.php?rest_route=\/wp\/v2\/posts\/13753\/revisions"}],"predecessor-version":[{"id":13755,"href":"https:\/\/sanluisinforma.com\/index.php?rest_route=\/wp\/v2\/posts\/13753\/revisions\/13755"}],"wp:featuredmedia":[{"embeddable":true,"href":"https:\/\/sanluisinforma.com\/index.php?rest_route=\/wp\/v2\/media\/13754"}],"wp:attachment":[{"href":"https:\/\/sanluisinforma.com\/index.php?rest_route=%2Fwp%2Fv2%2Fmedia&parent=13753"}],"wp:term":[{"taxonomy":"category","embeddable":true,"href":"https:\/\/sanluisinforma.com\/index.php?rest_route=%2Fwp%2Fv2%2Fcategories&post=13753"},{"taxonomy":"post_tag","embeddable":true,"href":"https:\/\/sanluisinforma.com\/index.php?rest_route=%2Fwp%2Fv2%2Ftags&post=13753"}],"curies":[{"name":"wp","href":"https:\/\/api.w.org\/{rel}","templated":true}]}}